{"id":393146,"date":"2026-03-01T09:08:00","date_gmt":"2026-03-01T12:08:00","guid":{"rendered":"https:\/\/portaltela.pt\/noticias\/2026\/03\/01\/mesao-frio-abertura-da-porta-do-douro\/"},"modified":"2026-03-01T09:08:00","modified_gmt":"2026-03-01T12:08:00","slug":"mesao-frio-abertura-da-porta-do-douro","status":"publish","type":"post","link":"https:\/\/portaltela.pt\/noticias\/2026\/03\/01\/mesao-frio-abertura-da-porta-do-douro\/","title":{"rendered":"Mes\u00e3o Frio: abertura da porta do Douro"},"content":{"rendered":"<p>Em Mes\u00e3o Frio, no Douro, foi inaugurada recentemente uma nova rede de trilhos no primeiro concelho da regi\u00e3o demarcada do mundo. A iniciativa pretende ligar vinhas, adegas e aldeias, valorizando o Patrim\u00f3nio Rural local.<\/p>\n<p>A cerim\u00f3nia abriu uma temporada de caminhadas que atravessa a paisagem de vinhas e muros de xisto, destacando o trabalho na regi\u00e3o. A prova de conceito aponta para uma experi\u00eancia imersiva entre natureza e desenvolvimento local.<\/p>\n<p>O Trilho de Oliveira, designado PR2, tem 5,3 quil\u00f3metros no total, mas a apresenta\u00e7\u00e3o mostrou uma amostra de centenas de metros. Os percursos percorrem \u00e1reas de vinhedos e caminhos rurais, com vistas sobre o vale do Douro.<\/p>\n<p>As condi\u00e7\u00f5es meteorol\u00f3gicas n\u00e3o impediram a passagem de visitantes, com neve vis\u00edvel nas encostas do Mar\u00e3o e chuva na regi\u00e3o. A iniciativa visa atrair caminhada tur\u00edstica e promover a atividade econ\u00f3mica local.<\/p>\n","protected":false},"excerpt":{"rendered":"<ul>\n<li>Em Mes\u00e3o Frio foi inaugurada uma nova rede de trilhos no primeiro concelho da regi\u00e3o demarcada do Douro.<\/li>\n<li>O Trilho de Oliveira (PR2) tem cerca de cinco v\u00edrgula tr\u00eas quil\u00f3metros, passando por vinhedos e muros de xisto.<\/li>\n<li>A regi\u00e3o \u00e9 famosa pelas vinhas, adegas e aldeias, onde a paisagem resulta do trabalho agr\u00edcola.<\/li>\n<li>A visita ficou marcada por condi\u00e7\u00f5es meteorol\u00f3gicas adversas, com neve no cimo do Mar\u00e3o, chuva e vento.<\/li>\n<\/ul>\n","protected":false},"author":2,"featured_media":393148,"comment_status":"closed","ping_status":"closed","sticky":false,"template":"","format":"standard","meta":{"footnotes":""},"categories":[1],"tags":[5640,1194,814,2222,169,5586],"class_list":["post-393146","post","type-post","status-publish","format-standard","has-post-thumbnail","hentry","category-noticias","tag-aldeias","tag-douro","tag-patrimonio","tag-percursos-pedestres","tag-turismo","tag-vinho"],"yoast_head":"<!-- This site is optimized with the Yoast SEO plugin v27.2 - https:\/\/yoast.com\/product\/yoast-seo-wordpress\/ -->\n<title>Mes\u00e3o Frio: abertura da porta do Douro - Portal Tela Portugal<\/title>\n<meta name=\"robots\" content=\"index, follow, max-snippet:-1, max-image-preview:large, max-video-preview:-1\" \/>\n<meta property=\"og:locale\" content=\"pt_PT\" \/>\n<meta property=\"og:type\" content=\"article\" \/>\n<meta property=\"og:title\" content=\"Mes\u00e3o Frio: abertura da porta do Douro - Portal Tela Portugal\" \/>\n<meta property=\"og:description\" content=\"Em Mes\u00e3o Frio foi inaugurada uma nova rede de trilhos no primeiro concelho da regi\u00e3o demarcada do Douro. O Trilho de Oliveira (PR2) tem cerca de cinco v\u00edrgula tr\u00eas quil\u00f3metros, passando por vinhedos e muros de xisto. A regi\u00e3o \u00e9 famosa pelas vinhas, adegas e aldeias, onde a paisagem resulta do trabalho agr\u00edcola. A visita ficou marcada por condi\u00e7\u00f5es meteorol\u00f3gicas adversas, com neve no cimo do Mar\u00e3o, chuva e vento.\" \/>\n<meta property=\"og:url\" content=\"https:\/\/portaltela.pt\/noticias\/2026\/03\/01\/mesao-frio-abertura-da-porta-do-douro\/\" \/>\n<meta property=\"og:site_name\" content=\"Portal Tela Portugal\" \/>\n<meta property=\"article:published_time\" content=\"2026-03-01T12:08:00+00:00\" \/>\n<meta name=\"author\" content=\"Telinha\" \/>\n<meta name=\"twitter:card\" content=\"summary_large_image\" \/>\n<meta name=\"twitter:label1\" content=\"Escrito por\" \/>\n\t<meta name=\"twitter:data1\" content=\"Telinha\" \/>\n\t<meta name=\"twitter:label2\" content=\"Tempo estimado de leitura\" \/>\n\t<meta name=\"twitter:data2\" content=\"1 minuto\" \/>\n<script type=\"application\/ld+json\" class=\"yoast-schema-graph\">{\"@context\":\"https:\/\/schema.org\",\"@graph\":[{\"@type\":\"Article\",\"@id\":\"https:\/\/portaltela.pt\/noticias\/2026\/03\/01\/mesao-frio-abertura-da-porta-do-douro\/#article\",\"isPartOf\":{\"@id\":\"https:\/\/portaltela.pt\/noticias\/2026\/03\/01\/mesao-frio-abertura-da-porta-do-douro\/\"},\"author\":{\"name\":\"Telinha\",\"@id\":\"https:\/\/portaltela.pt\/#\/schema\/person\/c4278d4a6028830caff9ee44b42d32ed\"},\"headline\":\"Mes\u00e3o Frio: abertura da porta do Douro\",\"datePublished\":\"2026-03-01T12:08:00+00:00\",\"mainEntityOfPage\":{\"@id\":\"https:\/\/portaltela.pt\/noticias\/2026\/03\/01\/mesao-frio-abertura-da-porta-do-douro\/\"},\"wordCount\":162,\"image\":{\"@id\":\"https:\/\/portaltela.pt\/noticias\/2026\/03\/01\/mesao-frio-abertura-da-porta-do-douro\/#primaryimage\"},\"thumbnailUrl\":\"https:\/\/portaltela.pt\/s.01k8rhncp4jt1\/2026\/03\/2070526.jpg\",\"keywords\":[\"aldeias\",\"Douro\",\"patrim\u00f3nio\",\"percursos pedestres\",\"turismo\",\"vinho\"],\"articleSection\":[\"Not\u00edcias\"],\"inLanguage\":\"pt-PT\"},{\"@type\":\"WebPage\",\"@id\":\"https:\/\/portaltela.pt\/noticias\/2026\/03\/01\/mesao-frio-abertura-da-porta-do-douro\/\",\"url\":\"https:\/\/portaltela.pt\/noticias\/2026\/03\/01\/mesao-frio-abertura-da-porta-do-douro\/\",\"name\":\"Mes\u00e3o Frio: abertura da porta do Douro - Portal Tela Portugal\",\"isPartOf\":{\"@id\":\"https:\/\/portaltela.pt\/#website\"},\"primaryImageOfPage\":{\"@id\":\"https:\/\/portaltela.pt\/noticias\/2026\/03\/01\/mesao-frio-abertura-da-porta-do-douro\/#primaryimage\"},\"image\":{\"@id\":\"https:\/\/portaltela.pt\/noticias\/2026\/03\/01\/mesao-frio-abertura-da-porta-do-douro\/#primaryimage\"},\"thumbnailUrl\":\"https:\/\/portaltela.pt\/s.01k8rhncp4jt1\/2026\/03\/2070526.jpg\",\"datePublished\":\"2026-03-01T12:08:00+00:00\",\"author\":{\"@id\":\"https:\/\/portaltela.pt\/#\/schema\/person\/c4278d4a6028830caff9ee44b42d32ed\"},\"breadcrumb\":{\"@id\":\"https:\/\/portaltela.pt\/noticias\/2026\/03\/01\/mesao-frio-abertura-da-porta-do-douro\/#breadcrumb\"},\"inLanguage\":\"pt-PT\",\"potentialAction\":[{\"@type\":\"ReadAction\",\"target\":[\"https:\/\/portaltela.pt\/noticias\/2026\/03\/01\/mesao-frio-abertura-da-porta-do-douro\/\"]}]},{\"@type\":\"ImageObject\",\"inLanguage\":\"pt-PT\",\"@id\":\"https:\/\/portaltela.pt\/noticias\/2026\/03\/01\/mesao-frio-abertura-da-porta-do-douro\/#primaryimage\",\"url\":\"https:\/\/portaltela.pt\/s.01k8rhncp4jt1\/2026\/03\/2070526.jpg\",\"contentUrl\":\"https:\/\/portaltela.pt\/s.01k8rhncp4jt1\/2026\/03\/2070526.jpg\",\"width\":796,\"height\":448,\"caption\":\"A nova rede de trilhos de Mes\u00e3o Frio abre caminho pelo territ\u00f3rio\"},{\"@type\":\"BreadcrumbList\",\"@id\":\"https:\/\/portaltela.pt\/noticias\/2026\/03\/01\/mesao-frio-abertura-da-porta-do-douro\/#breadcrumb\",\"itemListElement\":[{\"@type\":\"ListItem\",\"position\":1,\"name\":\"In\u00edcio\",\"item\":\"https:\/\/portaltela.pt\/\"},{\"@type\":\"ListItem\",\"position\":2,\"name\":\"Mes\u00e3o Frio: abertura da porta do Douro\"}]},{\"@type\":\"WebSite\",\"@id\":\"https:\/\/portaltela.pt\/#website\",\"url\":\"https:\/\/portaltela.pt\/\",\"name\":\"Portal Tela Portugal\",\"description\":\"\",\"potentialAction\":[{\"@type\":\"SearchAction\",\"target\":{\"@type\":\"EntryPoint\",\"urlTemplate\":\"https:\/\/portaltela.pt\/?s={search_term_string}\"},\"query-input\":{\"@type\":\"PropertyValueSpecification\",\"valueRequired\":true,\"valueName\":\"search_term_string\"}}],\"inLanguage\":\"pt-PT\"},{\"@type\":\"Person\",\"@id\":\"https:\/\/portaltela.pt\/#\/schema\/person\/c4278d4a6028830caff9ee44b42d32ed\",\"name\":\"Telinha\",\"image\":{\"@type\":\"ImageObject\",\"inLanguage\":\"pt-PT\",\"@id\":\"https:\/\/portaltela.pt\/s.01k8rhncp4jt1\/2025\/11\/talking-bot-125x125.png\",\"url\":\"https:\/\/portaltela.pt\/s.01k8rhncp4jt1\/2025\/11\/talking-bot-125x125.png\",\"contentUrl\":\"https:\/\/portaltela.pt\/s.01k8rhncp4jt1\/2025\/11\/talking-bot-125x125.png\",\"caption\":\"Telinha\"},\"sameAs\":[\"https:\/\/portaltela.pt\/\"],\"url\":\"https:\/\/portaltela.pt\/por\/367410592786\/\"}]}<\/script>\n<!-- \/ Yoast SEO plugin. -->","yoast_head_json":{"title":"Mes\u00e3o Frio: abertura da porta do Douro - Portal Tela Portugal","robots":{"index":"index","follow":"follow","max-snippet":"max-snippet:-1","max-image-preview":"max-image-preview:large","max-video-preview":"max-video-preview:-1"},"og_locale":"pt_PT","og_type":"article","og_title":"Mes\u00e3o Frio: abertura da porta do Douro - Portal Tela Portugal","og_description":"Em Mes\u00e3o Frio foi inaugurada uma nova rede de trilhos no primeiro concelho da regi\u00e3o demarcada do Douro. O Trilho de Oliveira (PR2) tem cerca de cinco v\u00edrgula tr\u00eas quil\u00f3metros, passando por vinhedos e muros de xisto. A regi\u00e3o \u00e9 famosa pelas vinhas, adegas e aldeias, onde a paisagem resulta do trabalho agr\u00edcola. A visita ficou marcada por condi\u00e7\u00f5es meteorol\u00f3gicas adversas, com neve no cimo do Mar\u00e3o, chuva e vento.","og_url":"https:\/\/portaltela.pt\/noticias\/2026\/03\/01\/mesao-frio-abertura-da-porta-do-douro\/","og_site_name":"Portal Tela Portugal","article_published_time":"2026-03-01T12:08:00+00:00","author":"Telinha","twitter_card":"summary_large_image","twitter_misc":{"Escrito por":"Telinha","Tempo estimado de leitura":"1 minuto"},"schema":{"@context":"https:\/\/schema.org","@graph":[{"@type":"Article","@id":"https:\/\/portaltela.pt\/noticias\/2026\/03\/01\/mesao-frio-abertura-da-porta-do-douro\/#article","isPartOf":{"@id":"https:\/\/portaltela.pt\/noticias\/2026\/03\/01\/mesao-frio-abertura-da-porta-do-douro\/"},"author":{"name":"Telinha","@id":"https:\/\/portaltela.pt\/#\/schema\/person\/c4278d4a6028830caff9ee44b42d32ed"},"headline":"Mes\u00e3o Frio: abertura da porta do Douro","datePublished":"2026-03-01T12:08:00+00:00","mainEntityOfPage":{"@id":"https:\/\/portaltela.pt\/noticias\/2026\/03\/01\/mesao-frio-abertura-da-porta-do-douro\/"},"wordCount":162,"image":{"@id":"https:\/\/portaltela.pt\/noticias\/2026\/03\/01\/mesao-frio-abertura-da-porta-do-douro\/#primaryimage"},"thumbnailUrl":"https:\/\/portaltela.pt\/s.01k8rhncp4jt1\/2026\/03\/2070526.jpg","keywords":["aldeias","Douro","patrim\u00f3nio","percursos pedestres","turismo","vinho"],"articleSection":["Not\u00edcias"],"inLanguage":"pt-PT"},{"@type":"WebPage","@id":"https:\/\/portaltela.pt\/noticias\/2026\/03\/01\/mesao-frio-abertura-da-porta-do-douro\/","url":"https:\/\/portaltela.pt\/noticias\/2026\/03\/01\/mesao-frio-abertura-da-porta-do-douro\/","name":"Mes\u00e3o Frio: abertura da porta do Douro - Portal Tela Portugal","isPartOf":{"@id":"https:\/\/portaltela.pt\/#website"},"primaryImageOfPage":{"@id":"https:\/\/portaltela.pt\/noticias\/2026\/03\/01\/mesao-frio-abertura-da-porta-do-douro\/#primaryimage"},"image":{"@id":"https:\/\/portaltela.pt\/noticias\/2026\/03\/01\/mesao-frio-abertura-da-porta-do-douro\/#primaryimage"},"thumbnailUrl":"https:\/\/portaltela.pt\/s.01k8rhncp4jt1\/2026\/03\/2070526.jpg","datePublished":"2026-03-01T12:08:00+00:00","author":{"@id":"https:\/\/portaltela.pt\/#\/schema\/person\/c4278d4a6028830caff9ee44b42d32ed"},"breadcrumb":{"@id":"https:\/\/portaltela.pt\/noticias\/2026\/03\/01\/mesao-frio-abertura-da-porta-do-douro\/#breadcrumb"},"inLanguage":"pt-PT","potentialAction":[{"@type":"ReadAction","target":["https:\/\/portaltela.pt\/noticias\/2026\/03\/01\/mesao-frio-abertura-da-porta-do-douro\/"]}]},{"@type":"ImageObject","inLanguage":"pt-PT","@id":"https:\/\/portaltela.pt\/noticias\/2026\/03\/01\/mesao-frio-abertura-da-porta-do-douro\/#primaryimage","url":"https:\/\/portaltela.pt\/s.01k8rhncp4jt1\/2026\/03\/2070526.jpg","contentUrl":"https:\/\/portaltela.pt\/s.01k8rhncp4jt1\/2026\/03\/2070526.jpg","width":796,"height":448,"caption":"A nova rede de trilhos de Mes\u00e3o Frio abre caminho pelo territ\u00f3rio"},{"@type":"BreadcrumbList","@id":"https:\/\/portaltela.pt\/noticias\/2026\/03\/01\/mesao-frio-abertura-da-porta-do-douro\/#breadcrumb","itemListElement":[{"@type":"ListItem","position":1,"name":"In\u00edcio","item":"https:\/\/portaltela.pt\/"},{"@type":"ListItem","position":2,"name":"Mes\u00e3o Frio: abertura da porta do Douro"}]},{"@type":"WebSite","@id":"https:\/\/portaltela.pt\/#website","url":"https:\/\/portaltela.pt\/","name":"Portal Tela Portugal","description":"","potentialAction":[{"@type":"SearchAction","target":{"@type":"EntryPoint","urlTemplate":"https:\/\/portaltela.pt\/?s={search_term_string}"},"query-input":{"@type":"PropertyValueSpecification","valueRequired":true,"valueName":"search_term_string"}}],"inLanguage":"pt-PT"},{"@type":"Person","@id":"https:\/\/portaltela.pt\/#\/schema\/person\/c4278d4a6028830caff9ee44b42d32ed","name":"Telinha","image":{"@type":"ImageObject","inLanguage":"pt-PT","@id":"https:\/\/portaltela.pt\/s.01k8rhncp4jt1\/2025\/11\/talking-bot-125x125.png","url":"https:\/\/portaltela.pt\/s.01k8rhncp4jt1\/2025\/11\/talking-bot-125x125.png","contentUrl":"https:\/\/portaltela.pt\/s.01k8rhncp4jt1\/2025\/11\/talking-bot-125x125.png","caption":"Telinha"},"sameAs":["https:\/\/portaltela.pt\/"],"url":"https:\/\/portaltela.pt\/por\/367410592786\/"}]}},"_links":{"self":[{"href":"https:\/\/portaltela.pt\/api\/wp\/v2\/posts\/393146","targetHints":{"allow":["GET"]}}],"collection":[{"href":"https:\/\/portaltela.pt\/api\/wp\/v2\/posts"}],"about":[{"href":"https:\/\/portaltela.pt\/api\/wp\/v2\/types\/post"}],"author":[{"embeddable":true,"href":"https:\/\/portaltela.pt\/api\/wp\/v2\/users\/2"}],"replies":[{"embeddable":true,"href":"https:\/\/portaltela.pt\/api\/wp\/v2\/comments?post=393146"}],"version-history":[{"count":0,"href":"https:\/\/portaltela.pt\/api\/wp\/v2\/posts\/393146\/revisions"}],"wp:featuredmedia":[{"embeddable":true,"href":"https:\/\/portaltela.pt\/api\/wp\/v2\/media\/393148"}],"wp:attachment":[{"href":"https:\/\/portaltela.pt\/api\/wp\/v2\/media?parent=393146"}],"wp:term":[{"taxonomy":"category","embeddable":true,"href":"https:\/\/portaltela.pt\/api\/wp\/v2\/categories?post=393146"},{"taxonomy":"post_tag","embeddable":true,"href":"https:\/\/portaltela.pt\/api\/wp\/v2\/tags?post=393146"}],"curies":[{"name":"wp","href":"https:\/\/api.w.org\/{rel}","templated":true}]}}