{"id":393142,"date":"2026-03-01T08:54:00","date_gmt":"2026-03-01T11:54:00","guid":{"rendered":"https:\/\/portaltela.pt\/noticias\/2026\/03\/01\/detidos-a-furtar-1600-quilos-de-cobre-de-central-termoeletrica\/"},"modified":"2026-03-01T08:54:00","modified_gmt":"2026-03-01T11:54:00","slug":"detidos-a-furtar-1600-quilos-de-cobre-de-central-termoeletrica","status":"publish","type":"post","link":"https:\/\/portaltela.pt\/noticias\/2026\/03\/01\/detidos-a-furtar-1600-quilos-de-cobre-de-central-termoeletrica\/","title":{"rendered":"Detidos a furtar 1600 quilos de cobre de central termoel\u00e9trica"},"content":{"rendered":"<p>Quatro homens foram apanhados em flagrante a furtar fios de cobre numa central termoel\u00e9trica de Sines, j\u00e1 em processo de desmantelamento. O grupo levou para uma carrinha mais de 1660 quilos de cobre e uma fonte policial confirmou o auto de deten\u00e7\u00e3o.<\/p>\n<p>O epis\u00f3dio ocorreu durante a madrugada, quando os assaltantes invadiram as instala\u00e7\u00f5es da central. Utilizaram uma serra el\u00e9trica para cortar os cabos e carregaram-nos no ve\u00edculo utilizado como cintura de transporte.<\/p>\n<p>A deten\u00e7\u00e3o teve lugar ap\u00f3s a den\u00fancia da presen\u00e7a dos indiv\u00edduos junto \u00e0 central. O N\u00facleo de Investiga\u00e7\u00e3o Criminal de Santiago do Cac\u00e9m mobilizou-se, com apoio de militares dos postos de Sines, Santo Andr\u00e9 e Santiago do Cac\u00e9m, interrompendo a a\u00e7\u00e3o antes de concluir o transporte do material.<\/p>\n<h3>Contexto<\/h3>\n<p>Desde o in\u00edcio do desmantelamento da central, a GNR tem registado assaltos recorrentes a cabos de cobre, com v\u00e1rias deten\u00e7\u00f5es j\u00e1 efetuadas. O grupo detido esta quinta-feira tinha entre 19 e 30 anos e ficou com medidas de apresenta\u00e7\u00e3o bissemanais \u00e0s autoridades, depois de ficar em pris\u00e3o preventiva um dos membros.<\/p>\n","protected":false},"excerpt":{"rendered":"<ul>\n<li>Quatro homens, entre 19 e 30 anos, foram apanhados em flagrante a furtar fios de cobre de uma central termoel\u00e9trica em desmantelamento, em Sines.<\/li>\n<li>A controlo tinha na posse 1.660 quilos de cobre, que seria vendido a sucatas.<\/li>\n<li>Um dos suspeitos ficou em pris\u00e3o preventiva; os outros foram libertados, com apresenta\u00e7\u00f5es bissemanais nas instala\u00e7\u00f5es policiais.<\/li>\n<li>A GNR confirmou que a central tem sido alvo de furtos desde o in\u00edcio do desmantelamento, com v\u00e1rias deten\u00e7\u00f5es anteriores.<\/li>\n<li>O grupo usou uma serra el\u00e9ctrica para cortar os cabos e transport\u00e1-los numa carrinha, sendo intercetados com apoio de militares dos postos de Sines, Santo Andr\u00e9 e Santiago do Cac\u00e9m.<\/li>\n<\/ul>\n","protected":false},"author":2,"featured_media":393145,"comment_status":"closed","ping_status":"closed","sticky":false,"template":"","format":"standard","meta":{"footnotes":""},"categories":[1],"tags":[147,6124,424,203,250,1892],"class_list":["post-393142","post","type-post","status-publish","format-standard","has-post-thumbnail","hentry","category-noticias","tag-crime","tag-desmantelamento","tag-furto","tag-roubo","tag-seguranca-publica","tag-sines"],"yoast_head":"<!-- This site is optimized with the Yoast SEO plugin v27.2 - https:\/\/yoast.com\/product\/yoast-seo-wordpress\/ -->\n<title>Detidos a furtar 1600 quilos de cobre de central termoel\u00e9trica - Portal Tela Portugal<\/title>\n<meta name=\"robots\" content=\"index, follow, max-snippet:-1, max-image-preview:large, max-video-preview:-1\" \/>\n<meta property=\"og:locale\" content=\"pt_PT\" \/>\n<meta property=\"og:type\" content=\"article\" \/>\n<meta property=\"og:title\" content=\"Detidos a furtar 1600 quilos de cobre de central termoel\u00e9trica - Portal Tela Portugal\" \/>\n<meta property=\"og:description\" content=\"Quatro homens, entre 19 e 30 anos, foram apanhados em flagrante a furtar fios de cobre de uma central termoel\u00e9trica em desmantelamento, em Sines. A controlo tinha na posse 1.660 quilos de cobre, que seria vendido a sucatas. Um dos suspeitos ficou em pris\u00e3o preventiva; os outros foram libertados, com apresenta\u00e7\u00f5es bissemanais nas instala\u00e7\u00f5es policiais. A GNR confirmou que a central tem sido alvo de furtos desde o in\u00edcio do desmantelamento, com v\u00e1rias deten\u00e7\u00f5es anteriores. O grupo usou uma serra el\u00e9ctrica para cortar os cabos e transport\u00e1-los numa carrinha, sendo intercetados com apoio de militares dos postos de Sines, Santo Andr\u00e9 e Santiago do Cac\u00e9m.\" \/>\n<meta property=\"og:url\" content=\"https:\/\/portaltela.pt\/noticias\/2026\/03\/01\/detidos-a-furtar-1600-quilos-de-cobre-de-central-termoeletrica\/\" \/>\n<meta property=\"og:site_name\" content=\"Portal Tela Portugal\" \/>\n<meta property=\"article:published_time\" content=\"2026-03-01T11:54:00+00:00\" \/>\n<meta name=\"author\" content=\"Telinha\" \/>\n<meta name=\"twitter:card\" content=\"summary_large_image\" \/>\n<meta name=\"twitter:label1\" content=\"Escrito por\" \/>\n\t<meta name=\"twitter:data1\" content=\"Telinha\" \/>\n\t<meta name=\"twitter:label2\" content=\"Tempo estimado de leitura\" \/>\n\t<meta name=\"twitter:data2\" content=\"1 minuto\" \/>\n<script type=\"application\/ld+json\" class=\"yoast-schema-graph\">{\"@context\":\"https:\/\/schema.org\",\"@graph\":[{\"@type\":\"Article\",\"@id\":\"https:\/\/portaltela.pt\/noticias\/2026\/03\/01\/detidos-a-furtar-1600-quilos-de-cobre-de-central-termoeletrica\/#article\",\"isPartOf\":{\"@id\":\"https:\/\/portaltela.pt\/noticias\/2026\/03\/01\/detidos-a-furtar-1600-quilos-de-cobre-de-central-termoeletrica\/\"},\"author\":{\"name\":\"Telinha\",\"@id\":\"https:\/\/portaltela.pt\/#\/schema\/person\/c4278d4a6028830caff9ee44b42d32ed\"},\"headline\":\"Detidos a furtar 1600 quilos de cobre de central termoel\u00e9trica\",\"datePublished\":\"2026-03-01T11:54:00+00:00\",\"mainEntityOfPage\":{\"@id\":\"https:\/\/portaltela.pt\/noticias\/2026\/03\/01\/detidos-a-furtar-1600-quilos-de-cobre-de-central-termoeletrica\/\"},\"wordCount\":200,\"image\":{\"@id\":\"https:\/\/portaltela.pt\/noticias\/2026\/03\/01\/detidos-a-furtar-1600-quilos-de-cobre-de-central-termoeletrica\/#primaryimage\"},\"thumbnailUrl\":\"https:\/\/portaltela.pt\/s.01k8rhncp4jt1\/2026\/03\/image-13.jpg\",\"keywords\":[\"crime\",\"desmantelamento\",\"furto\",\"roubo\",\"seguran\u00e7a p\u00fablica\",\"Sines\"],\"articleSection\":[\"Not\u00edcias\"],\"inLanguage\":\"pt-PT\"},{\"@type\":\"WebPage\",\"@id\":\"https:\/\/portaltela.pt\/noticias\/2026\/03\/01\/detidos-a-furtar-1600-quilos-de-cobre-de-central-termoeletrica\/\",\"url\":\"https:\/\/portaltela.pt\/noticias\/2026\/03\/01\/detidos-a-furtar-1600-quilos-de-cobre-de-central-termoeletrica\/\",\"name\":\"Detidos a furtar 1600 quilos de cobre de central termoel\u00e9trica - Portal Tela Portugal\",\"isPartOf\":{\"@id\":\"https:\/\/portaltela.pt\/#website\"},\"primaryImageOfPage\":{\"@id\":\"https:\/\/portaltela.pt\/noticias\/2026\/03\/01\/detidos-a-furtar-1600-quilos-de-cobre-de-central-termoeletrica\/#primaryimage\"},\"image\":{\"@id\":\"https:\/\/portaltela.pt\/noticias\/2026\/03\/01\/detidos-a-furtar-1600-quilos-de-cobre-de-central-termoeletrica\/#primaryimage\"},\"thumbnailUrl\":\"https:\/\/portaltela.pt\/s.01k8rhncp4jt1\/2026\/03\/image-13.jpg\",\"datePublished\":\"2026-03-01T11:54:00+00:00\",\"author\":{\"@id\":\"https:\/\/portaltela.pt\/#\/schema\/person\/c4278d4a6028830caff9ee44b42d32ed\"},\"breadcrumb\":{\"@id\":\"https:\/\/portaltela.pt\/noticias\/2026\/03\/01\/detidos-a-furtar-1600-quilos-de-cobre-de-central-termoeletrica\/#breadcrumb\"},\"inLanguage\":\"pt-PT\",\"potentialAction\":[{\"@type\":\"ReadAction\",\"target\":[\"https:\/\/portaltela.pt\/noticias\/2026\/03\/01\/detidos-a-furtar-1600-quilos-de-cobre-de-central-termoeletrica\/\"]}]},{\"@type\":\"ImageObject\",\"inLanguage\":\"pt-PT\",\"@id\":\"https:\/\/portaltela.pt\/noticias\/2026\/03\/01\/detidos-a-furtar-1600-quilos-de-cobre-de-central-termoeletrica\/#primaryimage\",\"url\":\"https:\/\/portaltela.pt\/s.01k8rhncp4jt1\/2026\/03\/image-13.jpg\",\"contentUrl\":\"https:\/\/portaltela.pt\/s.01k8rhncp4jt1\/2026\/03\/image-13.jpg\",\"width\":796,\"height\":448,\"caption\":\"Cobre furtado na central termoel\u00e9trica era vendido a sucatas\"},{\"@type\":\"BreadcrumbList\",\"@id\":\"https:\/\/portaltela.pt\/noticias\/2026\/03\/01\/detidos-a-furtar-1600-quilos-de-cobre-de-central-termoeletrica\/#breadcrumb\",\"itemListElement\":[{\"@type\":\"ListItem\",\"position\":1,\"name\":\"In\u00edcio\",\"item\":\"https:\/\/portaltela.pt\/\"},{\"@type\":\"ListItem\",\"position\":2,\"name\":\"Detidos a furtar 1600 quilos de cobre de central termoel\u00e9trica\"}]},{\"@type\":\"WebSite\",\"@id\":\"https:\/\/portaltela.pt\/#website\",\"url\":\"https:\/\/portaltela.pt\/\",\"name\":\"Portal Tela Portugal\",\"description\":\"\",\"potentialAction\":[{\"@type\":\"SearchAction\",\"target\":{\"@type\":\"EntryPoint\",\"urlTemplate\":\"https:\/\/portaltela.pt\/?s={search_term_string}\"},\"query-input\":{\"@type\":\"PropertyValueSpecification\",\"valueRequired\":true,\"valueName\":\"search_term_string\"}}],\"inLanguage\":\"pt-PT\"},{\"@type\":\"Person\",\"@id\":\"https:\/\/portaltela.pt\/#\/schema\/person\/c4278d4a6028830caff9ee44b42d32ed\",\"name\":\"Telinha\",\"image\":{\"@type\":\"ImageObject\",\"inLanguage\":\"pt-PT\",\"@id\":\"https:\/\/portaltela.pt\/s.01k8rhncp4jt1\/2025\/11\/talking-bot-125x125.png\",\"url\":\"https:\/\/portaltela.pt\/s.01k8rhncp4jt1\/2025\/11\/talking-bot-125x125.png\",\"contentUrl\":\"https:\/\/portaltela.pt\/s.01k8rhncp4jt1\/2025\/11\/talking-bot-125x125.png\",\"caption\":\"Telinha\"},\"sameAs\":[\"https:\/\/portaltela.pt\/\"],\"url\":\"https:\/\/portaltela.pt\/por\/367410592786\/\"}]}<\/script>\n<!-- \/ Yoast SEO plugin. -->","yoast_head_json":{"title":"Detidos a furtar 1600 quilos de cobre de central termoel\u00e9trica - Portal Tela Portugal","robots":{"index":"index","follow":"follow","max-snippet":"max-snippet:-1","max-image-preview":"max-image-preview:large","max-video-preview":"max-video-preview:-1"},"og_locale":"pt_PT","og_type":"article","og_title":"Detidos a furtar 1600 quilos de cobre de central termoel\u00e9trica - Portal Tela Portugal","og_description":"Quatro homens, entre 19 e 30 anos, foram apanhados em flagrante a furtar fios de cobre de uma central termoel\u00e9trica em desmantelamento, em Sines. A controlo tinha na posse 1.660 quilos de cobre, que seria vendido a sucatas. Um dos suspeitos ficou em pris\u00e3o preventiva; os outros foram libertados, com apresenta\u00e7\u00f5es bissemanais nas instala\u00e7\u00f5es policiais. A GNR confirmou que a central tem sido alvo de furtos desde o in\u00edcio do desmantelamento, com v\u00e1rias deten\u00e7\u00f5es anteriores. O grupo usou uma serra el\u00e9ctrica para cortar os cabos e transport\u00e1-los numa carrinha, sendo intercetados com apoio de militares dos postos de Sines, Santo Andr\u00e9 e Santiago do Cac\u00e9m.","og_url":"https:\/\/portaltela.pt\/noticias\/2026\/03\/01\/detidos-a-furtar-1600-quilos-de-cobre-de-central-termoeletrica\/","og_site_name":"Portal Tela Portugal","article_published_time":"2026-03-01T11:54:00+00:00","author":"Telinha","twitter_card":"summary_large_image","twitter_misc":{"Escrito por":"Telinha","Tempo estimado de leitura":"1 minuto"},"schema":{"@context":"https:\/\/schema.org","@graph":[{"@type":"Article","@id":"https:\/\/portaltela.pt\/noticias\/2026\/03\/01\/detidos-a-furtar-1600-quilos-de-cobre-de-central-termoeletrica\/#article","isPartOf":{"@id":"https:\/\/portaltela.pt\/noticias\/2026\/03\/01\/detidos-a-furtar-1600-quilos-de-cobre-de-central-termoeletrica\/"},"author":{"name":"Telinha","@id":"https:\/\/portaltela.pt\/#\/schema\/person\/c4278d4a6028830caff9ee44b42d32ed"},"headline":"Detidos a furtar 1600 quilos de cobre de central termoel\u00e9trica","datePublished":"2026-03-01T11:54:00+00:00","mainEntityOfPage":{"@id":"https:\/\/portaltela.pt\/noticias\/2026\/03\/01\/detidos-a-furtar-1600-quilos-de-cobre-de-central-termoeletrica\/"},"wordCount":200,"image":{"@id":"https:\/\/portaltela.pt\/noticias\/2026\/03\/01\/detidos-a-furtar-1600-quilos-de-cobre-de-central-termoeletrica\/#primaryimage"},"thumbnailUrl":"https:\/\/portaltela.pt\/s.01k8rhncp4jt1\/2026\/03\/image-13.jpg","keywords":["crime","desmantelamento","furto","roubo","seguran\u00e7a p\u00fablica","Sines"],"articleSection":["Not\u00edcias"],"inLanguage":"pt-PT"},{"@type":"WebPage","@id":"https:\/\/portaltela.pt\/noticias\/2026\/03\/01\/detidos-a-furtar-1600-quilos-de-cobre-de-central-termoeletrica\/","url":"https:\/\/portaltela.pt\/noticias\/2026\/03\/01\/detidos-a-furtar-1600-quilos-de-cobre-de-central-termoeletrica\/","name":"Detidos a furtar 1600 quilos de cobre de central termoel\u00e9trica - Portal Tela Portugal","isPartOf":{"@id":"https:\/\/portaltela.pt\/#website"},"primaryImageOfPage":{"@id":"https:\/\/portaltela.pt\/noticias\/2026\/03\/01\/detidos-a-furtar-1600-quilos-de-cobre-de-central-termoeletrica\/#primaryimage"},"image":{"@id":"https:\/\/portaltela.pt\/noticias\/2026\/03\/01\/detidos-a-furtar-1600-quilos-de-cobre-de-central-termoeletrica\/#primaryimage"},"thumbnailUrl":"https:\/\/portaltela.pt\/s.01k8rhncp4jt1\/2026\/03\/image-13.jpg","datePublished":"2026-03-01T11:54:00+00:00","author":{"@id":"https:\/\/portaltela.pt\/#\/schema\/person\/c4278d4a6028830caff9ee44b42d32ed"},"breadcrumb":{"@id":"https:\/\/portaltela.pt\/noticias\/2026\/03\/01\/detidos-a-furtar-1600-quilos-de-cobre-de-central-termoeletrica\/#breadcrumb"},"inLanguage":"pt-PT","potentialAction":[{"@type":"ReadAction","target":["https:\/\/portaltela.pt\/noticias\/2026\/03\/01\/detidos-a-furtar-1600-quilos-de-cobre-de-central-termoeletrica\/"]}]},{"@type":"ImageObject","inLanguage":"pt-PT","@id":"https:\/\/portaltela.pt\/noticias\/2026\/03\/01\/detidos-a-furtar-1600-quilos-de-cobre-de-central-termoeletrica\/#primaryimage","url":"https:\/\/portaltela.pt\/s.01k8rhncp4jt1\/2026\/03\/image-13.jpg","contentUrl":"https:\/\/portaltela.pt\/s.01k8rhncp4jt1\/2026\/03\/image-13.jpg","width":796,"height":448,"caption":"Cobre furtado na central termoel\u00e9trica era vendido a sucatas"},{"@type":"BreadcrumbList","@id":"https:\/\/portaltela.pt\/noticias\/2026\/03\/01\/detidos-a-furtar-1600-quilos-de-cobre-de-central-termoeletrica\/#breadcrumb","itemListElement":[{"@type":"ListItem","position":1,"name":"In\u00edcio","item":"https:\/\/portaltela.pt\/"},{"@type":"ListItem","position":2,"name":"Detidos a furtar 1600 quilos de cobre de central termoel\u00e9trica"}]},{"@type":"WebSite","@id":"https:\/\/portaltela.pt\/#website","url":"https:\/\/portaltela.pt\/","name":"Portal Tela Portugal","description":"","potentialAction":[{"@type":"SearchAction","target":{"@type":"EntryPoint","urlTemplate":"https:\/\/portaltela.pt\/?s={search_term_string}"},"query-input":{"@type":"PropertyValueSpecification","valueRequired":true,"valueName":"search_term_string"}}],"inLanguage":"pt-PT"},{"@type":"Person","@id":"https:\/\/portaltela.pt\/#\/schema\/person\/c4278d4a6028830caff9ee44b42d32ed","name":"Telinha","image":{"@type":"ImageObject","inLanguage":"pt-PT","@id":"https:\/\/portaltela.pt\/s.01k8rhncp4jt1\/2025\/11\/talking-bot-125x125.png","url":"https:\/\/portaltela.pt\/s.01k8rhncp4jt1\/2025\/11\/talking-bot-125x125.png","contentUrl":"https:\/\/portaltela.pt\/s.01k8rhncp4jt1\/2025\/11\/talking-bot-125x125.png","caption":"Telinha"},"sameAs":["https:\/\/portaltela.pt\/"],"url":"https:\/\/portaltela.pt\/por\/367410592786\/"}]}},"_links":{"self":[{"href":"https:\/\/portaltela.pt\/api\/wp\/v2\/posts\/393142","targetHints":{"allow":["GET"]}}],"collection":[{"href":"https:\/\/portaltela.pt\/api\/wp\/v2\/posts"}],"about":[{"href":"https:\/\/portaltela.pt\/api\/wp\/v2\/types\/post"}],"author":[{"embeddable":true,"href":"https:\/\/portaltela.pt\/api\/wp\/v2\/users\/2"}],"replies":[{"embeddable":true,"href":"https:\/\/portaltela.pt\/api\/wp\/v2\/comments?post=393142"}],"version-history":[{"count":0,"href":"https:\/\/portaltela.pt\/api\/wp\/v2\/posts\/393142\/revisions"}],"wp:featuredmedia":[{"embeddable":true,"href":"https:\/\/portaltela.pt\/api\/wp\/v2\/media\/393145"}],"wp:attachment":[{"href":"https:\/\/portaltela.pt\/api\/wp\/v2\/media?parent=393142"}],"wp:term":[{"taxonomy":"category","embeddable":true,"href":"https:\/\/portaltela.pt\/api\/wp\/v2\/categories?post=393142"},{"taxonomy":"post_tag","embeddable":true,"href":"https:\/\/portaltela.pt\/api\/wp\/v2\/tags?post=393142"}],"curies":[{"name":"wp","href":"https:\/\/api.w.org\/{rel}","templated":true}]}}