{"id":393128,"date":"2026-03-01T08:59:00","date_gmt":"2026-03-01T11:59:00","guid":{"rendered":"https:\/\/portaltela.pt\/noticias\/2026\/03\/01\/gnr-procura-burlona-condenada-em-mafra\/"},"modified":"2026-03-01T08:59:00","modified_gmt":"2026-03-01T11:59:00","slug":"gnr-procura-burlona-condenada-em-mafra","status":"publish","type":"post","link":"https:\/\/portaltela.pt\/noticias\/2026\/03\/01\/gnr-procura-burlona-condenada-em-mafra\/","title":{"rendered":"GNR procura burlona condenada em Mafra"},"content":{"rendered":"<p>Investigadores da GNR de Mafra detiveram uma mulher de 48 anos, que foi conduzida \u00e0 cadeia feminina de Tires para cumprir uma condena\u00e7\u00e3o de cinco anos. A deten\u00e7\u00e3o ocorreu na quinta-feira, em cumprimento de mandado judicial para cumprimento de pena. O crime principal envolve 34 burlas qualificadas, totalizando 36 crimes, entre eles dois de falsifica\u00e7\u00e3o de documentos.<\/p>\n<p>A acusada foi julgada e condenada pela pr\u00e1tica destes crimes, que lesaram diversos cidad\u00e3os e institui\u00e7\u00f5es, segundo o comunicado da GNR. O elevado n\u00famero de infra\u00e7\u00f5es caracteriza uma atividade criminosa reiterada.<\/p>\n<h3>Deten\u00e7\u00e3o e condena\u00e7\u00e3o<\/h3>\n<p>A deten\u00e7\u00e3o serviu para executar a pena perante a Justi\u00e7a, com a mulher j\u00e1 a cumprir a condena\u00e7\u00e3o na cadeia. O caso envolve ainda aspetos de falsifica\u00e7\u00e3o de documentos associados \u00e0 sequ\u00eancia de crimes cometidos. A GNR adianta que prosseguem as dilig\u00eancias para esclarecer eventuais impactos junto das v\u00edtimas.<\/p>\n","protected":false},"excerpt":{"rendered":"<ul>\n<li>Investigadores da GNR de Mafra detiveram uma mulher de 48 anos e conduziram-na \u00e0 cadeia feminina de Tires, para cumprir pena.<\/li>\n<li>A condena\u00e7\u00e3o envolve cinco anos de cadeia por 36 crimes, sendo 34 de burla qualificada.<\/li>\n<li>A deten\u00e7\u00e3o ocorreu na quinta-feira, em cumprimento de mandado judicial para cumprimento de pena.<\/li>\n<li>A mulher foi ainda condenada por dois crimes de falsifica\u00e7\u00e3o de documento.<\/li>\n<li>A GNR justifica que o elevado n\u00famero de crimes demonstra a reiter\u00e7\u00e3o da atividade criminosa, que lesou cidad\u00e3os e institui\u00e7\u00f5es.<\/li>\n<\/ul>\n","protected":false},"author":2,"featured_media":393138,"comment_status":"closed","ping_status":"closed","sticky":false,"template":"","format":"standard","meta":{"footnotes":""},"categories":[1],"tags":[4668,5480,4139,260,1380,2600],"class_list":["post-393128","post","type-post","status-publish","format-standard","has-post-thumbnail","hentry","category-noticias","tag-burlas","tag-condenacoes","tag-detencao","tag-falsificacao-de-documentos","tag-gnr","tag-mafra"],"yoast_head":"<!-- This site is optimized with the Yoast SEO plugin v27.2 - https:\/\/yoast.com\/product\/yoast-seo-wordpress\/ -->\n<title>GNR procura burlona condenada em Mafra - Portal Tela Portugal<\/title>\n<meta name=\"robots\" content=\"index, follow, max-snippet:-1, max-image-preview:large, max-video-preview:-1\" \/>\n<meta property=\"og:locale\" content=\"pt_PT\" \/>\n<meta property=\"og:type\" content=\"article\" \/>\n<meta property=\"og:title\" content=\"GNR procura burlona condenada em Mafra - Portal Tela Portugal\" \/>\n<meta property=\"og:description\" content=\"Investigadores da GNR de Mafra detiveram uma mulher de 48 anos e conduziram-na \u00e0 cadeia feminina de Tires, para cumprir pena. A condena\u00e7\u00e3o envolve cinco anos de cadeia por 36 crimes, sendo 34 de burla qualificada. A deten\u00e7\u00e3o ocorreu na quinta-feira, em cumprimento de mandado judicial para cumprimento de pena. A mulher foi ainda condenada por dois crimes de falsifica\u00e7\u00e3o de documento. A GNR justifica que o elevado n\u00famero de crimes demonstra a reiter\u00e7\u00e3o da atividade criminosa, que lesou cidad\u00e3os e institui\u00e7\u00f5es.\" \/>\n<meta property=\"og:url\" content=\"https:\/\/portaltela.pt\/noticias\/2026\/03\/01\/gnr-procura-burlona-condenada-em-mafra\/\" \/>\n<meta property=\"og:site_name\" content=\"Portal Tela Portugal\" \/>\n<meta property=\"article:published_time\" content=\"2026-03-01T11:59:00+00:00\" \/>\n<meta name=\"author\" content=\"Telinha\" \/>\n<meta name=\"twitter:card\" content=\"summary_large_image\" \/>\n<meta name=\"twitter:label1\" content=\"Escrito por\" \/>\n\t<meta name=\"twitter:data1\" content=\"Telinha\" \/>\n\t<meta name=\"twitter:label2\" content=\"Tempo estimado de leitura\" \/>\n\t<meta name=\"twitter:data2\" content=\"1 minuto\" \/>\n<script type=\"application\/ld+json\" class=\"yoast-schema-graph\">{\"@context\":\"https:\/\/schema.org\",\"@graph\":[{\"@type\":\"Article\",\"@id\":\"https:\/\/portaltela.pt\/noticias\/2026\/03\/01\/gnr-procura-burlona-condenada-em-mafra\/#article\",\"isPartOf\":{\"@id\":\"https:\/\/portaltela.pt\/noticias\/2026\/03\/01\/gnr-procura-burlona-condenada-em-mafra\/\"},\"author\":{\"name\":\"Telinha\",\"@id\":\"https:\/\/portaltela.pt\/#\/schema\/person\/c4278d4a6028830caff9ee44b42d32ed\"},\"headline\":\"GNR procura burlona condenada em Mafra\",\"datePublished\":\"2026-03-01T11:59:00+00:00\",\"mainEntityOfPage\":{\"@id\":\"https:\/\/portaltela.pt\/noticias\/2026\/03\/01\/gnr-procura-burlona-condenada-em-mafra\/\"},\"wordCount\":158,\"image\":{\"@id\":\"https:\/\/portaltela.pt\/noticias\/2026\/03\/01\/gnr-procura-burlona-condenada-em-mafra\/#primaryimage\"},\"thumbnailUrl\":\"https:\/\/portaltela.pt\/s.01k8rhncp4jt1\/2026\/03\/img_1500x1000uu2022-12-17-00-00-11-1231516-im-639079618306751934.jpg\",\"keywords\":[\"burlas\",\"condena\u00e7\u00f5es\",\"deten\u00e7\u00e3o\",\"falsifica\u00e7\u00e3o de documentos\",\"GNR\",\"Mafra\"],\"articleSection\":[\"Not\u00edcias\"],\"inLanguage\":\"pt-PT\"},{\"@type\":\"WebPage\",\"@id\":\"https:\/\/portaltela.pt\/noticias\/2026\/03\/01\/gnr-procura-burlona-condenada-em-mafra\/\",\"url\":\"https:\/\/portaltela.pt\/noticias\/2026\/03\/01\/gnr-procura-burlona-condenada-em-mafra\/\",\"name\":\"GNR procura burlona condenada em Mafra - Portal Tela Portugal\",\"isPartOf\":{\"@id\":\"https:\/\/portaltela.pt\/#website\"},\"primaryImageOfPage\":{\"@id\":\"https:\/\/portaltela.pt\/noticias\/2026\/03\/01\/gnr-procura-burlona-condenada-em-mafra\/#primaryimage\"},\"image\":{\"@id\":\"https:\/\/portaltela.pt\/noticias\/2026\/03\/01\/gnr-procura-burlona-condenada-em-mafra\/#primaryimage\"},\"thumbnailUrl\":\"https:\/\/portaltela.pt\/s.01k8rhncp4jt1\/2026\/03\/img_1500x1000uu2022-12-17-00-00-11-1231516-im-639079618306751934.jpg\",\"datePublished\":\"2026-03-01T11:59:00+00:00\",\"author\":{\"@id\":\"https:\/\/portaltela.pt\/#\/schema\/person\/c4278d4a6028830caff9ee44b42d32ed\"},\"breadcrumb\":{\"@id\":\"https:\/\/portaltela.pt\/noticias\/2026\/03\/01\/gnr-procura-burlona-condenada-em-mafra\/#breadcrumb\"},\"inLanguage\":\"pt-PT\",\"potentialAction\":[{\"@type\":\"ReadAction\",\"target\":[\"https:\/\/portaltela.pt\/noticias\/2026\/03\/01\/gnr-procura-burlona-condenada-em-mafra\/\"]}]},{\"@type\":\"ImageObject\",\"inLanguage\":\"pt-PT\",\"@id\":\"https:\/\/portaltela.pt\/noticias\/2026\/03\/01\/gnr-procura-burlona-condenada-em-mafra\/#primaryimage\",\"url\":\"https:\/\/portaltela.pt\/s.01k8rhncp4jt1\/2026\/03\/img_1500x1000uu2022-12-17-00-00-11-1231516-im-639079618306751934.jpg\",\"contentUrl\":\"https:\/\/portaltela.pt\/s.01k8rhncp4jt1\/2026\/03\/img_1500x1000uu2022-12-17-00-00-11-1231516-im-639079618306751934.jpg\",\"width\":1500,\"height\":1000,\"caption\":\"Mulher de 48 anos j\u00e1 est\u00e1 a cumprir pena na cadeia feminina de Tires\"},{\"@type\":\"BreadcrumbList\",\"@id\":\"https:\/\/portaltela.pt\/noticias\/2026\/03\/01\/gnr-procura-burlona-condenada-em-mafra\/#breadcrumb\",\"itemListElement\":[{\"@type\":\"ListItem\",\"position\":1,\"name\":\"In\u00edcio\",\"item\":\"https:\/\/portaltela.pt\/\"},{\"@type\":\"ListItem\",\"position\":2,\"name\":\"GNR procura burlona condenada em Mafra\"}]},{\"@type\":\"WebSite\",\"@id\":\"https:\/\/portaltela.pt\/#website\",\"url\":\"https:\/\/portaltela.pt\/\",\"name\":\"Portal Tela Portugal\",\"description\":\"\",\"potentialAction\":[{\"@type\":\"SearchAction\",\"target\":{\"@type\":\"EntryPoint\",\"urlTemplate\":\"https:\/\/portaltela.pt\/?s={search_term_string}\"},\"query-input\":{\"@type\":\"PropertyValueSpecification\",\"valueRequired\":true,\"valueName\":\"search_term_string\"}}],\"inLanguage\":\"pt-PT\"},{\"@type\":\"Person\",\"@id\":\"https:\/\/portaltela.pt\/#\/schema\/person\/c4278d4a6028830caff9ee44b42d32ed\",\"name\":\"Telinha\",\"image\":{\"@type\":\"ImageObject\",\"inLanguage\":\"pt-PT\",\"@id\":\"https:\/\/portaltela.pt\/s.01k8rhncp4jt1\/2025\/11\/talking-bot-125x125.png\",\"url\":\"https:\/\/portaltela.pt\/s.01k8rhncp4jt1\/2025\/11\/talking-bot-125x125.png\",\"contentUrl\":\"https:\/\/portaltela.pt\/s.01k8rhncp4jt1\/2025\/11\/talking-bot-125x125.png\",\"caption\":\"Telinha\"},\"sameAs\":[\"https:\/\/portaltela.pt\/\"],\"url\":\"https:\/\/portaltela.pt\/por\/367410592786\/\"}]}<\/script>\n<!-- \/ Yoast SEO plugin. -->","yoast_head_json":{"title":"GNR procura burlona condenada em Mafra - Portal Tela Portugal","robots":{"index":"index","follow":"follow","max-snippet":"max-snippet:-1","max-image-preview":"max-image-preview:large","max-video-preview":"max-video-preview:-1"},"og_locale":"pt_PT","og_type":"article","og_title":"GNR procura burlona condenada em Mafra - Portal Tela Portugal","og_description":"Investigadores da GNR de Mafra detiveram uma mulher de 48 anos e conduziram-na \u00e0 cadeia feminina de Tires, para cumprir pena. A condena\u00e7\u00e3o envolve cinco anos de cadeia por 36 crimes, sendo 34 de burla qualificada. A deten\u00e7\u00e3o ocorreu na quinta-feira, em cumprimento de mandado judicial para cumprimento de pena. A mulher foi ainda condenada por dois crimes de falsifica\u00e7\u00e3o de documento. A GNR justifica que o elevado n\u00famero de crimes demonstra a reiter\u00e7\u00e3o da atividade criminosa, que lesou cidad\u00e3os e institui\u00e7\u00f5es.","og_url":"https:\/\/portaltela.pt\/noticias\/2026\/03\/01\/gnr-procura-burlona-condenada-em-mafra\/","og_site_name":"Portal Tela Portugal","article_published_time":"2026-03-01T11:59:00+00:00","author":"Telinha","twitter_card":"summary_large_image","twitter_misc":{"Escrito por":"Telinha","Tempo estimado de leitura":"1 minuto"},"schema":{"@context":"https:\/\/schema.org","@graph":[{"@type":"Article","@id":"https:\/\/portaltela.pt\/noticias\/2026\/03\/01\/gnr-procura-burlona-condenada-em-mafra\/#article","isPartOf":{"@id":"https:\/\/portaltela.pt\/noticias\/2026\/03\/01\/gnr-procura-burlona-condenada-em-mafra\/"},"author":{"name":"Telinha","@id":"https:\/\/portaltela.pt\/#\/schema\/person\/c4278d4a6028830caff9ee44b42d32ed"},"headline":"GNR procura burlona condenada em Mafra","datePublished":"2026-03-01T11:59:00+00:00","mainEntityOfPage":{"@id":"https:\/\/portaltela.pt\/noticias\/2026\/03\/01\/gnr-procura-burlona-condenada-em-mafra\/"},"wordCount":158,"image":{"@id":"https:\/\/portaltela.pt\/noticias\/2026\/03\/01\/gnr-procura-burlona-condenada-em-mafra\/#primaryimage"},"thumbnailUrl":"https:\/\/portaltela.pt\/s.01k8rhncp4jt1\/2026\/03\/img_1500x1000uu2022-12-17-00-00-11-1231516-im-639079618306751934.jpg","keywords":["burlas","condena\u00e7\u00f5es","deten\u00e7\u00e3o","falsifica\u00e7\u00e3o de documentos","GNR","Mafra"],"articleSection":["Not\u00edcias"],"inLanguage":"pt-PT"},{"@type":"WebPage","@id":"https:\/\/portaltela.pt\/noticias\/2026\/03\/01\/gnr-procura-burlona-condenada-em-mafra\/","url":"https:\/\/portaltela.pt\/noticias\/2026\/03\/01\/gnr-procura-burlona-condenada-em-mafra\/","name":"GNR procura burlona condenada em Mafra - Portal Tela Portugal","isPartOf":{"@id":"https:\/\/portaltela.pt\/#website"},"primaryImageOfPage":{"@id":"https:\/\/portaltela.pt\/noticias\/2026\/03\/01\/gnr-procura-burlona-condenada-em-mafra\/#primaryimage"},"image":{"@id":"https:\/\/portaltela.pt\/noticias\/2026\/03\/01\/gnr-procura-burlona-condenada-em-mafra\/#primaryimage"},"thumbnailUrl":"https:\/\/portaltela.pt\/s.01k8rhncp4jt1\/2026\/03\/img_1500x1000uu2022-12-17-00-00-11-1231516-im-639079618306751934.jpg","datePublished":"2026-03-01T11:59:00+00:00","author":{"@id":"https:\/\/portaltela.pt\/#\/schema\/person\/c4278d4a6028830caff9ee44b42d32ed"},"breadcrumb":{"@id":"https:\/\/portaltela.pt\/noticias\/2026\/03\/01\/gnr-procura-burlona-condenada-em-mafra\/#breadcrumb"},"inLanguage":"pt-PT","potentialAction":[{"@type":"ReadAction","target":["https:\/\/portaltela.pt\/noticias\/2026\/03\/01\/gnr-procura-burlona-condenada-em-mafra\/"]}]},{"@type":"ImageObject","inLanguage":"pt-PT","@id":"https:\/\/portaltela.pt\/noticias\/2026\/03\/01\/gnr-procura-burlona-condenada-em-mafra\/#primaryimage","url":"https:\/\/portaltela.pt\/s.01k8rhncp4jt1\/2026\/03\/img_1500x1000uu2022-12-17-00-00-11-1231516-im-639079618306751934.jpg","contentUrl":"https:\/\/portaltela.pt\/s.01k8rhncp4jt1\/2026\/03\/img_1500x1000uu2022-12-17-00-00-11-1231516-im-639079618306751934.jpg","width":1500,"height":1000,"caption":"Mulher de 48 anos j\u00e1 est\u00e1 a cumprir pena na cadeia feminina de Tires"},{"@type":"BreadcrumbList","@id":"https:\/\/portaltela.pt\/noticias\/2026\/03\/01\/gnr-procura-burlona-condenada-em-mafra\/#breadcrumb","itemListElement":[{"@type":"ListItem","position":1,"name":"In\u00edcio","item":"https:\/\/portaltela.pt\/"},{"@type":"ListItem","position":2,"name":"GNR procura burlona condenada em Mafra"}]},{"@type":"WebSite","@id":"https:\/\/portaltela.pt\/#website","url":"https:\/\/portaltela.pt\/","name":"Portal Tela Portugal","description":"","potentialAction":[{"@type":"SearchAction","target":{"@type":"EntryPoint","urlTemplate":"https:\/\/portaltela.pt\/?s={search_term_string}"},"query-input":{"@type":"PropertyValueSpecification","valueRequired":true,"valueName":"search_term_string"}}],"inLanguage":"pt-PT"},{"@type":"Person","@id":"https:\/\/portaltela.pt\/#\/schema\/person\/c4278d4a6028830caff9ee44b42d32ed","name":"Telinha","image":{"@type":"ImageObject","inLanguage":"pt-PT","@id":"https:\/\/portaltela.pt\/s.01k8rhncp4jt1\/2025\/11\/talking-bot-125x125.png","url":"https:\/\/portaltela.pt\/s.01k8rhncp4jt1\/2025\/11\/talking-bot-125x125.png","contentUrl":"https:\/\/portaltela.pt\/s.01k8rhncp4jt1\/2025\/11\/talking-bot-125x125.png","caption":"Telinha"},"sameAs":["https:\/\/portaltela.pt\/"],"url":"https:\/\/portaltela.pt\/por\/367410592786\/"}]}},"_links":{"self":[{"href":"https:\/\/portaltela.pt\/api\/wp\/v2\/posts\/393128","targetHints":{"allow":["GET"]}}],"collection":[{"href":"https:\/\/portaltela.pt\/api\/wp\/v2\/posts"}],"about":[{"href":"https:\/\/portaltela.pt\/api\/wp\/v2\/types\/post"}],"author":[{"embeddable":true,"href":"https:\/\/portaltela.pt\/api\/wp\/v2\/users\/2"}],"replies":[{"embeddable":true,"href":"https:\/\/portaltela.pt\/api\/wp\/v2\/comments?post=393128"}],"version-history":[{"count":0,"href":"https:\/\/portaltela.pt\/api\/wp\/v2\/posts\/393128\/revisions"}],"wp:featuredmedia":[{"embeddable":true,"href":"https:\/\/portaltela.pt\/api\/wp\/v2\/media\/393138"}],"wp:attachment":[{"href":"https:\/\/portaltela.pt\/api\/wp\/v2\/media?parent=393128"}],"wp:term":[{"taxonomy":"category","embeddable":true,"href":"https:\/\/portaltela.pt\/api\/wp\/v2\/categories?post=393128"},{"taxonomy":"post_tag","embeddable":true,"href":"https:\/\/portaltela.pt\/api\/wp\/v2\/tags?post=393128"}],"curies":[{"name":"wp","href":"https:\/\/api.w.org\/{rel}","templated":true}]}}