{"id":393100,"date":"2026-03-01T08:31:00","date_gmt":"2026-03-01T11:31:00","guid":{"rendered":"https:\/\/portaltela.pt\/noticias\/2026\/03\/01\/mourinho-comenta-pedido-de-lopes-cabral-a-vini-jr-seria-evitavel\/"},"modified":"2026-03-01T08:31:00","modified_gmt":"2026-03-01T11:31:00","slug":"mourinho-comenta-pedido-de-lopes-cabral-a-vini-jr-seria-evitavel","status":"publish","type":"post","link":"https:\/\/portaltela.pt\/desporto\/futebol\/2026\/03\/01\/mourinho-comenta-pedido-de-lopes-cabral-a-vini-jr-seria-evitavel\/","title":{"rendered":"Mourinho comenta pedido de Lopes Cabral a Vini Jr, seria evit\u00e1vel"},"content":{"rendered":"<p>Lopes Cabral pediu a camisola a Vin\u00edcius J\u00fanior no final do jogo entre Real Madrid e Benfica, realizado recentemente. O gesto foi amplamente divulgado nas redes e gerou cr\u00edticas por parte de adeptos benfiquistas, ap\u00f3s epis\u00f3dios anteriores envolvendo Prestianni e o internacional brasileiro na Luz.<\/p>\n<p>A situa\u00e7\u00e3o surgiu ap\u00f3s o encontro da primeira m\u00e3o no Est\u00e1dio da Luz, gerando controv\u00e9rsia entre os seguidores das \u00e1guias, que reagiram nas redes sociais.<\/p>\n<p>Questionado sobre o tema, Jos\u00e9 Mourinho abordou o assunto na confer\u00eancia de imprensa de lan\u00e7amento do jogo contra o Gil Vicente, marcado para amanh\u00e3 \u00e0s 20h15. O t\u00e9cnico n\u00e3o evitou o tema ao falar sobre o assunto.<\/p>\n<p>Mourinho explicou a sua posi\u00e7\u00e3o de forma direta, evitando julgamentos e centrando-se na import\u00e2ncia de manter o foco no pr\u00f3ximo advers\u00e1rio, sem comentar detalhes adicionais sobre o momento espec\u00edfico da camisola.<\/p>\n","protected":false},"excerpt":{"rendered":"<ul>\n<li>No final do jogo entre Real Madrid e Benfica, Lopes Cabral pediu a camisola a Vin\u00edcius Jr.<\/li>\n<li>A imagem circulou globalmente e foi amplamente discutida entre os adeptos do Benfica.<\/li>\n<li>O gesto surge ap\u00f3s os epis\u00f3dios entre Prestianni e Vin\u00edcius durante a primeira m\u00e3o da eliminat\u00f3ria na Luz.<\/li>\n<li>Jos\u00e9 Mourinho foi questionado sobre a situa\u00e7\u00e3o na confer\u00eancia de imprensa de lan\u00e7amento ao jogo com o Gil Vicente.<\/li>\n<li>O t\u00e9cnico respondeu \u00e0 quest\u00e3o sem hesitar.<\/li>\n<\/ul>\n","protected":false},"author":2,"featured_media":393107,"comment_status":"closed","ping_status":"closed","sticky":false,"template":"","format":"standard","meta":{"footnotes":""},"categories":[21,24],"tags":[1946,32,3338,2401,2714,2265],"class_list":["post-393100","post","type-post","status-publish","format-standard","has-post-thumbnail","hentry","category-desporto","category-futebol","tag-benfica","tag-futebol","tag-futebol-internacional","tag-lopes-cabral","tag-real-madrid","tag-vinicius-junior"],"yoast_head":"<!-- This site is optimized with the Yoast SEO plugin v27.2 - https:\/\/yoast.com\/product\/yoast-seo-wordpress\/ -->\n<title>Mourinho comenta pedido de Lopes Cabral a Vini Jr, seria evit\u00e1vel - Portal Tela Portugal<\/title>\n<meta name=\"robots\" content=\"index, follow, max-snippet:-1, max-image-preview:large, max-video-preview:-1\" \/>\n<meta property=\"og:locale\" content=\"pt_PT\" \/>\n<meta property=\"og:type\" content=\"article\" \/>\n<meta property=\"og:title\" content=\"Mourinho comenta pedido de Lopes Cabral a Vini Jr, seria evit\u00e1vel - Portal Tela Portugal\" \/>\n<meta property=\"og:description\" content=\"No final do jogo entre Real Madrid e Benfica, Lopes Cabral pediu a camisola a Vin\u00edcius Jr. A imagem circulou globalmente e foi amplamente discutida entre os adeptos do Benfica. O gesto surge ap\u00f3s os epis\u00f3dios entre Prestianni e Vin\u00edcius durante a primeira m\u00e3o da eliminat\u00f3ria na Luz. Jos\u00e9 Mourinho foi questionado sobre a situa\u00e7\u00e3o na confer\u00eancia de imprensa de lan\u00e7amento ao jogo com o Gil Vicente. O t\u00e9cnico respondeu \u00e0 quest\u00e3o sem hesitar.\" \/>\n<meta property=\"og:url\" content=\"https:\/\/portaltela.pt\/noticias\/2026\/03\/01\/mourinho-comenta-pedido-de-lopes-cabral-a-vini-jr-seria-evitavel\/\" \/>\n<meta property=\"og:site_name\" content=\"Portal Tela Portugal\" \/>\n<meta property=\"article:published_time\" content=\"2026-03-01T11:31:00+00:00\" \/>\n<meta name=\"author\" content=\"Telinha\" \/>\n<meta name=\"twitter:card\" content=\"summary_large_image\" \/>\n<meta name=\"twitter:label1\" content=\"Escrito por\" \/>\n\t<meta name=\"twitter:data1\" content=\"Telinha\" \/>\n\t<meta name=\"twitter:label2\" content=\"Tempo estimado de leitura\" \/>\n\t<meta name=\"twitter:data2\" content=\"1 minuto\" \/>\n<script type=\"application\/ld+json\" class=\"yoast-schema-graph\">{\"@context\":\"https:\/\/schema.org\",\"@graph\":[{\"@type\":\"Article\",\"@id\":\"https:\/\/portaltela.pt\/noticias\/2026\/03\/01\/mourinho-comenta-pedido-de-lopes-cabral-a-vini-jr-seria-evitavel\/#article\",\"isPartOf\":{\"@id\":\"https:\/\/portaltela.pt\/noticias\/2026\/03\/01\/mourinho-comenta-pedido-de-lopes-cabral-a-vini-jr-seria-evitavel\/\"},\"author\":{\"name\":\"Telinha\",\"@id\":\"https:\/\/portaltela.pt\/#\/schema\/person\/c4278d4a6028830caff9ee44b42d32ed\"},\"headline\":\"Mourinho comenta pedido de Lopes Cabral a Vini Jr, seria evit\u00e1vel\",\"datePublished\":\"2026-03-01T11:31:00+00:00\",\"mainEntityOfPage\":{\"@id\":\"https:\/\/portaltela.pt\/noticias\/2026\/03\/01\/mourinho-comenta-pedido-de-lopes-cabral-a-vini-jr-seria-evitavel\/\"},\"wordCount\":169,\"image\":{\"@id\":\"https:\/\/portaltela.pt\/noticias\/2026\/03\/01\/mourinho-comenta-pedido-de-lopes-cabral-a-vini-jr-seria-evitavel\/#primaryimage\"},\"thumbnailUrl\":\"https:\/\/portaltela.pt\/s.01k8rhncp4jt1\/2026\/03\/img_1200x721uu2026-03-01-10-59-14-2424236.jpg\",\"keywords\":[\"Benfica\",\"futebol\",\"futebol internacional\",\"Lopes Cabral\",\"Real Madrid\",\"Vin\u00edcius J\u00fanior\"],\"articleSection\":[\"Desporto\",\"Futebol\"],\"inLanguage\":\"pt-PT\"},{\"@type\":\"WebPage\",\"@id\":\"https:\/\/portaltela.pt\/noticias\/2026\/03\/01\/mourinho-comenta-pedido-de-lopes-cabral-a-vini-jr-seria-evitavel\/\",\"url\":\"https:\/\/portaltela.pt\/noticias\/2026\/03\/01\/mourinho-comenta-pedido-de-lopes-cabral-a-vini-jr-seria-evitavel\/\",\"name\":\"Mourinho comenta pedido de Lopes Cabral a Vini Jr, seria evit\u00e1vel - Portal Tela Portugal\",\"isPartOf\":{\"@id\":\"https:\/\/portaltela.pt\/#website\"},\"primaryImageOfPage\":{\"@id\":\"https:\/\/portaltela.pt\/noticias\/2026\/03\/01\/mourinho-comenta-pedido-de-lopes-cabral-a-vini-jr-seria-evitavel\/#primaryimage\"},\"image\":{\"@id\":\"https:\/\/portaltela.pt\/noticias\/2026\/03\/01\/mourinho-comenta-pedido-de-lopes-cabral-a-vini-jr-seria-evitavel\/#primaryimage\"},\"thumbnailUrl\":\"https:\/\/portaltela.pt\/s.01k8rhncp4jt1\/2026\/03\/img_1200x721uu2026-03-01-10-59-14-2424236.jpg\",\"datePublished\":\"2026-03-01T11:31:00+00:00\",\"author\":{\"@id\":\"https:\/\/portaltela.pt\/#\/schema\/person\/c4278d4a6028830caff9ee44b42d32ed\"},\"breadcrumb\":{\"@id\":\"https:\/\/portaltela.pt\/noticias\/2026\/03\/01\/mourinho-comenta-pedido-de-lopes-cabral-a-vini-jr-seria-evitavel\/#breadcrumb\"},\"inLanguage\":\"pt-PT\",\"potentialAction\":[{\"@type\":\"ReadAction\",\"target\":[\"https:\/\/portaltela.pt\/noticias\/2026\/03\/01\/mourinho-comenta-pedido-de-lopes-cabral-a-vini-jr-seria-evitavel\/\"]}]},{\"@type\":\"ImageObject\",\"inLanguage\":\"pt-PT\",\"@id\":\"https:\/\/portaltela.pt\/noticias\/2026\/03\/01\/mourinho-comenta-pedido-de-lopes-cabral-a-vini-jr-seria-evitavel\/#primaryimage\",\"url\":\"https:\/\/portaltela.pt\/s.01k8rhncp4jt1\/2026\/03\/img_1200x721uu2026-03-01-10-59-14-2424236.jpg\",\"contentUrl\":\"https:\/\/portaltela.pt\/s.01k8rhncp4jt1\/2026\/03\/img_1200x721uu2026-03-01-10-59-14-2424236.jpg\",\"width\":796,\"height\":448,\"caption\":\"Mourinho e o pedido de Lopes Cabral a Vini Jr.: \u00abN\u00e3o acho critic\u00e1vel, mas seria evit\u00e1vel\u00bb\"},{\"@type\":\"BreadcrumbList\",\"@id\":\"https:\/\/portaltela.pt\/noticias\/2026\/03\/01\/mourinho-comenta-pedido-de-lopes-cabral-a-vini-jr-seria-evitavel\/#breadcrumb\",\"itemListElement\":[{\"@type\":\"ListItem\",\"position\":1,\"name\":\"In\u00edcio\",\"item\":\"https:\/\/portaltela.pt\/\"},{\"@type\":\"ListItem\",\"position\":2,\"name\":\"Mourinho comenta pedido de Lopes Cabral a Vini Jr, seria evit\u00e1vel\"}]},{\"@type\":\"WebSite\",\"@id\":\"https:\/\/portaltela.pt\/#website\",\"url\":\"https:\/\/portaltela.pt\/\",\"name\":\"Portal Tela Portugal\",\"description\":\"\",\"potentialAction\":[{\"@type\":\"SearchAction\",\"target\":{\"@type\":\"EntryPoint\",\"urlTemplate\":\"https:\/\/portaltela.pt\/?s={search_term_string}\"},\"query-input\":{\"@type\":\"PropertyValueSpecification\",\"valueRequired\":true,\"valueName\":\"search_term_string\"}}],\"inLanguage\":\"pt-PT\"},{\"@type\":\"Person\",\"@id\":\"https:\/\/portaltela.pt\/#\/schema\/person\/c4278d4a6028830caff9ee44b42d32ed\",\"name\":\"Telinha\",\"image\":{\"@type\":\"ImageObject\",\"inLanguage\":\"pt-PT\",\"@id\":\"https:\/\/portaltela.pt\/s.01k8rhncp4jt1\/2025\/11\/talking-bot-125x125.png\",\"url\":\"https:\/\/portaltela.pt\/s.01k8rhncp4jt1\/2025\/11\/talking-bot-125x125.png\",\"contentUrl\":\"https:\/\/portaltela.pt\/s.01k8rhncp4jt1\/2025\/11\/talking-bot-125x125.png\",\"caption\":\"Telinha\"},\"sameAs\":[\"https:\/\/portaltela.pt\/\"],\"url\":\"https:\/\/portaltela.pt\/por\/367410592786\/\"}]}<\/script>\n<!-- \/ Yoast SEO plugin. -->","yoast_head_json":{"title":"Mourinho comenta pedido de Lopes Cabral a Vini Jr, seria evit\u00e1vel - Portal Tela Portugal","robots":{"index":"index","follow":"follow","max-snippet":"max-snippet:-1","max-image-preview":"max-image-preview:large","max-video-preview":"max-video-preview:-1"},"og_locale":"pt_PT","og_type":"article","og_title":"Mourinho comenta pedido de Lopes Cabral a Vini Jr, seria evit\u00e1vel - Portal Tela Portugal","og_description":"No final do jogo entre Real Madrid e Benfica, Lopes Cabral pediu a camisola a Vin\u00edcius Jr. A imagem circulou globalmente e foi amplamente discutida entre os adeptos do Benfica. O gesto surge ap\u00f3s os epis\u00f3dios entre Prestianni e Vin\u00edcius durante a primeira m\u00e3o da eliminat\u00f3ria na Luz. Jos\u00e9 Mourinho foi questionado sobre a situa\u00e7\u00e3o na confer\u00eancia de imprensa de lan\u00e7amento ao jogo com o Gil Vicente. O t\u00e9cnico respondeu \u00e0 quest\u00e3o sem hesitar.","og_url":"https:\/\/portaltela.pt\/noticias\/2026\/03\/01\/mourinho-comenta-pedido-de-lopes-cabral-a-vini-jr-seria-evitavel\/","og_site_name":"Portal Tela Portugal","article_published_time":"2026-03-01T11:31:00+00:00","author":"Telinha","twitter_card":"summary_large_image","twitter_misc":{"Escrito por":"Telinha","Tempo estimado de leitura":"1 minuto"},"schema":{"@context":"https:\/\/schema.org","@graph":[{"@type":"Article","@id":"https:\/\/portaltela.pt\/noticias\/2026\/03\/01\/mourinho-comenta-pedido-de-lopes-cabral-a-vini-jr-seria-evitavel\/#article","isPartOf":{"@id":"https:\/\/portaltela.pt\/noticias\/2026\/03\/01\/mourinho-comenta-pedido-de-lopes-cabral-a-vini-jr-seria-evitavel\/"},"author":{"name":"Telinha","@id":"https:\/\/portaltela.pt\/#\/schema\/person\/c4278d4a6028830caff9ee44b42d32ed"},"headline":"Mourinho comenta pedido de Lopes Cabral a Vini Jr, seria evit\u00e1vel","datePublished":"2026-03-01T11:31:00+00:00","mainEntityOfPage":{"@id":"https:\/\/portaltela.pt\/noticias\/2026\/03\/01\/mourinho-comenta-pedido-de-lopes-cabral-a-vini-jr-seria-evitavel\/"},"wordCount":169,"image":{"@id":"https:\/\/portaltela.pt\/noticias\/2026\/03\/01\/mourinho-comenta-pedido-de-lopes-cabral-a-vini-jr-seria-evitavel\/#primaryimage"},"thumbnailUrl":"https:\/\/portaltela.pt\/s.01k8rhncp4jt1\/2026\/03\/img_1200x721uu2026-03-01-10-59-14-2424236.jpg","keywords":["Benfica","futebol","futebol internacional","Lopes Cabral","Real Madrid","Vin\u00edcius J\u00fanior"],"articleSection":["Desporto","Futebol"],"inLanguage":"pt-PT"},{"@type":"WebPage","@id":"https:\/\/portaltela.pt\/noticias\/2026\/03\/01\/mourinho-comenta-pedido-de-lopes-cabral-a-vini-jr-seria-evitavel\/","url":"https:\/\/portaltela.pt\/noticias\/2026\/03\/01\/mourinho-comenta-pedido-de-lopes-cabral-a-vini-jr-seria-evitavel\/","name":"Mourinho comenta pedido de Lopes Cabral a Vini Jr, seria evit\u00e1vel - Portal Tela Portugal","isPartOf":{"@id":"https:\/\/portaltela.pt\/#website"},"primaryImageOfPage":{"@id":"https:\/\/portaltela.pt\/noticias\/2026\/03\/01\/mourinho-comenta-pedido-de-lopes-cabral-a-vini-jr-seria-evitavel\/#primaryimage"},"image":{"@id":"https:\/\/portaltela.pt\/noticias\/2026\/03\/01\/mourinho-comenta-pedido-de-lopes-cabral-a-vini-jr-seria-evitavel\/#primaryimage"},"thumbnailUrl":"https:\/\/portaltela.pt\/s.01k8rhncp4jt1\/2026\/03\/img_1200x721uu2026-03-01-10-59-14-2424236.jpg","datePublished":"2026-03-01T11:31:00+00:00","author":{"@id":"https:\/\/portaltela.pt\/#\/schema\/person\/c4278d4a6028830caff9ee44b42d32ed"},"breadcrumb":{"@id":"https:\/\/portaltela.pt\/noticias\/2026\/03\/01\/mourinho-comenta-pedido-de-lopes-cabral-a-vini-jr-seria-evitavel\/#breadcrumb"},"inLanguage":"pt-PT","potentialAction":[{"@type":"ReadAction","target":["https:\/\/portaltela.pt\/noticias\/2026\/03\/01\/mourinho-comenta-pedido-de-lopes-cabral-a-vini-jr-seria-evitavel\/"]}]},{"@type":"ImageObject","inLanguage":"pt-PT","@id":"https:\/\/portaltela.pt\/noticias\/2026\/03\/01\/mourinho-comenta-pedido-de-lopes-cabral-a-vini-jr-seria-evitavel\/#primaryimage","url":"https:\/\/portaltela.pt\/s.01k8rhncp4jt1\/2026\/03\/img_1200x721uu2026-03-01-10-59-14-2424236.jpg","contentUrl":"https:\/\/portaltela.pt\/s.01k8rhncp4jt1\/2026\/03\/img_1200x721uu2026-03-01-10-59-14-2424236.jpg","width":796,"height":448,"caption":"Mourinho e o pedido de Lopes Cabral a Vini Jr.: \u00abN\u00e3o acho critic\u00e1vel, mas seria evit\u00e1vel\u00bb"},{"@type":"BreadcrumbList","@id":"https:\/\/portaltela.pt\/noticias\/2026\/03\/01\/mourinho-comenta-pedido-de-lopes-cabral-a-vini-jr-seria-evitavel\/#breadcrumb","itemListElement":[{"@type":"ListItem","position":1,"name":"In\u00edcio","item":"https:\/\/portaltela.pt\/"},{"@type":"ListItem","position":2,"name":"Mourinho comenta pedido de Lopes Cabral a Vini Jr, seria evit\u00e1vel"}]},{"@type":"WebSite","@id":"https:\/\/portaltela.pt\/#website","url":"https:\/\/portaltela.pt\/","name":"Portal Tela Portugal","description":"","potentialAction":[{"@type":"SearchAction","target":{"@type":"EntryPoint","urlTemplate":"https:\/\/portaltela.pt\/?s={search_term_string}"},"query-input":{"@type":"PropertyValueSpecification","valueRequired":true,"valueName":"search_term_string"}}],"inLanguage":"pt-PT"},{"@type":"Person","@id":"https:\/\/portaltela.pt\/#\/schema\/person\/c4278d4a6028830caff9ee44b42d32ed","name":"Telinha","image":{"@type":"ImageObject","inLanguage":"pt-PT","@id":"https:\/\/portaltela.pt\/s.01k8rhncp4jt1\/2025\/11\/talking-bot-125x125.png","url":"https:\/\/portaltela.pt\/s.01k8rhncp4jt1\/2025\/11\/talking-bot-125x125.png","contentUrl":"https:\/\/portaltela.pt\/s.01k8rhncp4jt1\/2025\/11\/talking-bot-125x125.png","caption":"Telinha"},"sameAs":["https:\/\/portaltela.pt\/"],"url":"https:\/\/portaltela.pt\/por\/367410592786\/"}]}},"_links":{"self":[{"href":"https:\/\/portaltela.pt\/api\/wp\/v2\/posts\/393100","targetHints":{"allow":["GET"]}}],"collection":[{"href":"https:\/\/portaltela.pt\/api\/wp\/v2\/posts"}],"about":[{"href":"https:\/\/portaltela.pt\/api\/wp\/v2\/types\/post"}],"author":[{"embeddable":true,"href":"https:\/\/portaltela.pt\/api\/wp\/v2\/users\/2"}],"replies":[{"embeddable":true,"href":"https:\/\/portaltela.pt\/api\/wp\/v2\/comments?post=393100"}],"version-history":[{"count":0,"href":"https:\/\/portaltela.pt\/api\/wp\/v2\/posts\/393100\/revisions"}],"wp:featuredmedia":[{"embeddable":true,"href":"https:\/\/portaltela.pt\/api\/wp\/v2\/media\/393107"}],"wp:attachment":[{"href":"https:\/\/portaltela.pt\/api\/wp\/v2\/media?parent=393100"}],"wp:term":[{"taxonomy":"category","embeddable":true,"href":"https:\/\/portaltela.pt\/api\/wp\/v2\/categories?post=393100"},{"taxonomy":"post_tag","embeddable":true,"href":"https:\/\/portaltela.pt\/api\/wp\/v2\/tags?post=393100"}],"curies":[{"name":"wp","href":"https:\/\/api.w.org\/{rel}","templated":true}]}}