{"id":393060,"date":"2026-02-26T16:21:00","date_gmt":"2026-02-26T19:21:00","guid":{"rendered":"https:\/\/portaltela.pt\/noticias\/2026\/02\/26\/maquilhagem-de-estado-pragas-biblicas-e-comentadores-na-relva-em-debate-publico\/"},"modified":"2026-02-26T16:21:00","modified_gmt":"2026-02-26T19:21:00","slug":"maquilhagem-de-estado-pragas-biblicas-e-comentadores-na-relva-em-debate-publico","status":"publish","type":"post","link":"https:\/\/portaltela.pt\/desporto\/futebol\/2026\/02\/26\/maquilhagem-de-estado-pragas-biblicas-e-comentadores-na-relva-em-debate-publico\/","title":{"rendered":"Maquilhagem de Estado, pragas b\u00edblicas e comentadores na relva em debate p\u00fablico"},"content":{"rendered":"<p>A rubrica Partida, Largada, Fugida aborda a utiliza\u00e7\u00e3o de termos ofensivos no futebol. Em tom cr\u00edtico, o programa questiona a validade de insultos como o termo que envolve racializa\u00e7\u00e3o no contexto desportivo.<\/p>\n<p>O foco recai sobre quem insulta e quem comenta o jogo. A discuss\u00e3o envolve apresentadores da rubrica e comentadores, que analisam o impacto de linguagem extrema nas bancadas e nas transmiss\u00f5es.<\/p>\n<p>Os epis\u00f3dios ocorreram nos \u00faltimos dias, em transmiss\u00f5es ao vivo e nas redes associadas \u00e0 rubrica. O objetivo \u00e9 esclarecer limites da comunica\u00e7\u00e3o durante a pr\u00e1tica desportiva.<\/p>\n<h3>Contexto da pol\u00e9mica<\/h3>\n<p>A conversa levanta d\u00favidas sobre quando \u00e9 aceit\u00e1vel usar determinados r\u00f3tulos contra personagens da transmiss\u00e3o, e se termos neutros poderiam evitar confrontos.<\/p>\n<h3>Repercuss\u00e3o e responsabilidades<\/h3>\n<p>Especialistas em comunica\u00e7\u00e3o destacam a necessidade de moderar o discurso para evitar desrespeito e promover o fair play entre f\u00e3s, comentaristas e atletas.<\/p>\n","protected":false},"excerpt":{"rendered":"<ul>\n<li>O texto afirma que \u201cmacaco\u201d \u00e9 uma ofensa considerada v\u00e1lida no contexto de um jogo de futebol.<\/li>\n<li>Levanta a d\u00favida se termos como \u201cburro\u201d ou \u201curso\u201d seriam igualmente aceit\u00e1veis quando dirigidos aos comentadores da pr\u00e1tica, ou se \u00e9 preciso haver relva.<\/li>\n<li>Enquadra a discuss\u00e3o na rubrica Partida, Largada, Fugida, sugerindo uma reflex\u00e3o sobre linguagem no desporto.<\/li>\n<li>Mant\u00e9m o tom neutro, sem emitir julgamentos ou opini\u00f5es morais, apenas a exposi\u00e7\u00e3o de quest\u00f5es lingu\u00edsticas no futebol.<\/li>\n<\/ul>\n","protected":false},"author":2,"featured_media":393066,"comment_status":"closed","ping_status":"closed","sticky":false,"template":"","format":"standard","meta":{"footnotes":""},"categories":[21,24],"tags":[2607,152,1904,6276,233,5341],"class_list":["post-393060","post","type-post","status-publish","format-standard","has-post-thumbnail","hentry","category-desporto","category-futebol","tag-comunicacao","tag-desporto","tag-discurso-de-odio","tag-discursos","tag-etica-desportiva","tag-fair-play"],"yoast_head":"<!-- This site is optimized with the Yoast SEO plugin v27.2 - https:\/\/yoast.com\/product\/yoast-seo-wordpress\/ -->\n<title>Maquilhagem de Estado, pragas b\u00edblicas e comentadores na relva em debate p\u00fablico - Portal Tela Portugal<\/title>\n<meta name=\"robots\" content=\"index, follow, max-snippet:-1, max-image-preview:large, max-video-preview:-1\" \/>\n<meta property=\"og:locale\" content=\"pt_PT\" \/>\n<meta property=\"og:type\" content=\"article\" \/>\n<meta property=\"og:title\" content=\"Maquilhagem de Estado, pragas b\u00edblicas e comentadores na relva em debate p\u00fablico - Portal Tela Portugal\" \/>\n<meta property=\"og:description\" content=\"O texto afirma que \u201cmacaco\u201d \u00e9 uma ofensa considerada v\u00e1lida no contexto de um jogo de futebol. Levanta a d\u00favida se termos como \u201cburro\u201d ou \u201curso\u201d seriam igualmente aceit\u00e1veis quando dirigidos aos comentadores da pr\u00e1tica, ou se \u00e9 preciso haver relva. Enquadra a discuss\u00e3o na rubrica Partida, Largada, Fugida, sugerindo uma reflex\u00e3o sobre linguagem no desporto. Mant\u00e9m o tom neutro, sem emitir julgamentos ou opini\u00f5es morais, apenas a exposi\u00e7\u00e3o de quest\u00f5es lingu\u00edsticas no futebol.\" \/>\n<meta property=\"og:url\" content=\"https:\/\/portaltela.pt\/noticias\/2026\/02\/26\/maquilhagem-de-estado-pragas-biblicas-e-comentadores-na-relva-em-debate-publico\/\" \/>\n<meta property=\"og:site_name\" content=\"Portal Tela Portugal\" \/>\n<meta property=\"article:published_time\" content=\"2026-02-26T19:21:00+00:00\" \/>\n<meta name=\"author\" content=\"Telinha\" \/>\n<meta name=\"twitter:card\" content=\"summary_large_image\" \/>\n<meta name=\"twitter:label1\" content=\"Escrito por\" \/>\n\t<meta name=\"twitter:data1\" content=\"Telinha\" \/>\n\t<meta name=\"twitter:label2\" content=\"Tempo estimado de leitura\" \/>\n\t<meta name=\"twitter:data2\" content=\"1 minuto\" \/>\n<script type=\"application\/ld+json\" class=\"yoast-schema-graph\">{\"@context\":\"https:\/\/schema.org\",\"@graph\":[{\"@type\":\"Article\",\"@id\":\"https:\/\/portaltela.pt\/noticias\/2026\/02\/26\/maquilhagem-de-estado-pragas-biblicas-e-comentadores-na-relva-em-debate-publico\/#article\",\"isPartOf\":{\"@id\":\"https:\/\/portaltela.pt\/noticias\/2026\/02\/26\/maquilhagem-de-estado-pragas-biblicas-e-comentadores-na-relva-em-debate-publico\/\"},\"author\":{\"name\":\"Telinha\",\"@id\":\"https:\/\/portaltela.pt\/#\/schema\/person\/c4278d4a6028830caff9ee44b42d32ed\"},\"headline\":\"Maquilhagem de Estado, pragas b\u00edblicas e comentadores na relva em debate p\u00fablico\",\"datePublished\":\"2026-02-26T19:21:00+00:00\",\"mainEntityOfPage\":{\"@id\":\"https:\/\/portaltela.pt\/noticias\/2026\/02\/26\/maquilhagem-de-estado-pragas-biblicas-e-comentadores-na-relva-em-debate-publico\/\"},\"wordCount\":169,\"image\":{\"@id\":\"https:\/\/portaltela.pt\/noticias\/2026\/02\/26\/maquilhagem-de-estado-pragas-biblicas-e-comentadores-na-relva-em-debate-publico\/#primaryimage\"},\"thumbnailUrl\":\"https:\/\/portaltela.pt\/s.01k8rhncp4jt1\/2026\/02\/e3c013e4-2035-4efc-8e7f-99ba1c434f9a_1200x675.jpg\",\"keywords\":[\"comunica\u00e7\u00e3o\",\"desporto\",\"discurso de \u00f3dio\",\"discursos\",\"\u00c9tica Desportiva\",\"Fair Play\"],\"articleSection\":[\"Desporto\",\"Futebol\"],\"inLanguage\":\"pt-PT\"},{\"@type\":\"WebPage\",\"@id\":\"https:\/\/portaltela.pt\/noticias\/2026\/02\/26\/maquilhagem-de-estado-pragas-biblicas-e-comentadores-na-relva-em-debate-publico\/\",\"url\":\"https:\/\/portaltela.pt\/noticias\/2026\/02\/26\/maquilhagem-de-estado-pragas-biblicas-e-comentadores-na-relva-em-debate-publico\/\",\"name\":\"Maquilhagem de Estado, pragas b\u00edblicas e comentadores na relva em debate p\u00fablico - Portal Tela Portugal\",\"isPartOf\":{\"@id\":\"https:\/\/portaltela.pt\/#website\"},\"primaryImageOfPage\":{\"@id\":\"https:\/\/portaltela.pt\/noticias\/2026\/02\/26\/maquilhagem-de-estado-pragas-biblicas-e-comentadores-na-relva-em-debate-publico\/#primaryimage\"},\"image\":{\"@id\":\"https:\/\/portaltela.pt\/noticias\/2026\/02\/26\/maquilhagem-de-estado-pragas-biblicas-e-comentadores-na-relva-em-debate-publico\/#primaryimage\"},\"thumbnailUrl\":\"https:\/\/portaltela.pt\/s.01k8rhncp4jt1\/2026\/02\/e3c013e4-2035-4efc-8e7f-99ba1c434f9a_1200x675.jpg\",\"datePublished\":\"2026-02-26T19:21:00+00:00\",\"author\":{\"@id\":\"https:\/\/portaltela.pt\/#\/schema\/person\/c4278d4a6028830caff9ee44b42d32ed\"},\"breadcrumb\":{\"@id\":\"https:\/\/portaltela.pt\/noticias\/2026\/02\/26\/maquilhagem-de-estado-pragas-biblicas-e-comentadores-na-relva-em-debate-publico\/#breadcrumb\"},\"inLanguage\":\"pt-PT\",\"potentialAction\":[{\"@type\":\"ReadAction\",\"target\":[\"https:\/\/portaltela.pt\/noticias\/2026\/02\/26\/maquilhagem-de-estado-pragas-biblicas-e-comentadores-na-relva-em-debate-publico\/\"]}]},{\"@type\":\"ImageObject\",\"inLanguage\":\"pt-PT\",\"@id\":\"https:\/\/portaltela.pt\/noticias\/2026\/02\/26\/maquilhagem-de-estado-pragas-biblicas-e-comentadores-na-relva-em-debate-publico\/#primaryimage\",\"url\":\"https:\/\/portaltela.pt\/s.01k8rhncp4jt1\/2026\/02\/e3c013e4-2035-4efc-8e7f-99ba1c434f9a_1200x675.jpg\",\"contentUrl\":\"https:\/\/portaltela.pt\/s.01k8rhncp4jt1\/2026\/02\/e3c013e4-2035-4efc-8e7f-99ba1c434f9a_1200x675.jpg\",\"width\":796,\"height\":448,\"caption\":\"Photo\"},{\"@type\":\"BreadcrumbList\",\"@id\":\"https:\/\/portaltela.pt\/noticias\/2026\/02\/26\/maquilhagem-de-estado-pragas-biblicas-e-comentadores-na-relva-em-debate-publico\/#breadcrumb\",\"itemListElement\":[{\"@type\":\"ListItem\",\"position\":1,\"name\":\"In\u00edcio\",\"item\":\"https:\/\/portaltela.pt\/\"},{\"@type\":\"ListItem\",\"position\":2,\"name\":\"Maquilhagem de Estado, pragas b\u00edblicas e comentadores na relva em debate p\u00fablico\"}]},{\"@type\":\"WebSite\",\"@id\":\"https:\/\/portaltela.pt\/#website\",\"url\":\"https:\/\/portaltela.pt\/\",\"name\":\"Portal Tela Portugal\",\"description\":\"\",\"potentialAction\":[{\"@type\":\"SearchAction\",\"target\":{\"@type\":\"EntryPoint\",\"urlTemplate\":\"https:\/\/portaltela.pt\/?s={search_term_string}\"},\"query-input\":{\"@type\":\"PropertyValueSpecification\",\"valueRequired\":true,\"valueName\":\"search_term_string\"}}],\"inLanguage\":\"pt-PT\"},{\"@type\":\"Person\",\"@id\":\"https:\/\/portaltela.pt\/#\/schema\/person\/c4278d4a6028830caff9ee44b42d32ed\",\"name\":\"Telinha\",\"image\":{\"@type\":\"ImageObject\",\"inLanguage\":\"pt-PT\",\"@id\":\"https:\/\/portaltela.pt\/s.01k8rhncp4jt1\/2025\/11\/talking-bot-125x125.png\",\"url\":\"https:\/\/portaltela.pt\/s.01k8rhncp4jt1\/2025\/11\/talking-bot-125x125.png\",\"contentUrl\":\"https:\/\/portaltela.pt\/s.01k8rhncp4jt1\/2025\/11\/talking-bot-125x125.png\",\"caption\":\"Telinha\"},\"sameAs\":[\"https:\/\/portaltela.pt\/\"],\"url\":\"https:\/\/portaltela.pt\/por\/367410592786\/\"}]}<\/script>\n<!-- \/ Yoast SEO plugin. -->","yoast_head_json":{"title":"Maquilhagem de Estado, pragas b\u00edblicas e comentadores na relva em debate p\u00fablico - Portal Tela Portugal","robots":{"index":"index","follow":"follow","max-snippet":"max-snippet:-1","max-image-preview":"max-image-preview:large","max-video-preview":"max-video-preview:-1"},"og_locale":"pt_PT","og_type":"article","og_title":"Maquilhagem de Estado, pragas b\u00edblicas e comentadores na relva em debate p\u00fablico - Portal Tela Portugal","og_description":"O texto afirma que \u201cmacaco\u201d \u00e9 uma ofensa considerada v\u00e1lida no contexto de um jogo de futebol. Levanta a d\u00favida se termos como \u201cburro\u201d ou \u201curso\u201d seriam igualmente aceit\u00e1veis quando dirigidos aos comentadores da pr\u00e1tica, ou se \u00e9 preciso haver relva. Enquadra a discuss\u00e3o na rubrica Partida, Largada, Fugida, sugerindo uma reflex\u00e3o sobre linguagem no desporto. Mant\u00e9m o tom neutro, sem emitir julgamentos ou opini\u00f5es morais, apenas a exposi\u00e7\u00e3o de quest\u00f5es lingu\u00edsticas no futebol.","og_url":"https:\/\/portaltela.pt\/noticias\/2026\/02\/26\/maquilhagem-de-estado-pragas-biblicas-e-comentadores-na-relva-em-debate-publico\/","og_site_name":"Portal Tela Portugal","article_published_time":"2026-02-26T19:21:00+00:00","author":"Telinha","twitter_card":"summary_large_image","twitter_misc":{"Escrito por":"Telinha","Tempo estimado de leitura":"1 minuto"},"schema":{"@context":"https:\/\/schema.org","@graph":[{"@type":"Article","@id":"https:\/\/portaltela.pt\/noticias\/2026\/02\/26\/maquilhagem-de-estado-pragas-biblicas-e-comentadores-na-relva-em-debate-publico\/#article","isPartOf":{"@id":"https:\/\/portaltela.pt\/noticias\/2026\/02\/26\/maquilhagem-de-estado-pragas-biblicas-e-comentadores-na-relva-em-debate-publico\/"},"author":{"name":"Telinha","@id":"https:\/\/portaltela.pt\/#\/schema\/person\/c4278d4a6028830caff9ee44b42d32ed"},"headline":"Maquilhagem de Estado, pragas b\u00edblicas e comentadores na relva em debate p\u00fablico","datePublished":"2026-02-26T19:21:00+00:00","mainEntityOfPage":{"@id":"https:\/\/portaltela.pt\/noticias\/2026\/02\/26\/maquilhagem-de-estado-pragas-biblicas-e-comentadores-na-relva-em-debate-publico\/"},"wordCount":169,"image":{"@id":"https:\/\/portaltela.pt\/noticias\/2026\/02\/26\/maquilhagem-de-estado-pragas-biblicas-e-comentadores-na-relva-em-debate-publico\/#primaryimage"},"thumbnailUrl":"https:\/\/portaltela.pt\/s.01k8rhncp4jt1\/2026\/02\/e3c013e4-2035-4efc-8e7f-99ba1c434f9a_1200x675.jpg","keywords":["comunica\u00e7\u00e3o","desporto","discurso de \u00f3dio","discursos","\u00c9tica Desportiva","Fair Play"],"articleSection":["Desporto","Futebol"],"inLanguage":"pt-PT"},{"@type":"WebPage","@id":"https:\/\/portaltela.pt\/noticias\/2026\/02\/26\/maquilhagem-de-estado-pragas-biblicas-e-comentadores-na-relva-em-debate-publico\/","url":"https:\/\/portaltela.pt\/noticias\/2026\/02\/26\/maquilhagem-de-estado-pragas-biblicas-e-comentadores-na-relva-em-debate-publico\/","name":"Maquilhagem de Estado, pragas b\u00edblicas e comentadores na relva em debate p\u00fablico - Portal Tela Portugal","isPartOf":{"@id":"https:\/\/portaltela.pt\/#website"},"primaryImageOfPage":{"@id":"https:\/\/portaltela.pt\/noticias\/2026\/02\/26\/maquilhagem-de-estado-pragas-biblicas-e-comentadores-na-relva-em-debate-publico\/#primaryimage"},"image":{"@id":"https:\/\/portaltela.pt\/noticias\/2026\/02\/26\/maquilhagem-de-estado-pragas-biblicas-e-comentadores-na-relva-em-debate-publico\/#primaryimage"},"thumbnailUrl":"https:\/\/portaltela.pt\/s.01k8rhncp4jt1\/2026\/02\/e3c013e4-2035-4efc-8e7f-99ba1c434f9a_1200x675.jpg","datePublished":"2026-02-26T19:21:00+00:00","author":{"@id":"https:\/\/portaltela.pt\/#\/schema\/person\/c4278d4a6028830caff9ee44b42d32ed"},"breadcrumb":{"@id":"https:\/\/portaltela.pt\/noticias\/2026\/02\/26\/maquilhagem-de-estado-pragas-biblicas-e-comentadores-na-relva-em-debate-publico\/#breadcrumb"},"inLanguage":"pt-PT","potentialAction":[{"@type":"ReadAction","target":["https:\/\/portaltela.pt\/noticias\/2026\/02\/26\/maquilhagem-de-estado-pragas-biblicas-e-comentadores-na-relva-em-debate-publico\/"]}]},{"@type":"ImageObject","inLanguage":"pt-PT","@id":"https:\/\/portaltela.pt\/noticias\/2026\/02\/26\/maquilhagem-de-estado-pragas-biblicas-e-comentadores-na-relva-em-debate-publico\/#primaryimage","url":"https:\/\/portaltela.pt\/s.01k8rhncp4jt1\/2026\/02\/e3c013e4-2035-4efc-8e7f-99ba1c434f9a_1200x675.jpg","contentUrl":"https:\/\/portaltela.pt\/s.01k8rhncp4jt1\/2026\/02\/e3c013e4-2035-4efc-8e7f-99ba1c434f9a_1200x675.jpg","width":796,"height":448,"caption":"Photo"},{"@type":"BreadcrumbList","@id":"https:\/\/portaltela.pt\/noticias\/2026\/02\/26\/maquilhagem-de-estado-pragas-biblicas-e-comentadores-na-relva-em-debate-publico\/#breadcrumb","itemListElement":[{"@type":"ListItem","position":1,"name":"In\u00edcio","item":"https:\/\/portaltela.pt\/"},{"@type":"ListItem","position":2,"name":"Maquilhagem de Estado, pragas b\u00edblicas e comentadores na relva em debate p\u00fablico"}]},{"@type":"WebSite","@id":"https:\/\/portaltela.pt\/#website","url":"https:\/\/portaltela.pt\/","name":"Portal Tela Portugal","description":"","potentialAction":[{"@type":"SearchAction","target":{"@type":"EntryPoint","urlTemplate":"https:\/\/portaltela.pt\/?s={search_term_string}"},"query-input":{"@type":"PropertyValueSpecification","valueRequired":true,"valueName":"search_term_string"}}],"inLanguage":"pt-PT"},{"@type":"Person","@id":"https:\/\/portaltela.pt\/#\/schema\/person\/c4278d4a6028830caff9ee44b42d32ed","name":"Telinha","image":{"@type":"ImageObject","inLanguage":"pt-PT","@id":"https:\/\/portaltela.pt\/s.01k8rhncp4jt1\/2025\/11\/talking-bot-125x125.png","url":"https:\/\/portaltela.pt\/s.01k8rhncp4jt1\/2025\/11\/talking-bot-125x125.png","contentUrl":"https:\/\/portaltela.pt\/s.01k8rhncp4jt1\/2025\/11\/talking-bot-125x125.png","caption":"Telinha"},"sameAs":["https:\/\/portaltela.pt\/"],"url":"https:\/\/portaltela.pt\/por\/367410592786\/"}]}},"_links":{"self":[{"href":"https:\/\/portaltela.pt\/api\/wp\/v2\/posts\/393060","targetHints":{"allow":["GET"]}}],"collection":[{"href":"https:\/\/portaltela.pt\/api\/wp\/v2\/posts"}],"about":[{"href":"https:\/\/portaltela.pt\/api\/wp\/v2\/types\/post"}],"author":[{"embeddable":true,"href":"https:\/\/portaltela.pt\/api\/wp\/v2\/users\/2"}],"replies":[{"embeddable":true,"href":"https:\/\/portaltela.pt\/api\/wp\/v2\/comments?post=393060"}],"version-history":[{"count":0,"href":"https:\/\/portaltela.pt\/api\/wp\/v2\/posts\/393060\/revisions"}],"wp:featuredmedia":[{"embeddable":true,"href":"https:\/\/portaltela.pt\/api\/wp\/v2\/media\/393066"}],"wp:attachment":[{"href":"https:\/\/portaltela.pt\/api\/wp\/v2\/media?parent=393060"}],"wp:term":[{"taxonomy":"category","embeddable":true,"href":"https:\/\/portaltela.pt\/api\/wp\/v2\/categories?post=393060"},{"taxonomy":"post_tag","embeddable":true,"href":"https:\/\/portaltela.pt\/api\/wp\/v2\/tags?post=393060"}],"curies":[{"name":"wp","href":"https:\/\/api.w.org\/{rel}","templated":true}]}}