{"id":393050,"date":"2026-03-01T07:30:00","date_gmt":"2026-03-01T10:30:00","guid":{"rendered":"https:\/\/portaltela.pt\/noticias\/2026\/03\/01\/volvo-ex90-em-teste-foco-na-protecao-de-toda-a-familia\/"},"modified":"2026-03-01T07:30:00","modified_gmt":"2026-03-01T10:30:00","slug":"volvo-ex90-em-teste-foco-na-protecao-de-toda-a-familia","status":"publish","type":"post","link":"https:\/\/portaltela.pt\/noticias\/2026\/03\/01\/volvo-ex90-em-teste-foco-na-protecao-de-toda-a-familia\/","title":{"rendered":"Volvo EX90 em teste: foco na prote\u00e7\u00e3o de toda a fam\u00edlia"},"content":{"rendered":"<p>O Volvo EX90 chega em teste como um SUV familiar que aposta na seguran\u00e7a como pilar central. O habit\u00e1culo impressiona pelo design minimalista e pela aus\u00eancia quase total de bot\u00f5es f\u00edsicos, guiado por um ecr\u00e3 central de 14,5 polegadas. A filosofia \u00e9 de sala de estar, com materiais sustent\u00e1veis.<\/p>\n<p>A habitabilidade \u00e9 o ponto forte: sete lugares permitem acomodar adultos na terceira fila em viagens curtas. O porta-bagagens, na configura\u00e7\u00e3o de cinco lugares, transforma-se num espa\u00e7o generoso. Bancos confort\u00e1veis oferecem bom suporte lombar e lateral, reduzindo o cansa\u00e7o em viagens longas.<\/p>\n<h3>Conforto e habitabilidade<\/h3>\n<p>A entrada no EX90 revela um cockpit dominado pelo software. O sistema operativo Google facilita o acesso a aplica\u00e7\u00f5es e a sincroniza\u00e7\u00e3o com o ecossistema digital do utilizador, enquanto um centro de computa\u00e7\u00e3o com base Nvidia processa grande volume de dados.<\/p>\n<p>No tejadilho est\u00e1 o sensor Lidar, que funciona como o \u201colho\u201d do ve\u00edculo. Capaz de detetar pe\u00f5es a 250 metros, mesmo na escurid\u00e3o, ele funciona como defesa adicional \u00e0 condu\u00e7\u00e3o. O sistema de condu\u00e7\u00e3o assistida \u00e9 menos intrusivo, prometendo atuar com suavidade e sem retirar o controlo ao condutor.<\/p>\n<h3>Tecnologia e seguran\u00e7a<\/h3>\n<p>Entre as funcionalidades de seguran\u00e7a destacam-se a detec\u00e7\u00e3o de estados do condutor que possam impedir a condu\u00e7\u00e3o e o punho de emerg\u00eancia com chamada de socorro autom\u00e1tica. O Connected Safety permite a comunica\u00e7\u00e3o com a nuvem para avisos de acidente ou congestionamento \u00e0 frente.<\/p>\n<p>O ve\u00edculo pesa quase tr\u00eas toneladas, mas a vers\u00e3o Twin Motor Performance entrega 680 cv. A acelera\u00e7\u00e3o de 0 a 100 km\/h ocorre em 4,2 segundos, comportamento que surpreende pela pujan\u00e7a para o porte.<\/p>\n<h3>Din\u00e2mica de condu\u00e7\u00e3o<\/h3>\n<p>A suspens\u00e3o pneum\u00e1tica mitiga irregularidades do piso com efic\u00e1cia, oferecendo conforto semelhante a outros modelos da marca. Nas curvas, o EX90 faz-se sentir est\u00e1vel, mas prioriza cruzeiro do que desempenho desportivo, com direc\u00e7\u00e3o precisa, por\u00e9m com limitado feedback.<\/p>\n<p>A autonomia anunciada \u00e9 de 620 km no ciclo WLTP, com m\u00e9dia real observada entre 400 km em auto-estrada e 650 km em cidade, num ve\u00edculo de grande peso e aerodin\u00e2mica. O carregamento suporta at\u00e9 350 kW, acelerando de 10% a 80% em pouco mais de 20 minutos.<\/p>\n<h3>Autonomia e carregamento<\/h3>\n<p>Para situa\u00e7\u00f5es de recarga, o sistema de 800 volts facilita velocidades elevadas de carregamento, desde que exista um posto r\u00e1pido dispon\u00edvel. Em postos de 150 kW, o tempo de recarga \u00e9 significativamente mais longo.<\/p>\n<h3>Veredito t\u00e9cnico<\/h3>\n<p>O EX90 destaca-se pela fortaleza tecnol\u00f3gica para fam\u00edlias que n\u00e3o abdicam de espa\u00e7o e de prote\u00e7\u00e3o. O pre\u00e7o pode superar os 100 mil euros, com a vers\u00e3o testada a chegar perto dos 115 mil euros, situando-se no segmento de luxo.<\/p>\n<p>O modelo exige um per\u00edodo de adapta\u00e7\u00e3o \u00e0 interface totalmente digital, mas oferece um patamar de seguran\u00e7a ativo e passivo sem igual na sua categoria. Para quem procura prote\u00e7\u00e3o, espa\u00e7o para sete ocupantes e tecnologia de ponta, o EX90 fica como refer\u00eancia.<\/p>\n<p>Ficha t\u00e9cnica relevante<\/p>\n<p>Volvo EX90 Twin Motor Performance: motor 500 kW (680 cv), 480 Nm; bateria 106 kWh (102 \u00fateis), 800 V, qu\u00edmica NMC; carregamento 11 kW AC, at\u00e9 350 kW DC; autonomia WLTP 620 km; 0-100 km\/h em 4,2 s; dimens\u00f5es 5,037 x 1,964 x 1,744 m; peso 2725 kg; mala 669 litros, expand\u00edvel a 2135 litros; pre\u00e7o desde 103.515 euros (Single Motor: 92.445 euros).<\/p>\n","protected":false},"excerpt":{"rendered":"<ul>\n<li>O Volvo EX90 Twin Motor Performance testa-se com 680 cv, acelera\u00e7\u00e3o de 0 a 100 km\/h em 4,2 segundos e peso pr\u00f3ximo de tr\u00eas mil toneladas.<\/li>\n<li>Habit\u00e1culo de sete lugares, interior minimalista com grande foco no ecr\u00e3 central de 14,5 polegadas e pouca presen\u00e7a de bot\u00f5es f\u00edsicos, com alguns comandos no volante e um rotativo de volume.<\/li>\n<li>Olho do carro \u00e9 o sensor Lidar no tejadilho, capaz de detetar pe\u00f5es a at\u00e9 250 metros; central de controlo usa tecnologia Nvidia e o sistema operativo Google permite v\u00e1rias apps.<\/li>\n<li>Funcionalidades de seguran\u00e7a incluem paragem autom\u00e1tica se o condutor perder os sentidos e o Connected Safety para avisos na nuvem; IA monitoriza cansa\u00e7o do motorista.<\/li>\n<li>Autonomia ronda os 620 quil\u00f3metros no WLTP com bateria de 106 kWh (102 kWh \u00fateis); carregamento r\u00e1pido at\u00e9 350 kW (10\u201380% em cerca de 23 minutos); pre\u00e7o desde 103.515 euros.<\/li>\n<\/ul>\n","protected":false},"author":2,"featured_media":393055,"comment_status":"closed","ping_status":"closed","sticky":false,"template":"","format":"standard","meta":{"footnotes":""},"categories":[1],"tags":[2371,45,2110,4536,153,3853],"class_list":["post-393050","post","type-post","status-publish","format-standard","has-post-thumbnail","hentry","category-noticias","tag-automoveis","tag-meio-ambiente","tag-mobilidade","tag-seguranca","tag-tecnologia","tag-veiculos-autonomos"],"yoast_head":"<!-- This site is optimized with the Yoast SEO plugin v27.2 - https:\/\/yoast.com\/product\/yoast-seo-wordpress\/ -->\n<title>Volvo EX90 em teste: foco na prote\u00e7\u00e3o de toda a fam\u00edlia - Portal Tela Portugal<\/title>\n<meta name=\"robots\" content=\"index, follow, max-snippet:-1, max-image-preview:large, max-video-preview:-1\" \/>\n<meta property=\"og:locale\" content=\"pt_PT\" \/>\n<meta property=\"og:type\" content=\"article\" \/>\n<meta property=\"og:title\" content=\"Volvo EX90 em teste: foco na prote\u00e7\u00e3o de toda a fam\u00edlia - Portal Tela Portugal\" \/>\n<meta property=\"og:description\" content=\"O Volvo EX90 Twin Motor Performance testa-se com 680 cv, acelera\u00e7\u00e3o de 0 a 100 km\/h em 4,2 segundos e peso pr\u00f3ximo de tr\u00eas mil toneladas. Habit\u00e1culo de sete lugares, interior minimalista com grande foco no ecr\u00e3 central de 14,5 polegadas e pouca presen\u00e7a de bot\u00f5es f\u00edsicos, com alguns comandos no volante e um rotativo de volume. Olho do carro \u00e9 o sensor Lidar no tejadilho, capaz de detetar pe\u00f5es a at\u00e9 250 metros; central de controlo usa tecnologia Nvidia e o sistema operativo Google permite v\u00e1rias apps. Funcionalidades de seguran\u00e7a incluem paragem autom\u00e1tica se o condutor perder os sentidos e o Connected Safety para avisos na nuvem; IA monitoriza cansa\u00e7o do motorista. Autonomia ronda os 620 quil\u00f3metros no WLTP com bateria de 106 kWh (102 kWh \u00fateis); carregamento r\u00e1pido at\u00e9 350 kW (10\u201380% em cerca de 23 minutos); pre\u00e7o desde 103.515 euros.\" \/>\n<meta property=\"og:url\" content=\"https:\/\/portaltela.pt\/noticias\/2026\/03\/01\/volvo-ex90-em-teste-foco-na-protecao-de-toda-a-familia\/\" \/>\n<meta property=\"og:site_name\" content=\"Portal Tela Portugal\" \/>\n<meta property=\"article:published_time\" content=\"2026-03-01T10:30:00+00:00\" \/>\n<meta name=\"author\" content=\"Telinha\" \/>\n<meta name=\"twitter:card\" content=\"summary_large_image\" \/>\n<meta name=\"twitter:label1\" content=\"Escrito por\" \/>\n\t<meta name=\"twitter:data1\" content=\"Telinha\" \/>\n\t<meta name=\"twitter:label2\" content=\"Tempo estimado de leitura\" \/>\n\t<meta name=\"twitter:data2\" content=\"3 minutos\" \/>\n<script type=\"application\/ld+json\" class=\"yoast-schema-graph\">{\"@context\":\"https:\/\/schema.org\",\"@graph\":[{\"@type\":\"Article\",\"@id\":\"https:\/\/portaltela.pt\/noticias\/2026\/03\/01\/volvo-ex90-em-teste-foco-na-protecao-de-toda-a-familia\/#article\",\"isPartOf\":{\"@id\":\"https:\/\/portaltela.pt\/noticias\/2026\/03\/01\/volvo-ex90-em-teste-foco-na-protecao-de-toda-a-familia\/\"},\"author\":{\"name\":\"Telinha\",\"@id\":\"https:\/\/portaltela.pt\/#\/schema\/person\/c4278d4a6028830caff9ee44b42d32ed\"},\"headline\":\"Volvo EX90 em teste: foco na prote\u00e7\u00e3o de toda a fam\u00edlia\",\"datePublished\":\"2026-03-01T10:30:00+00:00\",\"mainEntityOfPage\":{\"@id\":\"https:\/\/portaltela.pt\/noticias\/2026\/03\/01\/volvo-ex90-em-teste-foco-na-protecao-de-toda-a-familia\/\"},\"wordCount\":576,\"image\":{\"@id\":\"https:\/\/portaltela.pt\/noticias\/2026\/03\/01\/volvo-ex90-em-teste-foco-na-protecao-de-toda-a-familia\/#primaryimage\"},\"thumbnailUrl\":\"https:\/\/portaltela.pt\/s.01k8rhncp4jt1\/2026\/03\/2069213.jpg\",\"keywords\":[\"Autom\u00f3veis\",\"meio-ambiente\",\"mobilidade\",\"seguran\u00e7a\",\"tecnologia\",\"ve\u00edculos aut\u00f3nomos\"],\"articleSection\":[\"Not\u00edcias\"],\"inLanguage\":\"pt-PT\"},{\"@type\":\"WebPage\",\"@id\":\"https:\/\/portaltela.pt\/noticias\/2026\/03\/01\/volvo-ex90-em-teste-foco-na-protecao-de-toda-a-familia\/\",\"url\":\"https:\/\/portaltela.pt\/noticias\/2026\/03\/01\/volvo-ex90-em-teste-foco-na-protecao-de-toda-a-familia\/\",\"name\":\"Volvo EX90 em teste: foco na prote\u00e7\u00e3o de toda a fam\u00edlia - Portal Tela Portugal\",\"isPartOf\":{\"@id\":\"https:\/\/portaltela.pt\/#website\"},\"primaryImageOfPage\":{\"@id\":\"https:\/\/portaltela.pt\/noticias\/2026\/03\/01\/volvo-ex90-em-teste-foco-na-protecao-de-toda-a-familia\/#primaryimage\"},\"image\":{\"@id\":\"https:\/\/portaltela.pt\/noticias\/2026\/03\/01\/volvo-ex90-em-teste-foco-na-protecao-de-toda-a-familia\/#primaryimage\"},\"thumbnailUrl\":\"https:\/\/portaltela.pt\/s.01k8rhncp4jt1\/2026\/03\/2069213.jpg\",\"datePublished\":\"2026-03-01T10:30:00+00:00\",\"author\":{\"@id\":\"https:\/\/portaltela.pt\/#\/schema\/person\/c4278d4a6028830caff9ee44b42d32ed\"},\"breadcrumb\":{\"@id\":\"https:\/\/portaltela.pt\/noticias\/2026\/03\/01\/volvo-ex90-em-teste-foco-na-protecao-de-toda-a-familia\/#breadcrumb\"},\"inLanguage\":\"pt-PT\",\"potentialAction\":[{\"@type\":\"ReadAction\",\"target\":[\"https:\/\/portaltela.pt\/noticias\/2026\/03\/01\/volvo-ex90-em-teste-foco-na-protecao-de-toda-a-familia\/\"]}]},{\"@type\":\"ImageObject\",\"inLanguage\":\"pt-PT\",\"@id\":\"https:\/\/portaltela.pt\/noticias\/2026\/03\/01\/volvo-ex90-em-teste-foco-na-protecao-de-toda-a-familia\/#primaryimage\",\"url\":\"https:\/\/portaltela.pt\/s.01k8rhncp4jt1\/2026\/03\/2069213.jpg\",\"contentUrl\":\"https:\/\/portaltela.pt\/s.01k8rhncp4jt1\/2026\/03\/2069213.jpg\",\"width\":796,\"height\":448,\"caption\":\"O Volvo EX90 \u00e9 um SUV imponente, com espa\u00e7o para at\u00e9 sete ocupantes\"},{\"@type\":\"BreadcrumbList\",\"@id\":\"https:\/\/portaltela.pt\/noticias\/2026\/03\/01\/volvo-ex90-em-teste-foco-na-protecao-de-toda-a-familia\/#breadcrumb\",\"itemListElement\":[{\"@type\":\"ListItem\",\"position\":1,\"name\":\"In\u00edcio\",\"item\":\"https:\/\/portaltela.pt\/\"},{\"@type\":\"ListItem\",\"position\":2,\"name\":\"Volvo EX90 em teste: foco na prote\u00e7\u00e3o de toda a fam\u00edlia\"}]},{\"@type\":\"WebSite\",\"@id\":\"https:\/\/portaltela.pt\/#website\",\"url\":\"https:\/\/portaltela.pt\/\",\"name\":\"Portal Tela Portugal\",\"description\":\"\",\"potentialAction\":[{\"@type\":\"SearchAction\",\"target\":{\"@type\":\"EntryPoint\",\"urlTemplate\":\"https:\/\/portaltela.pt\/?s={search_term_string}\"},\"query-input\":{\"@type\":\"PropertyValueSpecification\",\"valueRequired\":true,\"valueName\":\"search_term_string\"}}],\"inLanguage\":\"pt-PT\"},{\"@type\":\"Person\",\"@id\":\"https:\/\/portaltela.pt\/#\/schema\/person\/c4278d4a6028830caff9ee44b42d32ed\",\"name\":\"Telinha\",\"image\":{\"@type\":\"ImageObject\",\"inLanguage\":\"pt-PT\",\"@id\":\"https:\/\/portaltela.pt\/s.01k8rhncp4jt1\/2025\/11\/talking-bot-125x125.png\",\"url\":\"https:\/\/portaltela.pt\/s.01k8rhncp4jt1\/2025\/11\/talking-bot-125x125.png\",\"contentUrl\":\"https:\/\/portaltela.pt\/s.01k8rhncp4jt1\/2025\/11\/talking-bot-125x125.png\",\"caption\":\"Telinha\"},\"sameAs\":[\"https:\/\/portaltela.pt\/\"],\"url\":\"https:\/\/portaltela.pt\/por\/367410592786\/\"}]}<\/script>\n<!-- \/ Yoast SEO plugin. -->","yoast_head_json":{"title":"Volvo EX90 em teste: foco na prote\u00e7\u00e3o de toda a fam\u00edlia - Portal Tela Portugal","robots":{"index":"index","follow":"follow","max-snippet":"max-snippet:-1","max-image-preview":"max-image-preview:large","max-video-preview":"max-video-preview:-1"},"og_locale":"pt_PT","og_type":"article","og_title":"Volvo EX90 em teste: foco na prote\u00e7\u00e3o de toda a fam\u00edlia - Portal Tela Portugal","og_description":"O Volvo EX90 Twin Motor Performance testa-se com 680 cv, acelera\u00e7\u00e3o de 0 a 100 km\/h em 4,2 segundos e peso pr\u00f3ximo de tr\u00eas mil toneladas. Habit\u00e1culo de sete lugares, interior minimalista com grande foco no ecr\u00e3 central de 14,5 polegadas e pouca presen\u00e7a de bot\u00f5es f\u00edsicos, com alguns comandos no volante e um rotativo de volume. Olho do carro \u00e9 o sensor Lidar no tejadilho, capaz de detetar pe\u00f5es a at\u00e9 250 metros; central de controlo usa tecnologia Nvidia e o sistema operativo Google permite v\u00e1rias apps. Funcionalidades de seguran\u00e7a incluem paragem autom\u00e1tica se o condutor perder os sentidos e o Connected Safety para avisos na nuvem; IA monitoriza cansa\u00e7o do motorista. Autonomia ronda os 620 quil\u00f3metros no WLTP com bateria de 106 kWh (102 kWh \u00fateis); carregamento r\u00e1pido at\u00e9 350 kW (10\u201380% em cerca de 23 minutos); pre\u00e7o desde 103.515 euros.","og_url":"https:\/\/portaltela.pt\/noticias\/2026\/03\/01\/volvo-ex90-em-teste-foco-na-protecao-de-toda-a-familia\/","og_site_name":"Portal Tela Portugal","article_published_time":"2026-03-01T10:30:00+00:00","author":"Telinha","twitter_card":"summary_large_image","twitter_misc":{"Escrito por":"Telinha","Tempo estimado de leitura":"3 minutos"},"schema":{"@context":"https:\/\/schema.org","@graph":[{"@type":"Article","@id":"https:\/\/portaltela.pt\/noticias\/2026\/03\/01\/volvo-ex90-em-teste-foco-na-protecao-de-toda-a-familia\/#article","isPartOf":{"@id":"https:\/\/portaltela.pt\/noticias\/2026\/03\/01\/volvo-ex90-em-teste-foco-na-protecao-de-toda-a-familia\/"},"author":{"name":"Telinha","@id":"https:\/\/portaltela.pt\/#\/schema\/person\/c4278d4a6028830caff9ee44b42d32ed"},"headline":"Volvo EX90 em teste: foco na prote\u00e7\u00e3o de toda a fam\u00edlia","datePublished":"2026-03-01T10:30:00+00:00","mainEntityOfPage":{"@id":"https:\/\/portaltela.pt\/noticias\/2026\/03\/01\/volvo-ex90-em-teste-foco-na-protecao-de-toda-a-familia\/"},"wordCount":576,"image":{"@id":"https:\/\/portaltela.pt\/noticias\/2026\/03\/01\/volvo-ex90-em-teste-foco-na-protecao-de-toda-a-familia\/#primaryimage"},"thumbnailUrl":"https:\/\/portaltela.pt\/s.01k8rhncp4jt1\/2026\/03\/2069213.jpg","keywords":["Autom\u00f3veis","meio-ambiente","mobilidade","seguran\u00e7a","tecnologia","ve\u00edculos aut\u00f3nomos"],"articleSection":["Not\u00edcias"],"inLanguage":"pt-PT"},{"@type":"WebPage","@id":"https:\/\/portaltela.pt\/noticias\/2026\/03\/01\/volvo-ex90-em-teste-foco-na-protecao-de-toda-a-familia\/","url":"https:\/\/portaltela.pt\/noticias\/2026\/03\/01\/volvo-ex90-em-teste-foco-na-protecao-de-toda-a-familia\/","name":"Volvo EX90 em teste: foco na prote\u00e7\u00e3o de toda a fam\u00edlia - Portal Tela Portugal","isPartOf":{"@id":"https:\/\/portaltela.pt\/#website"},"primaryImageOfPage":{"@id":"https:\/\/portaltela.pt\/noticias\/2026\/03\/01\/volvo-ex90-em-teste-foco-na-protecao-de-toda-a-familia\/#primaryimage"},"image":{"@id":"https:\/\/portaltela.pt\/noticias\/2026\/03\/01\/volvo-ex90-em-teste-foco-na-protecao-de-toda-a-familia\/#primaryimage"},"thumbnailUrl":"https:\/\/portaltela.pt\/s.01k8rhncp4jt1\/2026\/03\/2069213.jpg","datePublished":"2026-03-01T10:30:00+00:00","author":{"@id":"https:\/\/portaltela.pt\/#\/schema\/person\/c4278d4a6028830caff9ee44b42d32ed"},"breadcrumb":{"@id":"https:\/\/portaltela.pt\/noticias\/2026\/03\/01\/volvo-ex90-em-teste-foco-na-protecao-de-toda-a-familia\/#breadcrumb"},"inLanguage":"pt-PT","potentialAction":[{"@type":"ReadAction","target":["https:\/\/portaltela.pt\/noticias\/2026\/03\/01\/volvo-ex90-em-teste-foco-na-protecao-de-toda-a-familia\/"]}]},{"@type":"ImageObject","inLanguage":"pt-PT","@id":"https:\/\/portaltela.pt\/noticias\/2026\/03\/01\/volvo-ex90-em-teste-foco-na-protecao-de-toda-a-familia\/#primaryimage","url":"https:\/\/portaltela.pt\/s.01k8rhncp4jt1\/2026\/03\/2069213.jpg","contentUrl":"https:\/\/portaltela.pt\/s.01k8rhncp4jt1\/2026\/03\/2069213.jpg","width":796,"height":448,"caption":"O Volvo EX90 \u00e9 um SUV imponente, com espa\u00e7o para at\u00e9 sete ocupantes"},{"@type":"BreadcrumbList","@id":"https:\/\/portaltela.pt\/noticias\/2026\/03\/01\/volvo-ex90-em-teste-foco-na-protecao-de-toda-a-familia\/#breadcrumb","itemListElement":[{"@type":"ListItem","position":1,"name":"In\u00edcio","item":"https:\/\/portaltela.pt\/"},{"@type":"ListItem","position":2,"name":"Volvo EX90 em teste: foco na prote\u00e7\u00e3o de toda a fam\u00edlia"}]},{"@type":"WebSite","@id":"https:\/\/portaltela.pt\/#website","url":"https:\/\/portaltela.pt\/","name":"Portal Tela Portugal","description":"","potentialAction":[{"@type":"SearchAction","target":{"@type":"EntryPoint","urlTemplate":"https:\/\/portaltela.pt\/?s={search_term_string}"},"query-input":{"@type":"PropertyValueSpecification","valueRequired":true,"valueName":"search_term_string"}}],"inLanguage":"pt-PT"},{"@type":"Person","@id":"https:\/\/portaltela.pt\/#\/schema\/person\/c4278d4a6028830caff9ee44b42d32ed","name":"Telinha","image":{"@type":"ImageObject","inLanguage":"pt-PT","@id":"https:\/\/portaltela.pt\/s.01k8rhncp4jt1\/2025\/11\/talking-bot-125x125.png","url":"https:\/\/portaltela.pt\/s.01k8rhncp4jt1\/2025\/11\/talking-bot-125x125.png","contentUrl":"https:\/\/portaltela.pt\/s.01k8rhncp4jt1\/2025\/11\/talking-bot-125x125.png","caption":"Telinha"},"sameAs":["https:\/\/portaltela.pt\/"],"url":"https:\/\/portaltela.pt\/por\/367410592786\/"}]}},"_links":{"self":[{"href":"https:\/\/portaltela.pt\/api\/wp\/v2\/posts\/393050","targetHints":{"allow":["GET"]}}],"collection":[{"href":"https:\/\/portaltela.pt\/api\/wp\/v2\/posts"}],"about":[{"href":"https:\/\/portaltela.pt\/api\/wp\/v2\/types\/post"}],"author":[{"embeddable":true,"href":"https:\/\/portaltela.pt\/api\/wp\/v2\/users\/2"}],"replies":[{"embeddable":true,"href":"https:\/\/portaltela.pt\/api\/wp\/v2\/comments?post=393050"}],"version-history":[{"count":0,"href":"https:\/\/portaltela.pt\/api\/wp\/v2\/posts\/393050\/revisions"}],"wp:featuredmedia":[{"embeddable":true,"href":"https:\/\/portaltela.pt\/api\/wp\/v2\/media\/393055"}],"wp:attachment":[{"href":"https:\/\/portaltela.pt\/api\/wp\/v2\/media?parent=393050"}],"wp:term":[{"taxonomy":"category","embeddable":true,"href":"https:\/\/portaltela.pt\/api\/wp\/v2\/categories?post=393050"},{"taxonomy":"post_tag","embeddable":true,"href":"https:\/\/portaltela.pt\/api\/wp\/v2\/tags?post=393050"}],"curies":[{"name":"wp","href":"https:\/\/api.w.org\/{rel}","templated":true}]}}