{"id":393017,"date":"2026-03-01T07:12:00","date_gmt":"2026-03-01T10:12:00","guid":{"rendered":"https:\/\/portaltela.pt\/noticias\/2026\/03\/01\/milhares-em-teera-lamentam-a-morte-do-lider-supremo\/"},"modified":"2026-03-01T07:12:00","modified_gmt":"2026-03-01T10:12:00","slug":"milhares-em-teera-lamentam-a-morte-do-lider-supremo","status":"publish","type":"post","link":"https:\/\/portaltela.pt\/noticias\/internacional\/2026\/03\/01\/milhares-em-teera-lamentam-a-morte-do-lider-supremo\/","title":{"rendered":"Milhares em Teer\u00e3 lamentam a morte do l\u00edder supremo"},"content":{"rendered":"<p>Milhares de iranianos reuniram-se em Teer\u00e3o este domingo para lamentar a morte do l\u00edder supremo, aiatol\u00e1 Ali Khamenei, segundo relatos da imprensa.<\/p>\n<p>A cerim\u00f3nia realizou-se numa pra\u00e7a central da capital, com a presen\u00e7a de fi\u00e9is e de algumas figuras oficiais, de acordo com informa\u00e7\u00f5es divulgadas por ag\u00eancias de not\u00edcias.<\/p>\n<p>A imagem que acompanha os relatos mostra a multid\u00e3o a manifestar o luto; a fotografia foi tirada por Atta Kenare, da AFP.<\/p>\n<p>As autoridades n\u00e3o detalharam pormenores sobre o sucedido, mantendo o foco no luto p\u00fablico e na cobertura medi\u00e1tica do evento.<\/p>\n","protected":false},"excerpt":{"rendered":"<ul>\n<li>Milhares de pessoas reuniram-se este domingo numa pra\u00e7a de Teer\u00e3o para chorar a morte do l\u00edder supremo do Ir\u00e3o, Ayatollah Ali Khamenei.<\/li>\n<li>O ato, realizado na capital iraniana, concentrou-se na express\u00e3o de luto p\u00fablico pelo l\u00edder.<\/li>\n<li>A not\u00edcia segue o relato de que milhares participaram no cortejo de homenagem ao chefe religioso.<\/li>\n<\/ul>\n","protected":false},"author":2,"featured_media":393023,"comment_status":"closed","ping_status":"closed","sticky":false,"template":"","format":"standard","meta":{"footnotes":""},"categories":[4,1],"tags":[2958,3327,3728,5698,4084],"class_list":["post-393017","post","type-post","status-publish","format-standard","has-post-thumbnail","hentry","category-internacional","category-noticias","tag-eventos-internacionais","tag-iran","tag-liderancas","tag-politica-internacional","tag-teerao"],"yoast_head":"<!-- This site is optimized with the Yoast SEO plugin v27.2 - https:\/\/yoast.com\/product\/yoast-seo-wordpress\/ -->\n<title>Milhares em Teer\u00e3 lamentam a morte do l\u00edder supremo - Portal Tela Portugal<\/title>\n<meta name=\"robots\" content=\"index, follow, max-snippet:-1, max-image-preview:large, max-video-preview:-1\" \/>\n<meta property=\"og:locale\" content=\"pt_PT\" \/>\n<meta property=\"og:type\" content=\"article\" \/>\n<meta property=\"og:title\" content=\"Milhares em Teer\u00e3 lamentam a morte do l\u00edder supremo - Portal Tela Portugal\" \/>\n<meta property=\"og:description\" content=\"Milhares de pessoas reuniram-se este domingo numa pra\u00e7a de Teer\u00e3o para chorar a morte do l\u00edder supremo do Ir\u00e3o, Ayatollah Ali Khamenei. O ato, realizado na capital iraniana, concentrou-se na express\u00e3o de luto p\u00fablico pelo l\u00edder. A not\u00edcia segue o relato de que milhares participaram no cortejo de homenagem ao chefe religioso.\" \/>\n<meta property=\"og:url\" content=\"https:\/\/portaltela.pt\/noticias\/2026\/03\/01\/milhares-em-teera-lamentam-a-morte-do-lider-supremo\/\" \/>\n<meta property=\"og:site_name\" content=\"Portal Tela Portugal\" \/>\n<meta property=\"article:published_time\" content=\"2026-03-01T10:12:00+00:00\" \/>\n<meta name=\"author\" content=\"Telinha\" \/>\n<meta name=\"twitter:card\" content=\"summary_large_image\" \/>\n<meta name=\"twitter:label1\" content=\"Escrito por\" \/>\n\t<meta name=\"twitter:data1\" content=\"Telinha\" \/>\n\t<meta name=\"twitter:label2\" content=\"Tempo estimado de leitura\" \/>\n\t<meta name=\"twitter:data2\" content=\"1 minuto\" \/>\n<script type=\"application\/ld+json\" class=\"yoast-schema-graph\">{\"@context\":\"https:\/\/schema.org\",\"@graph\":[{\"@type\":\"Article\",\"@id\":\"https:\/\/portaltela.pt\/noticias\/2026\/03\/01\/milhares-em-teera-lamentam-a-morte-do-lider-supremo\/#article\",\"isPartOf\":{\"@id\":\"https:\/\/portaltela.pt\/noticias\/2026\/03\/01\/milhares-em-teera-lamentam-a-morte-do-lider-supremo\/\"},\"author\":{\"name\":\"Telinha\",\"@id\":\"https:\/\/portaltela.pt\/#\/schema\/person\/c4278d4a6028830caff9ee44b42d32ed\"},\"headline\":\"Milhares em Teer\u00e3 lamentam a morte do l\u00edder supremo\",\"datePublished\":\"2026-03-01T10:12:00+00:00\",\"mainEntityOfPage\":{\"@id\":\"https:\/\/portaltela.pt\/noticias\/2026\/03\/01\/milhares-em-teera-lamentam-a-morte-do-lider-supremo\/\"},\"wordCount\":114,\"image\":{\"@id\":\"https:\/\/portaltela.pt\/noticias\/2026\/03\/01\/milhares-em-teera-lamentam-a-morte-do-lider-supremo\/#primaryimage\"},\"thumbnailUrl\":\"https:\/\/portaltela.pt\/s.01k8rhncp4jt1\/2026\/03\/image-7.jpg\",\"keywords\":[\"eventos internacionais\",\"\u00cdr\u00e1n\",\"lideran\u00e7as\",\"pol\u00edtica internacional\",\"Teer\u00e3o\"],\"articleSection\":[\"Internacional\",\"Not\u00edcias\"],\"inLanguage\":\"pt-PT\"},{\"@type\":\"WebPage\",\"@id\":\"https:\/\/portaltela.pt\/noticias\/2026\/03\/01\/milhares-em-teera-lamentam-a-morte-do-lider-supremo\/\",\"url\":\"https:\/\/portaltela.pt\/noticias\/2026\/03\/01\/milhares-em-teera-lamentam-a-morte-do-lider-supremo\/\",\"name\":\"Milhares em Teer\u00e3 lamentam a morte do l\u00edder supremo - Portal Tela Portugal\",\"isPartOf\":{\"@id\":\"https:\/\/portaltela.pt\/#website\"},\"primaryImageOfPage\":{\"@id\":\"https:\/\/portaltela.pt\/noticias\/2026\/03\/01\/milhares-em-teera-lamentam-a-morte-do-lider-supremo\/#primaryimage\"},\"image\":{\"@id\":\"https:\/\/portaltela.pt\/noticias\/2026\/03\/01\/milhares-em-teera-lamentam-a-morte-do-lider-supremo\/#primaryimage\"},\"thumbnailUrl\":\"https:\/\/portaltela.pt\/s.01k8rhncp4jt1\/2026\/03\/image-7.jpg\",\"datePublished\":\"2026-03-01T10:12:00+00:00\",\"author\":{\"@id\":\"https:\/\/portaltela.pt\/#\/schema\/person\/c4278d4a6028830caff9ee44b42d32ed\"},\"breadcrumb\":{\"@id\":\"https:\/\/portaltela.pt\/noticias\/2026\/03\/01\/milhares-em-teera-lamentam-a-morte-do-lider-supremo\/#breadcrumb\"},\"inLanguage\":\"pt-PT\",\"potentialAction\":[{\"@type\":\"ReadAction\",\"target\":[\"https:\/\/portaltela.pt\/noticias\/2026\/03\/01\/milhares-em-teera-lamentam-a-morte-do-lider-supremo\/\"]}]},{\"@type\":\"ImageObject\",\"inLanguage\":\"pt-PT\",\"@id\":\"https:\/\/portaltela.pt\/noticias\/2026\/03\/01\/milhares-em-teera-lamentam-a-morte-do-lider-supremo\/#primaryimage\",\"url\":\"https:\/\/portaltela.pt\/s.01k8rhncp4jt1\/2026\/03\/image-7.jpg\",\"contentUrl\":\"https:\/\/portaltela.pt\/s.01k8rhncp4jt1\/2026\/03\/image-7.jpg\",\"width\":796,\"height\":448,\"caption\":\"Iranianos choram a morte do l\u00edder supremo\"},{\"@type\":\"BreadcrumbList\",\"@id\":\"https:\/\/portaltela.pt\/noticias\/2026\/03\/01\/milhares-em-teera-lamentam-a-morte-do-lider-supremo\/#breadcrumb\",\"itemListElement\":[{\"@type\":\"ListItem\",\"position\":1,\"name\":\"In\u00edcio\",\"item\":\"https:\/\/portaltela.pt\/\"},{\"@type\":\"ListItem\",\"position\":2,\"name\":\"Milhares em Teer\u00e3 lamentam a morte do l\u00edder supremo\"}]},{\"@type\":\"WebSite\",\"@id\":\"https:\/\/portaltela.pt\/#website\",\"url\":\"https:\/\/portaltela.pt\/\",\"name\":\"Portal Tela Portugal\",\"description\":\"\",\"potentialAction\":[{\"@type\":\"SearchAction\",\"target\":{\"@type\":\"EntryPoint\",\"urlTemplate\":\"https:\/\/portaltela.pt\/?s={search_term_string}\"},\"query-input\":{\"@type\":\"PropertyValueSpecification\",\"valueRequired\":true,\"valueName\":\"search_term_string\"}}],\"inLanguage\":\"pt-PT\"},{\"@type\":\"Person\",\"@id\":\"https:\/\/portaltela.pt\/#\/schema\/person\/c4278d4a6028830caff9ee44b42d32ed\",\"name\":\"Telinha\",\"image\":{\"@type\":\"ImageObject\",\"inLanguage\":\"pt-PT\",\"@id\":\"https:\/\/portaltela.pt\/s.01k8rhncp4jt1\/2025\/11\/talking-bot-125x125.png\",\"url\":\"https:\/\/portaltela.pt\/s.01k8rhncp4jt1\/2025\/11\/talking-bot-125x125.png\",\"contentUrl\":\"https:\/\/portaltela.pt\/s.01k8rhncp4jt1\/2025\/11\/talking-bot-125x125.png\",\"caption\":\"Telinha\"},\"sameAs\":[\"https:\/\/portaltela.pt\/\"],\"url\":\"https:\/\/portaltela.pt\/por\/367410592786\/\"}]}<\/script>\n<!-- \/ Yoast SEO plugin. -->","yoast_head_json":{"title":"Milhares em Teer\u00e3 lamentam a morte do l\u00edder supremo - Portal Tela Portugal","robots":{"index":"index","follow":"follow","max-snippet":"max-snippet:-1","max-image-preview":"max-image-preview:large","max-video-preview":"max-video-preview:-1"},"og_locale":"pt_PT","og_type":"article","og_title":"Milhares em Teer\u00e3 lamentam a morte do l\u00edder supremo - Portal Tela Portugal","og_description":"Milhares de pessoas reuniram-se este domingo numa pra\u00e7a de Teer\u00e3o para chorar a morte do l\u00edder supremo do Ir\u00e3o, Ayatollah Ali Khamenei. O ato, realizado na capital iraniana, concentrou-se na express\u00e3o de luto p\u00fablico pelo l\u00edder. A not\u00edcia segue o relato de que milhares participaram no cortejo de homenagem ao chefe religioso.","og_url":"https:\/\/portaltela.pt\/noticias\/2026\/03\/01\/milhares-em-teera-lamentam-a-morte-do-lider-supremo\/","og_site_name":"Portal Tela Portugal","article_published_time":"2026-03-01T10:12:00+00:00","author":"Telinha","twitter_card":"summary_large_image","twitter_misc":{"Escrito por":"Telinha","Tempo estimado de leitura":"1 minuto"},"schema":{"@context":"https:\/\/schema.org","@graph":[{"@type":"Article","@id":"https:\/\/portaltela.pt\/noticias\/2026\/03\/01\/milhares-em-teera-lamentam-a-morte-do-lider-supremo\/#article","isPartOf":{"@id":"https:\/\/portaltela.pt\/noticias\/2026\/03\/01\/milhares-em-teera-lamentam-a-morte-do-lider-supremo\/"},"author":{"name":"Telinha","@id":"https:\/\/portaltela.pt\/#\/schema\/person\/c4278d4a6028830caff9ee44b42d32ed"},"headline":"Milhares em Teer\u00e3 lamentam a morte do l\u00edder supremo","datePublished":"2026-03-01T10:12:00+00:00","mainEntityOfPage":{"@id":"https:\/\/portaltela.pt\/noticias\/2026\/03\/01\/milhares-em-teera-lamentam-a-morte-do-lider-supremo\/"},"wordCount":114,"image":{"@id":"https:\/\/portaltela.pt\/noticias\/2026\/03\/01\/milhares-em-teera-lamentam-a-morte-do-lider-supremo\/#primaryimage"},"thumbnailUrl":"https:\/\/portaltela.pt\/s.01k8rhncp4jt1\/2026\/03\/image-7.jpg","keywords":["eventos internacionais","\u00cdr\u00e1n","lideran\u00e7as","pol\u00edtica internacional","Teer\u00e3o"],"articleSection":["Internacional","Not\u00edcias"],"inLanguage":"pt-PT"},{"@type":"WebPage","@id":"https:\/\/portaltela.pt\/noticias\/2026\/03\/01\/milhares-em-teera-lamentam-a-morte-do-lider-supremo\/","url":"https:\/\/portaltela.pt\/noticias\/2026\/03\/01\/milhares-em-teera-lamentam-a-morte-do-lider-supremo\/","name":"Milhares em Teer\u00e3 lamentam a morte do l\u00edder supremo - Portal Tela Portugal","isPartOf":{"@id":"https:\/\/portaltela.pt\/#website"},"primaryImageOfPage":{"@id":"https:\/\/portaltela.pt\/noticias\/2026\/03\/01\/milhares-em-teera-lamentam-a-morte-do-lider-supremo\/#primaryimage"},"image":{"@id":"https:\/\/portaltela.pt\/noticias\/2026\/03\/01\/milhares-em-teera-lamentam-a-morte-do-lider-supremo\/#primaryimage"},"thumbnailUrl":"https:\/\/portaltela.pt\/s.01k8rhncp4jt1\/2026\/03\/image-7.jpg","datePublished":"2026-03-01T10:12:00+00:00","author":{"@id":"https:\/\/portaltela.pt\/#\/schema\/person\/c4278d4a6028830caff9ee44b42d32ed"},"breadcrumb":{"@id":"https:\/\/portaltela.pt\/noticias\/2026\/03\/01\/milhares-em-teera-lamentam-a-morte-do-lider-supremo\/#breadcrumb"},"inLanguage":"pt-PT","potentialAction":[{"@type":"ReadAction","target":["https:\/\/portaltela.pt\/noticias\/2026\/03\/01\/milhares-em-teera-lamentam-a-morte-do-lider-supremo\/"]}]},{"@type":"ImageObject","inLanguage":"pt-PT","@id":"https:\/\/portaltela.pt\/noticias\/2026\/03\/01\/milhares-em-teera-lamentam-a-morte-do-lider-supremo\/#primaryimage","url":"https:\/\/portaltela.pt\/s.01k8rhncp4jt1\/2026\/03\/image-7.jpg","contentUrl":"https:\/\/portaltela.pt\/s.01k8rhncp4jt1\/2026\/03\/image-7.jpg","width":796,"height":448,"caption":"Iranianos choram a morte do l\u00edder supremo"},{"@type":"BreadcrumbList","@id":"https:\/\/portaltela.pt\/noticias\/2026\/03\/01\/milhares-em-teera-lamentam-a-morte-do-lider-supremo\/#breadcrumb","itemListElement":[{"@type":"ListItem","position":1,"name":"In\u00edcio","item":"https:\/\/portaltela.pt\/"},{"@type":"ListItem","position":2,"name":"Milhares em Teer\u00e3 lamentam a morte do l\u00edder supremo"}]},{"@type":"WebSite","@id":"https:\/\/portaltela.pt\/#website","url":"https:\/\/portaltela.pt\/","name":"Portal Tela Portugal","description":"","potentialAction":[{"@type":"SearchAction","target":{"@type":"EntryPoint","urlTemplate":"https:\/\/portaltela.pt\/?s={search_term_string}"},"query-input":{"@type":"PropertyValueSpecification","valueRequired":true,"valueName":"search_term_string"}}],"inLanguage":"pt-PT"},{"@type":"Person","@id":"https:\/\/portaltela.pt\/#\/schema\/person\/c4278d4a6028830caff9ee44b42d32ed","name":"Telinha","image":{"@type":"ImageObject","inLanguage":"pt-PT","@id":"https:\/\/portaltela.pt\/s.01k8rhncp4jt1\/2025\/11\/talking-bot-125x125.png","url":"https:\/\/portaltela.pt\/s.01k8rhncp4jt1\/2025\/11\/talking-bot-125x125.png","contentUrl":"https:\/\/portaltela.pt\/s.01k8rhncp4jt1\/2025\/11\/talking-bot-125x125.png","caption":"Telinha"},"sameAs":["https:\/\/portaltela.pt\/"],"url":"https:\/\/portaltela.pt\/por\/367410592786\/"}]}},"_links":{"self":[{"href":"https:\/\/portaltela.pt\/api\/wp\/v2\/posts\/393017","targetHints":{"allow":["GET"]}}],"collection":[{"href":"https:\/\/portaltela.pt\/api\/wp\/v2\/posts"}],"about":[{"href":"https:\/\/portaltela.pt\/api\/wp\/v2\/types\/post"}],"author":[{"embeddable":true,"href":"https:\/\/portaltela.pt\/api\/wp\/v2\/users\/2"}],"replies":[{"embeddable":true,"href":"https:\/\/portaltela.pt\/api\/wp\/v2\/comments?post=393017"}],"version-history":[{"count":0,"href":"https:\/\/portaltela.pt\/api\/wp\/v2\/posts\/393017\/revisions"}],"wp:featuredmedia":[{"embeddable":true,"href":"https:\/\/portaltela.pt\/api\/wp\/v2\/media\/393023"}],"wp:attachment":[{"href":"https:\/\/portaltela.pt\/api\/wp\/v2\/media?parent=393017"}],"wp:term":[{"taxonomy":"category","embeddable":true,"href":"https:\/\/portaltela.pt\/api\/wp\/v2\/categories?post=393017"},{"taxonomy":"post_tag","embeddable":true,"href":"https:\/\/portaltela.pt\/api\/wp\/v2\/tags?post=393017"}],"curies":[{"name":"wp","href":"https:\/\/api.w.org\/{rel}","templated":true}]}}