{"id":393002,"date":"2026-03-01T06:54:03","date_gmt":"2026-03-01T09:54:03","guid":{"rendered":"https:\/\/portaltela.pt\/noticias\/2026\/03\/01\/morre-dennis-carvalho-ator-e-realizador-da-televisao-brasileira\/"},"modified":"2026-03-01T06:54:03","modified_gmt":"2026-03-01T09:54:03","slug":"morre-dennis-carvalho-ator-e-realizador-da-televisao-brasileira","status":"publish","type":"post","link":"https:\/\/portaltela.pt\/noticias\/2026\/03\/01\/morre-dennis-carvalho-ator-e-realizador-da-televisao-brasileira\/","title":{"rendered":"Morre Dennis Carvalho, ator e realizador da televis\u00e3o brasileira"},"content":{"rendered":"<p>Dennis Carvalho, ator e realizador da televis\u00e3o brasileira, morreu este s\u00e1bado, aos 78 anos. A hip\u00f3tese de causa de morte n\u00e3o foi revelada pela equipa m\u00e9dica. O an\u00fancio foi confirmado pelo Hospital Copa Star, no bairro de Copacabana, Rio de Janeiro, onde o artista estava internado.<\/p>\n<p>O hospital informou ainda que expressa pesar pela perda e manifesta solidariedade \u00e0 fam\u00edlia, amigos e f\u00e3s. N\u00e3o foi disponibilizada qualquer outra informa\u00e7\u00e3o sobre o estado de sa\u00fade anterior de Carvalho.<\/p>\n<p>Dennis Carvalho deixa tr\u00eas filhos e um legado significativo na televis\u00e3o brasileira, especialmente na Globo, onde atuou como realizador e ator ao longo de v\u00e1rias d\u00e9cadas. O seu trabalho incluiu v\u00e1rias novelas ic\u00f3nicas que marcaram gera\u00e7\u00f5es.<\/p>\n<h3>Legado na televis\u00e3o brasileira<\/h3>\n<p>Entre os t\u00edtulos mais marcantes est\u00e3o Roque Santeiro, censurada em 1975, e Pecado Capital. Carvalho dirigiu e produziu projetos de grande impacto, como Vale Tudo, Para\u00edso Tropical, Explode Cora\u00e7\u00e3o e O Dono do Mundo, contribuindo para a constru\u00e7\u00e3o da dramaturgia da emissora.<\/p>\n<p>Ao longo da carreira, foi reconhecido pelo papel de relevo na fic\u00e7\u00e3o nacional, influenciando gera\u00e7\u00f5es de profissionais da \u00e1rea. A sua abordagem criativa deixou marcas em v\u00e1rias produ\u00e7\u00f5es de fic\u00e7\u00e3o televisiva.<\/p>\n<p>Segundo Sol, a novela que encerrou a sua trajet\u00f3ria como realizador, representa o \u00faltimo cap\u00edtulo de uma carreira que moldou o panorama da televis\u00e3o brasileira. A produ\u00e7\u00e3o consolidou-se como parte fundamental do seu legado art\u00edstico.<\/p>\n","protected":false},"excerpt":{"rendered":"<ul>\n<li>Dennis Carvalho morreu neste s\u00e1bado, aos 78 anos, estando internado no Hospital Copa Star, no Rio de Janeiro; a causa da morte n\u00e3o foi divulgada.<\/li>\n<li>O hospital confirmou o falecimento e expressou solidariedade \u00e0 fam\u00edlia, amigos e f\u00e3s.<\/li>\n<li>Deixa tr\u00eas filhos e deixa um legado relevante na televis\u00e3o brasileira, onde atuou como realizador e ator na Globo.<\/li>\n<li>Entre os trabalhos mais marcantes est\u00e3o Roque Santeiro (censurada em 1975) e Pecado Capital, al\u00e9m de Vale Tudo, Para\u00edso Tropical, Explode Cora\u00e7\u00e3o e O Dono do Mundo.<\/li>\n<li>Segundo Sol foi o \u00faltimo projeto dirigido por Dennis Carvalho, encerrando uma carreira que moldou a dramaturgia brasileira.<\/li>\n<\/ul>\n","protected":false},"author":2,"featured_media":393011,"comment_status":"closed","ping_status":"closed","sticky":false,"template":"","format":"standard","meta":{"footnotes":""},"categories":[12,1],"tags":[762,2547,145,78,6429,2780],"class_list":["post-393002","post","type-post","status-publish","format-standard","has-post-thumbnail","hentry","category-entretenimento","category-noticias","tag-artistas","tag-brasil","tag-cultura","tag-famosos","tag-mortes","tag-transmissoes-televisivas"],"yoast_head":"<!-- This site is optimized with the Yoast SEO plugin v27.2 - https:\/\/yoast.com\/product\/yoast-seo-wordpress\/ -->\n<title>Morre Dennis Carvalho, ator e realizador da televis\u00e3o brasileira - Portal Tela Portugal<\/title>\n<meta name=\"robots\" content=\"index, follow, max-snippet:-1, max-image-preview:large, max-video-preview:-1\" \/>\n<meta property=\"og:locale\" content=\"pt_PT\" \/>\n<meta property=\"og:type\" content=\"article\" \/>\n<meta property=\"og:title\" content=\"Morre Dennis Carvalho, ator e realizador da televis\u00e3o brasileira - Portal Tela Portugal\" \/>\n<meta property=\"og:description\" content=\"Dennis Carvalho morreu neste s\u00e1bado, aos 78 anos, estando internado no Hospital Copa Star, no Rio de Janeiro; a causa da morte n\u00e3o foi divulgada. O hospital confirmou o falecimento e expressou solidariedade \u00e0 fam\u00edlia, amigos e f\u00e3s. Deixa tr\u00eas filhos e deixa um legado relevante na televis\u00e3o brasileira, onde atuou como realizador e ator na Globo. Entre os trabalhos mais marcantes est\u00e3o Roque Santeiro (censurada em 1975) e Pecado Capital, al\u00e9m de Vale Tudo, Para\u00edso Tropical, Explode Cora\u00e7\u00e3o e O Dono do Mundo. Segundo Sol foi o \u00faltimo projeto dirigido por Dennis Carvalho, encerrando uma carreira que moldou a dramaturgia brasileira.\" \/>\n<meta property=\"og:url\" content=\"https:\/\/portaltela.pt\/noticias\/2026\/03\/01\/morre-dennis-carvalho-ator-e-realizador-da-televisao-brasileira\/\" \/>\n<meta property=\"og:site_name\" content=\"Portal Tela Portugal\" \/>\n<meta property=\"article:published_time\" content=\"2026-03-01T09:54:03+00:00\" \/>\n<meta name=\"author\" content=\"Telinha\" \/>\n<meta name=\"twitter:card\" content=\"summary_large_image\" \/>\n<meta name=\"twitter:label1\" content=\"Escrito por\" \/>\n\t<meta name=\"twitter:data1\" content=\"Telinha\" \/>\n\t<meta name=\"twitter:label2\" content=\"Tempo estimado de leitura\" \/>\n\t<meta name=\"twitter:data2\" content=\"1 minuto\" \/>\n<script type=\"application\/ld+json\" class=\"yoast-schema-graph\">{\"@context\":\"https:\/\/schema.org\",\"@graph\":[{\"@type\":\"Article\",\"@id\":\"https:\/\/portaltela.pt\/noticias\/2026\/03\/01\/morre-dennis-carvalho-ator-e-realizador-da-televisao-brasileira\/#article\",\"isPartOf\":{\"@id\":\"https:\/\/portaltela.pt\/noticias\/2026\/03\/01\/morre-dennis-carvalho-ator-e-realizador-da-televisao-brasileira\/\"},\"author\":{\"name\":\"Telinha\",\"@id\":\"https:\/\/portaltela.pt\/#\/schema\/person\/c4278d4a6028830caff9ee44b42d32ed\"},\"headline\":\"Morre Dennis Carvalho, ator e realizador da televis\u00e3o brasileira\",\"datePublished\":\"2026-03-01T09:54:03+00:00\",\"mainEntityOfPage\":{\"@id\":\"https:\/\/portaltela.pt\/noticias\/2026\/03\/01\/morre-dennis-carvalho-ator-e-realizador-da-televisao-brasileira\/\"},\"wordCount\":266,\"image\":{\"@id\":\"https:\/\/portaltela.pt\/noticias\/2026\/03\/01\/morre-dennis-carvalho-ator-e-realizador-da-televisao-brasileira\/#primaryimage\"},\"thumbnailUrl\":\"https:\/\/portaltela.pt\/s.01k8rhncp4jt1\/2026\/03\/img_920x518uu2026-03-01-09-52-54-2424233-im-639079556032892174.jpg\",\"keywords\":[\"artistas\",\"Brasil\",\"cultura\",\"famosos\",\"mortes\",\"transmiss\u00f5es televisivas\"],\"articleSection\":[\"Entretenimento\",\"Not\u00edcias\"],\"inLanguage\":\"pt-PT\"},{\"@type\":\"WebPage\",\"@id\":\"https:\/\/portaltela.pt\/noticias\/2026\/03\/01\/morre-dennis-carvalho-ator-e-realizador-da-televisao-brasileira\/\",\"url\":\"https:\/\/portaltela.pt\/noticias\/2026\/03\/01\/morre-dennis-carvalho-ator-e-realizador-da-televisao-brasileira\/\",\"name\":\"Morre Dennis Carvalho, ator e realizador da televis\u00e3o brasileira - Portal Tela Portugal\",\"isPartOf\":{\"@id\":\"https:\/\/portaltela.pt\/#website\"},\"primaryImageOfPage\":{\"@id\":\"https:\/\/portaltela.pt\/noticias\/2026\/03\/01\/morre-dennis-carvalho-ator-e-realizador-da-televisao-brasileira\/#primaryimage\"},\"image\":{\"@id\":\"https:\/\/portaltela.pt\/noticias\/2026\/03\/01\/morre-dennis-carvalho-ator-e-realizador-da-televisao-brasileira\/#primaryimage\"},\"thumbnailUrl\":\"https:\/\/portaltela.pt\/s.01k8rhncp4jt1\/2026\/03\/img_920x518uu2026-03-01-09-52-54-2424233-im-639079556032892174.jpg\",\"datePublished\":\"2026-03-01T09:54:03+00:00\",\"author\":{\"@id\":\"https:\/\/portaltela.pt\/#\/schema\/person\/c4278d4a6028830caff9ee44b42d32ed\"},\"breadcrumb\":{\"@id\":\"https:\/\/portaltela.pt\/noticias\/2026\/03\/01\/morre-dennis-carvalho-ator-e-realizador-da-televisao-brasileira\/#breadcrumb\"},\"inLanguage\":\"pt-PT\",\"potentialAction\":[{\"@type\":\"ReadAction\",\"target\":[\"https:\/\/portaltela.pt\/noticias\/2026\/03\/01\/morre-dennis-carvalho-ator-e-realizador-da-televisao-brasileira\/\"]}]},{\"@type\":\"ImageObject\",\"inLanguage\":\"pt-PT\",\"@id\":\"https:\/\/portaltela.pt\/noticias\/2026\/03\/01\/morre-dennis-carvalho-ator-e-realizador-da-televisao-brasileira\/#primaryimage\",\"url\":\"https:\/\/portaltela.pt\/s.01k8rhncp4jt1\/2026\/03\/img_920x518uu2026-03-01-09-52-54-2424233-im-639079556032892174.jpg\",\"contentUrl\":\"https:\/\/portaltela.pt\/s.01k8rhncp4jt1\/2026\/03\/img_920x518uu2026-03-01-09-52-54-2424233-im-639079556032892174.jpg\",\"width\":796,\"height\":448,\"caption\":\"Dennis Carvalho\"},{\"@type\":\"BreadcrumbList\",\"@id\":\"https:\/\/portaltela.pt\/noticias\/2026\/03\/01\/morre-dennis-carvalho-ator-e-realizador-da-televisao-brasileira\/#breadcrumb\",\"itemListElement\":[{\"@type\":\"ListItem\",\"position\":1,\"name\":\"In\u00edcio\",\"item\":\"https:\/\/portaltela.pt\/\"},{\"@type\":\"ListItem\",\"position\":2,\"name\":\"Morre Dennis Carvalho, ator e realizador da televis\u00e3o brasileira\"}]},{\"@type\":\"WebSite\",\"@id\":\"https:\/\/portaltela.pt\/#website\",\"url\":\"https:\/\/portaltela.pt\/\",\"name\":\"Portal Tela Portugal\",\"description\":\"\",\"potentialAction\":[{\"@type\":\"SearchAction\",\"target\":{\"@type\":\"EntryPoint\",\"urlTemplate\":\"https:\/\/portaltela.pt\/?s={search_term_string}\"},\"query-input\":{\"@type\":\"PropertyValueSpecification\",\"valueRequired\":true,\"valueName\":\"search_term_string\"}}],\"inLanguage\":\"pt-PT\"},{\"@type\":\"Person\",\"@id\":\"https:\/\/portaltela.pt\/#\/schema\/person\/c4278d4a6028830caff9ee44b42d32ed\",\"name\":\"Telinha\",\"image\":{\"@type\":\"ImageObject\",\"inLanguage\":\"pt-PT\",\"@id\":\"https:\/\/portaltela.pt\/s.01k8rhncp4jt1\/2025\/11\/talking-bot-125x125.png\",\"url\":\"https:\/\/portaltela.pt\/s.01k8rhncp4jt1\/2025\/11\/talking-bot-125x125.png\",\"contentUrl\":\"https:\/\/portaltela.pt\/s.01k8rhncp4jt1\/2025\/11\/talking-bot-125x125.png\",\"caption\":\"Telinha\"},\"sameAs\":[\"https:\/\/portaltela.pt\/\"],\"url\":\"https:\/\/portaltela.pt\/por\/367410592786\/\"}]}<\/script>\n<!-- \/ Yoast SEO plugin. -->","yoast_head_json":{"title":"Morre Dennis Carvalho, ator e realizador da televis\u00e3o brasileira - Portal Tela Portugal","robots":{"index":"index","follow":"follow","max-snippet":"max-snippet:-1","max-image-preview":"max-image-preview:large","max-video-preview":"max-video-preview:-1"},"og_locale":"pt_PT","og_type":"article","og_title":"Morre Dennis Carvalho, ator e realizador da televis\u00e3o brasileira - Portal Tela Portugal","og_description":"Dennis Carvalho morreu neste s\u00e1bado, aos 78 anos, estando internado no Hospital Copa Star, no Rio de Janeiro; a causa da morte n\u00e3o foi divulgada. O hospital confirmou o falecimento e expressou solidariedade \u00e0 fam\u00edlia, amigos e f\u00e3s. Deixa tr\u00eas filhos e deixa um legado relevante na televis\u00e3o brasileira, onde atuou como realizador e ator na Globo. Entre os trabalhos mais marcantes est\u00e3o Roque Santeiro (censurada em 1975) e Pecado Capital, al\u00e9m de Vale Tudo, Para\u00edso Tropical, Explode Cora\u00e7\u00e3o e O Dono do Mundo. Segundo Sol foi o \u00faltimo projeto dirigido por Dennis Carvalho, encerrando uma carreira que moldou a dramaturgia brasileira.","og_url":"https:\/\/portaltela.pt\/noticias\/2026\/03\/01\/morre-dennis-carvalho-ator-e-realizador-da-televisao-brasileira\/","og_site_name":"Portal Tela Portugal","article_published_time":"2026-03-01T09:54:03+00:00","author":"Telinha","twitter_card":"summary_large_image","twitter_misc":{"Escrito por":"Telinha","Tempo estimado de leitura":"1 minuto"},"schema":{"@context":"https:\/\/schema.org","@graph":[{"@type":"Article","@id":"https:\/\/portaltela.pt\/noticias\/2026\/03\/01\/morre-dennis-carvalho-ator-e-realizador-da-televisao-brasileira\/#article","isPartOf":{"@id":"https:\/\/portaltela.pt\/noticias\/2026\/03\/01\/morre-dennis-carvalho-ator-e-realizador-da-televisao-brasileira\/"},"author":{"name":"Telinha","@id":"https:\/\/portaltela.pt\/#\/schema\/person\/c4278d4a6028830caff9ee44b42d32ed"},"headline":"Morre Dennis Carvalho, ator e realizador da televis\u00e3o brasileira","datePublished":"2026-03-01T09:54:03+00:00","mainEntityOfPage":{"@id":"https:\/\/portaltela.pt\/noticias\/2026\/03\/01\/morre-dennis-carvalho-ator-e-realizador-da-televisao-brasileira\/"},"wordCount":266,"image":{"@id":"https:\/\/portaltela.pt\/noticias\/2026\/03\/01\/morre-dennis-carvalho-ator-e-realizador-da-televisao-brasileira\/#primaryimage"},"thumbnailUrl":"https:\/\/portaltela.pt\/s.01k8rhncp4jt1\/2026\/03\/img_920x518uu2026-03-01-09-52-54-2424233-im-639079556032892174.jpg","keywords":["artistas","Brasil","cultura","famosos","mortes","transmiss\u00f5es televisivas"],"articleSection":["Entretenimento","Not\u00edcias"],"inLanguage":"pt-PT"},{"@type":"WebPage","@id":"https:\/\/portaltela.pt\/noticias\/2026\/03\/01\/morre-dennis-carvalho-ator-e-realizador-da-televisao-brasileira\/","url":"https:\/\/portaltela.pt\/noticias\/2026\/03\/01\/morre-dennis-carvalho-ator-e-realizador-da-televisao-brasileira\/","name":"Morre Dennis Carvalho, ator e realizador da televis\u00e3o brasileira - Portal Tela Portugal","isPartOf":{"@id":"https:\/\/portaltela.pt\/#website"},"primaryImageOfPage":{"@id":"https:\/\/portaltela.pt\/noticias\/2026\/03\/01\/morre-dennis-carvalho-ator-e-realizador-da-televisao-brasileira\/#primaryimage"},"image":{"@id":"https:\/\/portaltela.pt\/noticias\/2026\/03\/01\/morre-dennis-carvalho-ator-e-realizador-da-televisao-brasileira\/#primaryimage"},"thumbnailUrl":"https:\/\/portaltela.pt\/s.01k8rhncp4jt1\/2026\/03\/img_920x518uu2026-03-01-09-52-54-2424233-im-639079556032892174.jpg","datePublished":"2026-03-01T09:54:03+00:00","author":{"@id":"https:\/\/portaltela.pt\/#\/schema\/person\/c4278d4a6028830caff9ee44b42d32ed"},"breadcrumb":{"@id":"https:\/\/portaltela.pt\/noticias\/2026\/03\/01\/morre-dennis-carvalho-ator-e-realizador-da-televisao-brasileira\/#breadcrumb"},"inLanguage":"pt-PT","potentialAction":[{"@type":"ReadAction","target":["https:\/\/portaltela.pt\/noticias\/2026\/03\/01\/morre-dennis-carvalho-ator-e-realizador-da-televisao-brasileira\/"]}]},{"@type":"ImageObject","inLanguage":"pt-PT","@id":"https:\/\/portaltela.pt\/noticias\/2026\/03\/01\/morre-dennis-carvalho-ator-e-realizador-da-televisao-brasileira\/#primaryimage","url":"https:\/\/portaltela.pt\/s.01k8rhncp4jt1\/2026\/03\/img_920x518uu2026-03-01-09-52-54-2424233-im-639079556032892174.jpg","contentUrl":"https:\/\/portaltela.pt\/s.01k8rhncp4jt1\/2026\/03\/img_920x518uu2026-03-01-09-52-54-2424233-im-639079556032892174.jpg","width":796,"height":448,"caption":"Dennis Carvalho"},{"@type":"BreadcrumbList","@id":"https:\/\/portaltela.pt\/noticias\/2026\/03\/01\/morre-dennis-carvalho-ator-e-realizador-da-televisao-brasileira\/#breadcrumb","itemListElement":[{"@type":"ListItem","position":1,"name":"In\u00edcio","item":"https:\/\/portaltela.pt\/"},{"@type":"ListItem","position":2,"name":"Morre Dennis Carvalho, ator e realizador da televis\u00e3o brasileira"}]},{"@type":"WebSite","@id":"https:\/\/portaltela.pt\/#website","url":"https:\/\/portaltela.pt\/","name":"Portal Tela Portugal","description":"","potentialAction":[{"@type":"SearchAction","target":{"@type":"EntryPoint","urlTemplate":"https:\/\/portaltela.pt\/?s={search_term_string}"},"query-input":{"@type":"PropertyValueSpecification","valueRequired":true,"valueName":"search_term_string"}}],"inLanguage":"pt-PT"},{"@type":"Person","@id":"https:\/\/portaltela.pt\/#\/schema\/person\/c4278d4a6028830caff9ee44b42d32ed","name":"Telinha","image":{"@type":"ImageObject","inLanguage":"pt-PT","@id":"https:\/\/portaltela.pt\/s.01k8rhncp4jt1\/2025\/11\/talking-bot-125x125.png","url":"https:\/\/portaltela.pt\/s.01k8rhncp4jt1\/2025\/11\/talking-bot-125x125.png","contentUrl":"https:\/\/portaltela.pt\/s.01k8rhncp4jt1\/2025\/11\/talking-bot-125x125.png","caption":"Telinha"},"sameAs":["https:\/\/portaltela.pt\/"],"url":"https:\/\/portaltela.pt\/por\/367410592786\/"}]}},"_links":{"self":[{"href":"https:\/\/portaltela.pt\/api\/wp\/v2\/posts\/393002","targetHints":{"allow":["GET"]}}],"collection":[{"href":"https:\/\/portaltela.pt\/api\/wp\/v2\/posts"}],"about":[{"href":"https:\/\/portaltela.pt\/api\/wp\/v2\/types\/post"}],"author":[{"embeddable":true,"href":"https:\/\/portaltela.pt\/api\/wp\/v2\/users\/2"}],"replies":[{"embeddable":true,"href":"https:\/\/portaltela.pt\/api\/wp\/v2\/comments?post=393002"}],"version-history":[{"count":0,"href":"https:\/\/portaltela.pt\/api\/wp\/v2\/posts\/393002\/revisions"}],"wp:featuredmedia":[{"embeddable":true,"href":"https:\/\/portaltela.pt\/api\/wp\/v2\/media\/393011"}],"wp:attachment":[{"href":"https:\/\/portaltela.pt\/api\/wp\/v2\/media?parent=393002"}],"wp:term":[{"taxonomy":"category","embeddable":true,"href":"https:\/\/portaltela.pt\/api\/wp\/v2\/categories?post=393002"},{"taxonomy":"post_tag","embeddable":true,"href":"https:\/\/portaltela.pt\/api\/wp\/v2\/tags?post=393002"}],"curies":[{"name":"wp","href":"https:\/\/api.w.org\/{rel}","templated":true}]}}