{"id":392999,"date":"2026-03-01T04:27:00","date_gmt":"2026-03-01T07:27:00","guid":{"rendered":"https:\/\/portaltela.pt\/noticias\/2026\/03\/01\/afeganistao-acusa-paquistao-de-bombardear-campos-de-refugiados\/"},"modified":"2026-03-01T04:27:00","modified_gmt":"2026-03-01T07:27:00","slug":"afeganistao-acusa-paquistao-de-bombardear-campos-de-refugiados","status":"publish","type":"post","link":"https:\/\/portaltela.pt\/noticias\/politica\/2026\/03\/01\/afeganistao-acusa-paquistao-de-bombardear-campos-de-refugiados\/","title":{"rendered":"Afeganist\u00e3o acusa Paquist\u00e3o de bombardear campos de refugiados"},"content":{"rendered":"<p>Afeganist\u00e3o acusa Paquist\u00e3o de bombardear campos de refugiados<\/p>\n<p>Segundo autoridades afeg\u00e3s, o alegado ataque ocorreu numa zona fronteiri\u00e7a onde se situam campos de refugiados. A den\u00fancia chegou sem confirma\u00e7\u00e3o independente e sem um balan\u00e7o oficial de v\u00edtimas at\u00e9 ao momento.<\/p>\n<p>As informa\u00e7\u00f5es foram divulgadas pelo governo de Cabul, que acusa militares paquistaneses de terem efetuado bombardeamentos. N\u00e3o foi apresentada documenta\u00e7\u00e3o que comprove o alegado facto nem confirma\u00e7\u00e3o por parte de Islamabad.<\/p>\n<p>A situa\u00e7\u00e3o intensifica um hist\u00f3rico de tens\u00f5es entre os dois pa\u00edses, j\u00e1 marcadas por confrontos na fronteira e por epis\u00f3dios de viol\u00eancia que afetam civis. N\u00e3o h\u00e1, at\u00e9 now, detalhes sobre eventuais deslocados ou danos materiais.<\/p>\n","protected":false},"excerpt":{"rendered":"<ul>\n<li>O Afeganist\u00e3o acusa o Paquist\u00e3o de bombardear campos de refugiados.<\/li>\n<li>O conte\u00fado completo da not\u00edcia est\u00e1 dispon\u00edvel apenas para subscritores.<\/li>\n<li>N\u00e3o h\u00e1, no trecho fornecido, dados adicionais sobre locais, datas ou evid\u00eancias.<\/li>\n<li>N\u00e3o h\u00e1 confirma\u00e7\u00e3o independente apresentada no material dispon\u00edvel.<\/li>\n<li>O texto n\u00e3o traz detalhes sobre impactos ou respostas oficiais.<\/li>\n<\/ul>\n","protected":false},"author":2,"featured_media":393007,"comment_status":"closed","ping_status":"closed","sticky":false,"template":"","format":"standard","meta":{"footnotes":""},"categories":[1,5],"tags":[4104,254,2198,4153,3743,3786],"class_list":["post-392999","post","type-post","status-publish","format-standard","has-post-thumbnail","hentry","category-noticias","category-politica","tag-afeganistao","tag-conflito","tag-conflitos-internacionais","tag-fronteira","tag-paquistao","tag-refugiados-internos"],"yoast_head":"<!-- This site is optimized with the Yoast SEO plugin v27.2 - https:\/\/yoast.com\/product\/yoast-seo-wordpress\/ -->\n<title>Afeganist\u00e3o acusa Paquist\u00e3o de bombardear campos de refugiados - Portal Tela Portugal<\/title>\n<meta name=\"robots\" content=\"index, follow, max-snippet:-1, max-image-preview:large, max-video-preview:-1\" \/>\n<meta property=\"og:locale\" content=\"pt_PT\" \/>\n<meta property=\"og:type\" content=\"article\" \/>\n<meta property=\"og:title\" content=\"Afeganist\u00e3o acusa Paquist\u00e3o de bombardear campos de refugiados - Portal Tela Portugal\" \/>\n<meta property=\"og:description\" content=\"O Afeganist\u00e3o acusa o Paquist\u00e3o de bombardear campos de refugiados. O conte\u00fado completo da not\u00edcia est\u00e1 dispon\u00edvel apenas para subscritores. N\u00e3o h\u00e1, no trecho fornecido, dados adicionais sobre locais, datas ou evid\u00eancias. N\u00e3o h\u00e1 confirma\u00e7\u00e3o independente apresentada no material dispon\u00edvel. O texto n\u00e3o traz detalhes sobre impactos ou respostas oficiais.\" \/>\n<meta property=\"og:url\" content=\"https:\/\/portaltela.pt\/noticias\/2026\/03\/01\/afeganistao-acusa-paquistao-de-bombardear-campos-de-refugiados\/\" \/>\n<meta property=\"og:site_name\" content=\"Portal Tela Portugal\" \/>\n<meta property=\"article:published_time\" content=\"2026-03-01T07:27:00+00:00\" \/>\n<meta name=\"author\" content=\"Telinha\" \/>\n<meta name=\"twitter:card\" content=\"summary_large_image\" \/>\n<meta name=\"twitter:label1\" content=\"Escrito por\" \/>\n\t<meta name=\"twitter:data1\" content=\"Telinha\" \/>\n\t<meta name=\"twitter:label2\" content=\"Tempo estimado de leitura\" \/>\n\t<meta name=\"twitter:data2\" content=\"1 minuto\" \/>\n<script type=\"application\/ld+json\" class=\"yoast-schema-graph\">{\"@context\":\"https:\/\/schema.org\",\"@graph\":[{\"@type\":\"Article\",\"@id\":\"https:\/\/portaltela.pt\/noticias\/2026\/03\/01\/afeganistao-acusa-paquistao-de-bombardear-campos-de-refugiados\/#article\",\"isPartOf\":{\"@id\":\"https:\/\/portaltela.pt\/noticias\/2026\/03\/01\/afeganistao-acusa-paquistao-de-bombardear-campos-de-refugiados\/\"},\"author\":{\"name\":\"Telinha\",\"@id\":\"https:\/\/portaltela.pt\/#\/schema\/person\/c4278d4a6028830caff9ee44b42d32ed\"},\"headline\":\"Afeganist\u00e3o acusa Paquist\u00e3o de bombardear campos de refugiados\",\"datePublished\":\"2026-03-01T07:27:00+00:00\",\"mainEntityOfPage\":{\"@id\":\"https:\/\/portaltela.pt\/noticias\/2026\/03\/01\/afeganistao-acusa-paquistao-de-bombardear-campos-de-refugiados\/\"},\"wordCount\":136,\"image\":{\"@id\":\"https:\/\/portaltela.pt\/noticias\/2026\/03\/01\/afeganistao-acusa-paquistao-de-bombardear-campos-de-refugiados\/#primaryimage\"},\"thumbnailUrl\":\"https:\/\/portaltela.pt\/s.01k8rhncp4jt1\/2026\/03\/CACHE_780X1200_ANALOG_WATERMARKED_46659784_371209822118477.jpg\",\"keywords\":[\"Afeganist\u00e3o\",\"conflito\",\"conflitos internacionais\",\"Fronteira\",\"Paquist\u00e3o\",\"refugiados internos\"],\"articleSection\":[\"Not\u00edcias\",\"Pol\u00edtica\"],\"inLanguage\":\"pt-PT\"},{\"@type\":\"WebPage\",\"@id\":\"https:\/\/portaltela.pt\/noticias\/2026\/03\/01\/afeganistao-acusa-paquistao-de-bombardear-campos-de-refugiados\/\",\"url\":\"https:\/\/portaltela.pt\/noticias\/2026\/03\/01\/afeganistao-acusa-paquistao-de-bombardear-campos-de-refugiados\/\",\"name\":\"Afeganist\u00e3o acusa Paquist\u00e3o de bombardear campos de refugiados - Portal Tela Portugal\",\"isPartOf\":{\"@id\":\"https:\/\/portaltela.pt\/#website\"},\"primaryImageOfPage\":{\"@id\":\"https:\/\/portaltela.pt\/noticias\/2026\/03\/01\/afeganistao-acusa-paquistao-de-bombardear-campos-de-refugiados\/#primaryimage\"},\"image\":{\"@id\":\"https:\/\/portaltela.pt\/noticias\/2026\/03\/01\/afeganistao-acusa-paquistao-de-bombardear-campos-de-refugiados\/#primaryimage\"},\"thumbnailUrl\":\"https:\/\/portaltela.pt\/s.01k8rhncp4jt1\/2026\/03\/CACHE_780X1200_ANALOG_WATERMARKED_46659784_371209822118477.jpg\",\"datePublished\":\"2026-03-01T07:27:00+00:00\",\"author\":{\"@id\":\"https:\/\/portaltela.pt\/#\/schema\/person\/c4278d4a6028830caff9ee44b42d32ed\"},\"breadcrumb\":{\"@id\":\"https:\/\/portaltela.pt\/noticias\/2026\/03\/01\/afeganistao-acusa-paquistao-de-bombardear-campos-de-refugiados\/#breadcrumb\"},\"inLanguage\":\"pt-PT\",\"potentialAction\":[{\"@type\":\"ReadAction\",\"target\":[\"https:\/\/portaltela.pt\/noticias\/2026\/03\/01\/afeganistao-acusa-paquistao-de-bombardear-campos-de-refugiados\/\"]}]},{\"@type\":\"ImageObject\",\"inLanguage\":\"pt-PT\",\"@id\":\"https:\/\/portaltela.pt\/noticias\/2026\/03\/01\/afeganistao-acusa-paquistao-de-bombardear-campos-de-refugiados\/#primaryimage\",\"url\":\"https:\/\/portaltela.pt\/s.01k8rhncp4jt1\/2026\/03\/CACHE_780X1200_ANALOG_WATERMARKED_46659784_371209822118477.jpg\",\"contentUrl\":\"https:\/\/portaltela.pt\/s.01k8rhncp4jt1\/2026\/03\/CACHE_780X1200_ANALOG_WATERMARKED_46659784_371209822118477.jpg\",\"width\":796,\"height\":448,\"caption\":\"Photo\"},{\"@type\":\"BreadcrumbList\",\"@id\":\"https:\/\/portaltela.pt\/noticias\/2026\/03\/01\/afeganistao-acusa-paquistao-de-bombardear-campos-de-refugiados\/#breadcrumb\",\"itemListElement\":[{\"@type\":\"ListItem\",\"position\":1,\"name\":\"In\u00edcio\",\"item\":\"https:\/\/portaltela.pt\/\"},{\"@type\":\"ListItem\",\"position\":2,\"name\":\"Afeganist\u00e3o acusa Paquist\u00e3o de bombardear campos de refugiados\"}]},{\"@type\":\"WebSite\",\"@id\":\"https:\/\/portaltela.pt\/#website\",\"url\":\"https:\/\/portaltela.pt\/\",\"name\":\"Portal Tela Portugal\",\"description\":\"\",\"potentialAction\":[{\"@type\":\"SearchAction\",\"target\":{\"@type\":\"EntryPoint\",\"urlTemplate\":\"https:\/\/portaltela.pt\/?s={search_term_string}\"},\"query-input\":{\"@type\":\"PropertyValueSpecification\",\"valueRequired\":true,\"valueName\":\"search_term_string\"}}],\"inLanguage\":\"pt-PT\"},{\"@type\":\"Person\",\"@id\":\"https:\/\/portaltela.pt\/#\/schema\/person\/c4278d4a6028830caff9ee44b42d32ed\",\"name\":\"Telinha\",\"image\":{\"@type\":\"ImageObject\",\"inLanguage\":\"pt-PT\",\"@id\":\"https:\/\/portaltela.pt\/s.01k8rhncp4jt1\/2025\/11\/talking-bot-125x125.png\",\"url\":\"https:\/\/portaltela.pt\/s.01k8rhncp4jt1\/2025\/11\/talking-bot-125x125.png\",\"contentUrl\":\"https:\/\/portaltela.pt\/s.01k8rhncp4jt1\/2025\/11\/talking-bot-125x125.png\",\"caption\":\"Telinha\"},\"sameAs\":[\"https:\/\/portaltela.pt\/\"],\"url\":\"https:\/\/portaltela.pt\/por\/367410592786\/\"}]}<\/script>\n<!-- \/ Yoast SEO plugin. -->","yoast_head_json":{"title":"Afeganist\u00e3o acusa Paquist\u00e3o de bombardear campos de refugiados - Portal Tela Portugal","robots":{"index":"index","follow":"follow","max-snippet":"max-snippet:-1","max-image-preview":"max-image-preview:large","max-video-preview":"max-video-preview:-1"},"og_locale":"pt_PT","og_type":"article","og_title":"Afeganist\u00e3o acusa Paquist\u00e3o de bombardear campos de refugiados - Portal Tela Portugal","og_description":"O Afeganist\u00e3o acusa o Paquist\u00e3o de bombardear campos de refugiados. O conte\u00fado completo da not\u00edcia est\u00e1 dispon\u00edvel apenas para subscritores. N\u00e3o h\u00e1, no trecho fornecido, dados adicionais sobre locais, datas ou evid\u00eancias. N\u00e3o h\u00e1 confirma\u00e7\u00e3o independente apresentada no material dispon\u00edvel. O texto n\u00e3o traz detalhes sobre impactos ou respostas oficiais.","og_url":"https:\/\/portaltela.pt\/noticias\/2026\/03\/01\/afeganistao-acusa-paquistao-de-bombardear-campos-de-refugiados\/","og_site_name":"Portal Tela Portugal","article_published_time":"2026-03-01T07:27:00+00:00","author":"Telinha","twitter_card":"summary_large_image","twitter_misc":{"Escrito por":"Telinha","Tempo estimado de leitura":"1 minuto"},"schema":{"@context":"https:\/\/schema.org","@graph":[{"@type":"Article","@id":"https:\/\/portaltela.pt\/noticias\/2026\/03\/01\/afeganistao-acusa-paquistao-de-bombardear-campos-de-refugiados\/#article","isPartOf":{"@id":"https:\/\/portaltela.pt\/noticias\/2026\/03\/01\/afeganistao-acusa-paquistao-de-bombardear-campos-de-refugiados\/"},"author":{"name":"Telinha","@id":"https:\/\/portaltela.pt\/#\/schema\/person\/c4278d4a6028830caff9ee44b42d32ed"},"headline":"Afeganist\u00e3o acusa Paquist\u00e3o de bombardear campos de refugiados","datePublished":"2026-03-01T07:27:00+00:00","mainEntityOfPage":{"@id":"https:\/\/portaltela.pt\/noticias\/2026\/03\/01\/afeganistao-acusa-paquistao-de-bombardear-campos-de-refugiados\/"},"wordCount":136,"image":{"@id":"https:\/\/portaltela.pt\/noticias\/2026\/03\/01\/afeganistao-acusa-paquistao-de-bombardear-campos-de-refugiados\/#primaryimage"},"thumbnailUrl":"https:\/\/portaltela.pt\/s.01k8rhncp4jt1\/2026\/03\/CACHE_780X1200_ANALOG_WATERMARKED_46659784_371209822118477.jpg","keywords":["Afeganist\u00e3o","conflito","conflitos internacionais","Fronteira","Paquist\u00e3o","refugiados internos"],"articleSection":["Not\u00edcias","Pol\u00edtica"],"inLanguage":"pt-PT"},{"@type":"WebPage","@id":"https:\/\/portaltela.pt\/noticias\/2026\/03\/01\/afeganistao-acusa-paquistao-de-bombardear-campos-de-refugiados\/","url":"https:\/\/portaltela.pt\/noticias\/2026\/03\/01\/afeganistao-acusa-paquistao-de-bombardear-campos-de-refugiados\/","name":"Afeganist\u00e3o acusa Paquist\u00e3o de bombardear campos de refugiados - Portal Tela Portugal","isPartOf":{"@id":"https:\/\/portaltela.pt\/#website"},"primaryImageOfPage":{"@id":"https:\/\/portaltela.pt\/noticias\/2026\/03\/01\/afeganistao-acusa-paquistao-de-bombardear-campos-de-refugiados\/#primaryimage"},"image":{"@id":"https:\/\/portaltela.pt\/noticias\/2026\/03\/01\/afeganistao-acusa-paquistao-de-bombardear-campos-de-refugiados\/#primaryimage"},"thumbnailUrl":"https:\/\/portaltela.pt\/s.01k8rhncp4jt1\/2026\/03\/CACHE_780X1200_ANALOG_WATERMARKED_46659784_371209822118477.jpg","datePublished":"2026-03-01T07:27:00+00:00","author":{"@id":"https:\/\/portaltela.pt\/#\/schema\/person\/c4278d4a6028830caff9ee44b42d32ed"},"breadcrumb":{"@id":"https:\/\/portaltela.pt\/noticias\/2026\/03\/01\/afeganistao-acusa-paquistao-de-bombardear-campos-de-refugiados\/#breadcrumb"},"inLanguage":"pt-PT","potentialAction":[{"@type":"ReadAction","target":["https:\/\/portaltela.pt\/noticias\/2026\/03\/01\/afeganistao-acusa-paquistao-de-bombardear-campos-de-refugiados\/"]}]},{"@type":"ImageObject","inLanguage":"pt-PT","@id":"https:\/\/portaltela.pt\/noticias\/2026\/03\/01\/afeganistao-acusa-paquistao-de-bombardear-campos-de-refugiados\/#primaryimage","url":"https:\/\/portaltela.pt\/s.01k8rhncp4jt1\/2026\/03\/CACHE_780X1200_ANALOG_WATERMARKED_46659784_371209822118477.jpg","contentUrl":"https:\/\/portaltela.pt\/s.01k8rhncp4jt1\/2026\/03\/CACHE_780X1200_ANALOG_WATERMARKED_46659784_371209822118477.jpg","width":796,"height":448,"caption":"Photo"},{"@type":"BreadcrumbList","@id":"https:\/\/portaltela.pt\/noticias\/2026\/03\/01\/afeganistao-acusa-paquistao-de-bombardear-campos-de-refugiados\/#breadcrumb","itemListElement":[{"@type":"ListItem","position":1,"name":"In\u00edcio","item":"https:\/\/portaltela.pt\/"},{"@type":"ListItem","position":2,"name":"Afeganist\u00e3o acusa Paquist\u00e3o de bombardear campos de refugiados"}]},{"@type":"WebSite","@id":"https:\/\/portaltela.pt\/#website","url":"https:\/\/portaltela.pt\/","name":"Portal Tela Portugal","description":"","potentialAction":[{"@type":"SearchAction","target":{"@type":"EntryPoint","urlTemplate":"https:\/\/portaltela.pt\/?s={search_term_string}"},"query-input":{"@type":"PropertyValueSpecification","valueRequired":true,"valueName":"search_term_string"}}],"inLanguage":"pt-PT"},{"@type":"Person","@id":"https:\/\/portaltela.pt\/#\/schema\/person\/c4278d4a6028830caff9ee44b42d32ed","name":"Telinha","image":{"@type":"ImageObject","inLanguage":"pt-PT","@id":"https:\/\/portaltela.pt\/s.01k8rhncp4jt1\/2025\/11\/talking-bot-125x125.png","url":"https:\/\/portaltela.pt\/s.01k8rhncp4jt1\/2025\/11\/talking-bot-125x125.png","contentUrl":"https:\/\/portaltela.pt\/s.01k8rhncp4jt1\/2025\/11\/talking-bot-125x125.png","caption":"Telinha"},"sameAs":["https:\/\/portaltela.pt\/"],"url":"https:\/\/portaltela.pt\/por\/367410592786\/"}]}},"_links":{"self":[{"href":"https:\/\/portaltela.pt\/api\/wp\/v2\/posts\/392999","targetHints":{"allow":["GET"]}}],"collection":[{"href":"https:\/\/portaltela.pt\/api\/wp\/v2\/posts"}],"about":[{"href":"https:\/\/portaltela.pt\/api\/wp\/v2\/types\/post"}],"author":[{"embeddable":true,"href":"https:\/\/portaltela.pt\/api\/wp\/v2\/users\/2"}],"replies":[{"embeddable":true,"href":"https:\/\/portaltela.pt\/api\/wp\/v2\/comments?post=392999"}],"version-history":[{"count":0,"href":"https:\/\/portaltela.pt\/api\/wp\/v2\/posts\/392999\/revisions"}],"wp:featuredmedia":[{"embeddable":true,"href":"https:\/\/portaltela.pt\/api\/wp\/v2\/media\/393007"}],"wp:attachment":[{"href":"https:\/\/portaltela.pt\/api\/wp\/v2\/media?parent=392999"}],"wp:term":[{"taxonomy":"category","embeddable":true,"href":"https:\/\/portaltela.pt\/api\/wp\/v2\/categories?post=392999"},{"taxonomy":"post_tag","embeddable":true,"href":"https:\/\/portaltela.pt\/api\/wp\/v2\/tags?post=392999"}],"curies":[{"name":"wp","href":"https:\/\/api.w.org\/{rel}","templated":true}]}}