{"id":392982,"date":"2026-03-01T06:39:35","date_gmt":"2026-03-01T09:39:35","guid":{"rendered":"https:\/\/portaltela.pt\/noticias\/2026\/03\/01\/homem-detido-em-coruche-com-arsenal-de-armas-proibidas\/"},"modified":"2026-03-01T06:39:35","modified_gmt":"2026-03-01T09:39:35","slug":"homem-detido-em-coruche-com-arsenal-de-armas-proibidas","status":"publish","type":"post","link":"https:\/\/portaltela.pt\/noticias\/2026\/03\/01\/homem-detido-em-coruche-com-arsenal-de-armas-proibidas\/","title":{"rendered":"Homem detido em Coruche com arsenal de armas proibidas"},"content":{"rendered":"<p>Um homem de 51 anos foi detido em Coruche, no distrito de Santar\u00e9m, por posse de mais de duas dezenas de armas proibidas. A deten\u00e7\u00e3o ocorreu no \u00e2mbito de uma investiga\u00e7\u00e3o de viol\u00eancia dom\u00e9stica.<\/p>\n<p>A a\u00e7\u00e3o decorreu durante uma busca domicili\u00e1ria realizada por agentes do Posto Territorial de Coruche, no \u00e2mbito do processo em curso.<\/p>\n<p>No local, as autoridades apreenderam seis rev\u00f3lveres de v\u00e1rios calibres, seis armas de ar comprimido, tr\u00eas mosquetes, duas pistolas, al\u00e9m de machados, navalha, katana, sabre, matraca, bast\u00e3o, arco, 25 flechas e 107 muni\u00e7\u00f5es de diferentes calibres.<\/p>\n<p>O detido foi constitu\u00eddo arguido e os factos foram comunicados ao Tribunal Judicial de Santar\u00e9m, que fica respons\u00e1vel pela coordena\u00e7\u00e3o do processo.<\/p>\n","protected":false},"excerpt":{"rendered":"<ul>\n<li>Um homem de 51 anos foi detido no concelho de Coruche, distrito de Santar\u00e9m, por posse de mais de duas dezenas de armas proibidas.<\/li>\n<li>A deten\u00e7\u00e3o ocorreu durante uma investiga\u00e7\u00e3o de viol\u00eancia dom\u00e9stica, com busca domicili\u00e1ria pelo Posto Territorial de Coruche.<\/li>\n<li>Foram apreendidas seis rev\u00f3lveres de v\u00e1rios calibres, seis armas de ar comprimido, tr\u00eas mosquetes, duas pistolas, duas armas brancas e diversas pe\u00e7as de armamento.<\/li>\n<li>A opera\u00e7\u00e3o incluiu ainda uma navalha de ponta e mola, uma catana, um sabre, uma matraca, um bast\u00e3o, um arco, 25 flechas e 107 muni\u00e7\u00f5es de diferentes calibres.<\/li>\n<li>O detido ficou constitu\u00eddo arguido e os factos foram comunicados ao Tribunal Judicial de Santar\u00e9m.<\/li>\n<\/ul>\n","protected":false},"author":2,"featured_media":392987,"comment_status":"closed","ping_status":"closed","sticky":false,"template":"","format":"standard","meta":{"footnotes":""},"categories":[1],"tags":[124,3547,4127,4139,215,214],"class_list":["post-392982","post","type-post","status-publish","format-standard","has-post-thumbnail","hentry","category-noticias","tag-arma-de-fogo","tag-armas-proibidas","tag-coruche","tag-detencao","tag-investigacao","tag-violencia-domestica"],"yoast_head":"<!-- This site is optimized with the Yoast SEO plugin v27.2 - https:\/\/yoast.com\/product\/yoast-seo-wordpress\/ -->\n<title>Homem detido em Coruche com arsenal de armas proibidas - Portal Tela Portugal<\/title>\n<meta name=\"robots\" content=\"index, follow, max-snippet:-1, max-image-preview:large, max-video-preview:-1\" \/>\n<meta property=\"og:locale\" content=\"pt_PT\" \/>\n<meta property=\"og:type\" content=\"article\" \/>\n<meta property=\"og:title\" content=\"Homem detido em Coruche com arsenal de armas proibidas - Portal Tela Portugal\" \/>\n<meta property=\"og:description\" content=\"Um homem de 51 anos foi detido no concelho de Coruche, distrito de Santar\u00e9m, por posse de mais de duas dezenas de armas proibidas. A deten\u00e7\u00e3o ocorreu durante uma investiga\u00e7\u00e3o de viol\u00eancia dom\u00e9stica, com busca domicili\u00e1ria pelo Posto Territorial de Coruche. Foram apreendidas seis rev\u00f3lveres de v\u00e1rios calibres, seis armas de ar comprimido, tr\u00eas mosquetes, duas pistolas, duas armas brancas e diversas pe\u00e7as de armamento. A opera\u00e7\u00e3o incluiu ainda uma navalha de ponta e mola, uma catana, um sabre, uma matraca, um bast\u00e3o, um arco, 25 flechas e 107 muni\u00e7\u00f5es de diferentes calibres. O detido ficou constitu\u00eddo arguido e os factos foram comunicados ao Tribunal Judicial de Santar\u00e9m.\" \/>\n<meta property=\"og:url\" content=\"https:\/\/portaltela.pt\/noticias\/2026\/03\/01\/homem-detido-em-coruche-com-arsenal-de-armas-proibidas\/\" \/>\n<meta property=\"og:site_name\" content=\"Portal Tela Portugal\" \/>\n<meta property=\"article:published_time\" content=\"2026-03-01T09:39:35+00:00\" \/>\n<meta name=\"author\" content=\"Telinha\" \/>\n<meta name=\"twitter:card\" content=\"summary_large_image\" \/>\n<meta name=\"twitter:label1\" content=\"Escrito por\" \/>\n\t<meta name=\"twitter:data1\" content=\"Telinha\" \/>\n\t<meta name=\"twitter:label2\" content=\"Tempo estimado de leitura\" \/>\n\t<meta name=\"twitter:data2\" content=\"1 minuto\" \/>\n<script type=\"application\/ld+json\" class=\"yoast-schema-graph\">{\"@context\":\"https:\/\/schema.org\",\"@graph\":[{\"@type\":\"Article\",\"@id\":\"https:\/\/portaltela.pt\/noticias\/2026\/03\/01\/homem-detido-em-coruche-com-arsenal-de-armas-proibidas\/#article\",\"isPartOf\":{\"@id\":\"https:\/\/portaltela.pt\/noticias\/2026\/03\/01\/homem-detido-em-coruche-com-arsenal-de-armas-proibidas\/\"},\"author\":{\"name\":\"Telinha\",\"@id\":\"https:\/\/portaltela.pt\/#\/schema\/person\/c4278d4a6028830caff9ee44b42d32ed\"},\"headline\":\"Homem detido em Coruche com arsenal de armas proibidas\",\"datePublished\":\"2026-03-01T09:39:35+00:00\",\"mainEntityOfPage\":{\"@id\":\"https:\/\/portaltela.pt\/noticias\/2026\/03\/01\/homem-detido-em-coruche-com-arsenal-de-armas-proibidas\/\"},\"wordCount\":136,\"image\":{\"@id\":\"https:\/\/portaltela.pt\/noticias\/2026\/03\/01\/homem-detido-em-coruche-com-arsenal-de-armas-proibidas\/#primaryimage\"},\"thumbnailUrl\":\"https:\/\/portaltela.pt\/s.01k8rhncp4jt1\/2026\/03\/img_1500x1000uu2022-12-05-20-31-24-1222381.jpg\",\"keywords\":[\"arma de fogo\",\"armas proibidas\",\"Coruche\",\"deten\u00e7\u00e3o\",\"investiga\u00e7\u00e3o\",\"viol\u00eancia dom\u00e9stica\"],\"articleSection\":[\"Not\u00edcias\"],\"inLanguage\":\"pt-PT\"},{\"@type\":\"WebPage\",\"@id\":\"https:\/\/portaltela.pt\/noticias\/2026\/03\/01\/homem-detido-em-coruche-com-arsenal-de-armas-proibidas\/\",\"url\":\"https:\/\/portaltela.pt\/noticias\/2026\/03\/01\/homem-detido-em-coruche-com-arsenal-de-armas-proibidas\/\",\"name\":\"Homem detido em Coruche com arsenal de armas proibidas - Portal Tela Portugal\",\"isPartOf\":{\"@id\":\"https:\/\/portaltela.pt\/#website\"},\"primaryImageOfPage\":{\"@id\":\"https:\/\/portaltela.pt\/noticias\/2026\/03\/01\/homem-detido-em-coruche-com-arsenal-de-armas-proibidas\/#primaryimage\"},\"image\":{\"@id\":\"https:\/\/portaltela.pt\/noticias\/2026\/03\/01\/homem-detido-em-coruche-com-arsenal-de-armas-proibidas\/#primaryimage\"},\"thumbnailUrl\":\"https:\/\/portaltela.pt\/s.01k8rhncp4jt1\/2026\/03\/img_1500x1000uu2022-12-05-20-31-24-1222381.jpg\",\"datePublished\":\"2026-03-01T09:39:35+00:00\",\"author\":{\"@id\":\"https:\/\/portaltela.pt\/#\/schema\/person\/c4278d4a6028830caff9ee44b42d32ed\"},\"breadcrumb\":{\"@id\":\"https:\/\/portaltela.pt\/noticias\/2026\/03\/01\/homem-detido-em-coruche-com-arsenal-de-armas-proibidas\/#breadcrumb\"},\"inLanguage\":\"pt-PT\",\"potentialAction\":[{\"@type\":\"ReadAction\",\"target\":[\"https:\/\/portaltela.pt\/noticias\/2026\/03\/01\/homem-detido-em-coruche-com-arsenal-de-armas-proibidas\/\"]}]},{\"@type\":\"ImageObject\",\"inLanguage\":\"pt-PT\",\"@id\":\"https:\/\/portaltela.pt\/noticias\/2026\/03\/01\/homem-detido-em-coruche-com-arsenal-de-armas-proibidas\/#primaryimage\",\"url\":\"https:\/\/portaltela.pt\/s.01k8rhncp4jt1\/2026\/03\/img_1500x1000uu2022-12-05-20-31-24-1222381.jpg\",\"contentUrl\":\"https:\/\/portaltela.pt\/s.01k8rhncp4jt1\/2026\/03\/img_1500x1000uu2022-12-05-20-31-24-1222381.jpg\",\"width\":796,\"height\":448,\"caption\":\"GNR\"},{\"@type\":\"BreadcrumbList\",\"@id\":\"https:\/\/portaltela.pt\/noticias\/2026\/03\/01\/homem-detido-em-coruche-com-arsenal-de-armas-proibidas\/#breadcrumb\",\"itemListElement\":[{\"@type\":\"ListItem\",\"position\":1,\"name\":\"In\u00edcio\",\"item\":\"https:\/\/portaltela.pt\/\"},{\"@type\":\"ListItem\",\"position\":2,\"name\":\"Homem detido em Coruche com arsenal de armas proibidas\"}]},{\"@type\":\"WebSite\",\"@id\":\"https:\/\/portaltela.pt\/#website\",\"url\":\"https:\/\/portaltela.pt\/\",\"name\":\"Portal Tela Portugal\",\"description\":\"\",\"potentialAction\":[{\"@type\":\"SearchAction\",\"target\":{\"@type\":\"EntryPoint\",\"urlTemplate\":\"https:\/\/portaltela.pt\/?s={search_term_string}\"},\"query-input\":{\"@type\":\"PropertyValueSpecification\",\"valueRequired\":true,\"valueName\":\"search_term_string\"}}],\"inLanguage\":\"pt-PT\"},{\"@type\":\"Person\",\"@id\":\"https:\/\/portaltela.pt\/#\/schema\/person\/c4278d4a6028830caff9ee44b42d32ed\",\"name\":\"Telinha\",\"image\":{\"@type\":\"ImageObject\",\"inLanguage\":\"pt-PT\",\"@id\":\"https:\/\/portaltela.pt\/s.01k8rhncp4jt1\/2025\/11\/talking-bot-125x125.png\",\"url\":\"https:\/\/portaltela.pt\/s.01k8rhncp4jt1\/2025\/11\/talking-bot-125x125.png\",\"contentUrl\":\"https:\/\/portaltela.pt\/s.01k8rhncp4jt1\/2025\/11\/talking-bot-125x125.png\",\"caption\":\"Telinha\"},\"sameAs\":[\"https:\/\/portaltela.pt\/\"],\"url\":\"https:\/\/portaltela.pt\/por\/367410592786\/\"}]}<\/script>\n<!-- \/ Yoast SEO plugin. -->","yoast_head_json":{"title":"Homem detido em Coruche com arsenal de armas proibidas - Portal Tela Portugal","robots":{"index":"index","follow":"follow","max-snippet":"max-snippet:-1","max-image-preview":"max-image-preview:large","max-video-preview":"max-video-preview:-1"},"og_locale":"pt_PT","og_type":"article","og_title":"Homem detido em Coruche com arsenal de armas proibidas - Portal Tela Portugal","og_description":"Um homem de 51 anos foi detido no concelho de Coruche, distrito de Santar\u00e9m, por posse de mais de duas dezenas de armas proibidas. A deten\u00e7\u00e3o ocorreu durante uma investiga\u00e7\u00e3o de viol\u00eancia dom\u00e9stica, com busca domicili\u00e1ria pelo Posto Territorial de Coruche. Foram apreendidas seis rev\u00f3lveres de v\u00e1rios calibres, seis armas de ar comprimido, tr\u00eas mosquetes, duas pistolas, duas armas brancas e diversas pe\u00e7as de armamento. A opera\u00e7\u00e3o incluiu ainda uma navalha de ponta e mola, uma catana, um sabre, uma matraca, um bast\u00e3o, um arco, 25 flechas e 107 muni\u00e7\u00f5es de diferentes calibres. O detido ficou constitu\u00eddo arguido e os factos foram comunicados ao Tribunal Judicial de Santar\u00e9m.","og_url":"https:\/\/portaltela.pt\/noticias\/2026\/03\/01\/homem-detido-em-coruche-com-arsenal-de-armas-proibidas\/","og_site_name":"Portal Tela Portugal","article_published_time":"2026-03-01T09:39:35+00:00","author":"Telinha","twitter_card":"summary_large_image","twitter_misc":{"Escrito por":"Telinha","Tempo estimado de leitura":"1 minuto"},"schema":{"@context":"https:\/\/schema.org","@graph":[{"@type":"Article","@id":"https:\/\/portaltela.pt\/noticias\/2026\/03\/01\/homem-detido-em-coruche-com-arsenal-de-armas-proibidas\/#article","isPartOf":{"@id":"https:\/\/portaltela.pt\/noticias\/2026\/03\/01\/homem-detido-em-coruche-com-arsenal-de-armas-proibidas\/"},"author":{"name":"Telinha","@id":"https:\/\/portaltela.pt\/#\/schema\/person\/c4278d4a6028830caff9ee44b42d32ed"},"headline":"Homem detido em Coruche com arsenal de armas proibidas","datePublished":"2026-03-01T09:39:35+00:00","mainEntityOfPage":{"@id":"https:\/\/portaltela.pt\/noticias\/2026\/03\/01\/homem-detido-em-coruche-com-arsenal-de-armas-proibidas\/"},"wordCount":136,"image":{"@id":"https:\/\/portaltela.pt\/noticias\/2026\/03\/01\/homem-detido-em-coruche-com-arsenal-de-armas-proibidas\/#primaryimage"},"thumbnailUrl":"https:\/\/portaltela.pt\/s.01k8rhncp4jt1\/2026\/03\/img_1500x1000uu2022-12-05-20-31-24-1222381.jpg","keywords":["arma de fogo","armas proibidas","Coruche","deten\u00e7\u00e3o","investiga\u00e7\u00e3o","viol\u00eancia dom\u00e9stica"],"articleSection":["Not\u00edcias"],"inLanguage":"pt-PT"},{"@type":"WebPage","@id":"https:\/\/portaltela.pt\/noticias\/2026\/03\/01\/homem-detido-em-coruche-com-arsenal-de-armas-proibidas\/","url":"https:\/\/portaltela.pt\/noticias\/2026\/03\/01\/homem-detido-em-coruche-com-arsenal-de-armas-proibidas\/","name":"Homem detido em Coruche com arsenal de armas proibidas - Portal Tela Portugal","isPartOf":{"@id":"https:\/\/portaltela.pt\/#website"},"primaryImageOfPage":{"@id":"https:\/\/portaltela.pt\/noticias\/2026\/03\/01\/homem-detido-em-coruche-com-arsenal-de-armas-proibidas\/#primaryimage"},"image":{"@id":"https:\/\/portaltela.pt\/noticias\/2026\/03\/01\/homem-detido-em-coruche-com-arsenal-de-armas-proibidas\/#primaryimage"},"thumbnailUrl":"https:\/\/portaltela.pt\/s.01k8rhncp4jt1\/2026\/03\/img_1500x1000uu2022-12-05-20-31-24-1222381.jpg","datePublished":"2026-03-01T09:39:35+00:00","author":{"@id":"https:\/\/portaltela.pt\/#\/schema\/person\/c4278d4a6028830caff9ee44b42d32ed"},"breadcrumb":{"@id":"https:\/\/portaltela.pt\/noticias\/2026\/03\/01\/homem-detido-em-coruche-com-arsenal-de-armas-proibidas\/#breadcrumb"},"inLanguage":"pt-PT","potentialAction":[{"@type":"ReadAction","target":["https:\/\/portaltela.pt\/noticias\/2026\/03\/01\/homem-detido-em-coruche-com-arsenal-de-armas-proibidas\/"]}]},{"@type":"ImageObject","inLanguage":"pt-PT","@id":"https:\/\/portaltela.pt\/noticias\/2026\/03\/01\/homem-detido-em-coruche-com-arsenal-de-armas-proibidas\/#primaryimage","url":"https:\/\/portaltela.pt\/s.01k8rhncp4jt1\/2026\/03\/img_1500x1000uu2022-12-05-20-31-24-1222381.jpg","contentUrl":"https:\/\/portaltela.pt\/s.01k8rhncp4jt1\/2026\/03\/img_1500x1000uu2022-12-05-20-31-24-1222381.jpg","width":796,"height":448,"caption":"GNR"},{"@type":"BreadcrumbList","@id":"https:\/\/portaltela.pt\/noticias\/2026\/03\/01\/homem-detido-em-coruche-com-arsenal-de-armas-proibidas\/#breadcrumb","itemListElement":[{"@type":"ListItem","position":1,"name":"In\u00edcio","item":"https:\/\/portaltela.pt\/"},{"@type":"ListItem","position":2,"name":"Homem detido em Coruche com arsenal de armas proibidas"}]},{"@type":"WebSite","@id":"https:\/\/portaltela.pt\/#website","url":"https:\/\/portaltela.pt\/","name":"Portal Tela Portugal","description":"","potentialAction":[{"@type":"SearchAction","target":{"@type":"EntryPoint","urlTemplate":"https:\/\/portaltela.pt\/?s={search_term_string}"},"query-input":{"@type":"PropertyValueSpecification","valueRequired":true,"valueName":"search_term_string"}}],"inLanguage":"pt-PT"},{"@type":"Person","@id":"https:\/\/portaltela.pt\/#\/schema\/person\/c4278d4a6028830caff9ee44b42d32ed","name":"Telinha","image":{"@type":"ImageObject","inLanguage":"pt-PT","@id":"https:\/\/portaltela.pt\/s.01k8rhncp4jt1\/2025\/11\/talking-bot-125x125.png","url":"https:\/\/portaltela.pt\/s.01k8rhncp4jt1\/2025\/11\/talking-bot-125x125.png","contentUrl":"https:\/\/portaltela.pt\/s.01k8rhncp4jt1\/2025\/11\/talking-bot-125x125.png","caption":"Telinha"},"sameAs":["https:\/\/portaltela.pt\/"],"url":"https:\/\/portaltela.pt\/por\/367410592786\/"}]}},"_links":{"self":[{"href":"https:\/\/portaltela.pt\/api\/wp\/v2\/posts\/392982","targetHints":{"allow":["GET"]}}],"collection":[{"href":"https:\/\/portaltela.pt\/api\/wp\/v2\/posts"}],"about":[{"href":"https:\/\/portaltela.pt\/api\/wp\/v2\/types\/post"}],"author":[{"embeddable":true,"href":"https:\/\/portaltela.pt\/api\/wp\/v2\/users\/2"}],"replies":[{"embeddable":true,"href":"https:\/\/portaltela.pt\/api\/wp\/v2\/comments?post=392982"}],"version-history":[{"count":0,"href":"https:\/\/portaltela.pt\/api\/wp\/v2\/posts\/392982\/revisions"}],"wp:featuredmedia":[{"embeddable":true,"href":"https:\/\/portaltela.pt\/api\/wp\/v2\/media\/392987"}],"wp:attachment":[{"href":"https:\/\/portaltela.pt\/api\/wp\/v2\/media?parent=392982"}],"wp:term":[{"taxonomy":"category","embeddable":true,"href":"https:\/\/portaltela.pt\/api\/wp\/v2\/categories?post=392982"},{"taxonomy":"post_tag","embeddable":true,"href":"https:\/\/portaltela.pt\/api\/wp\/v2\/tags?post=392982"}],"curies":[{"name":"wp","href":"https:\/\/api.w.org\/{rel}","templated":true}]}}