{"id":392974,"date":"2026-03-01T06:29:19","date_gmt":"2026-03-01T09:29:19","guid":{"rendered":"https:\/\/portaltela.pt\/noticias\/2026\/03\/01\/penafiel-inaugura-memorial-em-honra-as-vitimas-da-tragedia-de-entre-os-rios\/"},"modified":"2026-03-01T06:29:19","modified_gmt":"2026-03-01T09:29:19","slug":"penafiel-inaugura-memorial-em-honra-as-vitimas-da-tragedia-de-entre-os-rios","status":"publish","type":"post","link":"https:\/\/portaltela.pt\/noticias\/2026\/03\/01\/penafiel-inaugura-memorial-em-honra-as-vitimas-da-tragedia-de-entre-os-rios\/","title":{"rendered":"Penafiel inaugura memorial em honra \u00e0s v\u00edtimas da trag\u00e9dia de Entre-os-Rios"},"content":{"rendered":"<p>O munic\u00edpio de Penafiel vai inaugurar, na quarta-feira, um memorial em Entre-os-Rios para homenagear as v\u00edtimas da trag\u00e9dia da ponte Hintze Ribeiro, ocorrida a 4 de mar\u00e7o de 2001. Um total de 59 pessoas perdeu a vida nessa noite, numa queda de ponte para o Douro. Entre as v\u00edtimas estavam 54 residentes em Castelo de Paiva, duas em Gondomar, duas em Cinf\u00e3es e uma em Penafiel.<\/p>\n<p>A iniciativa est\u00e1 a cargo da C\u00e2mara Municipal de Penafiel, presidida por Pedro Cepeda. O autarca destaca que o memorial visa valorizar tamb\u00e9m as v\u00edtimas do pr\u00f3prio concelho de Penafiel, lembrando o impacto da trag\u00e9dia no territ\u00f3rio. Cepeda assume o seu primeiro mandato \u00e0 frente da autarquia.<\/p>\n<p>O monumento, criado por um arquiteto da autarquia, contar\u00e1 com uma placa que lista as entidades envolvidas nas opera\u00e7\u00f5es de socorro e resgate, incluindo a Marinha, a Guarda Nacional Republicana, os bombeiros, as for\u00e7as armadas e o Instituto Nacional de Emerg\u00eancia M\u00e9dica. A obra \u00e9 apresentada como uma pe\u00e7a de mem\u00f3ria coletiva.<\/p>\n<p>Cepeda sublinha que o memorial n\u00e3o compete com o Anjo de Portugal, a escultura instalada em Castelo de Paiva. A pe\u00e7a penafidelense pretende, sobretudo, melhorar a visibilidade da est\u00e1tua situada na outra margem do Douro, proporcionado pela localiza\u00e7\u00e3o do memorial.<\/p>\n<p>O cen\u00e1rio da trag\u00e9dia ficou marcado pela queda da Ponte Hintze Ribeiro, que ligava Entre-os-Rios (Penafiel) a Castelo de Paiva. O autocarro com 53 passageiros e tr\u00eas autom\u00f3veis com seis ocupantes entraram nas \u00e1guas do Douro e n\u00e3o houve sobreviventes. O esplendor de Castelo de Paiva j\u00e1 tem, desde 2003, o monumento \u201cAnjo de Portugal\u201d, com os nomes das 59 v\u00edtimas.<\/p>\n","protected":false},"excerpt":{"rendered":"<ul>\n<li>Penafiel vai inaugurar, nesta quarta-feira, um memorial em Entre-os-Rios para homenagear as 59 v\u00edtimas da trag\u00e9dia da ponte Hintze Ribeiro, 25 anos depois.<\/li>\n<li>O presidente da C\u00e2mara de Penafiel, Pedro Cepeda, disse que o memorial pretende valorizar tamb\u00e9m as v\u00edtimas do lado de Penafiel e reconhecer os profissionais de socorro.<\/li>\n<li>O monumento, desenhado por um arquiteto da autarquia, ter\u00e1 uma placa com as entidades envolvidas nas opera\u00e7\u00f5es de socorro, incluindo Marinha, Guarda Nacional Republicana, bombeiros, Ex\u00e9rcito e Instituto Nacional de Emerg\u00eancia M\u00e9dica.<\/li>\n<li>Cepeda afirmou que o memorial n\u00e3o \u00e9 concorrencial com o Anjo de Portugal, e visa apenas melhorar a visibilidade da escultura na outra margem do Douro.<\/li>\n<li>A ponte colapsou na noite de quatro de mar\u00e7o de 2001, n\u00e3o houve sobreviventes, e em Castelo de Paiva j\u00e1 existe o monumento Anjo de Portugal com os nomes das 59 v\u00edtimas.<\/li>\n<\/ul>\n","protected":false},"author":2,"featured_media":392979,"comment_status":"closed","ping_status":"closed","sticky":false,"template":"","format":"standard","meta":{"footnotes":""},"categories":[1],"tags":[5680,1194,1398,4298,1993,1014],"class_list":["post-392974","post","type-post","status-publish","format-standard","has-post-thumbnail","hentry","category-noticias","tag-castelo-de-paiva","tag-douro","tag-guarda-nacional-republicana","tag-marinha","tag-penafiel","tag-portugal"],"yoast_head":"<!-- This site is optimized with the Yoast SEO plugin v27.2 - https:\/\/yoast.com\/product\/yoast-seo-wordpress\/ -->\n<title>Penafiel inaugura memorial em honra \u00e0s v\u00edtimas da trag\u00e9dia de Entre-os-Rios - Portal Tela Portugal<\/title>\n<meta name=\"robots\" content=\"index, follow, max-snippet:-1, max-image-preview:large, max-video-preview:-1\" \/>\n<meta property=\"og:locale\" content=\"pt_PT\" \/>\n<meta property=\"og:type\" content=\"article\" \/>\n<meta property=\"og:title\" content=\"Penafiel inaugura memorial em honra \u00e0s v\u00edtimas da trag\u00e9dia de Entre-os-Rios - Portal Tela Portugal\" \/>\n<meta property=\"og:description\" content=\"Penafiel vai inaugurar, nesta quarta-feira, um memorial em Entre-os-Rios para homenagear as 59 v\u00edtimas da trag\u00e9dia da ponte Hintze Ribeiro, 25 anos depois. O presidente da C\u00e2mara de Penafiel, Pedro Cepeda, disse que o memorial pretende valorizar tamb\u00e9m as v\u00edtimas do lado de Penafiel e reconhecer os profissionais de socorro. O monumento, desenhado por um arquiteto da autarquia, ter\u00e1 uma placa com as entidades envolvidas nas opera\u00e7\u00f5es de socorro, incluindo Marinha, Guarda Nacional Republicana, bombeiros, Ex\u00e9rcito e Instituto Nacional de Emerg\u00eancia M\u00e9dica. Cepeda afirmou que o memorial n\u00e3o \u00e9 concorrencial com o Anjo de Portugal, e visa apenas melhorar a visibilidade da escultura na outra margem do Douro. A ponte colapsou na noite de quatro de mar\u00e7o de 2001, n\u00e3o houve sobreviventes, e em Castelo de Paiva j\u00e1 existe o monumento Anjo de Portugal com os nomes das 59 v\u00edtimas.\" \/>\n<meta property=\"og:url\" content=\"https:\/\/portaltela.pt\/noticias\/2026\/03\/01\/penafiel-inaugura-memorial-em-honra-as-vitimas-da-tragedia-de-entre-os-rios\/\" \/>\n<meta property=\"og:site_name\" content=\"Portal Tela Portugal\" \/>\n<meta property=\"article:published_time\" content=\"2026-03-01T09:29:19+00:00\" \/>\n<meta name=\"author\" content=\"Telinha\" \/>\n<meta name=\"twitter:card\" content=\"summary_large_image\" \/>\n<meta name=\"twitter:label1\" content=\"Escrito por\" \/>\n\t<meta name=\"twitter:data1\" content=\"Telinha\" \/>\n\t<meta name=\"twitter:label2\" content=\"Tempo estimado de leitura\" \/>\n\t<meta name=\"twitter:data2\" content=\"1 minuto\" \/>\n<script type=\"application\/ld+json\" class=\"yoast-schema-graph\">{\"@context\":\"https:\/\/schema.org\",\"@graph\":[{\"@type\":\"Article\",\"@id\":\"https:\/\/portaltela.pt\/noticias\/2026\/03\/01\/penafiel-inaugura-memorial-em-honra-as-vitimas-da-tragedia-de-entre-os-rios\/#article\",\"isPartOf\":{\"@id\":\"https:\/\/portaltela.pt\/noticias\/2026\/03\/01\/penafiel-inaugura-memorial-em-honra-as-vitimas-da-tragedia-de-entre-os-rios\/\"},\"author\":{\"name\":\"Telinha\",\"@id\":\"https:\/\/portaltela.pt\/#\/schema\/person\/c4278d4a6028830caff9ee44b42d32ed\"},\"headline\":\"Penafiel inaugura memorial em honra \u00e0s v\u00edtimas da trag\u00e9dia de Entre-os-Rios\",\"datePublished\":\"2026-03-01T09:29:19+00:00\",\"mainEntityOfPage\":{\"@id\":\"https:\/\/portaltela.pt\/noticias\/2026\/03\/01\/penafiel-inaugura-memorial-em-honra-as-vitimas-da-tragedia-de-entre-os-rios\/\"},\"wordCount\":298,\"image\":{\"@id\":\"https:\/\/portaltela.pt\/noticias\/2026\/03\/01\/penafiel-inaugura-memorial-em-honra-as-vitimas-da-tragedia-de-entre-os-rios\/#primaryimage\"},\"thumbnailUrl\":\"https:\/\/portaltela.pt\/s.01k8rhncp4jt1\/2026\/03\/img_1280x721uu2026-03-01-09-29-00-2269707.jpg\",\"keywords\":[\"Castelo de Paiva\",\"Douro\",\"Guarda Nacional Republicana\",\"Marinha\",\"Penafiel\",\"Portugal\"],\"articleSection\":[\"Not\u00edcias\"],\"inLanguage\":\"pt-PT\"},{\"@type\":\"WebPage\",\"@id\":\"https:\/\/portaltela.pt\/noticias\/2026\/03\/01\/penafiel-inaugura-memorial-em-honra-as-vitimas-da-tragedia-de-entre-os-rios\/\",\"url\":\"https:\/\/portaltela.pt\/noticias\/2026\/03\/01\/penafiel-inaugura-memorial-em-honra-as-vitimas-da-tragedia-de-entre-os-rios\/\",\"name\":\"Penafiel inaugura memorial em honra \u00e0s v\u00edtimas da trag\u00e9dia de Entre-os-Rios - Portal Tela Portugal\",\"isPartOf\":{\"@id\":\"https:\/\/portaltela.pt\/#website\"},\"primaryImageOfPage\":{\"@id\":\"https:\/\/portaltela.pt\/noticias\/2026\/03\/01\/penafiel-inaugura-memorial-em-honra-as-vitimas-da-tragedia-de-entre-os-rios\/#primaryimage\"},\"image\":{\"@id\":\"https:\/\/portaltela.pt\/noticias\/2026\/03\/01\/penafiel-inaugura-memorial-em-honra-as-vitimas-da-tragedia-de-entre-os-rios\/#primaryimage\"},\"thumbnailUrl\":\"https:\/\/portaltela.pt\/s.01k8rhncp4jt1\/2026\/03\/img_1280x721uu2026-03-01-09-29-00-2269707.jpg\",\"datePublished\":\"2026-03-01T09:29:19+00:00\",\"author\":{\"@id\":\"https:\/\/portaltela.pt\/#\/schema\/person\/c4278d4a6028830caff9ee44b42d32ed\"},\"breadcrumb\":{\"@id\":\"https:\/\/portaltela.pt\/noticias\/2026\/03\/01\/penafiel-inaugura-memorial-em-honra-as-vitimas-da-tragedia-de-entre-os-rios\/#breadcrumb\"},\"inLanguage\":\"pt-PT\",\"potentialAction\":[{\"@type\":\"ReadAction\",\"target\":[\"https:\/\/portaltela.pt\/noticias\/2026\/03\/01\/penafiel-inaugura-memorial-em-honra-as-vitimas-da-tragedia-de-entre-os-rios\/\"]}]},{\"@type\":\"ImageObject\",\"inLanguage\":\"pt-PT\",\"@id\":\"https:\/\/portaltela.pt\/noticias\/2026\/03\/01\/penafiel-inaugura-memorial-em-honra-as-vitimas-da-tragedia-de-entre-os-rios\/#primaryimage\",\"url\":\"https:\/\/portaltela.pt\/s.01k8rhncp4jt1\/2026\/03\/img_1280x721uu2026-03-01-09-29-00-2269707.jpg\",\"contentUrl\":\"https:\/\/portaltela.pt\/s.01k8rhncp4jt1\/2026\/03\/img_1280x721uu2026-03-01-09-29-00-2269707.jpg\",\"width\":796,\"height\":448,\"caption\":\"Memorial em Penafiel homenageia v\u00edtimas da trag\u00e9dia de Entre-os-Rios\"},{\"@type\":\"BreadcrumbList\",\"@id\":\"https:\/\/portaltela.pt\/noticias\/2026\/03\/01\/penafiel-inaugura-memorial-em-honra-as-vitimas-da-tragedia-de-entre-os-rios\/#breadcrumb\",\"itemListElement\":[{\"@type\":\"ListItem\",\"position\":1,\"name\":\"In\u00edcio\",\"item\":\"https:\/\/portaltela.pt\/\"},{\"@type\":\"ListItem\",\"position\":2,\"name\":\"Penafiel inaugura memorial em honra \u00e0s v\u00edtimas da trag\u00e9dia de Entre-os-Rios\"}]},{\"@type\":\"WebSite\",\"@id\":\"https:\/\/portaltela.pt\/#website\",\"url\":\"https:\/\/portaltela.pt\/\",\"name\":\"Portal Tela Portugal\",\"description\":\"\",\"potentialAction\":[{\"@type\":\"SearchAction\",\"target\":{\"@type\":\"EntryPoint\",\"urlTemplate\":\"https:\/\/portaltela.pt\/?s={search_term_string}\"},\"query-input\":{\"@type\":\"PropertyValueSpecification\",\"valueRequired\":true,\"valueName\":\"search_term_string\"}}],\"inLanguage\":\"pt-PT\"},{\"@type\":\"Person\",\"@id\":\"https:\/\/portaltela.pt\/#\/schema\/person\/c4278d4a6028830caff9ee44b42d32ed\",\"name\":\"Telinha\",\"image\":{\"@type\":\"ImageObject\",\"inLanguage\":\"pt-PT\",\"@id\":\"https:\/\/portaltela.pt\/s.01k8rhncp4jt1\/2025\/11\/talking-bot-125x125.png\",\"url\":\"https:\/\/portaltela.pt\/s.01k8rhncp4jt1\/2025\/11\/talking-bot-125x125.png\",\"contentUrl\":\"https:\/\/portaltela.pt\/s.01k8rhncp4jt1\/2025\/11\/talking-bot-125x125.png\",\"caption\":\"Telinha\"},\"sameAs\":[\"https:\/\/portaltela.pt\/\"],\"url\":\"https:\/\/portaltela.pt\/por\/367410592786\/\"}]}<\/script>\n<!-- \/ Yoast SEO plugin. -->","yoast_head_json":{"title":"Penafiel inaugura memorial em honra \u00e0s v\u00edtimas da trag\u00e9dia de Entre-os-Rios - Portal Tela Portugal","robots":{"index":"index","follow":"follow","max-snippet":"max-snippet:-1","max-image-preview":"max-image-preview:large","max-video-preview":"max-video-preview:-1"},"og_locale":"pt_PT","og_type":"article","og_title":"Penafiel inaugura memorial em honra \u00e0s v\u00edtimas da trag\u00e9dia de Entre-os-Rios - Portal Tela Portugal","og_description":"Penafiel vai inaugurar, nesta quarta-feira, um memorial em Entre-os-Rios para homenagear as 59 v\u00edtimas da trag\u00e9dia da ponte Hintze Ribeiro, 25 anos depois. O presidente da C\u00e2mara de Penafiel, Pedro Cepeda, disse que o memorial pretende valorizar tamb\u00e9m as v\u00edtimas do lado de Penafiel e reconhecer os profissionais de socorro. O monumento, desenhado por um arquiteto da autarquia, ter\u00e1 uma placa com as entidades envolvidas nas opera\u00e7\u00f5es de socorro, incluindo Marinha, Guarda Nacional Republicana, bombeiros, Ex\u00e9rcito e Instituto Nacional de Emerg\u00eancia M\u00e9dica. Cepeda afirmou que o memorial n\u00e3o \u00e9 concorrencial com o Anjo de Portugal, e visa apenas melhorar a visibilidade da escultura na outra margem do Douro. A ponte colapsou na noite de quatro de mar\u00e7o de 2001, n\u00e3o houve sobreviventes, e em Castelo de Paiva j\u00e1 existe o monumento Anjo de Portugal com os nomes das 59 v\u00edtimas.","og_url":"https:\/\/portaltela.pt\/noticias\/2026\/03\/01\/penafiel-inaugura-memorial-em-honra-as-vitimas-da-tragedia-de-entre-os-rios\/","og_site_name":"Portal Tela Portugal","article_published_time":"2026-03-01T09:29:19+00:00","author":"Telinha","twitter_card":"summary_large_image","twitter_misc":{"Escrito por":"Telinha","Tempo estimado de leitura":"1 minuto"},"schema":{"@context":"https:\/\/schema.org","@graph":[{"@type":"Article","@id":"https:\/\/portaltela.pt\/noticias\/2026\/03\/01\/penafiel-inaugura-memorial-em-honra-as-vitimas-da-tragedia-de-entre-os-rios\/#article","isPartOf":{"@id":"https:\/\/portaltela.pt\/noticias\/2026\/03\/01\/penafiel-inaugura-memorial-em-honra-as-vitimas-da-tragedia-de-entre-os-rios\/"},"author":{"name":"Telinha","@id":"https:\/\/portaltela.pt\/#\/schema\/person\/c4278d4a6028830caff9ee44b42d32ed"},"headline":"Penafiel inaugura memorial em honra \u00e0s v\u00edtimas da trag\u00e9dia de Entre-os-Rios","datePublished":"2026-03-01T09:29:19+00:00","mainEntityOfPage":{"@id":"https:\/\/portaltela.pt\/noticias\/2026\/03\/01\/penafiel-inaugura-memorial-em-honra-as-vitimas-da-tragedia-de-entre-os-rios\/"},"wordCount":298,"image":{"@id":"https:\/\/portaltela.pt\/noticias\/2026\/03\/01\/penafiel-inaugura-memorial-em-honra-as-vitimas-da-tragedia-de-entre-os-rios\/#primaryimage"},"thumbnailUrl":"https:\/\/portaltela.pt\/s.01k8rhncp4jt1\/2026\/03\/img_1280x721uu2026-03-01-09-29-00-2269707.jpg","keywords":["Castelo de Paiva","Douro","Guarda Nacional Republicana","Marinha","Penafiel","Portugal"],"articleSection":["Not\u00edcias"],"inLanguage":"pt-PT"},{"@type":"WebPage","@id":"https:\/\/portaltela.pt\/noticias\/2026\/03\/01\/penafiel-inaugura-memorial-em-honra-as-vitimas-da-tragedia-de-entre-os-rios\/","url":"https:\/\/portaltela.pt\/noticias\/2026\/03\/01\/penafiel-inaugura-memorial-em-honra-as-vitimas-da-tragedia-de-entre-os-rios\/","name":"Penafiel inaugura memorial em honra \u00e0s v\u00edtimas da trag\u00e9dia de Entre-os-Rios - Portal Tela Portugal","isPartOf":{"@id":"https:\/\/portaltela.pt\/#website"},"primaryImageOfPage":{"@id":"https:\/\/portaltela.pt\/noticias\/2026\/03\/01\/penafiel-inaugura-memorial-em-honra-as-vitimas-da-tragedia-de-entre-os-rios\/#primaryimage"},"image":{"@id":"https:\/\/portaltela.pt\/noticias\/2026\/03\/01\/penafiel-inaugura-memorial-em-honra-as-vitimas-da-tragedia-de-entre-os-rios\/#primaryimage"},"thumbnailUrl":"https:\/\/portaltela.pt\/s.01k8rhncp4jt1\/2026\/03\/img_1280x721uu2026-03-01-09-29-00-2269707.jpg","datePublished":"2026-03-01T09:29:19+00:00","author":{"@id":"https:\/\/portaltela.pt\/#\/schema\/person\/c4278d4a6028830caff9ee44b42d32ed"},"breadcrumb":{"@id":"https:\/\/portaltela.pt\/noticias\/2026\/03\/01\/penafiel-inaugura-memorial-em-honra-as-vitimas-da-tragedia-de-entre-os-rios\/#breadcrumb"},"inLanguage":"pt-PT","potentialAction":[{"@type":"ReadAction","target":["https:\/\/portaltela.pt\/noticias\/2026\/03\/01\/penafiel-inaugura-memorial-em-honra-as-vitimas-da-tragedia-de-entre-os-rios\/"]}]},{"@type":"ImageObject","inLanguage":"pt-PT","@id":"https:\/\/portaltela.pt\/noticias\/2026\/03\/01\/penafiel-inaugura-memorial-em-honra-as-vitimas-da-tragedia-de-entre-os-rios\/#primaryimage","url":"https:\/\/portaltela.pt\/s.01k8rhncp4jt1\/2026\/03\/img_1280x721uu2026-03-01-09-29-00-2269707.jpg","contentUrl":"https:\/\/portaltela.pt\/s.01k8rhncp4jt1\/2026\/03\/img_1280x721uu2026-03-01-09-29-00-2269707.jpg","width":796,"height":448,"caption":"Memorial em Penafiel homenageia v\u00edtimas da trag\u00e9dia de Entre-os-Rios"},{"@type":"BreadcrumbList","@id":"https:\/\/portaltela.pt\/noticias\/2026\/03\/01\/penafiel-inaugura-memorial-em-honra-as-vitimas-da-tragedia-de-entre-os-rios\/#breadcrumb","itemListElement":[{"@type":"ListItem","position":1,"name":"In\u00edcio","item":"https:\/\/portaltela.pt\/"},{"@type":"ListItem","position":2,"name":"Penafiel inaugura memorial em honra \u00e0s v\u00edtimas da trag\u00e9dia de Entre-os-Rios"}]},{"@type":"WebSite","@id":"https:\/\/portaltela.pt\/#website","url":"https:\/\/portaltela.pt\/","name":"Portal Tela Portugal","description":"","potentialAction":[{"@type":"SearchAction","target":{"@type":"EntryPoint","urlTemplate":"https:\/\/portaltela.pt\/?s={search_term_string}"},"query-input":{"@type":"PropertyValueSpecification","valueRequired":true,"valueName":"search_term_string"}}],"inLanguage":"pt-PT"},{"@type":"Person","@id":"https:\/\/portaltela.pt\/#\/schema\/person\/c4278d4a6028830caff9ee44b42d32ed","name":"Telinha","image":{"@type":"ImageObject","inLanguage":"pt-PT","@id":"https:\/\/portaltela.pt\/s.01k8rhncp4jt1\/2025\/11\/talking-bot-125x125.png","url":"https:\/\/portaltela.pt\/s.01k8rhncp4jt1\/2025\/11\/talking-bot-125x125.png","contentUrl":"https:\/\/portaltela.pt\/s.01k8rhncp4jt1\/2025\/11\/talking-bot-125x125.png","caption":"Telinha"},"sameAs":["https:\/\/portaltela.pt\/"],"url":"https:\/\/portaltela.pt\/por\/367410592786\/"}]}},"_links":{"self":[{"href":"https:\/\/portaltela.pt\/api\/wp\/v2\/posts\/392974","targetHints":{"allow":["GET"]}}],"collection":[{"href":"https:\/\/portaltela.pt\/api\/wp\/v2\/posts"}],"about":[{"href":"https:\/\/portaltela.pt\/api\/wp\/v2\/types\/post"}],"author":[{"embeddable":true,"href":"https:\/\/portaltela.pt\/api\/wp\/v2\/users\/2"}],"replies":[{"embeddable":true,"href":"https:\/\/portaltela.pt\/api\/wp\/v2\/comments?post=392974"}],"version-history":[{"count":0,"href":"https:\/\/portaltela.pt\/api\/wp\/v2\/posts\/392974\/revisions"}],"wp:featuredmedia":[{"embeddable":true,"href":"https:\/\/portaltela.pt\/api\/wp\/v2\/media\/392979"}],"wp:attachment":[{"href":"https:\/\/portaltela.pt\/api\/wp\/v2\/media?parent=392974"}],"wp:term":[{"taxonomy":"category","embeddable":true,"href":"https:\/\/portaltela.pt\/api\/wp\/v2\/categories?post=392974"},{"taxonomy":"post_tag","embeddable":true,"href":"https:\/\/portaltela.pt\/api\/wp\/v2\/tags?post=392974"}],"curies":[{"name":"wp","href":"https:\/\/api.w.org\/{rel}","templated":true}]}}