{"id":392961,"date":"2026-03-01T05:57:00","date_gmt":"2026-03-01T08:57:00","guid":{"rendered":"https:\/\/portaltela.pt\/noticias\/2026\/03\/01\/reza-pahlavi-herdeiro-exilado-e-visto-como-alternativa-ao-regime-iraniano\/"},"modified":"2026-03-01T05:57:00","modified_gmt":"2026-03-01T08:57:00","slug":"reza-pahlavi-herdeiro-exilado-e-visto-como-alternativa-ao-regime-iraniano","status":"publish","type":"post","link":"https:\/\/portaltela.pt\/noticias\/internacional\/2026\/03\/01\/reza-pahlavi-herdeiro-exilado-e-visto-como-alternativa-ao-regime-iraniano\/","title":{"rendered":"Reza Pahlavi, herdeiro exilado, \u00e9 visto como alternativa ao regime iraniano"},"content":{"rendered":"<p>Ap\u00f3s a morte de Ali Khamenei, surgem discuss\u00f5es sobre uma poss\u00edvel alternativa \u00e0 teocracia iraniana, com Reza Pahlavi a figura-lo entre as op\u00e7\u00f5es. A sua aceita\u00e7\u00e3o n\u00e3o \u00e9 un\u00e2nime entre opositores e analistas.<\/p>\n<p>Pahlavi, exilado, \u00e9 apresentado por alguns como potencial l\u00edder, mas n\u00e3o recebe consenso dentro dos movimentos de oposi\u00e7\u00e3o ao regime. A imagem p\u00fablica do herdeiro persa divide opini\u00f5es entre quem defende mudan\u00e7as r\u00e1pidas e quem prefere reformas graduais.<\/p>\n<p>Imagens de manifestantes iranianos em Los Angeles mostraram cartazes com o rosto de Reza Pahlavi, numa demonstra\u00e7\u00e3o de apoio externo. O facto ilustra a persistente presen\u00e7a de exilados e da di\u00e1spora no debate sobre o futuro pol\u00edtico do Ir\u00e3o.<\/p>\n<p>Contexto pol\u00edtico iraniano<\/p>\n<p>Analistas indicam que as propostas variam entre continuidade institucional e mudan\u00e7a de regime. Entre os opositores, existem diferentes estrat\u00e9gias sobre como pressionar reformas sem aumentar o risco para civis.<\/p>\n<p>Concretamente, o debate envolve quest\u00f5es de legitimidade, legitimidade internacional e viabilidade de governan\u00e7a em caso de transi\u00e7\u00e3o. N\u00e3o h\u00e1, no entanto, consenso p\u00fablico sobre o caminho mais adequado.<\/p>\n","protected":false},"excerpt":{"rendered":"<ul>\n<li>Ap\u00f3s a morte de Ali Khamanei, Reza Pahlavi \u00e9 visto por alguns como poss\u00edvel alternativa \u00e0 teocracia iraniana, embora n\u00e3o haja consenso.<\/li>\n<li>Reza Pahlavi \u00e9 herdeiro do x\u00e1 e est\u00e1 em ex\u00edlio.<\/li>\n<li>O debate gira em torno da sua legitimidade como l\u00edder de oposi\u00e7\u00e3o ao regime iraniano.<\/li>\n<li>A imagem associada mostra manifestantes iranianos em Los Angeles a segurarem cartazes com o rosto de Reza Pahlavi.<\/li>\n<li>O trecho apresentado n\u00e3o detalha propostas concretas ou apoio internacional.<\/li>\n<\/ul>\n","protected":false},"author":2,"featured_media":392969,"comment_status":"closed","ping_status":"closed","sticky":false,"template":"","format":"standard","meta":{"footnotes":""},"categories":[4,1],"tags":[2795,29,3153,3767,5698,4964],"class_list":["post-392961","post","type-post","status-publish","format-standard","has-post-thumbnail","hentry","category-internacional","category-noticias","tag-democracia","tag-diplomacia","tag-ira","tag-oposicao","tag-politica-internacional","tag-pressoes-internacionais"],"yoast_head":"<!-- This site is optimized with the Yoast SEO plugin v27.2 - https:\/\/yoast.com\/product\/yoast-seo-wordpress\/ -->\n<title>Reza Pahlavi, herdeiro exilado, \u00e9 visto como alternativa ao regime iraniano - Portal Tela Portugal<\/title>\n<meta name=\"robots\" content=\"index, follow, max-snippet:-1, max-image-preview:large, max-video-preview:-1\" \/>\n<meta property=\"og:locale\" content=\"pt_PT\" \/>\n<meta property=\"og:type\" content=\"article\" \/>\n<meta property=\"og:title\" content=\"Reza Pahlavi, herdeiro exilado, \u00e9 visto como alternativa ao regime iraniano - Portal Tela Portugal\" \/>\n<meta property=\"og:description\" content=\"Ap\u00f3s a morte de Ali Khamanei, Reza Pahlavi \u00e9 visto por alguns como poss\u00edvel alternativa \u00e0 teocracia iraniana, embora n\u00e3o haja consenso. Reza Pahlavi \u00e9 herdeiro do x\u00e1 e est\u00e1 em ex\u00edlio. O debate gira em torno da sua legitimidade como l\u00edder de oposi\u00e7\u00e3o ao regime iraniano. A imagem associada mostra manifestantes iranianos em Los Angeles a segurarem cartazes com o rosto de Reza Pahlavi. O trecho apresentado n\u00e3o detalha propostas concretas ou apoio internacional.\" \/>\n<meta property=\"og:url\" content=\"https:\/\/portaltela.pt\/noticias\/2026\/03\/01\/reza-pahlavi-herdeiro-exilado-e-visto-como-alternativa-ao-regime-iraniano\/\" \/>\n<meta property=\"og:site_name\" content=\"Portal Tela Portugal\" \/>\n<meta property=\"article:published_time\" content=\"2026-03-01T08:57:00+00:00\" \/>\n<meta name=\"author\" content=\"Telinha\" \/>\n<meta name=\"twitter:card\" content=\"summary_large_image\" \/>\n<meta name=\"twitter:label1\" content=\"Escrito por\" \/>\n\t<meta name=\"twitter:data1\" content=\"Telinha\" \/>\n\t<meta name=\"twitter:label2\" content=\"Tempo estimado de leitura\" \/>\n\t<meta name=\"twitter:data2\" content=\"1 minuto\" \/>\n<script type=\"application\/ld+json\" class=\"yoast-schema-graph\">{\"@context\":\"https:\/\/schema.org\",\"@graph\":[{\"@type\":\"Article\",\"@id\":\"https:\/\/portaltela.pt\/noticias\/2026\/03\/01\/reza-pahlavi-herdeiro-exilado-e-visto-como-alternativa-ao-regime-iraniano\/#article\",\"isPartOf\":{\"@id\":\"https:\/\/portaltela.pt\/noticias\/2026\/03\/01\/reza-pahlavi-herdeiro-exilado-e-visto-como-alternativa-ao-regime-iraniano\/\"},\"author\":{\"name\":\"Telinha\",\"@id\":\"https:\/\/portaltela.pt\/#\/schema\/person\/c4278d4a6028830caff9ee44b42d32ed\"},\"headline\":\"Reza Pahlavi, herdeiro exilado, \u00e9 visto como alternativa ao regime iraniano\",\"datePublished\":\"2026-03-01T08:57:00+00:00\",\"mainEntityOfPage\":{\"@id\":\"https:\/\/portaltela.pt\/noticias\/2026\/03\/01\/reza-pahlavi-herdeiro-exilado-e-visto-como-alternativa-ao-regime-iraniano\/\"},\"wordCount\":204,\"image\":{\"@id\":\"https:\/\/portaltela.pt\/noticias\/2026\/03\/01\/reza-pahlavi-herdeiro-exilado-e-visto-como-alternativa-ao-regime-iraniano\/#primaryimage\"},\"thumbnailUrl\":\"https:\/\/portaltela.pt\/s.01k8rhncp4jt1\/2026\/03\/2070762.jpg\",\"keywords\":[\"democracia\",\"diplomacia\",\"Ir\u00e3\",\"oposi\u00e7\u00e3o\",\"pol\u00edtica internacional\",\"press\u00f5es internacionais\"],\"articleSection\":[\"Internacional\",\"Not\u00edcias\"],\"inLanguage\":\"pt-PT\"},{\"@type\":\"WebPage\",\"@id\":\"https:\/\/portaltela.pt\/noticias\/2026\/03\/01\/reza-pahlavi-herdeiro-exilado-e-visto-como-alternativa-ao-regime-iraniano\/\",\"url\":\"https:\/\/portaltela.pt\/noticias\/2026\/03\/01\/reza-pahlavi-herdeiro-exilado-e-visto-como-alternativa-ao-regime-iraniano\/\",\"name\":\"Reza Pahlavi, herdeiro exilado, \u00e9 visto como alternativa ao regime iraniano - Portal Tela Portugal\",\"isPartOf\":{\"@id\":\"https:\/\/portaltela.pt\/#website\"},\"primaryImageOfPage\":{\"@id\":\"https:\/\/portaltela.pt\/noticias\/2026\/03\/01\/reza-pahlavi-herdeiro-exilado-e-visto-como-alternativa-ao-regime-iraniano\/#primaryimage\"},\"image\":{\"@id\":\"https:\/\/portaltela.pt\/noticias\/2026\/03\/01\/reza-pahlavi-herdeiro-exilado-e-visto-como-alternativa-ao-regime-iraniano\/#primaryimage\"},\"thumbnailUrl\":\"https:\/\/portaltela.pt\/s.01k8rhncp4jt1\/2026\/03\/2070762.jpg\",\"datePublished\":\"2026-03-01T08:57:00+00:00\",\"author\":{\"@id\":\"https:\/\/portaltela.pt\/#\/schema\/person\/c4278d4a6028830caff9ee44b42d32ed\"},\"breadcrumb\":{\"@id\":\"https:\/\/portaltela.pt\/noticias\/2026\/03\/01\/reza-pahlavi-herdeiro-exilado-e-visto-como-alternativa-ao-regime-iraniano\/#breadcrumb\"},\"inLanguage\":\"pt-PT\",\"potentialAction\":[{\"@type\":\"ReadAction\",\"target\":[\"https:\/\/portaltela.pt\/noticias\/2026\/03\/01\/reza-pahlavi-herdeiro-exilado-e-visto-como-alternativa-ao-regime-iraniano\/\"]}]},{\"@type\":\"ImageObject\",\"inLanguage\":\"pt-PT\",\"@id\":\"https:\/\/portaltela.pt\/noticias\/2026\/03\/01\/reza-pahlavi-herdeiro-exilado-e-visto-como-alternativa-ao-regime-iraniano\/#primaryimage\",\"url\":\"https:\/\/portaltela.pt\/s.01k8rhncp4jt1\/2026\/03\/2070762.jpg\",\"contentUrl\":\"https:\/\/portaltela.pt\/s.01k8rhncp4jt1\/2026\/03\/2070762.jpg\",\"width\":796,\"height\":448,\"caption\":\"Manifestantes iranianos em Los Angeles empunham cartazes com o rosto de Reza Pahlavi\"},{\"@type\":\"BreadcrumbList\",\"@id\":\"https:\/\/portaltela.pt\/noticias\/2026\/03\/01\/reza-pahlavi-herdeiro-exilado-e-visto-como-alternativa-ao-regime-iraniano\/#breadcrumb\",\"itemListElement\":[{\"@type\":\"ListItem\",\"position\":1,\"name\":\"In\u00edcio\",\"item\":\"https:\/\/portaltela.pt\/\"},{\"@type\":\"ListItem\",\"position\":2,\"name\":\"Reza Pahlavi, herdeiro exilado, \u00e9 visto como alternativa ao regime iraniano\"}]},{\"@type\":\"WebSite\",\"@id\":\"https:\/\/portaltela.pt\/#website\",\"url\":\"https:\/\/portaltela.pt\/\",\"name\":\"Portal Tela Portugal\",\"description\":\"\",\"potentialAction\":[{\"@type\":\"SearchAction\",\"target\":{\"@type\":\"EntryPoint\",\"urlTemplate\":\"https:\/\/portaltela.pt\/?s={search_term_string}\"},\"query-input\":{\"@type\":\"PropertyValueSpecification\",\"valueRequired\":true,\"valueName\":\"search_term_string\"}}],\"inLanguage\":\"pt-PT\"},{\"@type\":\"Person\",\"@id\":\"https:\/\/portaltela.pt\/#\/schema\/person\/c4278d4a6028830caff9ee44b42d32ed\",\"name\":\"Telinha\",\"image\":{\"@type\":\"ImageObject\",\"inLanguage\":\"pt-PT\",\"@id\":\"https:\/\/portaltela.pt\/s.01k8rhncp4jt1\/2025\/11\/talking-bot-125x125.png\",\"url\":\"https:\/\/portaltela.pt\/s.01k8rhncp4jt1\/2025\/11\/talking-bot-125x125.png\",\"contentUrl\":\"https:\/\/portaltela.pt\/s.01k8rhncp4jt1\/2025\/11\/talking-bot-125x125.png\",\"caption\":\"Telinha\"},\"sameAs\":[\"https:\/\/portaltela.pt\/\"],\"url\":\"https:\/\/portaltela.pt\/por\/367410592786\/\"}]}<\/script>\n<!-- \/ Yoast SEO plugin. -->","yoast_head_json":{"title":"Reza Pahlavi, herdeiro exilado, \u00e9 visto como alternativa ao regime iraniano - Portal Tela Portugal","robots":{"index":"index","follow":"follow","max-snippet":"max-snippet:-1","max-image-preview":"max-image-preview:large","max-video-preview":"max-video-preview:-1"},"og_locale":"pt_PT","og_type":"article","og_title":"Reza Pahlavi, herdeiro exilado, \u00e9 visto como alternativa ao regime iraniano - Portal Tela Portugal","og_description":"Ap\u00f3s a morte de Ali Khamanei, Reza Pahlavi \u00e9 visto por alguns como poss\u00edvel alternativa \u00e0 teocracia iraniana, embora n\u00e3o haja consenso. Reza Pahlavi \u00e9 herdeiro do x\u00e1 e est\u00e1 em ex\u00edlio. O debate gira em torno da sua legitimidade como l\u00edder de oposi\u00e7\u00e3o ao regime iraniano. A imagem associada mostra manifestantes iranianos em Los Angeles a segurarem cartazes com o rosto de Reza Pahlavi. O trecho apresentado n\u00e3o detalha propostas concretas ou apoio internacional.","og_url":"https:\/\/portaltela.pt\/noticias\/2026\/03\/01\/reza-pahlavi-herdeiro-exilado-e-visto-como-alternativa-ao-regime-iraniano\/","og_site_name":"Portal Tela Portugal","article_published_time":"2026-03-01T08:57:00+00:00","author":"Telinha","twitter_card":"summary_large_image","twitter_misc":{"Escrito por":"Telinha","Tempo estimado de leitura":"1 minuto"},"schema":{"@context":"https:\/\/schema.org","@graph":[{"@type":"Article","@id":"https:\/\/portaltela.pt\/noticias\/2026\/03\/01\/reza-pahlavi-herdeiro-exilado-e-visto-como-alternativa-ao-regime-iraniano\/#article","isPartOf":{"@id":"https:\/\/portaltela.pt\/noticias\/2026\/03\/01\/reza-pahlavi-herdeiro-exilado-e-visto-como-alternativa-ao-regime-iraniano\/"},"author":{"name":"Telinha","@id":"https:\/\/portaltela.pt\/#\/schema\/person\/c4278d4a6028830caff9ee44b42d32ed"},"headline":"Reza Pahlavi, herdeiro exilado, \u00e9 visto como alternativa ao regime iraniano","datePublished":"2026-03-01T08:57:00+00:00","mainEntityOfPage":{"@id":"https:\/\/portaltela.pt\/noticias\/2026\/03\/01\/reza-pahlavi-herdeiro-exilado-e-visto-como-alternativa-ao-regime-iraniano\/"},"wordCount":204,"image":{"@id":"https:\/\/portaltela.pt\/noticias\/2026\/03\/01\/reza-pahlavi-herdeiro-exilado-e-visto-como-alternativa-ao-regime-iraniano\/#primaryimage"},"thumbnailUrl":"https:\/\/portaltela.pt\/s.01k8rhncp4jt1\/2026\/03\/2070762.jpg","keywords":["democracia","diplomacia","Ir\u00e3","oposi\u00e7\u00e3o","pol\u00edtica internacional","press\u00f5es internacionais"],"articleSection":["Internacional","Not\u00edcias"],"inLanguage":"pt-PT"},{"@type":"WebPage","@id":"https:\/\/portaltela.pt\/noticias\/2026\/03\/01\/reza-pahlavi-herdeiro-exilado-e-visto-como-alternativa-ao-regime-iraniano\/","url":"https:\/\/portaltela.pt\/noticias\/2026\/03\/01\/reza-pahlavi-herdeiro-exilado-e-visto-como-alternativa-ao-regime-iraniano\/","name":"Reza Pahlavi, herdeiro exilado, \u00e9 visto como alternativa ao regime iraniano - Portal Tela Portugal","isPartOf":{"@id":"https:\/\/portaltela.pt\/#website"},"primaryImageOfPage":{"@id":"https:\/\/portaltela.pt\/noticias\/2026\/03\/01\/reza-pahlavi-herdeiro-exilado-e-visto-como-alternativa-ao-regime-iraniano\/#primaryimage"},"image":{"@id":"https:\/\/portaltela.pt\/noticias\/2026\/03\/01\/reza-pahlavi-herdeiro-exilado-e-visto-como-alternativa-ao-regime-iraniano\/#primaryimage"},"thumbnailUrl":"https:\/\/portaltela.pt\/s.01k8rhncp4jt1\/2026\/03\/2070762.jpg","datePublished":"2026-03-01T08:57:00+00:00","author":{"@id":"https:\/\/portaltela.pt\/#\/schema\/person\/c4278d4a6028830caff9ee44b42d32ed"},"breadcrumb":{"@id":"https:\/\/portaltela.pt\/noticias\/2026\/03\/01\/reza-pahlavi-herdeiro-exilado-e-visto-como-alternativa-ao-regime-iraniano\/#breadcrumb"},"inLanguage":"pt-PT","potentialAction":[{"@type":"ReadAction","target":["https:\/\/portaltela.pt\/noticias\/2026\/03\/01\/reza-pahlavi-herdeiro-exilado-e-visto-como-alternativa-ao-regime-iraniano\/"]}]},{"@type":"ImageObject","inLanguage":"pt-PT","@id":"https:\/\/portaltela.pt\/noticias\/2026\/03\/01\/reza-pahlavi-herdeiro-exilado-e-visto-como-alternativa-ao-regime-iraniano\/#primaryimage","url":"https:\/\/portaltela.pt\/s.01k8rhncp4jt1\/2026\/03\/2070762.jpg","contentUrl":"https:\/\/portaltela.pt\/s.01k8rhncp4jt1\/2026\/03\/2070762.jpg","width":796,"height":448,"caption":"Manifestantes iranianos em Los Angeles empunham cartazes com o rosto de Reza Pahlavi"},{"@type":"BreadcrumbList","@id":"https:\/\/portaltela.pt\/noticias\/2026\/03\/01\/reza-pahlavi-herdeiro-exilado-e-visto-como-alternativa-ao-regime-iraniano\/#breadcrumb","itemListElement":[{"@type":"ListItem","position":1,"name":"In\u00edcio","item":"https:\/\/portaltela.pt\/"},{"@type":"ListItem","position":2,"name":"Reza Pahlavi, herdeiro exilado, \u00e9 visto como alternativa ao regime iraniano"}]},{"@type":"WebSite","@id":"https:\/\/portaltela.pt\/#website","url":"https:\/\/portaltela.pt\/","name":"Portal Tela Portugal","description":"","potentialAction":[{"@type":"SearchAction","target":{"@type":"EntryPoint","urlTemplate":"https:\/\/portaltela.pt\/?s={search_term_string}"},"query-input":{"@type":"PropertyValueSpecification","valueRequired":true,"valueName":"search_term_string"}}],"inLanguage":"pt-PT"},{"@type":"Person","@id":"https:\/\/portaltela.pt\/#\/schema\/person\/c4278d4a6028830caff9ee44b42d32ed","name":"Telinha","image":{"@type":"ImageObject","inLanguage":"pt-PT","@id":"https:\/\/portaltela.pt\/s.01k8rhncp4jt1\/2025\/11\/talking-bot-125x125.png","url":"https:\/\/portaltela.pt\/s.01k8rhncp4jt1\/2025\/11\/talking-bot-125x125.png","contentUrl":"https:\/\/portaltela.pt\/s.01k8rhncp4jt1\/2025\/11\/talking-bot-125x125.png","caption":"Telinha"},"sameAs":["https:\/\/portaltela.pt\/"],"url":"https:\/\/portaltela.pt\/por\/367410592786\/"}]}},"_links":{"self":[{"href":"https:\/\/portaltela.pt\/api\/wp\/v2\/posts\/392961","targetHints":{"allow":["GET"]}}],"collection":[{"href":"https:\/\/portaltela.pt\/api\/wp\/v2\/posts"}],"about":[{"href":"https:\/\/portaltela.pt\/api\/wp\/v2\/types\/post"}],"author":[{"embeddable":true,"href":"https:\/\/portaltela.pt\/api\/wp\/v2\/users\/2"}],"replies":[{"embeddable":true,"href":"https:\/\/portaltela.pt\/api\/wp\/v2\/comments?post=392961"}],"version-history":[{"count":0,"href":"https:\/\/portaltela.pt\/api\/wp\/v2\/posts\/392961\/revisions"}],"wp:featuredmedia":[{"embeddable":true,"href":"https:\/\/portaltela.pt\/api\/wp\/v2\/media\/392969"}],"wp:attachment":[{"href":"https:\/\/portaltela.pt\/api\/wp\/v2\/media?parent=392961"}],"wp:term":[{"taxonomy":"category","embeddable":true,"href":"https:\/\/portaltela.pt\/api\/wp\/v2\/categories?post=392961"},{"taxonomy":"post_tag","embeddable":true,"href":"https:\/\/portaltela.pt\/api\/wp\/v2\/tags?post=392961"}],"curies":[{"name":"wp","href":"https:\/\/api.w.org\/{rel}","templated":true}]}}