{"id":392955,"date":"2026-03-01T06:03:00","date_gmt":"2026-03-01T09:03:00","guid":{"rendered":"https:\/\/portaltela.pt\/noticias\/2026\/03\/01\/hospitais-privados-enfrentam-grande-carencia-de-medicos\/"},"modified":"2026-03-01T06:03:00","modified_gmt":"2026-03-01T09:03:00","slug":"hospitais-privados-enfrentam-grande-carencia-de-medicos","status":"publish","type":"post","link":"https:\/\/portaltela.pt\/noticias\/2026\/03\/01\/hospitais-privados-enfrentam-grande-carencia-de-medicos\/","title":{"rendered":"Hospitais privados enfrentam grande car\u00eancia de m\u00e9dicos"},"content":{"rendered":"<p>A hospitaliza\u00e7\u00e3o privada enfrenta uma press\u00e3o acrescida pela maior procura de cuidados em Portugal. \u00d3scar Gaspar, presidente da Associa\u00e7\u00e3o Portuguesa de Hospitaliza\u00e7\u00e3o Privada (APHP), reconhece listas de espera no setor privado e critica a diaboliza\u00e7\u00e3o das PPP, argumentando que o privado funciona em complemento ao SNS.<\/p>\n<p>Segundo Gaspar, o SNS tem registado recordes de procura, apesar de mais recursos humanos e financeiros. Em final de 2025, o relat\u00f3rio da Administra\u00e7\u00e3o Central do Sistema de Sa\u00fade assinalou listas de espera cir\u00fargicas pr\u00f3ximas de 300 mil pessoas e mais de um milh\u00e3o \u00e0 espera de consulta.<\/p>\n<p>A APHP aponta que existem quatro milh\u00f5es e 60 mil segurados com seguro de sa\u00fade e mais de um milh\u00e3o e meio com subsistemas p\u00fablicos. Alega ainda falta de m\u00e9dicos no pa\u00eds e na Europa, destacando d\u00e9fices em dermatologia, psiquiatria, pediatria e anestesiologia no privado.<\/p>\n<p>Para explicar tempos de espera em dermatologia, Gaspar aponta que n\u00e3o chegam a meses, mas reconhece listas substanciais. Critica a insuficiente valoriza\u00e7\u00e3o dos atos m\u00e9dicos e a remunera\u00e7\u00e3o em certas especialidades, que pode afastar profissionais.<\/p>\n<p>Sobre transpar\u00eancia, o presidente da APHP admite a divulga\u00e7\u00e3o p\u00fablica dos tempos e das listas de espera do privado, semelhante ao que j\u00e1 existe no setor p\u00fablico. Afirma que muitos hospitais privados j\u00e1 publicam tempos de urg\u00eancia nos seus sites.<\/p>\n<p>Na avalia\u00e7\u00e3o sobre a capacidade de resposta, Gaspar diz que alguns hospitais privados, sobretudo em Lisboa, j\u00e1 asseguram urg\u00eancias com v\u00e1rias especialidades 24 horas. Refor\u00e7a que a oferta deve corresponder \u00e0 procura, sem alimentar custos excessivos.<\/p>\n<h3>Parcerias p\u00fablico-privadas e futuro dos servi\u00e7os<\/h3>\n<p>O respons\u00e1vel sustenta que o privado tem contribu\u00eddo com mais de 11 milh\u00f5es de consultas de especialidade e que, sem essa atividade, o SNS enfrentaria maior press\u00e3o. Afirmou que o crescimento privado n\u00e3o decorre da diminui\u00e7\u00e3o de atua\u00e7\u00e3o p\u00fablica, frisando a complementaridade entre os sectores.<\/p>\n<p>Sobre o SNS, defende um refor\u00e7o de investimento p\u00fablico e reconhece uma rela\u00e7\u00e3o desigual entre pol\u00edticas e implementa\u00e7\u00e3o. Questiona a efic\u00e1cia de sistemas antigos como o SINACC e aponta para incentivos que n\u00e3o promovem a mobilidade entre p\u00fablico e privado.<\/p>\n<p>No que toca a novas unidades privadas, Gaspar diz que n\u00e3o houve reuni\u00f5es que demonstrem uma car\u00eancia de profissionais como obst\u00e1culo \u00fanico. Adverte que a escassez de recursos humanos permanece como prioridade nacional e que m\u00e9dicos, ADSE e seguradoras precisam de dire\u00e7\u00f5es t\u00e9cnicas claras.<\/p>\n","protected":false},"excerpt":{"rendered":"<ul>\n<li>O presidente da Associa\u00e7\u00e3o Portuguesa de Hospitaliza\u00e7\u00e3o Privada afirma que h\u00e1 falta de m\u00e9dicos nos hospitais privados, com listas de espera tanto para consultas como para cirurgias.<\/li>\n<li>A APHP sustenta que o SNS est\u00e1 sob grande press\u00e3o devido ao aumento da procura por cuidados de sa\u00fade, e que o privado j\u00e1 recebe cerca de quatro milh\u00f5es de pessoas com seguro e mais de um milh\u00e3o com subsistemas p\u00fablicos.<\/li>\n<li>Existem listas de espera substanciais em dermatologia no privado, devido \u00e0 falta de dermatologistas que queiram trabalhar com seguros ou ADSE; a acusa\u00e7\u00e3o \u00e9 de que alguns pre\u00e7os de especialidades n\u00e3o est\u00e3o ajustados.<\/li>\n<li>A maioria dos hospitais privados com urg\u00eancia 24 horas mant\u00e9m esse servi\u00e7o apenas onde a procura justifica a disponibilidade; em Lisboa, pelo menos tr\u00eas unidades possuem urg\u00eancias 24h com todas as especialidades.<\/li>\n<li>O respons\u00e1vel defende a coopera\u00e7\u00e3o entre SNS e privado, afirma que o privado n\u00e3o cresce \u00e0 custa do p\u00fablico mas complementa-o, e questiona a implementa\u00e7\u00e3o do SINACC para gerir listas de espera, apontando falhas entre vontade pol\u00edtica e capacidade de execu\u00e7\u00e3o.<\/li>\n<\/ul>\n","protected":false},"author":2,"featured_media":392964,"comment_status":"closed","ping_status":"closed","sticky":false,"template":"","format":"standard","meta":{"footnotes":""},"categories":[1],"tags":[4847,168,172,5761],"class_list":["post-392955","post","type-post","status-publish","format-standard","has-post-thumbnail","hentry","category-noticias","tag-administracao-central","tag-administracao-publica","tag-saude","tag-servicos-de-saude"],"yoast_head":"<!-- This site is optimized with the Yoast SEO plugin v27.2 - https:\/\/yoast.com\/product\/yoast-seo-wordpress\/ -->\n<title>Hospitais privados enfrentam grande car\u00eancia de m\u00e9dicos - Portal Tela Portugal<\/title>\n<meta name=\"robots\" content=\"index, follow, max-snippet:-1, max-image-preview:large, max-video-preview:-1\" \/>\n<meta property=\"og:locale\" content=\"pt_PT\" \/>\n<meta property=\"og:type\" content=\"article\" \/>\n<meta property=\"og:title\" content=\"Hospitais privados enfrentam grande car\u00eancia de m\u00e9dicos - Portal Tela Portugal\" \/>\n<meta property=\"og:description\" content=\"O presidente da Associa\u00e7\u00e3o Portuguesa de Hospitaliza\u00e7\u00e3o Privada afirma que h\u00e1 falta de m\u00e9dicos nos hospitais privados, com listas de espera tanto para consultas como para cirurgias. A APHP sustenta que o SNS est\u00e1 sob grande press\u00e3o devido ao aumento da procura por cuidados de sa\u00fade, e que o privado j\u00e1 recebe cerca de quatro milh\u00f5es de pessoas com seguro e mais de um milh\u00e3o com subsistemas p\u00fablicos. Existem listas de espera substanciais em dermatologia no privado, devido \u00e0 falta de dermatologistas que queiram trabalhar com seguros ou ADSE; a acusa\u00e7\u00e3o \u00e9 de que alguns pre\u00e7os de especialidades n\u00e3o est\u00e3o ajustados. A maioria dos hospitais privados com urg\u00eancia 24 horas mant\u00e9m esse servi\u00e7o apenas onde a procura justifica a disponibilidade; em Lisboa, pelo menos tr\u00eas unidades possuem urg\u00eancias 24h com todas as especialidades. O respons\u00e1vel defende a coopera\u00e7\u00e3o entre SNS e privado, afirma que o privado n\u00e3o cresce \u00e0 custa do p\u00fablico mas complementa-o, e questiona a implementa\u00e7\u00e3o do SINACC para gerir listas de espera, apontando falhas entre vontade pol\u00edtica e capacidade de execu\u00e7\u00e3o.\" \/>\n<meta property=\"og:url\" content=\"https:\/\/portaltela.pt\/noticias\/2026\/03\/01\/hospitais-privados-enfrentam-grande-carencia-de-medicos\/\" \/>\n<meta property=\"og:site_name\" content=\"Portal Tela Portugal\" \/>\n<meta property=\"article:published_time\" content=\"2026-03-01T09:03:00+00:00\" \/>\n<meta name=\"author\" content=\"Telinha\" \/>\n<meta name=\"twitter:card\" content=\"summary_large_image\" \/>\n<meta name=\"twitter:label1\" content=\"Escrito por\" \/>\n\t<meta name=\"twitter:data1\" content=\"Telinha\" \/>\n\t<meta name=\"twitter:label2\" content=\"Tempo estimado de leitura\" \/>\n\t<meta name=\"twitter:data2\" content=\"2 minutos\" \/>\n<script type=\"application\/ld+json\" class=\"yoast-schema-graph\">{\"@context\":\"https:\/\/schema.org\",\"@graph\":[{\"@type\":\"Article\",\"@id\":\"https:\/\/portaltela.pt\/noticias\/2026\/03\/01\/hospitais-privados-enfrentam-grande-carencia-de-medicos\/#article\",\"isPartOf\":{\"@id\":\"https:\/\/portaltela.pt\/noticias\/2026\/03\/01\/hospitais-privados-enfrentam-grande-carencia-de-medicos\/\"},\"author\":{\"name\":\"Telinha\",\"@id\":\"https:\/\/portaltela.pt\/#\/schema\/person\/c4278d4a6028830caff9ee44b42d32ed\"},\"headline\":\"Hospitais privados enfrentam grande car\u00eancia de m\u00e9dicos\",\"datePublished\":\"2026-03-01T09:03:00+00:00\",\"mainEntityOfPage\":{\"@id\":\"https:\/\/portaltela.pt\/noticias\/2026\/03\/01\/hospitais-privados-enfrentam-grande-carencia-de-medicos\/\"},\"wordCount\":443,\"image\":{\"@id\":\"https:\/\/portaltela.pt\/noticias\/2026\/03\/01\/hospitais-privados-enfrentam-grande-carencia-de-medicos\/#primaryimage\"},\"thumbnailUrl\":\"https:\/\/portaltela.pt\/s.01k8rhncp4jt1\/2026\/03\/image-3.jpg\",\"keywords\":[\"Administra\u00e7\u00e3o Central\",\"administra\u00e7\u00e3o p\u00fablica\",\"sa\u00fade\",\"servi\u00e7os de sa\u00fade\"],\"articleSection\":[\"Not\u00edcias\"],\"inLanguage\":\"pt-PT\"},{\"@type\":\"WebPage\",\"@id\":\"https:\/\/portaltela.pt\/noticias\/2026\/03\/01\/hospitais-privados-enfrentam-grande-carencia-de-medicos\/\",\"url\":\"https:\/\/portaltela.pt\/noticias\/2026\/03\/01\/hospitais-privados-enfrentam-grande-carencia-de-medicos\/\",\"name\":\"Hospitais privados enfrentam grande car\u00eancia de m\u00e9dicos - Portal Tela Portugal\",\"isPartOf\":{\"@id\":\"https:\/\/portaltela.pt\/#website\"},\"primaryImageOfPage\":{\"@id\":\"https:\/\/portaltela.pt\/noticias\/2026\/03\/01\/hospitais-privados-enfrentam-grande-carencia-de-medicos\/#primaryimage\"},\"image\":{\"@id\":\"https:\/\/portaltela.pt\/noticias\/2026\/03\/01\/hospitais-privados-enfrentam-grande-carencia-de-medicos\/#primaryimage\"},\"thumbnailUrl\":\"https:\/\/portaltela.pt\/s.01k8rhncp4jt1\/2026\/03\/image-3.jpg\",\"datePublished\":\"2026-03-01T09:03:00+00:00\",\"author\":{\"@id\":\"https:\/\/portaltela.pt\/#\/schema\/person\/c4278d4a6028830caff9ee44b42d32ed\"},\"breadcrumb\":{\"@id\":\"https:\/\/portaltela.pt\/noticias\/2026\/03\/01\/hospitais-privados-enfrentam-grande-carencia-de-medicos\/#breadcrumb\"},\"inLanguage\":\"pt-PT\",\"potentialAction\":[{\"@type\":\"ReadAction\",\"target\":[\"https:\/\/portaltela.pt\/noticias\/2026\/03\/01\/hospitais-privados-enfrentam-grande-carencia-de-medicos\/\"]}]},{\"@type\":\"ImageObject\",\"inLanguage\":\"pt-PT\",\"@id\":\"https:\/\/portaltela.pt\/noticias\/2026\/03\/01\/hospitais-privados-enfrentam-grande-carencia-de-medicos\/#primaryimage\",\"url\":\"https:\/\/portaltela.pt\/s.01k8rhncp4jt1\/2026\/03\/image-3.jpg\",\"contentUrl\":\"https:\/\/portaltela.pt\/s.01k8rhncp4jt1\/2026\/03\/image-3.jpg\",\"width\":796,\"height\":448,\"caption\":\"\u00d3scar Gaspar \u00e9 o presidente da Associa\u00e7\u00e3o Portuguesa de Hospitaliza\u00e7\u00e3o Privada h\u00e1 dez anos\"},{\"@type\":\"BreadcrumbList\",\"@id\":\"https:\/\/portaltela.pt\/noticias\/2026\/03\/01\/hospitais-privados-enfrentam-grande-carencia-de-medicos\/#breadcrumb\",\"itemListElement\":[{\"@type\":\"ListItem\",\"position\":1,\"name\":\"In\u00edcio\",\"item\":\"https:\/\/portaltela.pt\/\"},{\"@type\":\"ListItem\",\"position\":2,\"name\":\"Hospitais privados enfrentam grande car\u00eancia de m\u00e9dicos\"}]},{\"@type\":\"WebSite\",\"@id\":\"https:\/\/portaltela.pt\/#website\",\"url\":\"https:\/\/portaltela.pt\/\",\"name\":\"Portal Tela Portugal\",\"description\":\"\",\"potentialAction\":[{\"@type\":\"SearchAction\",\"target\":{\"@type\":\"EntryPoint\",\"urlTemplate\":\"https:\/\/portaltela.pt\/?s={search_term_string}\"},\"query-input\":{\"@type\":\"PropertyValueSpecification\",\"valueRequired\":true,\"valueName\":\"search_term_string\"}}],\"inLanguage\":\"pt-PT\"},{\"@type\":\"Person\",\"@id\":\"https:\/\/portaltela.pt\/#\/schema\/person\/c4278d4a6028830caff9ee44b42d32ed\",\"name\":\"Telinha\",\"image\":{\"@type\":\"ImageObject\",\"inLanguage\":\"pt-PT\",\"@id\":\"https:\/\/portaltela.pt\/s.01k8rhncp4jt1\/2025\/11\/talking-bot-125x125.png\",\"url\":\"https:\/\/portaltela.pt\/s.01k8rhncp4jt1\/2025\/11\/talking-bot-125x125.png\",\"contentUrl\":\"https:\/\/portaltela.pt\/s.01k8rhncp4jt1\/2025\/11\/talking-bot-125x125.png\",\"caption\":\"Telinha\"},\"sameAs\":[\"https:\/\/portaltela.pt\/\"],\"url\":\"https:\/\/portaltela.pt\/por\/367410592786\/\"}]}<\/script>\n<!-- \/ Yoast SEO plugin. -->","yoast_head_json":{"title":"Hospitais privados enfrentam grande car\u00eancia de m\u00e9dicos - Portal Tela Portugal","robots":{"index":"index","follow":"follow","max-snippet":"max-snippet:-1","max-image-preview":"max-image-preview:large","max-video-preview":"max-video-preview:-1"},"og_locale":"pt_PT","og_type":"article","og_title":"Hospitais privados enfrentam grande car\u00eancia de m\u00e9dicos - Portal Tela Portugal","og_description":"O presidente da Associa\u00e7\u00e3o Portuguesa de Hospitaliza\u00e7\u00e3o Privada afirma que h\u00e1 falta de m\u00e9dicos nos hospitais privados, com listas de espera tanto para consultas como para cirurgias. A APHP sustenta que o SNS est\u00e1 sob grande press\u00e3o devido ao aumento da procura por cuidados de sa\u00fade, e que o privado j\u00e1 recebe cerca de quatro milh\u00f5es de pessoas com seguro e mais de um milh\u00e3o com subsistemas p\u00fablicos. Existem listas de espera substanciais em dermatologia no privado, devido \u00e0 falta de dermatologistas que queiram trabalhar com seguros ou ADSE; a acusa\u00e7\u00e3o \u00e9 de que alguns pre\u00e7os de especialidades n\u00e3o est\u00e3o ajustados. A maioria dos hospitais privados com urg\u00eancia 24 horas mant\u00e9m esse servi\u00e7o apenas onde a procura justifica a disponibilidade; em Lisboa, pelo menos tr\u00eas unidades possuem urg\u00eancias 24h com todas as especialidades. O respons\u00e1vel defende a coopera\u00e7\u00e3o entre SNS e privado, afirma que o privado n\u00e3o cresce \u00e0 custa do p\u00fablico mas complementa-o, e questiona a implementa\u00e7\u00e3o do SINACC para gerir listas de espera, apontando falhas entre vontade pol\u00edtica e capacidade de execu\u00e7\u00e3o.","og_url":"https:\/\/portaltela.pt\/noticias\/2026\/03\/01\/hospitais-privados-enfrentam-grande-carencia-de-medicos\/","og_site_name":"Portal Tela Portugal","article_published_time":"2026-03-01T09:03:00+00:00","author":"Telinha","twitter_card":"summary_large_image","twitter_misc":{"Escrito por":"Telinha","Tempo estimado de leitura":"2 minutos"},"schema":{"@context":"https:\/\/schema.org","@graph":[{"@type":"Article","@id":"https:\/\/portaltela.pt\/noticias\/2026\/03\/01\/hospitais-privados-enfrentam-grande-carencia-de-medicos\/#article","isPartOf":{"@id":"https:\/\/portaltela.pt\/noticias\/2026\/03\/01\/hospitais-privados-enfrentam-grande-carencia-de-medicos\/"},"author":{"name":"Telinha","@id":"https:\/\/portaltela.pt\/#\/schema\/person\/c4278d4a6028830caff9ee44b42d32ed"},"headline":"Hospitais privados enfrentam grande car\u00eancia de m\u00e9dicos","datePublished":"2026-03-01T09:03:00+00:00","mainEntityOfPage":{"@id":"https:\/\/portaltela.pt\/noticias\/2026\/03\/01\/hospitais-privados-enfrentam-grande-carencia-de-medicos\/"},"wordCount":443,"image":{"@id":"https:\/\/portaltela.pt\/noticias\/2026\/03\/01\/hospitais-privados-enfrentam-grande-carencia-de-medicos\/#primaryimage"},"thumbnailUrl":"https:\/\/portaltela.pt\/s.01k8rhncp4jt1\/2026\/03\/image-3.jpg","keywords":["Administra\u00e7\u00e3o Central","administra\u00e7\u00e3o p\u00fablica","sa\u00fade","servi\u00e7os de sa\u00fade"],"articleSection":["Not\u00edcias"],"inLanguage":"pt-PT"},{"@type":"WebPage","@id":"https:\/\/portaltela.pt\/noticias\/2026\/03\/01\/hospitais-privados-enfrentam-grande-carencia-de-medicos\/","url":"https:\/\/portaltela.pt\/noticias\/2026\/03\/01\/hospitais-privados-enfrentam-grande-carencia-de-medicos\/","name":"Hospitais privados enfrentam grande car\u00eancia de m\u00e9dicos - Portal Tela Portugal","isPartOf":{"@id":"https:\/\/portaltela.pt\/#website"},"primaryImageOfPage":{"@id":"https:\/\/portaltela.pt\/noticias\/2026\/03\/01\/hospitais-privados-enfrentam-grande-carencia-de-medicos\/#primaryimage"},"image":{"@id":"https:\/\/portaltela.pt\/noticias\/2026\/03\/01\/hospitais-privados-enfrentam-grande-carencia-de-medicos\/#primaryimage"},"thumbnailUrl":"https:\/\/portaltela.pt\/s.01k8rhncp4jt1\/2026\/03\/image-3.jpg","datePublished":"2026-03-01T09:03:00+00:00","author":{"@id":"https:\/\/portaltela.pt\/#\/schema\/person\/c4278d4a6028830caff9ee44b42d32ed"},"breadcrumb":{"@id":"https:\/\/portaltela.pt\/noticias\/2026\/03\/01\/hospitais-privados-enfrentam-grande-carencia-de-medicos\/#breadcrumb"},"inLanguage":"pt-PT","potentialAction":[{"@type":"ReadAction","target":["https:\/\/portaltela.pt\/noticias\/2026\/03\/01\/hospitais-privados-enfrentam-grande-carencia-de-medicos\/"]}]},{"@type":"ImageObject","inLanguage":"pt-PT","@id":"https:\/\/portaltela.pt\/noticias\/2026\/03\/01\/hospitais-privados-enfrentam-grande-carencia-de-medicos\/#primaryimage","url":"https:\/\/portaltela.pt\/s.01k8rhncp4jt1\/2026\/03\/image-3.jpg","contentUrl":"https:\/\/portaltela.pt\/s.01k8rhncp4jt1\/2026\/03\/image-3.jpg","width":796,"height":448,"caption":"\u00d3scar Gaspar \u00e9 o presidente da Associa\u00e7\u00e3o Portuguesa de Hospitaliza\u00e7\u00e3o Privada h\u00e1 dez anos"},{"@type":"BreadcrumbList","@id":"https:\/\/portaltela.pt\/noticias\/2026\/03\/01\/hospitais-privados-enfrentam-grande-carencia-de-medicos\/#breadcrumb","itemListElement":[{"@type":"ListItem","position":1,"name":"In\u00edcio","item":"https:\/\/portaltela.pt\/"},{"@type":"ListItem","position":2,"name":"Hospitais privados enfrentam grande car\u00eancia de m\u00e9dicos"}]},{"@type":"WebSite","@id":"https:\/\/portaltela.pt\/#website","url":"https:\/\/portaltela.pt\/","name":"Portal Tela Portugal","description":"","potentialAction":[{"@type":"SearchAction","target":{"@type":"EntryPoint","urlTemplate":"https:\/\/portaltela.pt\/?s={search_term_string}"},"query-input":{"@type":"PropertyValueSpecification","valueRequired":true,"valueName":"search_term_string"}}],"inLanguage":"pt-PT"},{"@type":"Person","@id":"https:\/\/portaltela.pt\/#\/schema\/person\/c4278d4a6028830caff9ee44b42d32ed","name":"Telinha","image":{"@type":"ImageObject","inLanguage":"pt-PT","@id":"https:\/\/portaltela.pt\/s.01k8rhncp4jt1\/2025\/11\/talking-bot-125x125.png","url":"https:\/\/portaltela.pt\/s.01k8rhncp4jt1\/2025\/11\/talking-bot-125x125.png","contentUrl":"https:\/\/portaltela.pt\/s.01k8rhncp4jt1\/2025\/11\/talking-bot-125x125.png","caption":"Telinha"},"sameAs":["https:\/\/portaltela.pt\/"],"url":"https:\/\/portaltela.pt\/por\/367410592786\/"}]}},"_links":{"self":[{"href":"https:\/\/portaltela.pt\/api\/wp\/v2\/posts\/392955","targetHints":{"allow":["GET"]}}],"collection":[{"href":"https:\/\/portaltela.pt\/api\/wp\/v2\/posts"}],"about":[{"href":"https:\/\/portaltela.pt\/api\/wp\/v2\/types\/post"}],"author":[{"embeddable":true,"href":"https:\/\/portaltela.pt\/api\/wp\/v2\/users\/2"}],"replies":[{"embeddable":true,"href":"https:\/\/portaltela.pt\/api\/wp\/v2\/comments?post=392955"}],"version-history":[{"count":0,"href":"https:\/\/portaltela.pt\/api\/wp\/v2\/posts\/392955\/revisions"}],"wp:featuredmedia":[{"embeddable":true,"href":"https:\/\/portaltela.pt\/api\/wp\/v2\/media\/392964"}],"wp:attachment":[{"href":"https:\/\/portaltela.pt\/api\/wp\/v2\/media?parent=392955"}],"wp:term":[{"taxonomy":"category","embeddable":true,"href":"https:\/\/portaltela.pt\/api\/wp\/v2\/categories?post=392955"},{"taxonomy":"post_tag","embeddable":true,"href":"https:\/\/portaltela.pt\/api\/wp\/v2\/tags?post=392955"}],"curies":[{"name":"wp","href":"https:\/\/api.w.org\/{rel}","templated":true}]}}