{"id":392946,"date":"2026-03-01T06:00:00","date_gmt":"2026-03-01T09:00:00","guid":{"rendered":"https:\/\/portaltela.pt\/noticias\/2026\/03\/01\/vitor-pinto-destaca-detalhe-chave-no-penalti-fc-porto-arouca-fofana-de-frente\/"},"modified":"2026-03-01T06:00:00","modified_gmt":"2026-03-01T09:00:00","slug":"vitor-pinto-destaca-detalhe-chave-no-penalti-fc-porto-arouca-fofana-de-frente","status":"publish","type":"post","link":"https:\/\/portaltela.pt\/desporto\/futebol\/2026\/03\/01\/vitor-pinto-destaca-detalhe-chave-no-penalti-fc-porto-arouca-fofana-de-frente\/","title":{"rendered":"V\u00edtor Pinto destaca detalhe-chave no pen\u00e1lti FC Porto-Arouca: Fofana de frente"},"content":{"rendered":"<p>V\u00edtor Pinto, subdiretor do jornal Record, afirmou que n\u00e3o houve falta sobre o jogador Fofana no pen\u00e1lti assinalado no FC Porto-Arouca. A declara\u00e7\u00e3o foi feita no programa Liga D\u2019Ouro, da televis\u00e3o CMTV, onde o jornalista partilhou a perspetiva sobre a jogada.<\/p>\n<p>Apesar da posi\u00e7\u00e3o de que n\u00e3o houve falta, Pinto destacou um detalhe que pode levar a outra interpreta\u00e7\u00e3o da mesma jogada. A an\u00e1lise, apresentada no espa\u00e7o televisivo, foca na posi\u00e7\u00e3o do jogador frente \u00e0 baliza.<\/p>\n<h3>Detalhe que pode motivar outra interpreta\u00e7\u00e3o<\/h3>\n<p>O subdiretor sublinhou uma leitura alternativa da jogada, que envolve a linha de frente em rela\u00e7\u00e3o \u00e0 baliza. A diferen\u00e7a de \u00e2ngulo pode levar a leituras distintas sobre a atua\u00e7\u00e3o do defesa advers\u00e1rio.<\/p>\n<p>O conte\u00fado foi discutido no contexto da transmiss\u00e3o, com foco na avalia\u00e7\u00e3o de lances de pen\u00e1lti em jogos da Liga. A discuss\u00e3o manteve o tom t\u00e9cnico e informativo, sem conclus\u00f5es subjetivas.<\/p>\n","protected":false},"excerpt":{"rendered":"<ul>\n<li>V\u00edtor Pinto, subdiretor de Record, afirma que n\u00e3o houve falta sobre Fofana no pen\u00e1lti do FC Porto-Arouca.<\/li>\n<li>Apesar disso, aponta um detalhe que pode levar a outra interpreta\u00e7\u00e3o da jogada.<\/li>\n<li>As declara\u00e7\u00f5es foram feitas no programa Liga D\u2019Ouro, da televis\u00e3o CMTV.<\/li>\n<li>O coment\u00e1rio mant\u00e9m a posi\u00e7\u00e3o de que n\u00e3o houve infra\u00e7\u00e3o, mas ressalta a possibilidade de leitura diferente.<\/li>\n<\/ul>\n","protected":false},"author":2,"featured_media":392950,"comment_status":"closed","ping_status":"closed","sticky":false,"template":"","format":"standard","meta":{"footnotes":""},"categories":[21,24],"tags":[900,2028,4297,32,1786,1885],"class_list":["post-392946","post","type-post","status-publish","format-standard","has-post-thumbnail","hentry","category-desporto","category-futebol","tag-arouca","tag-fc-porto","tag-fofana","tag-futebol","tag-liga","tag-penalti"],"yoast_head":"<!-- This site is optimized with the Yoast SEO plugin v27.2 - https:\/\/yoast.com\/product\/yoast-seo-wordpress\/ -->\n<title>V\u00edtor Pinto destaca detalhe-chave no pen\u00e1lti FC Porto-Arouca: Fofana de frente - Portal Tela Portugal<\/title>\n<meta name=\"robots\" content=\"index, follow, max-snippet:-1, max-image-preview:large, max-video-preview:-1\" \/>\n<meta property=\"og:locale\" content=\"pt_PT\" \/>\n<meta property=\"og:type\" content=\"article\" \/>\n<meta property=\"og:title\" content=\"V\u00edtor Pinto destaca detalhe-chave no pen\u00e1lti FC Porto-Arouca: Fofana de frente - Portal Tela Portugal\" \/>\n<meta property=\"og:description\" content=\"V\u00edtor Pinto, subdiretor de Record, afirma que n\u00e3o houve falta sobre Fofana no pen\u00e1lti do FC Porto-Arouca. Apesar disso, aponta um detalhe que pode levar a outra interpreta\u00e7\u00e3o da jogada. As declara\u00e7\u00f5es foram feitas no programa Liga D\u2019Ouro, da televis\u00e3o CMTV. O coment\u00e1rio mant\u00e9m a posi\u00e7\u00e3o de que n\u00e3o houve infra\u00e7\u00e3o, mas ressalta a possibilidade de leitura diferente.\" \/>\n<meta property=\"og:url\" content=\"https:\/\/portaltela.pt\/noticias\/2026\/03\/01\/vitor-pinto-destaca-detalhe-chave-no-penalti-fc-porto-arouca-fofana-de-frente\/\" \/>\n<meta property=\"og:site_name\" content=\"Portal Tela Portugal\" \/>\n<meta property=\"article:published_time\" content=\"2026-03-01T09:00:00+00:00\" \/>\n<meta name=\"author\" content=\"Telinha\" \/>\n<meta name=\"twitter:card\" content=\"summary_large_image\" \/>\n<meta name=\"twitter:label1\" content=\"Escrito por\" \/>\n\t<meta name=\"twitter:data1\" content=\"Telinha\" \/>\n\t<meta name=\"twitter:label2\" content=\"Tempo estimado de leitura\" \/>\n\t<meta name=\"twitter:data2\" content=\"1 minuto\" \/>\n<script type=\"application\/ld+json\" class=\"yoast-schema-graph\">{\"@context\":\"https:\/\/schema.org\",\"@graph\":[{\"@type\":\"Article\",\"@id\":\"https:\/\/portaltela.pt\/noticias\/2026\/03\/01\/vitor-pinto-destaca-detalhe-chave-no-penalti-fc-porto-arouca-fofana-de-frente\/#article\",\"isPartOf\":{\"@id\":\"https:\/\/portaltela.pt\/noticias\/2026\/03\/01\/vitor-pinto-destaca-detalhe-chave-no-penalti-fc-porto-arouca-fofana-de-frente\/\"},\"author\":{\"name\":\"Telinha\",\"@id\":\"https:\/\/portaltela.pt\/#\/schema\/person\/c4278d4a6028830caff9ee44b42d32ed\"},\"headline\":\"V\u00edtor Pinto destaca detalhe-chave no pen\u00e1lti FC Porto-Arouca: Fofana de frente\",\"datePublished\":\"2026-03-01T09:00:00+00:00\",\"mainEntityOfPage\":{\"@id\":\"https:\/\/portaltela.pt\/noticias\/2026\/03\/01\/vitor-pinto-destaca-detalhe-chave-no-penalti-fc-porto-arouca-fofana-de-frente\/\"},\"wordCount\":181,\"image\":{\"@id\":\"https:\/\/portaltela.pt\/noticias\/2026\/03\/01\/vitor-pinto-destaca-detalhe-chave-no-penalti-fc-porto-arouca-fofana-de-frente\/#primaryimage\"},\"thumbnailUrl\":\"https:\/\/portaltela.pt\/s.01k8rhncp4jt1\/2026\/03\/img_1200x721uu2026-02-28-23-40-01-2424198.jpg\",\"keywords\":[\"Arouca\",\"FC Porto\",\"Fofana\",\"futebol\",\"Liga\",\"pen\u00e1lti\"],\"articleSection\":[\"Desporto\",\"Futebol\"],\"inLanguage\":\"pt-PT\"},{\"@type\":\"WebPage\",\"@id\":\"https:\/\/portaltela.pt\/noticias\/2026\/03\/01\/vitor-pinto-destaca-detalhe-chave-no-penalti-fc-porto-arouca-fofana-de-frente\/\",\"url\":\"https:\/\/portaltela.pt\/noticias\/2026\/03\/01\/vitor-pinto-destaca-detalhe-chave-no-penalti-fc-porto-arouca-fofana-de-frente\/\",\"name\":\"V\u00edtor Pinto destaca detalhe-chave no pen\u00e1lti FC Porto-Arouca: Fofana de frente - Portal Tela Portugal\",\"isPartOf\":{\"@id\":\"https:\/\/portaltela.pt\/#website\"},\"primaryImageOfPage\":{\"@id\":\"https:\/\/portaltela.pt\/noticias\/2026\/03\/01\/vitor-pinto-destaca-detalhe-chave-no-penalti-fc-porto-arouca-fofana-de-frente\/#primaryimage\"},\"image\":{\"@id\":\"https:\/\/portaltela.pt\/noticias\/2026\/03\/01\/vitor-pinto-destaca-detalhe-chave-no-penalti-fc-porto-arouca-fofana-de-frente\/#primaryimage\"},\"thumbnailUrl\":\"https:\/\/portaltela.pt\/s.01k8rhncp4jt1\/2026\/03\/img_1200x721uu2026-02-28-23-40-01-2424198.jpg\",\"datePublished\":\"2026-03-01T09:00:00+00:00\",\"author\":{\"@id\":\"https:\/\/portaltela.pt\/#\/schema\/person\/c4278d4a6028830caff9ee44b42d32ed\"},\"breadcrumb\":{\"@id\":\"https:\/\/portaltela.pt\/noticias\/2026\/03\/01\/vitor-pinto-destaca-detalhe-chave-no-penalti-fc-porto-arouca-fofana-de-frente\/#breadcrumb\"},\"inLanguage\":\"pt-PT\",\"potentialAction\":[{\"@type\":\"ReadAction\",\"target\":[\"https:\/\/portaltela.pt\/noticias\/2026\/03\/01\/vitor-pinto-destaca-detalhe-chave-no-penalti-fc-porto-arouca-fofana-de-frente\/\"]}]},{\"@type\":\"ImageObject\",\"inLanguage\":\"pt-PT\",\"@id\":\"https:\/\/portaltela.pt\/noticias\/2026\/03\/01\/vitor-pinto-destaca-detalhe-chave-no-penalti-fc-porto-arouca-fofana-de-frente\/#primaryimage\",\"url\":\"https:\/\/portaltela.pt\/s.01k8rhncp4jt1\/2026\/03\/img_1200x721uu2026-02-28-23-40-01-2424198.jpg\",\"contentUrl\":\"https:\/\/portaltela.pt\/s.01k8rhncp4jt1\/2026\/03\/img_1200x721uu2026-02-28-23-40-01-2424198.jpg\",\"width\":796,\"height\":448,\"caption\":\"V\u00edtor Pinto e o \\\"detalhe fundamental\\\" no pen\u00e1lti pol\u00e9mico do FC Porto-Arouca: \u00abQuem est\u00e1 de frente para a baliza \u00e9 o Fofana\u00bb\"},{\"@type\":\"BreadcrumbList\",\"@id\":\"https:\/\/portaltela.pt\/noticias\/2026\/03\/01\/vitor-pinto-destaca-detalhe-chave-no-penalti-fc-porto-arouca-fofana-de-frente\/#breadcrumb\",\"itemListElement\":[{\"@type\":\"ListItem\",\"position\":1,\"name\":\"In\u00edcio\",\"item\":\"https:\/\/portaltela.pt\/\"},{\"@type\":\"ListItem\",\"position\":2,\"name\":\"V\u00edtor Pinto destaca detalhe-chave no pen\u00e1lti FC Porto-Arouca: Fofana de frente\"}]},{\"@type\":\"WebSite\",\"@id\":\"https:\/\/portaltela.pt\/#website\",\"url\":\"https:\/\/portaltela.pt\/\",\"name\":\"Portal Tela Portugal\",\"description\":\"\",\"potentialAction\":[{\"@type\":\"SearchAction\",\"target\":{\"@type\":\"EntryPoint\",\"urlTemplate\":\"https:\/\/portaltela.pt\/?s={search_term_string}\"},\"query-input\":{\"@type\":\"PropertyValueSpecification\",\"valueRequired\":true,\"valueName\":\"search_term_string\"}}],\"inLanguage\":\"pt-PT\"},{\"@type\":\"Person\",\"@id\":\"https:\/\/portaltela.pt\/#\/schema\/person\/c4278d4a6028830caff9ee44b42d32ed\",\"name\":\"Telinha\",\"image\":{\"@type\":\"ImageObject\",\"inLanguage\":\"pt-PT\",\"@id\":\"https:\/\/portaltela.pt\/s.01k8rhncp4jt1\/2025\/11\/talking-bot-125x125.png\",\"url\":\"https:\/\/portaltela.pt\/s.01k8rhncp4jt1\/2025\/11\/talking-bot-125x125.png\",\"contentUrl\":\"https:\/\/portaltela.pt\/s.01k8rhncp4jt1\/2025\/11\/talking-bot-125x125.png\",\"caption\":\"Telinha\"},\"sameAs\":[\"https:\/\/portaltela.pt\/\"],\"url\":\"https:\/\/portaltela.pt\/por\/367410592786\/\"}]}<\/script>\n<!-- \/ Yoast SEO plugin. -->","yoast_head_json":{"title":"V\u00edtor Pinto destaca detalhe-chave no pen\u00e1lti FC Porto-Arouca: Fofana de frente - Portal Tela Portugal","robots":{"index":"index","follow":"follow","max-snippet":"max-snippet:-1","max-image-preview":"max-image-preview:large","max-video-preview":"max-video-preview:-1"},"og_locale":"pt_PT","og_type":"article","og_title":"V\u00edtor Pinto destaca detalhe-chave no pen\u00e1lti FC Porto-Arouca: Fofana de frente - Portal Tela Portugal","og_description":"V\u00edtor Pinto, subdiretor de Record, afirma que n\u00e3o houve falta sobre Fofana no pen\u00e1lti do FC Porto-Arouca. Apesar disso, aponta um detalhe que pode levar a outra interpreta\u00e7\u00e3o da jogada. As declara\u00e7\u00f5es foram feitas no programa Liga D\u2019Ouro, da televis\u00e3o CMTV. O coment\u00e1rio mant\u00e9m a posi\u00e7\u00e3o de que n\u00e3o houve infra\u00e7\u00e3o, mas ressalta a possibilidade de leitura diferente.","og_url":"https:\/\/portaltela.pt\/noticias\/2026\/03\/01\/vitor-pinto-destaca-detalhe-chave-no-penalti-fc-porto-arouca-fofana-de-frente\/","og_site_name":"Portal Tela Portugal","article_published_time":"2026-03-01T09:00:00+00:00","author":"Telinha","twitter_card":"summary_large_image","twitter_misc":{"Escrito por":"Telinha","Tempo estimado de leitura":"1 minuto"},"schema":{"@context":"https:\/\/schema.org","@graph":[{"@type":"Article","@id":"https:\/\/portaltela.pt\/noticias\/2026\/03\/01\/vitor-pinto-destaca-detalhe-chave-no-penalti-fc-porto-arouca-fofana-de-frente\/#article","isPartOf":{"@id":"https:\/\/portaltela.pt\/noticias\/2026\/03\/01\/vitor-pinto-destaca-detalhe-chave-no-penalti-fc-porto-arouca-fofana-de-frente\/"},"author":{"name":"Telinha","@id":"https:\/\/portaltela.pt\/#\/schema\/person\/c4278d4a6028830caff9ee44b42d32ed"},"headline":"V\u00edtor Pinto destaca detalhe-chave no pen\u00e1lti FC Porto-Arouca: Fofana de frente","datePublished":"2026-03-01T09:00:00+00:00","mainEntityOfPage":{"@id":"https:\/\/portaltela.pt\/noticias\/2026\/03\/01\/vitor-pinto-destaca-detalhe-chave-no-penalti-fc-porto-arouca-fofana-de-frente\/"},"wordCount":181,"image":{"@id":"https:\/\/portaltela.pt\/noticias\/2026\/03\/01\/vitor-pinto-destaca-detalhe-chave-no-penalti-fc-porto-arouca-fofana-de-frente\/#primaryimage"},"thumbnailUrl":"https:\/\/portaltela.pt\/s.01k8rhncp4jt1\/2026\/03\/img_1200x721uu2026-02-28-23-40-01-2424198.jpg","keywords":["Arouca","FC Porto","Fofana","futebol","Liga","pen\u00e1lti"],"articleSection":["Desporto","Futebol"],"inLanguage":"pt-PT"},{"@type":"WebPage","@id":"https:\/\/portaltela.pt\/noticias\/2026\/03\/01\/vitor-pinto-destaca-detalhe-chave-no-penalti-fc-porto-arouca-fofana-de-frente\/","url":"https:\/\/portaltela.pt\/noticias\/2026\/03\/01\/vitor-pinto-destaca-detalhe-chave-no-penalti-fc-porto-arouca-fofana-de-frente\/","name":"V\u00edtor Pinto destaca detalhe-chave no pen\u00e1lti FC Porto-Arouca: Fofana de frente - Portal Tela Portugal","isPartOf":{"@id":"https:\/\/portaltela.pt\/#website"},"primaryImageOfPage":{"@id":"https:\/\/portaltela.pt\/noticias\/2026\/03\/01\/vitor-pinto-destaca-detalhe-chave-no-penalti-fc-porto-arouca-fofana-de-frente\/#primaryimage"},"image":{"@id":"https:\/\/portaltela.pt\/noticias\/2026\/03\/01\/vitor-pinto-destaca-detalhe-chave-no-penalti-fc-porto-arouca-fofana-de-frente\/#primaryimage"},"thumbnailUrl":"https:\/\/portaltela.pt\/s.01k8rhncp4jt1\/2026\/03\/img_1200x721uu2026-02-28-23-40-01-2424198.jpg","datePublished":"2026-03-01T09:00:00+00:00","author":{"@id":"https:\/\/portaltela.pt\/#\/schema\/person\/c4278d4a6028830caff9ee44b42d32ed"},"breadcrumb":{"@id":"https:\/\/portaltela.pt\/noticias\/2026\/03\/01\/vitor-pinto-destaca-detalhe-chave-no-penalti-fc-porto-arouca-fofana-de-frente\/#breadcrumb"},"inLanguage":"pt-PT","potentialAction":[{"@type":"ReadAction","target":["https:\/\/portaltela.pt\/noticias\/2026\/03\/01\/vitor-pinto-destaca-detalhe-chave-no-penalti-fc-porto-arouca-fofana-de-frente\/"]}]},{"@type":"ImageObject","inLanguage":"pt-PT","@id":"https:\/\/portaltela.pt\/noticias\/2026\/03\/01\/vitor-pinto-destaca-detalhe-chave-no-penalti-fc-porto-arouca-fofana-de-frente\/#primaryimage","url":"https:\/\/portaltela.pt\/s.01k8rhncp4jt1\/2026\/03\/img_1200x721uu2026-02-28-23-40-01-2424198.jpg","contentUrl":"https:\/\/portaltela.pt\/s.01k8rhncp4jt1\/2026\/03\/img_1200x721uu2026-02-28-23-40-01-2424198.jpg","width":796,"height":448,"caption":"V\u00edtor Pinto e o \"detalhe fundamental\" no pen\u00e1lti pol\u00e9mico do FC Porto-Arouca: \u00abQuem est\u00e1 de frente para a baliza \u00e9 o Fofana\u00bb"},{"@type":"BreadcrumbList","@id":"https:\/\/portaltela.pt\/noticias\/2026\/03\/01\/vitor-pinto-destaca-detalhe-chave-no-penalti-fc-porto-arouca-fofana-de-frente\/#breadcrumb","itemListElement":[{"@type":"ListItem","position":1,"name":"In\u00edcio","item":"https:\/\/portaltela.pt\/"},{"@type":"ListItem","position":2,"name":"V\u00edtor Pinto destaca detalhe-chave no pen\u00e1lti FC Porto-Arouca: Fofana de frente"}]},{"@type":"WebSite","@id":"https:\/\/portaltela.pt\/#website","url":"https:\/\/portaltela.pt\/","name":"Portal Tela Portugal","description":"","potentialAction":[{"@type":"SearchAction","target":{"@type":"EntryPoint","urlTemplate":"https:\/\/portaltela.pt\/?s={search_term_string}"},"query-input":{"@type":"PropertyValueSpecification","valueRequired":true,"valueName":"search_term_string"}}],"inLanguage":"pt-PT"},{"@type":"Person","@id":"https:\/\/portaltela.pt\/#\/schema\/person\/c4278d4a6028830caff9ee44b42d32ed","name":"Telinha","image":{"@type":"ImageObject","inLanguage":"pt-PT","@id":"https:\/\/portaltela.pt\/s.01k8rhncp4jt1\/2025\/11\/talking-bot-125x125.png","url":"https:\/\/portaltela.pt\/s.01k8rhncp4jt1\/2025\/11\/talking-bot-125x125.png","contentUrl":"https:\/\/portaltela.pt\/s.01k8rhncp4jt1\/2025\/11\/talking-bot-125x125.png","caption":"Telinha"},"sameAs":["https:\/\/portaltela.pt\/"],"url":"https:\/\/portaltela.pt\/por\/367410592786\/"}]}},"_links":{"self":[{"href":"https:\/\/portaltela.pt\/api\/wp\/v2\/posts\/392946","targetHints":{"allow":["GET"]}}],"collection":[{"href":"https:\/\/portaltela.pt\/api\/wp\/v2\/posts"}],"about":[{"href":"https:\/\/portaltela.pt\/api\/wp\/v2\/types\/post"}],"author":[{"embeddable":true,"href":"https:\/\/portaltela.pt\/api\/wp\/v2\/users\/2"}],"replies":[{"embeddable":true,"href":"https:\/\/portaltela.pt\/api\/wp\/v2\/comments?post=392946"}],"version-history":[{"count":0,"href":"https:\/\/portaltela.pt\/api\/wp\/v2\/posts\/392946\/revisions"}],"wp:featuredmedia":[{"embeddable":true,"href":"https:\/\/portaltela.pt\/api\/wp\/v2\/media\/392950"}],"wp:attachment":[{"href":"https:\/\/portaltela.pt\/api\/wp\/v2\/media?parent=392946"}],"wp:term":[{"taxonomy":"category","embeddable":true,"href":"https:\/\/portaltela.pt\/api\/wp\/v2\/categories?post=392946"},{"taxonomy":"post_tag","embeddable":true,"href":"https:\/\/portaltela.pt\/api\/wp\/v2\/tags?post=392946"}],"curies":[{"name":"wp","href":"https:\/\/api.w.org\/{rel}","templated":true}]}}