{"id":392944,"date":"2026-03-01T05:50:25","date_gmt":"2026-03-01T08:50:25","guid":{"rendered":"https:\/\/portaltela.pt\/noticias\/2026\/03\/01\/lamine-yamal-comenta-pressao-para-marcar-100-golos-aos-16-anos\/"},"modified":"2026-03-01T05:50:25","modified_gmt":"2026-03-01T08:50:25","slug":"lamine-yamal-comenta-pressao-para-marcar-100-golos-aos-16-anos","status":"publish","type":"post","link":"https:\/\/portaltela.pt\/desporto\/futebol\/2026\/03\/01\/lamine-yamal-comenta-pressao-para-marcar-100-golos-aos-16-anos\/","title":{"rendered":"Lamine Yamal comenta press\u00e3o para marcar 100 golos aos 16 anos"},"content":{"rendered":"<p>Barcelona venceu o Villarreal por 4-1, com Lamine Yamal a marcar um hat-trick no seu jogo 100 \u00e0 frente da equipa. O jovem foi titular na primeira parte e participou ativamente no ataque blaugrana.<\/p>\n<p>Yamal tornou-se no sexto jogador com menos de 19 anos a apontar tr\u00eas golos numa Liga, juntando-se a Iraragorri, Pombo, Panizo, Zaldua e Illan. Passou a ser o terceiro mais jovem a alcan\u00e7ar o feito, atr\u00e1s de Iraragorri e Pombo.<\/p>\n<p>O atacante de 18 anos e 230 dias afirmou sentir-se feliz pela vit\u00f3ria e pelos tr\u00eas gols. Contou ainda que pediu ao treinador Hansi Flick para permanecer em campo at\u00e9 ao hat-trick, que chegou aos 69 minutos, sendo substitu\u00eddo aos 73.<\/p>\n<p>Yamal revelou j\u00e1 estar recuperado da pubalgia que o afetou recentemente. Garantiu estar novamente feliz a jogar e que a recupera\u00e7\u00e3o lhe devolveu a confian\u00e7a e o ritmo no terreno.<\/p>\n","protected":false},"excerpt":{"rendered":"<ul>\n<li>Lamine Yamal fez hat-trick na vit\u00f3ria do Barcelona sobre o Villarreal (4-1), no jogo n\u00famero 100 de Hansi Flick ao leme da equipa blaugrana.<\/li>\n<li>Aos 18 anos e 230 dias, tornou-se no sexto jogador sub\u201119 a marcar tr\u00eas golos numa partida da La Liga.<\/li>\n<li>Passou a ser o terceiro mais jovem a alcan\u00e7ar esse feito, atr\u00e1s de Iraragorri e Pombo.<\/li>\n<li>Messi foi o primeiro a fazer um hat-trick na Liga aos 19 anos e 259 dias, ficando Yamal com a melhoria posi\u00e7\u00e3o hist\u00f3rica.<\/li>\n<li>Yamal contou que j\u00e1 est\u00e1 recuperado da pubalgia, pediu para ficar em campo at\u00e9 ao terceiro golo e comentou: \u201ch\u00e1 pessoas que queriam que marcasse 100 golos aos 16 anos\u201d.<\/li>\n<\/ul>\n","protected":false},"author":2,"featured_media":392949,"comment_status":"closed","ping_status":"closed","sticky":false,"template":"","format":"standard","meta":{"footnotes":""},"categories":[21,24],"tags":[2587,32,242,1789,2794],"class_list":["post-392944","post","type-post","status-publish","format-standard","has-post-thumbnail","hentry","category-desporto","category-futebol","tag-barcelona","tag-futebol","tag-jogadores","tag-la-liga","tag-lamine-yamal"],"yoast_head":"<!-- This site is optimized with the Yoast SEO plugin v27.2 - https:\/\/yoast.com\/product\/yoast-seo-wordpress\/ -->\n<title>Lamine Yamal comenta press\u00e3o para marcar 100 golos aos 16 anos - Portal Tela Portugal<\/title>\n<meta name=\"robots\" content=\"index, follow, max-snippet:-1, max-image-preview:large, max-video-preview:-1\" \/>\n<meta property=\"og:locale\" content=\"pt_PT\" \/>\n<meta property=\"og:type\" content=\"article\" \/>\n<meta property=\"og:title\" content=\"Lamine Yamal comenta press\u00e3o para marcar 100 golos aos 16 anos - Portal Tela Portugal\" \/>\n<meta property=\"og:description\" content=\"Lamine Yamal fez hat-trick na vit\u00f3ria do Barcelona sobre o Villarreal (4-1), no jogo n\u00famero 100 de Hansi Flick ao leme da equipa blaugrana. Aos 18 anos e 230 dias, tornou-se no sexto jogador sub\u201119 a marcar tr\u00eas golos numa partida da La Liga. Passou a ser o terceiro mais jovem a alcan\u00e7ar esse feito, atr\u00e1s de Iraragorri e Pombo. Messi foi o primeiro a fazer um hat-trick na Liga aos 19 anos e 259 dias, ficando Yamal com a melhoria posi\u00e7\u00e3o hist\u00f3rica. Yamal contou que j\u00e1 est\u00e1 recuperado da pubalgia, pediu para ficar em campo at\u00e9 ao terceiro golo e comentou: \u201ch\u00e1 pessoas que queriam que marcasse 100 golos aos 16 anos\u201d.\" \/>\n<meta property=\"og:url\" content=\"https:\/\/portaltela.pt\/noticias\/2026\/03\/01\/lamine-yamal-comenta-pressao-para-marcar-100-golos-aos-16-anos\/\" \/>\n<meta property=\"og:site_name\" content=\"Portal Tela Portugal\" \/>\n<meta property=\"article:published_time\" content=\"2026-03-01T08:50:25+00:00\" \/>\n<meta name=\"author\" content=\"Telinha\" \/>\n<meta name=\"twitter:card\" content=\"summary_large_image\" \/>\n<meta name=\"twitter:label1\" content=\"Escrito por\" \/>\n\t<meta name=\"twitter:data1\" content=\"Telinha\" \/>\n\t<meta name=\"twitter:label2\" content=\"Tempo estimado de leitura\" \/>\n\t<meta name=\"twitter:data2\" content=\"1 minuto\" \/>\n<script type=\"application\/ld+json\" class=\"yoast-schema-graph\">{\"@context\":\"https:\/\/schema.org\",\"@graph\":[{\"@type\":\"Article\",\"@id\":\"https:\/\/portaltela.pt\/noticias\/2026\/03\/01\/lamine-yamal-comenta-pressao-para-marcar-100-golos-aos-16-anos\/#article\",\"isPartOf\":{\"@id\":\"https:\/\/portaltela.pt\/noticias\/2026\/03\/01\/lamine-yamal-comenta-pressao-para-marcar-100-golos-aos-16-anos\/\"},\"author\":{\"name\":\"Telinha\",\"@id\":\"https:\/\/portaltela.pt\/#\/schema\/person\/c4278d4a6028830caff9ee44b42d32ed\"},\"headline\":\"Lamine Yamal comenta press\u00e3o para marcar 100 golos aos 16 anos\",\"datePublished\":\"2026-03-01T08:50:25+00:00\",\"mainEntityOfPage\":{\"@id\":\"https:\/\/portaltela.pt\/noticias\/2026\/03\/01\/lamine-yamal-comenta-pressao-para-marcar-100-golos-aos-16-anos\/\"},\"wordCount\":156,\"image\":{\"@id\":\"https:\/\/portaltela.pt\/noticias\/2026\/03\/01\/lamine-yamal-comenta-pressao-para-marcar-100-golos-aos-16-anos\/#primaryimage\"},\"thumbnailUrl\":\"https:\/\/portaltela.pt\/s.01k8rhncp4jt1\/2026\/03\/img_920x518uu2026-03-01-08-49-09-2424224-im-639079517668013019.jpg\",\"keywords\":[\"Barcelona\",\"futebol\",\"jogadores\",\"La Liga\",\"Lamine Yamal\"],\"articleSection\":[\"Desporto\",\"Futebol\"],\"inLanguage\":\"pt-PT\"},{\"@type\":\"WebPage\",\"@id\":\"https:\/\/portaltela.pt\/noticias\/2026\/03\/01\/lamine-yamal-comenta-pressao-para-marcar-100-golos-aos-16-anos\/\",\"url\":\"https:\/\/portaltela.pt\/noticias\/2026\/03\/01\/lamine-yamal-comenta-pressao-para-marcar-100-golos-aos-16-anos\/\",\"name\":\"Lamine Yamal comenta press\u00e3o para marcar 100 golos aos 16 anos - Portal Tela Portugal\",\"isPartOf\":{\"@id\":\"https:\/\/portaltela.pt\/#website\"},\"primaryImageOfPage\":{\"@id\":\"https:\/\/portaltela.pt\/noticias\/2026\/03\/01\/lamine-yamal-comenta-pressao-para-marcar-100-golos-aos-16-anos\/#primaryimage\"},\"image\":{\"@id\":\"https:\/\/portaltela.pt\/noticias\/2026\/03\/01\/lamine-yamal-comenta-pressao-para-marcar-100-golos-aos-16-anos\/#primaryimage\"},\"thumbnailUrl\":\"https:\/\/portaltela.pt\/s.01k8rhncp4jt1\/2026\/03\/img_920x518uu2026-03-01-08-49-09-2424224-im-639079517668013019.jpg\",\"datePublished\":\"2026-03-01T08:50:25+00:00\",\"author\":{\"@id\":\"https:\/\/portaltela.pt\/#\/schema\/person\/c4278d4a6028830caff9ee44b42d32ed\"},\"breadcrumb\":{\"@id\":\"https:\/\/portaltela.pt\/noticias\/2026\/03\/01\/lamine-yamal-comenta-pressao-para-marcar-100-golos-aos-16-anos\/#breadcrumb\"},\"inLanguage\":\"pt-PT\",\"potentialAction\":[{\"@type\":\"ReadAction\",\"target\":[\"https:\/\/portaltela.pt\/noticias\/2026\/03\/01\/lamine-yamal-comenta-pressao-para-marcar-100-golos-aos-16-anos\/\"]}]},{\"@type\":\"ImageObject\",\"inLanguage\":\"pt-PT\",\"@id\":\"https:\/\/portaltela.pt\/noticias\/2026\/03\/01\/lamine-yamal-comenta-pressao-para-marcar-100-golos-aos-16-anos\/#primaryimage\",\"url\":\"https:\/\/portaltela.pt\/s.01k8rhncp4jt1\/2026\/03\/img_920x518uu2026-03-01-08-49-09-2424224-im-639079517668013019.jpg\",\"contentUrl\":\"https:\/\/portaltela.pt\/s.01k8rhncp4jt1\/2026\/03\/img_920x518uu2026-03-01-08-49-09-2424224-im-639079517668013019.jpg\",\"width\":796,\"height\":448,\"caption\":\"Lamine Yamal\"},{\"@type\":\"BreadcrumbList\",\"@id\":\"https:\/\/portaltela.pt\/noticias\/2026\/03\/01\/lamine-yamal-comenta-pressao-para-marcar-100-golos-aos-16-anos\/#breadcrumb\",\"itemListElement\":[{\"@type\":\"ListItem\",\"position\":1,\"name\":\"In\u00edcio\",\"item\":\"https:\/\/portaltela.pt\/\"},{\"@type\":\"ListItem\",\"position\":2,\"name\":\"Lamine Yamal comenta press\u00e3o para marcar 100 golos aos 16 anos\"}]},{\"@type\":\"WebSite\",\"@id\":\"https:\/\/portaltela.pt\/#website\",\"url\":\"https:\/\/portaltela.pt\/\",\"name\":\"Portal Tela Portugal\",\"description\":\"\",\"potentialAction\":[{\"@type\":\"SearchAction\",\"target\":{\"@type\":\"EntryPoint\",\"urlTemplate\":\"https:\/\/portaltela.pt\/?s={search_term_string}\"},\"query-input\":{\"@type\":\"PropertyValueSpecification\",\"valueRequired\":true,\"valueName\":\"search_term_string\"}}],\"inLanguage\":\"pt-PT\"},{\"@type\":\"Person\",\"@id\":\"https:\/\/portaltela.pt\/#\/schema\/person\/c4278d4a6028830caff9ee44b42d32ed\",\"name\":\"Telinha\",\"image\":{\"@type\":\"ImageObject\",\"inLanguage\":\"pt-PT\",\"@id\":\"https:\/\/portaltela.pt\/s.01k8rhncp4jt1\/2025\/11\/talking-bot-125x125.png\",\"url\":\"https:\/\/portaltela.pt\/s.01k8rhncp4jt1\/2025\/11\/talking-bot-125x125.png\",\"contentUrl\":\"https:\/\/portaltela.pt\/s.01k8rhncp4jt1\/2025\/11\/talking-bot-125x125.png\",\"caption\":\"Telinha\"},\"sameAs\":[\"https:\/\/portaltela.pt\/\"],\"url\":\"https:\/\/portaltela.pt\/por\/367410592786\/\"}]}<\/script>\n<!-- \/ Yoast SEO plugin. -->","yoast_head_json":{"title":"Lamine Yamal comenta press\u00e3o para marcar 100 golos aos 16 anos - Portal Tela Portugal","robots":{"index":"index","follow":"follow","max-snippet":"max-snippet:-1","max-image-preview":"max-image-preview:large","max-video-preview":"max-video-preview:-1"},"og_locale":"pt_PT","og_type":"article","og_title":"Lamine Yamal comenta press\u00e3o para marcar 100 golos aos 16 anos - Portal Tela Portugal","og_description":"Lamine Yamal fez hat-trick na vit\u00f3ria do Barcelona sobre o Villarreal (4-1), no jogo n\u00famero 100 de Hansi Flick ao leme da equipa blaugrana. Aos 18 anos e 230 dias, tornou-se no sexto jogador sub\u201119 a marcar tr\u00eas golos numa partida da La Liga. Passou a ser o terceiro mais jovem a alcan\u00e7ar esse feito, atr\u00e1s de Iraragorri e Pombo. Messi foi o primeiro a fazer um hat-trick na Liga aos 19 anos e 259 dias, ficando Yamal com a melhoria posi\u00e7\u00e3o hist\u00f3rica. Yamal contou que j\u00e1 est\u00e1 recuperado da pubalgia, pediu para ficar em campo at\u00e9 ao terceiro golo e comentou: \u201ch\u00e1 pessoas que queriam que marcasse 100 golos aos 16 anos\u201d.","og_url":"https:\/\/portaltela.pt\/noticias\/2026\/03\/01\/lamine-yamal-comenta-pressao-para-marcar-100-golos-aos-16-anos\/","og_site_name":"Portal Tela Portugal","article_published_time":"2026-03-01T08:50:25+00:00","author":"Telinha","twitter_card":"summary_large_image","twitter_misc":{"Escrito por":"Telinha","Tempo estimado de leitura":"1 minuto"},"schema":{"@context":"https:\/\/schema.org","@graph":[{"@type":"Article","@id":"https:\/\/portaltela.pt\/noticias\/2026\/03\/01\/lamine-yamal-comenta-pressao-para-marcar-100-golos-aos-16-anos\/#article","isPartOf":{"@id":"https:\/\/portaltela.pt\/noticias\/2026\/03\/01\/lamine-yamal-comenta-pressao-para-marcar-100-golos-aos-16-anos\/"},"author":{"name":"Telinha","@id":"https:\/\/portaltela.pt\/#\/schema\/person\/c4278d4a6028830caff9ee44b42d32ed"},"headline":"Lamine Yamal comenta press\u00e3o para marcar 100 golos aos 16 anos","datePublished":"2026-03-01T08:50:25+00:00","mainEntityOfPage":{"@id":"https:\/\/portaltela.pt\/noticias\/2026\/03\/01\/lamine-yamal-comenta-pressao-para-marcar-100-golos-aos-16-anos\/"},"wordCount":156,"image":{"@id":"https:\/\/portaltela.pt\/noticias\/2026\/03\/01\/lamine-yamal-comenta-pressao-para-marcar-100-golos-aos-16-anos\/#primaryimage"},"thumbnailUrl":"https:\/\/portaltela.pt\/s.01k8rhncp4jt1\/2026\/03\/img_920x518uu2026-03-01-08-49-09-2424224-im-639079517668013019.jpg","keywords":["Barcelona","futebol","jogadores","La Liga","Lamine Yamal"],"articleSection":["Desporto","Futebol"],"inLanguage":"pt-PT"},{"@type":"WebPage","@id":"https:\/\/portaltela.pt\/noticias\/2026\/03\/01\/lamine-yamal-comenta-pressao-para-marcar-100-golos-aos-16-anos\/","url":"https:\/\/portaltela.pt\/noticias\/2026\/03\/01\/lamine-yamal-comenta-pressao-para-marcar-100-golos-aos-16-anos\/","name":"Lamine Yamal comenta press\u00e3o para marcar 100 golos aos 16 anos - Portal Tela Portugal","isPartOf":{"@id":"https:\/\/portaltela.pt\/#website"},"primaryImageOfPage":{"@id":"https:\/\/portaltela.pt\/noticias\/2026\/03\/01\/lamine-yamal-comenta-pressao-para-marcar-100-golos-aos-16-anos\/#primaryimage"},"image":{"@id":"https:\/\/portaltela.pt\/noticias\/2026\/03\/01\/lamine-yamal-comenta-pressao-para-marcar-100-golos-aos-16-anos\/#primaryimage"},"thumbnailUrl":"https:\/\/portaltela.pt\/s.01k8rhncp4jt1\/2026\/03\/img_920x518uu2026-03-01-08-49-09-2424224-im-639079517668013019.jpg","datePublished":"2026-03-01T08:50:25+00:00","author":{"@id":"https:\/\/portaltela.pt\/#\/schema\/person\/c4278d4a6028830caff9ee44b42d32ed"},"breadcrumb":{"@id":"https:\/\/portaltela.pt\/noticias\/2026\/03\/01\/lamine-yamal-comenta-pressao-para-marcar-100-golos-aos-16-anos\/#breadcrumb"},"inLanguage":"pt-PT","potentialAction":[{"@type":"ReadAction","target":["https:\/\/portaltela.pt\/noticias\/2026\/03\/01\/lamine-yamal-comenta-pressao-para-marcar-100-golos-aos-16-anos\/"]}]},{"@type":"ImageObject","inLanguage":"pt-PT","@id":"https:\/\/portaltela.pt\/noticias\/2026\/03\/01\/lamine-yamal-comenta-pressao-para-marcar-100-golos-aos-16-anos\/#primaryimage","url":"https:\/\/portaltela.pt\/s.01k8rhncp4jt1\/2026\/03\/img_920x518uu2026-03-01-08-49-09-2424224-im-639079517668013019.jpg","contentUrl":"https:\/\/portaltela.pt\/s.01k8rhncp4jt1\/2026\/03\/img_920x518uu2026-03-01-08-49-09-2424224-im-639079517668013019.jpg","width":796,"height":448,"caption":"Lamine Yamal"},{"@type":"BreadcrumbList","@id":"https:\/\/portaltela.pt\/noticias\/2026\/03\/01\/lamine-yamal-comenta-pressao-para-marcar-100-golos-aos-16-anos\/#breadcrumb","itemListElement":[{"@type":"ListItem","position":1,"name":"In\u00edcio","item":"https:\/\/portaltela.pt\/"},{"@type":"ListItem","position":2,"name":"Lamine Yamal comenta press\u00e3o para marcar 100 golos aos 16 anos"}]},{"@type":"WebSite","@id":"https:\/\/portaltela.pt\/#website","url":"https:\/\/portaltela.pt\/","name":"Portal Tela Portugal","description":"","potentialAction":[{"@type":"SearchAction","target":{"@type":"EntryPoint","urlTemplate":"https:\/\/portaltela.pt\/?s={search_term_string}"},"query-input":{"@type":"PropertyValueSpecification","valueRequired":true,"valueName":"search_term_string"}}],"inLanguage":"pt-PT"},{"@type":"Person","@id":"https:\/\/portaltela.pt\/#\/schema\/person\/c4278d4a6028830caff9ee44b42d32ed","name":"Telinha","image":{"@type":"ImageObject","inLanguage":"pt-PT","@id":"https:\/\/portaltela.pt\/s.01k8rhncp4jt1\/2025\/11\/talking-bot-125x125.png","url":"https:\/\/portaltela.pt\/s.01k8rhncp4jt1\/2025\/11\/talking-bot-125x125.png","contentUrl":"https:\/\/portaltela.pt\/s.01k8rhncp4jt1\/2025\/11\/talking-bot-125x125.png","caption":"Telinha"},"sameAs":["https:\/\/portaltela.pt\/"],"url":"https:\/\/portaltela.pt\/por\/367410592786\/"}]}},"_links":{"self":[{"href":"https:\/\/portaltela.pt\/api\/wp\/v2\/posts\/392944","targetHints":{"allow":["GET"]}}],"collection":[{"href":"https:\/\/portaltela.pt\/api\/wp\/v2\/posts"}],"about":[{"href":"https:\/\/portaltela.pt\/api\/wp\/v2\/types\/post"}],"author":[{"embeddable":true,"href":"https:\/\/portaltela.pt\/api\/wp\/v2\/users\/2"}],"replies":[{"embeddable":true,"href":"https:\/\/portaltela.pt\/api\/wp\/v2\/comments?post=392944"}],"version-history":[{"count":0,"href":"https:\/\/portaltela.pt\/api\/wp\/v2\/posts\/392944\/revisions"}],"wp:featuredmedia":[{"embeddable":true,"href":"https:\/\/portaltela.pt\/api\/wp\/v2\/media\/392949"}],"wp:attachment":[{"href":"https:\/\/portaltela.pt\/api\/wp\/v2\/media?parent=392944"}],"wp:term":[{"taxonomy":"category","embeddable":true,"href":"https:\/\/portaltela.pt\/api\/wp\/v2\/categories?post=392944"},{"taxonomy":"post_tag","embeddable":true,"href":"https:\/\/portaltela.pt\/api\/wp\/v2\/tags?post=392944"}],"curies":[{"name":"wp","href":"https:\/\/api.w.org\/{rel}","templated":true}]}}