{"id":392942,"date":"2026-03-01T05:56:19","date_gmt":"2026-03-01T08:56:19","guid":{"rendered":"https:\/\/portaltela.pt\/noticias\/2026\/03\/01\/lukaku-afirma-que-antes-de-chegar-a-napoles-estava-morto\/"},"modified":"2026-03-01T05:56:19","modified_gmt":"2026-03-01T08:56:19","slug":"lukaku-afirma-que-antes-de-chegar-a-napoles-estava-morto","status":"publish","type":"post","link":"https:\/\/portaltela.pt\/desporto\/futebol\/2026\/03\/01\/lukaku-afirma-que-antes-de-chegar-a-napoles-estava-morto\/","title":{"rendered":"Lukaku afirma que antes de chegar a N\u00e1poles estava morto"},"content":{"rendered":"<p>Romelu Lukaku voltou a marcar pelo Napoli e ajudou a equipa a vencer o Verona por 2-1, num jogo em que entrou aos 73 minutos, substituindo Alisson Santos, cedido pelo Sporting. O golo surgiu nos descontos, aos 90+6, numa reviravolta desejada ap\u00f3s o departamento m\u00e9dico manter o belga afastado durante grande parte da \u00e9poca.<\/p>\n<p>A les\u00e3o muscular sofrida na pr\u00e9\u2011\u00e9poca atrasou o regresso de Lukaku, que s\u00f3 foi op\u00e7\u00e3o no final de janeiro. O avan\u00e7ado admitiu, de forma reservada, que os meses anteriores foram desafiantes pessoalmente, especialmente pela perda do pai, o que tornou o regresso ao campo ainda mais significativo.<\/p>\n<p>Inter imp\u00f5e-se frente ao G\u00e9nova<\/p>\n<p>O l\u00edder Inter venceu o G\u00e9nova por 2-0, com Vitinha a iniciar de titular. O resultado refor\u00e7a a posi\u00e7\u00e3o da equipa na tabela e a consist\u00eancia que tem mostrado na temporada.<\/p>\n<p>Como supera Lecce para seguir na corrida<\/p>\n<p>O Como derrotou o Lecce por 3-1, mantendo a press\u00e3o no meio da tabela. Tiago Gabriel e Danilo Veiga estiveram entre os marcadores, consolidando a fase recente da equipa.<\/p>\n","protected":false},"excerpt":{"rendered":"<ul>\n<li>Romelu Lukaku fez o primeiro golo da \u00e9poca ao Verona, aos 90\u2019+6, entrando aos 73\u2019 para substituir Alisson Santos, cedido pelo Sporting.<\/li>\n<li>O jogador regressou de uma grave les\u00e3o muscular sofrida na pr\u00e9-\u00e9poca, tornando\u2011se op\u00e7\u00e3o apenas no fim de janeiro.<\/li>\n<li>No final do jogo, Lukaku admitiu que estava \u201cmorto\u201d antes de chegar a N\u00e1poles e recordou a perda do pai.<\/li>\n<li>A vit\u00f3ria do Napoli foi por 2-1 frente ao Verona.<\/li>\n<li>Em outras partidas, o Inter venceu o G\u00e9nova por 2-0 (Vitinha foi titular); o Como derrotou o Lecce por 3-1, com Tiago Gabriel e Danilo Veiga a marcar.<\/li>\n<\/ul>\n","protected":false},"author":2,"featured_media":392948,"comment_status":"closed","ping_status":"closed","sticky":false,"template":"","format":"standard","meta":{"footnotes":""},"categories":[21,24],"tags":[32,3338,6259,4813,2121,2688],"class_list":["post-392942","post","type-post","status-publish","format-standard","has-post-thumbnail","hentry","category-desporto","category-futebol","tag-futebol","tag-futebol-internacional","tag-genoa","tag-inter-milao","tag-napoli","tag-verona"],"yoast_head":"<!-- This site is optimized with the Yoast SEO plugin v27.2 - https:\/\/yoast.com\/product\/yoast-seo-wordpress\/ -->\n<title>Lukaku afirma que antes de chegar a N\u00e1poles estava morto - Portal Tela Portugal<\/title>\n<meta name=\"robots\" content=\"index, follow, max-snippet:-1, max-image-preview:large, max-video-preview:-1\" \/>\n<meta property=\"og:locale\" content=\"pt_PT\" \/>\n<meta property=\"og:type\" content=\"article\" \/>\n<meta property=\"og:title\" content=\"Lukaku afirma que antes de chegar a N\u00e1poles estava morto - Portal Tela Portugal\" \/>\n<meta property=\"og:description\" content=\"Romelu Lukaku fez o primeiro golo da \u00e9poca ao Verona, aos 90\u2019+6, entrando aos 73\u2019 para substituir Alisson Santos, cedido pelo Sporting. O jogador regressou de uma grave les\u00e3o muscular sofrida na pr\u00e9-\u00e9poca, tornando\u2011se op\u00e7\u00e3o apenas no fim de janeiro. No final do jogo, Lukaku admitiu que estava \u201cmorto\u201d antes de chegar a N\u00e1poles e recordou a perda do pai. A vit\u00f3ria do Napoli foi por 2-1 frente ao Verona. Em outras partidas, o Inter venceu o G\u00e9nova por 2-0 (Vitinha foi titular); o Como derrotou o Lecce por 3-1, com Tiago Gabriel e Danilo Veiga a marcar.\" \/>\n<meta property=\"og:url\" content=\"https:\/\/portaltela.pt\/noticias\/2026\/03\/01\/lukaku-afirma-que-antes-de-chegar-a-napoles-estava-morto\/\" \/>\n<meta property=\"og:site_name\" content=\"Portal Tela Portugal\" \/>\n<meta property=\"article:published_time\" content=\"2026-03-01T08:56:19+00:00\" \/>\n<meta name=\"author\" content=\"Telinha\" \/>\n<meta name=\"twitter:card\" content=\"summary_large_image\" \/>\n<meta name=\"twitter:label1\" content=\"Escrito por\" \/>\n\t<meta name=\"twitter:data1\" content=\"Telinha\" \/>\n\t<meta name=\"twitter:label2\" content=\"Tempo estimado de leitura\" \/>\n\t<meta name=\"twitter:data2\" content=\"1 minuto\" \/>\n<script type=\"application\/ld+json\" class=\"yoast-schema-graph\">{\"@context\":\"https:\/\/schema.org\",\"@graph\":[{\"@type\":\"Article\",\"@id\":\"https:\/\/portaltela.pt\/noticias\/2026\/03\/01\/lukaku-afirma-que-antes-de-chegar-a-napoles-estava-morto\/#article\",\"isPartOf\":{\"@id\":\"https:\/\/portaltela.pt\/noticias\/2026\/03\/01\/lukaku-afirma-que-antes-de-chegar-a-napoles-estava-morto\/\"},\"author\":{\"name\":\"Telinha\",\"@id\":\"https:\/\/portaltela.pt\/#\/schema\/person\/c4278d4a6028830caff9ee44b42d32ed\"},\"headline\":\"Lukaku afirma que antes de chegar a N\u00e1poles estava morto\",\"datePublished\":\"2026-03-01T08:56:19+00:00\",\"mainEntityOfPage\":{\"@id\":\"https:\/\/portaltela.pt\/noticias\/2026\/03\/01\/lukaku-afirma-que-antes-de-chegar-a-napoles-estava-morto\/\"},\"wordCount\":196,\"image\":{\"@id\":\"https:\/\/portaltela.pt\/noticias\/2026\/03\/01\/lukaku-afirma-que-antes-de-chegar-a-napoles-estava-morto\/#primaryimage\"},\"thumbnailUrl\":\"https:\/\/portaltela.pt\/s.01k8rhncp4jt1\/2026\/03\/img_1200x721uu2026-03-01-08-55-42-2424226-im-639079521562047835.jpg\",\"keywords\":[\"futebol\",\"futebol internacional\",\"Genoa\",\"Inter Mil\u00e3o\",\"Napoli\",\"Verona\"],\"articleSection\":[\"Desporto\",\"Futebol\"],\"inLanguage\":\"pt-PT\"},{\"@type\":\"WebPage\",\"@id\":\"https:\/\/portaltela.pt\/noticias\/2026\/03\/01\/lukaku-afirma-que-antes-de-chegar-a-napoles-estava-morto\/\",\"url\":\"https:\/\/portaltela.pt\/noticias\/2026\/03\/01\/lukaku-afirma-que-antes-de-chegar-a-napoles-estava-morto\/\",\"name\":\"Lukaku afirma que antes de chegar a N\u00e1poles estava morto - Portal Tela Portugal\",\"isPartOf\":{\"@id\":\"https:\/\/portaltela.pt\/#website\"},\"primaryImageOfPage\":{\"@id\":\"https:\/\/portaltela.pt\/noticias\/2026\/03\/01\/lukaku-afirma-que-antes-de-chegar-a-napoles-estava-morto\/#primaryimage\"},\"image\":{\"@id\":\"https:\/\/portaltela.pt\/noticias\/2026\/03\/01\/lukaku-afirma-que-antes-de-chegar-a-napoles-estava-morto\/#primaryimage\"},\"thumbnailUrl\":\"https:\/\/portaltela.pt\/s.01k8rhncp4jt1\/2026\/03\/img_1200x721uu2026-03-01-08-55-42-2424226-im-639079521562047835.jpg\",\"datePublished\":\"2026-03-01T08:56:19+00:00\",\"author\":{\"@id\":\"https:\/\/portaltela.pt\/#\/schema\/person\/c4278d4a6028830caff9ee44b42d32ed\"},\"breadcrumb\":{\"@id\":\"https:\/\/portaltela.pt\/noticias\/2026\/03\/01\/lukaku-afirma-que-antes-de-chegar-a-napoles-estava-morto\/#breadcrumb\"},\"inLanguage\":\"pt-PT\",\"potentialAction\":[{\"@type\":\"ReadAction\",\"target\":[\"https:\/\/portaltela.pt\/noticias\/2026\/03\/01\/lukaku-afirma-que-antes-de-chegar-a-napoles-estava-morto\/\"]}]},{\"@type\":\"ImageObject\",\"inLanguage\":\"pt-PT\",\"@id\":\"https:\/\/portaltela.pt\/noticias\/2026\/03\/01\/lukaku-afirma-que-antes-de-chegar-a-napoles-estava-morto\/#primaryimage\",\"url\":\"https:\/\/portaltela.pt\/s.01k8rhncp4jt1\/2026\/03\/img_1200x721uu2026-03-01-08-55-42-2424226-im-639079521562047835.jpg\",\"contentUrl\":\"https:\/\/portaltela.pt\/s.01k8rhncp4jt1\/2026\/03\/img_1200x721uu2026-03-01-08-55-42-2424226-im-639079521562047835.jpg\",\"width\":796,\"height\":448,\"caption\":\"Golo de Lukaku frente ao Verona\"},{\"@type\":\"BreadcrumbList\",\"@id\":\"https:\/\/portaltela.pt\/noticias\/2026\/03\/01\/lukaku-afirma-que-antes-de-chegar-a-napoles-estava-morto\/#breadcrumb\",\"itemListElement\":[{\"@type\":\"ListItem\",\"position\":1,\"name\":\"In\u00edcio\",\"item\":\"https:\/\/portaltela.pt\/\"},{\"@type\":\"ListItem\",\"position\":2,\"name\":\"Lukaku afirma que antes de chegar a N\u00e1poles estava morto\"}]},{\"@type\":\"WebSite\",\"@id\":\"https:\/\/portaltela.pt\/#website\",\"url\":\"https:\/\/portaltela.pt\/\",\"name\":\"Portal Tela Portugal\",\"description\":\"\",\"potentialAction\":[{\"@type\":\"SearchAction\",\"target\":{\"@type\":\"EntryPoint\",\"urlTemplate\":\"https:\/\/portaltela.pt\/?s={search_term_string}\"},\"query-input\":{\"@type\":\"PropertyValueSpecification\",\"valueRequired\":true,\"valueName\":\"search_term_string\"}}],\"inLanguage\":\"pt-PT\"},{\"@type\":\"Person\",\"@id\":\"https:\/\/portaltela.pt\/#\/schema\/person\/c4278d4a6028830caff9ee44b42d32ed\",\"name\":\"Telinha\",\"image\":{\"@type\":\"ImageObject\",\"inLanguage\":\"pt-PT\",\"@id\":\"https:\/\/portaltela.pt\/s.01k8rhncp4jt1\/2025\/11\/talking-bot-125x125.png\",\"url\":\"https:\/\/portaltela.pt\/s.01k8rhncp4jt1\/2025\/11\/talking-bot-125x125.png\",\"contentUrl\":\"https:\/\/portaltela.pt\/s.01k8rhncp4jt1\/2025\/11\/talking-bot-125x125.png\",\"caption\":\"Telinha\"},\"sameAs\":[\"https:\/\/portaltela.pt\/\"],\"url\":\"https:\/\/portaltela.pt\/por\/367410592786\/\"}]}<\/script>\n<!-- \/ Yoast SEO plugin. -->","yoast_head_json":{"title":"Lukaku afirma que antes de chegar a N\u00e1poles estava morto - Portal Tela Portugal","robots":{"index":"index","follow":"follow","max-snippet":"max-snippet:-1","max-image-preview":"max-image-preview:large","max-video-preview":"max-video-preview:-1"},"og_locale":"pt_PT","og_type":"article","og_title":"Lukaku afirma que antes de chegar a N\u00e1poles estava morto - Portal Tela Portugal","og_description":"Romelu Lukaku fez o primeiro golo da \u00e9poca ao Verona, aos 90\u2019+6, entrando aos 73\u2019 para substituir Alisson Santos, cedido pelo Sporting. O jogador regressou de uma grave les\u00e3o muscular sofrida na pr\u00e9-\u00e9poca, tornando\u2011se op\u00e7\u00e3o apenas no fim de janeiro. No final do jogo, Lukaku admitiu que estava \u201cmorto\u201d antes de chegar a N\u00e1poles e recordou a perda do pai. A vit\u00f3ria do Napoli foi por 2-1 frente ao Verona. Em outras partidas, o Inter venceu o G\u00e9nova por 2-0 (Vitinha foi titular); o Como derrotou o Lecce por 3-1, com Tiago Gabriel e Danilo Veiga a marcar.","og_url":"https:\/\/portaltela.pt\/noticias\/2026\/03\/01\/lukaku-afirma-que-antes-de-chegar-a-napoles-estava-morto\/","og_site_name":"Portal Tela Portugal","article_published_time":"2026-03-01T08:56:19+00:00","author":"Telinha","twitter_card":"summary_large_image","twitter_misc":{"Escrito por":"Telinha","Tempo estimado de leitura":"1 minuto"},"schema":{"@context":"https:\/\/schema.org","@graph":[{"@type":"Article","@id":"https:\/\/portaltela.pt\/noticias\/2026\/03\/01\/lukaku-afirma-que-antes-de-chegar-a-napoles-estava-morto\/#article","isPartOf":{"@id":"https:\/\/portaltela.pt\/noticias\/2026\/03\/01\/lukaku-afirma-que-antes-de-chegar-a-napoles-estava-morto\/"},"author":{"name":"Telinha","@id":"https:\/\/portaltela.pt\/#\/schema\/person\/c4278d4a6028830caff9ee44b42d32ed"},"headline":"Lukaku afirma que antes de chegar a N\u00e1poles estava morto","datePublished":"2026-03-01T08:56:19+00:00","mainEntityOfPage":{"@id":"https:\/\/portaltela.pt\/noticias\/2026\/03\/01\/lukaku-afirma-que-antes-de-chegar-a-napoles-estava-morto\/"},"wordCount":196,"image":{"@id":"https:\/\/portaltela.pt\/noticias\/2026\/03\/01\/lukaku-afirma-que-antes-de-chegar-a-napoles-estava-morto\/#primaryimage"},"thumbnailUrl":"https:\/\/portaltela.pt\/s.01k8rhncp4jt1\/2026\/03\/img_1200x721uu2026-03-01-08-55-42-2424226-im-639079521562047835.jpg","keywords":["futebol","futebol internacional","Genoa","Inter Mil\u00e3o","Napoli","Verona"],"articleSection":["Desporto","Futebol"],"inLanguage":"pt-PT"},{"@type":"WebPage","@id":"https:\/\/portaltela.pt\/noticias\/2026\/03\/01\/lukaku-afirma-que-antes-de-chegar-a-napoles-estava-morto\/","url":"https:\/\/portaltela.pt\/noticias\/2026\/03\/01\/lukaku-afirma-que-antes-de-chegar-a-napoles-estava-morto\/","name":"Lukaku afirma que antes de chegar a N\u00e1poles estava morto - Portal Tela Portugal","isPartOf":{"@id":"https:\/\/portaltela.pt\/#website"},"primaryImageOfPage":{"@id":"https:\/\/portaltela.pt\/noticias\/2026\/03\/01\/lukaku-afirma-que-antes-de-chegar-a-napoles-estava-morto\/#primaryimage"},"image":{"@id":"https:\/\/portaltela.pt\/noticias\/2026\/03\/01\/lukaku-afirma-que-antes-de-chegar-a-napoles-estava-morto\/#primaryimage"},"thumbnailUrl":"https:\/\/portaltela.pt\/s.01k8rhncp4jt1\/2026\/03\/img_1200x721uu2026-03-01-08-55-42-2424226-im-639079521562047835.jpg","datePublished":"2026-03-01T08:56:19+00:00","author":{"@id":"https:\/\/portaltela.pt\/#\/schema\/person\/c4278d4a6028830caff9ee44b42d32ed"},"breadcrumb":{"@id":"https:\/\/portaltela.pt\/noticias\/2026\/03\/01\/lukaku-afirma-que-antes-de-chegar-a-napoles-estava-morto\/#breadcrumb"},"inLanguage":"pt-PT","potentialAction":[{"@type":"ReadAction","target":["https:\/\/portaltela.pt\/noticias\/2026\/03\/01\/lukaku-afirma-que-antes-de-chegar-a-napoles-estava-morto\/"]}]},{"@type":"ImageObject","inLanguage":"pt-PT","@id":"https:\/\/portaltela.pt\/noticias\/2026\/03\/01\/lukaku-afirma-que-antes-de-chegar-a-napoles-estava-morto\/#primaryimage","url":"https:\/\/portaltela.pt\/s.01k8rhncp4jt1\/2026\/03\/img_1200x721uu2026-03-01-08-55-42-2424226-im-639079521562047835.jpg","contentUrl":"https:\/\/portaltela.pt\/s.01k8rhncp4jt1\/2026\/03\/img_1200x721uu2026-03-01-08-55-42-2424226-im-639079521562047835.jpg","width":796,"height":448,"caption":"Golo de Lukaku frente ao Verona"},{"@type":"BreadcrumbList","@id":"https:\/\/portaltela.pt\/noticias\/2026\/03\/01\/lukaku-afirma-que-antes-de-chegar-a-napoles-estava-morto\/#breadcrumb","itemListElement":[{"@type":"ListItem","position":1,"name":"In\u00edcio","item":"https:\/\/portaltela.pt\/"},{"@type":"ListItem","position":2,"name":"Lukaku afirma que antes de chegar a N\u00e1poles estava morto"}]},{"@type":"WebSite","@id":"https:\/\/portaltela.pt\/#website","url":"https:\/\/portaltela.pt\/","name":"Portal Tela Portugal","description":"","potentialAction":[{"@type":"SearchAction","target":{"@type":"EntryPoint","urlTemplate":"https:\/\/portaltela.pt\/?s={search_term_string}"},"query-input":{"@type":"PropertyValueSpecification","valueRequired":true,"valueName":"search_term_string"}}],"inLanguage":"pt-PT"},{"@type":"Person","@id":"https:\/\/portaltela.pt\/#\/schema\/person\/c4278d4a6028830caff9ee44b42d32ed","name":"Telinha","image":{"@type":"ImageObject","inLanguage":"pt-PT","@id":"https:\/\/portaltela.pt\/s.01k8rhncp4jt1\/2025\/11\/talking-bot-125x125.png","url":"https:\/\/portaltela.pt\/s.01k8rhncp4jt1\/2025\/11\/talking-bot-125x125.png","contentUrl":"https:\/\/portaltela.pt\/s.01k8rhncp4jt1\/2025\/11\/talking-bot-125x125.png","caption":"Telinha"},"sameAs":["https:\/\/portaltela.pt\/"],"url":"https:\/\/portaltela.pt\/por\/367410592786\/"}]}},"_links":{"self":[{"href":"https:\/\/portaltela.pt\/api\/wp\/v2\/posts\/392942","targetHints":{"allow":["GET"]}}],"collection":[{"href":"https:\/\/portaltela.pt\/api\/wp\/v2\/posts"}],"about":[{"href":"https:\/\/portaltela.pt\/api\/wp\/v2\/types\/post"}],"author":[{"embeddable":true,"href":"https:\/\/portaltela.pt\/api\/wp\/v2\/users\/2"}],"replies":[{"embeddable":true,"href":"https:\/\/portaltela.pt\/api\/wp\/v2\/comments?post=392942"}],"version-history":[{"count":0,"href":"https:\/\/portaltela.pt\/api\/wp\/v2\/posts\/392942\/revisions"}],"wp:featuredmedia":[{"embeddable":true,"href":"https:\/\/portaltela.pt\/api\/wp\/v2\/media\/392948"}],"wp:attachment":[{"href":"https:\/\/portaltela.pt\/api\/wp\/v2\/media?parent=392942"}],"wp:term":[{"taxonomy":"category","embeddable":true,"href":"https:\/\/portaltela.pt\/api\/wp\/v2\/categories?post=392942"},{"taxonomy":"post_tag","embeddable":true,"href":"https:\/\/portaltela.pt\/api\/wp\/v2\/tags?post=392942"}],"curies":[{"name":"wp","href":"https:\/\/api.w.org\/{rel}","templated":true}]}}