{"id":392906,"date":"2026-03-01T05:10:00","date_gmt":"2026-03-01T08:10:00","guid":{"rendered":"https:\/\/portaltela.pt\/noticias\/2026\/03\/01\/porto-breve-relato-sobre-sinais-de-deterioracao-visivel-na-cidade\/"},"modified":"2026-03-01T05:10:00","modified_gmt":"2026-03-01T08:10:00","slug":"porto-breve-relato-sobre-sinais-de-deterioracao-visivel-na-cidade","status":"publish","type":"post","link":"https:\/\/portaltela.pt\/noticias\/2026\/03\/01\/porto-breve-relato-sobre-sinais-de-deterioracao-visivel-na-cidade\/","title":{"rendered":"Porto: breve relato sobre sinais de deteriora\u00e7\u00e3o vis\u00edvel na cidade"},"content":{"rendered":"<p>O Tribunal de S\u00e3o Jo\u00e3o Novo, no Porto, manteve hoje perante a justi\u00e7a um caso ligado a uma tentativa de homic\u00eddio ocorrida no Carnaval de 2025. O arguido, amigo da v\u00edtima, confrontou-se com uma acusa\u00e7\u00e3o de tentativa de homic\u00eddio motivada por uma trai\u00e7\u00e3o amorosa. O julgamento decorre no piso superior do tribunal, perto do Douro, onde o rio se estende pela cidade.<\/p>\n<p>A acusa\u00e7\u00e3o relata que o arguido disparou tr\u00eas vezes contra o seu amigo, ferindo-o na perna. Segundo a narrativa apresentada, o confronto ter\u00e1 nascido de mensagens e fotos descobertas no telem\u00f3vel da companheira do arguido. O arguido afirmou apenas ter pretendido magoar o homem, n\u00e3o mat\u00e1-lo, e reconheceu ter errado. O tribunal ouviu tamb\u00e9m que a v\u00edtima tinha mantido rela\u00e7\u00e3o com a companheira do arguido.<\/p>\n<h3>Contexto do caso<\/h3>\n<p>De acordo com a defesa, o crime decorreu ap\u00f3s o arguido ter descoberto a trai\u00e7\u00e3o numa sexta-feira e ter a primeira rea\u00e7\u00e3o numa conversa anterior com o amigo. O pr\u00f3prio arguido admitiu ter disparado, mas assegura que o objectivo era ferir, e n\u00e3o eliminar.<\/p>\n<h3>Vers\u00e3o da v\u00edtima e testemunhas<\/h3>\n<p>A v\u00edtima confirmou no tribunal que o tiro visou desbloquear uma situa\u00e7\u00e3o de trai\u00e7\u00e3o e descreveu que os disparos ocorreram principalmente nas pernas. Testemunhas que conheciam o casal no bairro relataram que os dois alegadamente discutiam fortemente, especialmente durante o Carnaval, mas n\u00e3o houve confirma\u00e7\u00e3o de contactua\u00e7\u00e3o direta entre as partes antes do incidente.<\/p>\n<h3>Desfecho no tribunal<\/h3>\n<p>O arguido admitiu ter disparado e reconheceu ter falhado na tentativa de homic\u00eddio. Refere ter agido por impulso ap\u00f3s a revela\u00e7\u00e3o de uma rela\u00e7\u00e3o extraconjugal. O caso continua em julgamento, com a defesa a sustentar que n\u00e3o houve inten\u00e7\u00e3o de matar e que a resposta foi desproporcional. O veredito ainda n\u00e3o \u00e9 conhecido.<\/p>\n","protected":false},"excerpt":{"rendered":"<ul>\n<li>Em Porto, no Tribunal de S\u00e3o Jo\u00e3o Novo, come\u00e7ou o julgamento de um homem acusado de dois crimes relacionados com um tiroteio durante o Carnaval de dois mil e vinte e cinco.<\/li>\n<li>A v\u00edtima, um amigo de inf\u00e2ncia do arguido, foi alvejada na perna por tr\u00eas disparos; o arguido afirma que a sua inten\u00e7\u00e3o era apenas mago\u00e1-lo, n\u00e3o matar.<\/li>\n<li>O caso surgiu ap\u00f3s o descobrimento de trai\u00e7\u00e3o com a companheira do arguido; o homem diz ter visto mensagens no telem\u00f3vel e confrontou o amigo.<\/li>\n<li>O arguido contou que descobriu a trai\u00e7\u00e3o na sexta-feira e que, no fim de semana, questionou o amigo, que reconheceu ser corno, levando ao tiroteio na segunda-feira.<\/li>\n<li>A mulher do arguido continua a viver com ele e a rela\u00e7\u00e3o entre as duas v\u00edtimas e o alegado traidor foi descrita por testemunhas no bairro; ningu\u00e9m foi formalmente identificado como alvo final.<\/li>\n<\/ul>\n","protected":false},"author":2,"featured_media":392914,"comment_status":"closed","ping_status":"closed","sticky":false,"template":"","format":"standard","meta":{"footnotes":""},"categories":[1],"tags":[147,1345,982,5445,128,6208],"class_list":["post-392906","post","type-post","status-publish","format-standard","has-post-thumbnail","hentry","category-noticias","tag-crime","tag-homicidio","tag-porto","tag-tentativa-de-homicidio","tag-traicao","tag-tribunais"],"yoast_head":"<!-- This site is optimized with the Yoast SEO plugin v27.2 - https:\/\/yoast.com\/product\/yoast-seo-wordpress\/ -->\n<title>Porto: breve relato sobre sinais de deteriora\u00e7\u00e3o vis\u00edvel na cidade - Portal Tela Portugal<\/title>\n<meta name=\"robots\" content=\"index, follow, max-snippet:-1, max-image-preview:large, max-video-preview:-1\" \/>\n<meta property=\"og:locale\" content=\"pt_PT\" \/>\n<meta property=\"og:type\" content=\"article\" \/>\n<meta property=\"og:title\" content=\"Porto: breve relato sobre sinais de deteriora\u00e7\u00e3o vis\u00edvel na cidade - Portal Tela Portugal\" \/>\n<meta property=\"og:description\" content=\"Em Porto, no Tribunal de S\u00e3o Jo\u00e3o Novo, come\u00e7ou o julgamento de um homem acusado de dois crimes relacionados com um tiroteio durante o Carnaval de dois mil e vinte e cinco. A v\u00edtima, um amigo de inf\u00e2ncia do arguido, foi alvejada na perna por tr\u00eas disparos; o arguido afirma que a sua inten\u00e7\u00e3o era apenas mago\u00e1-lo, n\u00e3o matar. O caso surgiu ap\u00f3s o descobrimento de trai\u00e7\u00e3o com a companheira do arguido; o homem diz ter visto mensagens no telem\u00f3vel e confrontou o amigo. O arguido contou que descobriu a trai\u00e7\u00e3o na sexta-feira e que, no fim de semana, questionou o amigo, que reconheceu ser corno, levando ao tiroteio na segunda-feira. A mulher do arguido continua a viver com ele e a rela\u00e7\u00e3o entre as duas v\u00edtimas e o alegado traidor foi descrita por testemunhas no bairro; ningu\u00e9m foi formalmente identificado como alvo final.\" \/>\n<meta property=\"og:url\" content=\"https:\/\/portaltela.pt\/noticias\/2026\/03\/01\/porto-breve-relato-sobre-sinais-de-deterioracao-visivel-na-cidade\/\" \/>\n<meta property=\"og:site_name\" content=\"Portal Tela Portugal\" \/>\n<meta property=\"article:published_time\" content=\"2026-03-01T08:10:00+00:00\" \/>\n<meta name=\"author\" content=\"Telinha\" \/>\n<meta name=\"twitter:card\" content=\"summary_large_image\" \/>\n<meta name=\"twitter:label1\" content=\"Escrito por\" \/>\n\t<meta name=\"twitter:data1\" content=\"Telinha\" \/>\n\t<meta name=\"twitter:label2\" content=\"Tempo estimado de leitura\" \/>\n\t<meta name=\"twitter:data2\" content=\"2 minutos\" \/>\n<script type=\"application\/ld+json\" class=\"yoast-schema-graph\">{\"@context\":\"https:\/\/schema.org\",\"@graph\":[{\"@type\":\"Article\",\"@id\":\"https:\/\/portaltela.pt\/noticias\/2026\/03\/01\/porto-breve-relato-sobre-sinais-de-deterioracao-visivel-na-cidade\/#article\",\"isPartOf\":{\"@id\":\"https:\/\/portaltela.pt\/noticias\/2026\/03\/01\/porto-breve-relato-sobre-sinais-de-deterioracao-visivel-na-cidade\/\"},\"author\":{\"name\":\"Telinha\",\"@id\":\"https:\/\/portaltela.pt\/#\/schema\/person\/c4278d4a6028830caff9ee44b42d32ed\"},\"headline\":\"Porto: breve relato sobre sinais de deteriora\u00e7\u00e3o vis\u00edvel na cidade\",\"datePublished\":\"2026-03-01T08:10:00+00:00\",\"mainEntityOfPage\":{\"@id\":\"https:\/\/portaltela.pt\/noticias\/2026\/03\/01\/porto-breve-relato-sobre-sinais-de-deterioracao-visivel-na-cidade\/\"},\"wordCount\":335,\"image\":{\"@id\":\"https:\/\/portaltela.pt\/noticias\/2026\/03\/01\/porto-breve-relato-sobre-sinais-de-deterioracao-visivel-na-cidade\/#primaryimage\"},\"thumbnailUrl\":\"https:\/\/portaltela.pt\/s.01k8rhncp4jt1\/2026\/03\/9003078c-b777-43c3-b832-f4c676e0b009_1200x675.jpg\",\"keywords\":[\"crime\",\"homic\u00eddio\",\"Porto\",\"tentativa de homic\u00eddio\",\"trai\u00e7\u00e3o\",\"Tribunais\"],\"articleSection\":[\"Not\u00edcias\"],\"inLanguage\":\"pt-PT\"},{\"@type\":\"WebPage\",\"@id\":\"https:\/\/portaltela.pt\/noticias\/2026\/03\/01\/porto-breve-relato-sobre-sinais-de-deterioracao-visivel-na-cidade\/\",\"url\":\"https:\/\/portaltela.pt\/noticias\/2026\/03\/01\/porto-breve-relato-sobre-sinais-de-deterioracao-visivel-na-cidade\/\",\"name\":\"Porto: breve relato sobre sinais de deteriora\u00e7\u00e3o vis\u00edvel na cidade - Portal Tela Portugal\",\"isPartOf\":{\"@id\":\"https:\/\/portaltela.pt\/#website\"},\"primaryImageOfPage\":{\"@id\":\"https:\/\/portaltela.pt\/noticias\/2026\/03\/01\/porto-breve-relato-sobre-sinais-de-deterioracao-visivel-na-cidade\/#primaryimage\"},\"image\":{\"@id\":\"https:\/\/portaltela.pt\/noticias\/2026\/03\/01\/porto-breve-relato-sobre-sinais-de-deterioracao-visivel-na-cidade\/#primaryimage\"},\"thumbnailUrl\":\"https:\/\/portaltela.pt\/s.01k8rhncp4jt1\/2026\/03\/9003078c-b777-43c3-b832-f4c676e0b009_1200x675.jpg\",\"datePublished\":\"2026-03-01T08:10:00+00:00\",\"author\":{\"@id\":\"https:\/\/portaltela.pt\/#\/schema\/person\/c4278d4a6028830caff9ee44b42d32ed\"},\"breadcrumb\":{\"@id\":\"https:\/\/portaltela.pt\/noticias\/2026\/03\/01\/porto-breve-relato-sobre-sinais-de-deterioracao-visivel-na-cidade\/#breadcrumb\"},\"inLanguage\":\"pt-PT\",\"potentialAction\":[{\"@type\":\"ReadAction\",\"target\":[\"https:\/\/portaltela.pt\/noticias\/2026\/03\/01\/porto-breve-relato-sobre-sinais-de-deterioracao-visivel-na-cidade\/\"]}]},{\"@type\":\"ImageObject\",\"inLanguage\":\"pt-PT\",\"@id\":\"https:\/\/portaltela.pt\/noticias\/2026\/03\/01\/porto-breve-relato-sobre-sinais-de-deterioracao-visivel-na-cidade\/#primaryimage\",\"url\":\"https:\/\/portaltela.pt\/s.01k8rhncp4jt1\/2026\/03\/9003078c-b777-43c3-b832-f4c676e0b009_1200x675.jpg\",\"contentUrl\":\"https:\/\/portaltela.pt\/s.01k8rhncp4jt1\/2026\/03\/9003078c-b777-43c3-b832-f4c676e0b009_1200x675.jpg\",\"width\":796,\"height\":448,\"caption\":\"Photo\"},{\"@type\":\"BreadcrumbList\",\"@id\":\"https:\/\/portaltela.pt\/noticias\/2026\/03\/01\/porto-breve-relato-sobre-sinais-de-deterioracao-visivel-na-cidade\/#breadcrumb\",\"itemListElement\":[{\"@type\":\"ListItem\",\"position\":1,\"name\":\"In\u00edcio\",\"item\":\"https:\/\/portaltela.pt\/\"},{\"@type\":\"ListItem\",\"position\":2,\"name\":\"Porto: breve relato sobre sinais de deteriora\u00e7\u00e3o vis\u00edvel na cidade\"}]},{\"@type\":\"WebSite\",\"@id\":\"https:\/\/portaltela.pt\/#website\",\"url\":\"https:\/\/portaltela.pt\/\",\"name\":\"Portal Tela Portugal\",\"description\":\"\",\"potentialAction\":[{\"@type\":\"SearchAction\",\"target\":{\"@type\":\"EntryPoint\",\"urlTemplate\":\"https:\/\/portaltela.pt\/?s={search_term_string}\"},\"query-input\":{\"@type\":\"PropertyValueSpecification\",\"valueRequired\":true,\"valueName\":\"search_term_string\"}}],\"inLanguage\":\"pt-PT\"},{\"@type\":\"Person\",\"@id\":\"https:\/\/portaltela.pt\/#\/schema\/person\/c4278d4a6028830caff9ee44b42d32ed\",\"name\":\"Telinha\",\"image\":{\"@type\":\"ImageObject\",\"inLanguage\":\"pt-PT\",\"@id\":\"https:\/\/portaltela.pt\/s.01k8rhncp4jt1\/2025\/11\/talking-bot-125x125.png\",\"url\":\"https:\/\/portaltela.pt\/s.01k8rhncp4jt1\/2025\/11\/talking-bot-125x125.png\",\"contentUrl\":\"https:\/\/portaltela.pt\/s.01k8rhncp4jt1\/2025\/11\/talking-bot-125x125.png\",\"caption\":\"Telinha\"},\"sameAs\":[\"https:\/\/portaltela.pt\/\"],\"url\":\"https:\/\/portaltela.pt\/por\/367410592786\/\"}]}<\/script>\n<!-- \/ Yoast SEO plugin. -->","yoast_head_json":{"title":"Porto: breve relato sobre sinais de deteriora\u00e7\u00e3o vis\u00edvel na cidade - Portal Tela Portugal","robots":{"index":"index","follow":"follow","max-snippet":"max-snippet:-1","max-image-preview":"max-image-preview:large","max-video-preview":"max-video-preview:-1"},"og_locale":"pt_PT","og_type":"article","og_title":"Porto: breve relato sobre sinais de deteriora\u00e7\u00e3o vis\u00edvel na cidade - Portal Tela Portugal","og_description":"Em Porto, no Tribunal de S\u00e3o Jo\u00e3o Novo, come\u00e7ou o julgamento de um homem acusado de dois crimes relacionados com um tiroteio durante o Carnaval de dois mil e vinte e cinco. A v\u00edtima, um amigo de inf\u00e2ncia do arguido, foi alvejada na perna por tr\u00eas disparos; o arguido afirma que a sua inten\u00e7\u00e3o era apenas mago\u00e1-lo, n\u00e3o matar. O caso surgiu ap\u00f3s o descobrimento de trai\u00e7\u00e3o com a companheira do arguido; o homem diz ter visto mensagens no telem\u00f3vel e confrontou o amigo. O arguido contou que descobriu a trai\u00e7\u00e3o na sexta-feira e que, no fim de semana, questionou o amigo, que reconheceu ser corno, levando ao tiroteio na segunda-feira. A mulher do arguido continua a viver com ele e a rela\u00e7\u00e3o entre as duas v\u00edtimas e o alegado traidor foi descrita por testemunhas no bairro; ningu\u00e9m foi formalmente identificado como alvo final.","og_url":"https:\/\/portaltela.pt\/noticias\/2026\/03\/01\/porto-breve-relato-sobre-sinais-de-deterioracao-visivel-na-cidade\/","og_site_name":"Portal Tela Portugal","article_published_time":"2026-03-01T08:10:00+00:00","author":"Telinha","twitter_card":"summary_large_image","twitter_misc":{"Escrito por":"Telinha","Tempo estimado de leitura":"2 minutos"},"schema":{"@context":"https:\/\/schema.org","@graph":[{"@type":"Article","@id":"https:\/\/portaltela.pt\/noticias\/2026\/03\/01\/porto-breve-relato-sobre-sinais-de-deterioracao-visivel-na-cidade\/#article","isPartOf":{"@id":"https:\/\/portaltela.pt\/noticias\/2026\/03\/01\/porto-breve-relato-sobre-sinais-de-deterioracao-visivel-na-cidade\/"},"author":{"name":"Telinha","@id":"https:\/\/portaltela.pt\/#\/schema\/person\/c4278d4a6028830caff9ee44b42d32ed"},"headline":"Porto: breve relato sobre sinais de deteriora\u00e7\u00e3o vis\u00edvel na cidade","datePublished":"2026-03-01T08:10:00+00:00","mainEntityOfPage":{"@id":"https:\/\/portaltela.pt\/noticias\/2026\/03\/01\/porto-breve-relato-sobre-sinais-de-deterioracao-visivel-na-cidade\/"},"wordCount":335,"image":{"@id":"https:\/\/portaltela.pt\/noticias\/2026\/03\/01\/porto-breve-relato-sobre-sinais-de-deterioracao-visivel-na-cidade\/#primaryimage"},"thumbnailUrl":"https:\/\/portaltela.pt\/s.01k8rhncp4jt1\/2026\/03\/9003078c-b777-43c3-b832-f4c676e0b009_1200x675.jpg","keywords":["crime","homic\u00eddio","Porto","tentativa de homic\u00eddio","trai\u00e7\u00e3o","Tribunais"],"articleSection":["Not\u00edcias"],"inLanguage":"pt-PT"},{"@type":"WebPage","@id":"https:\/\/portaltela.pt\/noticias\/2026\/03\/01\/porto-breve-relato-sobre-sinais-de-deterioracao-visivel-na-cidade\/","url":"https:\/\/portaltela.pt\/noticias\/2026\/03\/01\/porto-breve-relato-sobre-sinais-de-deterioracao-visivel-na-cidade\/","name":"Porto: breve relato sobre sinais de deteriora\u00e7\u00e3o vis\u00edvel na cidade - Portal Tela Portugal","isPartOf":{"@id":"https:\/\/portaltela.pt\/#website"},"primaryImageOfPage":{"@id":"https:\/\/portaltela.pt\/noticias\/2026\/03\/01\/porto-breve-relato-sobre-sinais-de-deterioracao-visivel-na-cidade\/#primaryimage"},"image":{"@id":"https:\/\/portaltela.pt\/noticias\/2026\/03\/01\/porto-breve-relato-sobre-sinais-de-deterioracao-visivel-na-cidade\/#primaryimage"},"thumbnailUrl":"https:\/\/portaltela.pt\/s.01k8rhncp4jt1\/2026\/03\/9003078c-b777-43c3-b832-f4c676e0b009_1200x675.jpg","datePublished":"2026-03-01T08:10:00+00:00","author":{"@id":"https:\/\/portaltela.pt\/#\/schema\/person\/c4278d4a6028830caff9ee44b42d32ed"},"breadcrumb":{"@id":"https:\/\/portaltela.pt\/noticias\/2026\/03\/01\/porto-breve-relato-sobre-sinais-de-deterioracao-visivel-na-cidade\/#breadcrumb"},"inLanguage":"pt-PT","potentialAction":[{"@type":"ReadAction","target":["https:\/\/portaltela.pt\/noticias\/2026\/03\/01\/porto-breve-relato-sobre-sinais-de-deterioracao-visivel-na-cidade\/"]}]},{"@type":"ImageObject","inLanguage":"pt-PT","@id":"https:\/\/portaltela.pt\/noticias\/2026\/03\/01\/porto-breve-relato-sobre-sinais-de-deterioracao-visivel-na-cidade\/#primaryimage","url":"https:\/\/portaltela.pt\/s.01k8rhncp4jt1\/2026\/03\/9003078c-b777-43c3-b832-f4c676e0b009_1200x675.jpg","contentUrl":"https:\/\/portaltela.pt\/s.01k8rhncp4jt1\/2026\/03\/9003078c-b777-43c3-b832-f4c676e0b009_1200x675.jpg","width":796,"height":448,"caption":"Photo"},{"@type":"BreadcrumbList","@id":"https:\/\/portaltela.pt\/noticias\/2026\/03\/01\/porto-breve-relato-sobre-sinais-de-deterioracao-visivel-na-cidade\/#breadcrumb","itemListElement":[{"@type":"ListItem","position":1,"name":"In\u00edcio","item":"https:\/\/portaltela.pt\/"},{"@type":"ListItem","position":2,"name":"Porto: breve relato sobre sinais de deteriora\u00e7\u00e3o vis\u00edvel na cidade"}]},{"@type":"WebSite","@id":"https:\/\/portaltela.pt\/#website","url":"https:\/\/portaltela.pt\/","name":"Portal Tela Portugal","description":"","potentialAction":[{"@type":"SearchAction","target":{"@type":"EntryPoint","urlTemplate":"https:\/\/portaltela.pt\/?s={search_term_string}"},"query-input":{"@type":"PropertyValueSpecification","valueRequired":true,"valueName":"search_term_string"}}],"inLanguage":"pt-PT"},{"@type":"Person","@id":"https:\/\/portaltela.pt\/#\/schema\/person\/c4278d4a6028830caff9ee44b42d32ed","name":"Telinha","image":{"@type":"ImageObject","inLanguage":"pt-PT","@id":"https:\/\/portaltela.pt\/s.01k8rhncp4jt1\/2025\/11\/talking-bot-125x125.png","url":"https:\/\/portaltela.pt\/s.01k8rhncp4jt1\/2025\/11\/talking-bot-125x125.png","contentUrl":"https:\/\/portaltela.pt\/s.01k8rhncp4jt1\/2025\/11\/talking-bot-125x125.png","caption":"Telinha"},"sameAs":["https:\/\/portaltela.pt\/"],"url":"https:\/\/portaltela.pt\/por\/367410592786\/"}]}},"_links":{"self":[{"href":"https:\/\/portaltela.pt\/api\/wp\/v2\/posts\/392906","targetHints":{"allow":["GET"]}}],"collection":[{"href":"https:\/\/portaltela.pt\/api\/wp\/v2\/posts"}],"about":[{"href":"https:\/\/portaltela.pt\/api\/wp\/v2\/types\/post"}],"author":[{"embeddable":true,"href":"https:\/\/portaltela.pt\/api\/wp\/v2\/users\/2"}],"replies":[{"embeddable":true,"href":"https:\/\/portaltela.pt\/api\/wp\/v2\/comments?post=392906"}],"version-history":[{"count":0,"href":"https:\/\/portaltela.pt\/api\/wp\/v2\/posts\/392906\/revisions"}],"wp:featuredmedia":[{"embeddable":true,"href":"https:\/\/portaltela.pt\/api\/wp\/v2\/media\/392914"}],"wp:attachment":[{"href":"https:\/\/portaltela.pt\/api\/wp\/v2\/media?parent=392906"}],"wp:term":[{"taxonomy":"category","embeddable":true,"href":"https:\/\/portaltela.pt\/api\/wp\/v2\/categories?post=392906"},{"taxonomy":"post_tag","embeddable":true,"href":"https:\/\/portaltela.pt\/api\/wp\/v2\/tags?post=392906"}],"curies":[{"name":"wp","href":"https:\/\/api.w.org\/{rel}","templated":true}]}}