{"id":392879,"date":"2026-03-01T04:44:00","date_gmt":"2026-03-01T07:44:00","guid":{"rendered":"https:\/\/portaltela.pt\/noticias\/2026\/03\/01\/o-poder-das-relacoes-saudaveis-impacto-no-bem-estar-e-desempenho\/"},"modified":"2026-03-01T04:44:00","modified_gmt":"2026-03-01T07:44:00","slug":"o-poder-das-relacoes-saudaveis-impacto-no-bem-estar-e-desempenho","status":"publish","type":"post","link":"https:\/\/portaltela.pt\/noticias\/2026\/03\/01\/o-poder-das-relacoes-saudaveis-impacto-no-bem-estar-e-desempenho\/","title":{"rendered":"O poder das rela\u00e7\u00f5es saud\u00e1veis: impacto no bem-estar e desempenho"},"content":{"rendered":"<p>O conte\u00fado divulgado refor\u00e7a a import\u00e2ncia de ajustar pr\u00e1ticas educativas para promover valores e v\u00ednculos equilibrados entre educandos, com sensibiliza\u00e7\u00e3o para as diversas formas de viol\u00eancia. A preven\u00e7\u00e3o da viol\u00eancia \u00e9 apresentada como prioridade desde os primeiros anos de vida.<\/p>\n<p>A base deste processo \u00e9 o v\u00ednculo afetivo seguro entre pais e filhos e o uso de m\u00e9todos educativos construtivos que fortalecem fatores de prote\u00e7\u00e3o e reduzem fatores de risco. A articula\u00e7\u00e3o entre fam\u00edlia, escola e comunidade \u00e9 essencial para moldar valores morais e sociais nos relacionamentos.<\/p>\n<p>A abordagem deste tema exige participa\u00e7\u00e3o ativa das fam\u00edlias, escolas e comunidades. Adultos s\u00e3o apontados como modelos e agentes centrais na constru\u00e7\u00e3o de uma cultura de n\u00e3o viol\u00eancia, promovendo educa\u00e7\u00e3o consciente, informada e orientada.<\/p>\n<h3>Estrutura de atua\u00e7\u00e3o<\/h3>\n<p>O di\u00e1logo \u00e9 apresentado como ferramenta para fortalecer a proximidade entre familiares e educadores, com foco na resolu\u00e7\u00e3o n\u00e3o violenta de conflitos. O respeito, a considera\u00e7\u00e3o pelos sentimentos alheios e a igualdade de g\u00e9nero s\u00e3o promovidos como valores estruturantes.<\/p>\n<p>A prote\u00e7\u00e3o de crian\u00e7as face a viol\u00eancia no contexto familiar \u00e9 destacada, dadas as potenciais consequ\u00eancias emocionais, escolares e cognitivas. Desenvolver compet\u00eancias sociais e emocionais \u00e9 visto como fundamental para o desenvolvimento global.<\/p>\n<h3>Estrat\u00e9gias pr\u00e1ticas para fam\u00edlias e escolas<\/h3>\n<ul>\n<li>Fortale\u00e7a a rela\u00e7\u00e3o reservando tempo de qualidade para brincar e partilhar momentos de confian\u00e7a.<\/li>\n<li>Mantenha comunica\u00e7\u00e3o assertiva e afetiva, praticando escuta ativa para apoiar a express\u00e3o da crian\u00e7a.<\/li>\n<li>Reforce a resolu\u00e7\u00e3o de conflitos de forma n\u00e3o violenta e promova negocia\u00e7\u00e3o equilibrada entre as partes.<\/li>\n<li>Desconstrua cren\u00e7as sobre viol\u00eancia e explique o que constitui uma rela\u00e7\u00e3o abusiva.<\/li>\n<li>Ensine a compreender e respeitar os direitos de todos, independentemente de g\u00e9nero, ra\u00e7a ou defici\u00eancia.<\/li>\n<li>Desenvolva literacia emocional, ajudando a identificar emo\u00e7\u00f5es e a usar t\u00e9cnicas de autorregula\u00e7\u00e3o.<\/li>\n<li>Estabele\u00e7a regras claras e limites adequados, evitando inseguran\u00e7a ou autoritarismo excessivo.<\/li>\n<li>Adote uma postura de zero toler\u00e2ncia \u00e0 viol\u00eancia e discrimina\u00e7\u00e3o, servindo de modelo.<\/li>\n<li>Cultive empatia, incentivando a compreens\u00e3o do ponto de vista alheio e o impacto das a\u00e7\u00f5es.<\/li>\n<li>Supervisione de forma equilibrada, acompanhando rotinas sociais sem sufocar.<\/li>\n<li>Conhe\u00e7a o mundo digital, dialogue sobre cyberbullying e limite conte\u00fados violentos online.<\/li>\n<li>Mantenha canal de comunica\u00e7\u00e3o aberto com a escola para detetar precocemente altera\u00e7\u00f5es de comportamento.<\/li>\n<\/ul>\n","protected":false},"excerpt":{"rendered":"<ul>\n<li>A preven\u00e7\u00e3o da viol\u00eancia deve come\u00e7ar nos primeiros anos, com v\u00ednculo afetivo seguro entre pais e filhos e m\u00e9todos educativos construtivos.<\/li>\n<li>A interven\u00e7\u00e3o envolve fam\u00edlia, escola e comunidade, para que crian\u00e7as e jovens aprendam valores e atitudes n\u00e3o violentas nas rela\u00e7\u00f5es.<\/li>\n<li>Adultos devem ser agentes centrais na constru\u00e7\u00e3o de ambientes seguros e na sensibiliza\u00e7\u00e3o para as v\u00e1rias formas de viol\u00eancia.<\/li>\n<li>O di\u00e1logo, o respeito pelos sentimentos dos outros, a resolu\u00e7\u00e3o n\u00e3o violenta de conflitos e a igualdade de g\u00e9nero s\u00e3o pilares para uma conviv\u00eancia saud\u00e1vel.<\/li>\n<li>Estrat\u00e9gias pr\u00e1ticas incluem fortalecer a rela\u00e7\u00e3o, comunica\u00e7\u00e3o assertiva, resolu\u00e7\u00e3o de conflitos n\u00e3o violentos, literacia emocional, limites adequados, zero toler\u00e2ncia \u00e0 viol\u00eancia e acompanhamento do mundo digital, em coopera\u00e7\u00e3o com a escola.<\/li>\n<\/ul>\n","protected":false},"author":2,"featured_media":392889,"comment_status":"closed","ping_status":"closed","sticky":false,"template":"","format":"standard","meta":{"footnotes":""},"categories":[1],"tags":[3035,163,64,3027,6528,939],"class_list":["post-392879","post","type-post","status-publish","format-standard","has-post-thumbnail","hentry","category-noticias","tag-comunidade","tag-educacao","tag-familia","tag-igualdade-de-genero-desafios-na-atualidade","tag-literacia-emocional","tag-violencia"],"yoast_head":"<!-- This site is optimized with the Yoast SEO plugin v27.2 - https:\/\/yoast.com\/product\/yoast-seo-wordpress\/ -->\n<title>O poder das rela\u00e7\u00f5es saud\u00e1veis: impacto no bem-estar e desempenho - Portal Tela Portugal<\/title>\n<meta name=\"robots\" content=\"index, follow, max-snippet:-1, max-image-preview:large, max-video-preview:-1\" \/>\n<meta property=\"og:locale\" content=\"pt_PT\" \/>\n<meta property=\"og:type\" content=\"article\" \/>\n<meta property=\"og:title\" content=\"O poder das rela\u00e7\u00f5es saud\u00e1veis: impacto no bem-estar e desempenho - Portal Tela Portugal\" \/>\n<meta property=\"og:description\" content=\"A preven\u00e7\u00e3o da viol\u00eancia deve come\u00e7ar nos primeiros anos, com v\u00ednculo afetivo seguro entre pais e filhos e m\u00e9todos educativos construtivos. A interven\u00e7\u00e3o envolve fam\u00edlia, escola e comunidade, para que crian\u00e7as e jovens aprendam valores e atitudes n\u00e3o violentas nas rela\u00e7\u00f5es. Adultos devem ser agentes centrais na constru\u00e7\u00e3o de ambientes seguros e na sensibiliza\u00e7\u00e3o para as v\u00e1rias formas de viol\u00eancia. O di\u00e1logo, o respeito pelos sentimentos dos outros, a resolu\u00e7\u00e3o n\u00e3o violenta de conflitos e a igualdade de g\u00e9nero s\u00e3o pilares para uma conviv\u00eancia saud\u00e1vel. Estrat\u00e9gias pr\u00e1ticas incluem fortalecer a rela\u00e7\u00e3o, comunica\u00e7\u00e3o assertiva, resolu\u00e7\u00e3o de conflitos n\u00e3o violentos, literacia emocional, limites adequados, zero toler\u00e2ncia \u00e0 viol\u00eancia e acompanhamento do mundo digital, em coopera\u00e7\u00e3o com a escola.\" \/>\n<meta property=\"og:url\" content=\"https:\/\/portaltela.pt\/noticias\/2026\/03\/01\/o-poder-das-relacoes-saudaveis-impacto-no-bem-estar-e-desempenho\/\" \/>\n<meta property=\"og:site_name\" content=\"Portal Tela Portugal\" \/>\n<meta property=\"article:published_time\" content=\"2026-03-01T07:44:00+00:00\" \/>\n<meta name=\"author\" content=\"Telinha\" \/>\n<meta name=\"twitter:card\" content=\"summary_large_image\" \/>\n<meta name=\"twitter:label1\" content=\"Escrito por\" \/>\n\t<meta name=\"twitter:data1\" content=\"Telinha\" \/>\n\t<meta name=\"twitter:label2\" content=\"Tempo estimado de leitura\" \/>\n\t<meta name=\"twitter:data2\" content=\"2 minutos\" \/>\n<script type=\"application\/ld+json\" class=\"yoast-schema-graph\">{\"@context\":\"https:\/\/schema.org\",\"@graph\":[{\"@type\":\"Article\",\"@id\":\"https:\/\/portaltela.pt\/noticias\/2026\/03\/01\/o-poder-das-relacoes-saudaveis-impacto-no-bem-estar-e-desempenho\/#article\",\"isPartOf\":{\"@id\":\"https:\/\/portaltela.pt\/noticias\/2026\/03\/01\/o-poder-das-relacoes-saudaveis-impacto-no-bem-estar-e-desempenho\/\"},\"author\":{\"name\":\"Telinha\",\"@id\":\"https:\/\/portaltela.pt\/#\/schema\/person\/c4278d4a6028830caff9ee44b42d32ed\"},\"headline\":\"O poder das rela\u00e7\u00f5es saud\u00e1veis: impacto no bem-estar e desempenho\",\"datePublished\":\"2026-03-01T07:44:00+00:00\",\"mainEntityOfPage\":{\"@id\":\"https:\/\/portaltela.pt\/noticias\/2026\/03\/01\/o-poder-das-relacoes-saudaveis-impacto-no-bem-estar-e-desempenho\/\"},\"wordCount\":430,\"image\":{\"@id\":\"https:\/\/portaltela.pt\/noticias\/2026\/03\/01\/o-poder-das-relacoes-saudaveis-impacto-no-bem-estar-e-desempenho\/#primaryimage\"},\"thumbnailUrl\":\"https:\/\/portaltela.pt\/s.01k8rhncp4jt1\/2026\/03\/1822341.jpg\",\"keywords\":[\"comunidade\",\"educa\u00e7\u00e3o\",\"fam\u00edlia\",\"Igualdade de G\u00e9nero \u2013 Desafios na Atualidade\",\"literacia emocional\",\"viol\u00eancia\"],\"articleSection\":[\"Not\u00edcias\"],\"inLanguage\":\"pt-PT\"},{\"@type\":\"WebPage\",\"@id\":\"https:\/\/portaltela.pt\/noticias\/2026\/03\/01\/o-poder-das-relacoes-saudaveis-impacto-no-bem-estar-e-desempenho\/\",\"url\":\"https:\/\/portaltela.pt\/noticias\/2026\/03\/01\/o-poder-das-relacoes-saudaveis-impacto-no-bem-estar-e-desempenho\/\",\"name\":\"O poder das rela\u00e7\u00f5es saud\u00e1veis: impacto no bem-estar e desempenho - Portal Tela Portugal\",\"isPartOf\":{\"@id\":\"https:\/\/portaltela.pt\/#website\"},\"primaryImageOfPage\":{\"@id\":\"https:\/\/portaltela.pt\/noticias\/2026\/03\/01\/o-poder-das-relacoes-saudaveis-impacto-no-bem-estar-e-desempenho\/#primaryimage\"},\"image\":{\"@id\":\"https:\/\/portaltela.pt\/noticias\/2026\/03\/01\/o-poder-das-relacoes-saudaveis-impacto-no-bem-estar-e-desempenho\/#primaryimage\"},\"thumbnailUrl\":\"https:\/\/portaltela.pt\/s.01k8rhncp4jt1\/2026\/03\/1822341.jpg\",\"datePublished\":\"2026-03-01T07:44:00+00:00\",\"author\":{\"@id\":\"https:\/\/portaltela.pt\/#\/schema\/person\/c4278d4a6028830caff9ee44b42d32ed\"},\"breadcrumb\":{\"@id\":\"https:\/\/portaltela.pt\/noticias\/2026\/03\/01\/o-poder-das-relacoes-saudaveis-impacto-no-bem-estar-e-desempenho\/#breadcrumb\"},\"inLanguage\":\"pt-PT\",\"potentialAction\":[{\"@type\":\"ReadAction\",\"target\":[\"https:\/\/portaltela.pt\/noticias\/2026\/03\/01\/o-poder-das-relacoes-saudaveis-impacto-no-bem-estar-e-desempenho\/\"]}]},{\"@type\":\"ImageObject\",\"inLanguage\":\"pt-PT\",\"@id\":\"https:\/\/portaltela.pt\/noticias\/2026\/03\/01\/o-poder-das-relacoes-saudaveis-impacto-no-bem-estar-e-desempenho\/#primaryimage\",\"url\":\"https:\/\/portaltela.pt\/s.01k8rhncp4jt1\/2026\/03\/1822341.jpg\",\"contentUrl\":\"https:\/\/portaltela.pt\/s.01k8rhncp4jt1\/2026\/03\/1822341.jpg\",\"width\":796,\"height\":448,\"caption\":\"Sabemos que as figuras significativas das crian\u00e7as e jovens se constituem como modelos\"},{\"@type\":\"BreadcrumbList\",\"@id\":\"https:\/\/portaltela.pt\/noticias\/2026\/03\/01\/o-poder-das-relacoes-saudaveis-impacto-no-bem-estar-e-desempenho\/#breadcrumb\",\"itemListElement\":[{\"@type\":\"ListItem\",\"position\":1,\"name\":\"In\u00edcio\",\"item\":\"https:\/\/portaltela.pt\/\"},{\"@type\":\"ListItem\",\"position\":2,\"name\":\"O poder das rela\u00e7\u00f5es saud\u00e1veis: impacto no bem-estar e desempenho\"}]},{\"@type\":\"WebSite\",\"@id\":\"https:\/\/portaltela.pt\/#website\",\"url\":\"https:\/\/portaltela.pt\/\",\"name\":\"Portal Tela Portugal\",\"description\":\"\",\"potentialAction\":[{\"@type\":\"SearchAction\",\"target\":{\"@type\":\"EntryPoint\",\"urlTemplate\":\"https:\/\/portaltela.pt\/?s={search_term_string}\"},\"query-input\":{\"@type\":\"PropertyValueSpecification\",\"valueRequired\":true,\"valueName\":\"search_term_string\"}}],\"inLanguage\":\"pt-PT\"},{\"@type\":\"Person\",\"@id\":\"https:\/\/portaltela.pt\/#\/schema\/person\/c4278d4a6028830caff9ee44b42d32ed\",\"name\":\"Telinha\",\"image\":{\"@type\":\"ImageObject\",\"inLanguage\":\"pt-PT\",\"@id\":\"https:\/\/portaltela.pt\/s.01k8rhncp4jt1\/2025\/11\/talking-bot-125x125.png\",\"url\":\"https:\/\/portaltela.pt\/s.01k8rhncp4jt1\/2025\/11\/talking-bot-125x125.png\",\"contentUrl\":\"https:\/\/portaltela.pt\/s.01k8rhncp4jt1\/2025\/11\/talking-bot-125x125.png\",\"caption\":\"Telinha\"},\"sameAs\":[\"https:\/\/portaltela.pt\/\"],\"url\":\"https:\/\/portaltela.pt\/por\/367410592786\/\"}]}<\/script>\n<!-- \/ Yoast SEO plugin. -->","yoast_head_json":{"title":"O poder das rela\u00e7\u00f5es saud\u00e1veis: impacto no bem-estar e desempenho - Portal Tela Portugal","robots":{"index":"index","follow":"follow","max-snippet":"max-snippet:-1","max-image-preview":"max-image-preview:large","max-video-preview":"max-video-preview:-1"},"og_locale":"pt_PT","og_type":"article","og_title":"O poder das rela\u00e7\u00f5es saud\u00e1veis: impacto no bem-estar e desempenho - Portal Tela Portugal","og_description":"A preven\u00e7\u00e3o da viol\u00eancia deve come\u00e7ar nos primeiros anos, com v\u00ednculo afetivo seguro entre pais e filhos e m\u00e9todos educativos construtivos. A interven\u00e7\u00e3o envolve fam\u00edlia, escola e comunidade, para que crian\u00e7as e jovens aprendam valores e atitudes n\u00e3o violentas nas rela\u00e7\u00f5es. Adultos devem ser agentes centrais na constru\u00e7\u00e3o de ambientes seguros e na sensibiliza\u00e7\u00e3o para as v\u00e1rias formas de viol\u00eancia. O di\u00e1logo, o respeito pelos sentimentos dos outros, a resolu\u00e7\u00e3o n\u00e3o violenta de conflitos e a igualdade de g\u00e9nero s\u00e3o pilares para uma conviv\u00eancia saud\u00e1vel. Estrat\u00e9gias pr\u00e1ticas incluem fortalecer a rela\u00e7\u00e3o, comunica\u00e7\u00e3o assertiva, resolu\u00e7\u00e3o de conflitos n\u00e3o violentos, literacia emocional, limites adequados, zero toler\u00e2ncia \u00e0 viol\u00eancia e acompanhamento do mundo digital, em coopera\u00e7\u00e3o com a escola.","og_url":"https:\/\/portaltela.pt\/noticias\/2026\/03\/01\/o-poder-das-relacoes-saudaveis-impacto-no-bem-estar-e-desempenho\/","og_site_name":"Portal Tela Portugal","article_published_time":"2026-03-01T07:44:00+00:00","author":"Telinha","twitter_card":"summary_large_image","twitter_misc":{"Escrito por":"Telinha","Tempo estimado de leitura":"2 minutos"},"schema":{"@context":"https:\/\/schema.org","@graph":[{"@type":"Article","@id":"https:\/\/portaltela.pt\/noticias\/2026\/03\/01\/o-poder-das-relacoes-saudaveis-impacto-no-bem-estar-e-desempenho\/#article","isPartOf":{"@id":"https:\/\/portaltela.pt\/noticias\/2026\/03\/01\/o-poder-das-relacoes-saudaveis-impacto-no-bem-estar-e-desempenho\/"},"author":{"name":"Telinha","@id":"https:\/\/portaltela.pt\/#\/schema\/person\/c4278d4a6028830caff9ee44b42d32ed"},"headline":"O poder das rela\u00e7\u00f5es saud\u00e1veis: impacto no bem-estar e desempenho","datePublished":"2026-03-01T07:44:00+00:00","mainEntityOfPage":{"@id":"https:\/\/portaltela.pt\/noticias\/2026\/03\/01\/o-poder-das-relacoes-saudaveis-impacto-no-bem-estar-e-desempenho\/"},"wordCount":430,"image":{"@id":"https:\/\/portaltela.pt\/noticias\/2026\/03\/01\/o-poder-das-relacoes-saudaveis-impacto-no-bem-estar-e-desempenho\/#primaryimage"},"thumbnailUrl":"https:\/\/portaltela.pt\/s.01k8rhncp4jt1\/2026\/03\/1822341.jpg","keywords":["comunidade","educa\u00e7\u00e3o","fam\u00edlia","Igualdade de G\u00e9nero \u2013 Desafios na Atualidade","literacia emocional","viol\u00eancia"],"articleSection":["Not\u00edcias"],"inLanguage":"pt-PT"},{"@type":"WebPage","@id":"https:\/\/portaltela.pt\/noticias\/2026\/03\/01\/o-poder-das-relacoes-saudaveis-impacto-no-bem-estar-e-desempenho\/","url":"https:\/\/portaltela.pt\/noticias\/2026\/03\/01\/o-poder-das-relacoes-saudaveis-impacto-no-bem-estar-e-desempenho\/","name":"O poder das rela\u00e7\u00f5es saud\u00e1veis: impacto no bem-estar e desempenho - Portal Tela Portugal","isPartOf":{"@id":"https:\/\/portaltela.pt\/#website"},"primaryImageOfPage":{"@id":"https:\/\/portaltela.pt\/noticias\/2026\/03\/01\/o-poder-das-relacoes-saudaveis-impacto-no-bem-estar-e-desempenho\/#primaryimage"},"image":{"@id":"https:\/\/portaltela.pt\/noticias\/2026\/03\/01\/o-poder-das-relacoes-saudaveis-impacto-no-bem-estar-e-desempenho\/#primaryimage"},"thumbnailUrl":"https:\/\/portaltela.pt\/s.01k8rhncp4jt1\/2026\/03\/1822341.jpg","datePublished":"2026-03-01T07:44:00+00:00","author":{"@id":"https:\/\/portaltela.pt\/#\/schema\/person\/c4278d4a6028830caff9ee44b42d32ed"},"breadcrumb":{"@id":"https:\/\/portaltela.pt\/noticias\/2026\/03\/01\/o-poder-das-relacoes-saudaveis-impacto-no-bem-estar-e-desempenho\/#breadcrumb"},"inLanguage":"pt-PT","potentialAction":[{"@type":"ReadAction","target":["https:\/\/portaltela.pt\/noticias\/2026\/03\/01\/o-poder-das-relacoes-saudaveis-impacto-no-bem-estar-e-desempenho\/"]}]},{"@type":"ImageObject","inLanguage":"pt-PT","@id":"https:\/\/portaltela.pt\/noticias\/2026\/03\/01\/o-poder-das-relacoes-saudaveis-impacto-no-bem-estar-e-desempenho\/#primaryimage","url":"https:\/\/portaltela.pt\/s.01k8rhncp4jt1\/2026\/03\/1822341.jpg","contentUrl":"https:\/\/portaltela.pt\/s.01k8rhncp4jt1\/2026\/03\/1822341.jpg","width":796,"height":448,"caption":"Sabemos que as figuras significativas das crian\u00e7as e jovens se constituem como modelos"},{"@type":"BreadcrumbList","@id":"https:\/\/portaltela.pt\/noticias\/2026\/03\/01\/o-poder-das-relacoes-saudaveis-impacto-no-bem-estar-e-desempenho\/#breadcrumb","itemListElement":[{"@type":"ListItem","position":1,"name":"In\u00edcio","item":"https:\/\/portaltela.pt\/"},{"@type":"ListItem","position":2,"name":"O poder das rela\u00e7\u00f5es saud\u00e1veis: impacto no bem-estar e desempenho"}]},{"@type":"WebSite","@id":"https:\/\/portaltela.pt\/#website","url":"https:\/\/portaltela.pt\/","name":"Portal Tela Portugal","description":"","potentialAction":[{"@type":"SearchAction","target":{"@type":"EntryPoint","urlTemplate":"https:\/\/portaltela.pt\/?s={search_term_string}"},"query-input":{"@type":"PropertyValueSpecification","valueRequired":true,"valueName":"search_term_string"}}],"inLanguage":"pt-PT"},{"@type":"Person","@id":"https:\/\/portaltela.pt\/#\/schema\/person\/c4278d4a6028830caff9ee44b42d32ed","name":"Telinha","image":{"@type":"ImageObject","inLanguage":"pt-PT","@id":"https:\/\/portaltela.pt\/s.01k8rhncp4jt1\/2025\/11\/talking-bot-125x125.png","url":"https:\/\/portaltela.pt\/s.01k8rhncp4jt1\/2025\/11\/talking-bot-125x125.png","contentUrl":"https:\/\/portaltela.pt\/s.01k8rhncp4jt1\/2025\/11\/talking-bot-125x125.png","caption":"Telinha"},"sameAs":["https:\/\/portaltela.pt\/"],"url":"https:\/\/portaltela.pt\/por\/367410592786\/"}]}},"_links":{"self":[{"href":"https:\/\/portaltela.pt\/api\/wp\/v2\/posts\/392879","targetHints":{"allow":["GET"]}}],"collection":[{"href":"https:\/\/portaltela.pt\/api\/wp\/v2\/posts"}],"about":[{"href":"https:\/\/portaltela.pt\/api\/wp\/v2\/types\/post"}],"author":[{"embeddable":true,"href":"https:\/\/portaltela.pt\/api\/wp\/v2\/users\/2"}],"replies":[{"embeddable":true,"href":"https:\/\/portaltela.pt\/api\/wp\/v2\/comments?post=392879"}],"version-history":[{"count":0,"href":"https:\/\/portaltela.pt\/api\/wp\/v2\/posts\/392879\/revisions"}],"wp:featuredmedia":[{"embeddable":true,"href":"https:\/\/portaltela.pt\/api\/wp\/v2\/media\/392889"}],"wp:attachment":[{"href":"https:\/\/portaltela.pt\/api\/wp\/v2\/media?parent=392879"}],"wp:term":[{"taxonomy":"category","embeddable":true,"href":"https:\/\/portaltela.pt\/api\/wp\/v2\/categories?post=392879"},{"taxonomy":"post_tag","embeddable":true,"href":"https:\/\/portaltela.pt\/api\/wp\/v2\/tags?post=392879"}],"curies":[{"name":"wp","href":"https:\/\/api.w.org\/{rel}","templated":true}]}}