{"id":392845,"date":"2026-03-01T00:06:00","date_gmt":"2026-03-01T03:06:00","guid":{"rendered":"https:\/\/portaltela.pt\/noticias\/2026\/03\/01\/albufeira-e-reconhecida-como-cidade-do-voleibol\/"},"modified":"2026-03-01T00:06:00","modified_gmt":"2026-03-01T03:06:00","slug":"albufeira-e-reconhecida-como-cidade-do-voleibol","status":"publish","type":"post","link":"https:\/\/portaltela.pt\/desporto\/2026\/03\/01\/albufeira-e-reconhecida-como-cidade-do-voleibol\/","title":{"rendered":"Albufeira \u00e9 reconhecida como cidade do voleibol"},"content":{"rendered":"<p>A contagem decrescente para a Ta\u00e7a de Portugal masculina e feminina j\u00e1 come\u00e7ou. Entre 13 e 15 de mar\u00e7o, o Pavilh\u00e3o Desportivo de Albufeira ser\u00e1 o palco das finais de voleibol em ambos os g\u00e9neros. A cidade algarvia recebe as decis\u00f5es num ano em que ostenta o t\u00edtulo de Cidade Europeia do Desporto 2026, refor\u00e7ando o apoio \u00e0 alta competi\u00e7\u00e3o.<\/p>\n<p>A escolha de Albufeira enquadra-se numa estrat\u00e9gia para elevar a visibilidade da modalidade. A centraliza\u00e7\u00e3o das provas, afirma o presidente da Federa\u00e7\u00e3o Portuguesa de Voleibol, pretende criar uma atmosfera \u00fanica de competitividade e fair-play, destacando a organiza\u00e7\u00e3o e o desportivismo.<\/p>\n<p>Nos planos femininos, a competi\u00e7\u00e3o come\u00e7a a 13 de mar\u00e7o com FC Porto frente a PV2014\/Col\u00e9gio Efanor \u00e0s 18h00, seguido pelo duelo SC Braga vs Cast\u00ealo da Maia GC \u00e0s 21h00. O Leix\u00f5es SC continua na lideran\u00e7a do palmar\u00e9s com dez t\u00edtulos, mas a luta pela coroa promete ser repleta de equil\u00edbrio.<\/p>\n<p>Nos masculinos, a a\u00e7\u00e3o inicia no dia 14 de mar\u00e7o, com o SL Benfica frente ao Vit\u00f3ria SC. O encontro entre Sporting CP e AA Espinho completa as meias-finais, prometendo intensidade entre grandes hist\u00f3ricos.<\/p>\n<p>As finais est\u00e3o agendadas para s\u00e1bado \u00e0 noite no somos femininos e domingo \u00e0 tarde para os masculinos, num fim de semana que se antecipa com casa cheia e boa moldura humana.<\/p>\n<h3>Detalhes organizacionais<\/h3>\n<p>A Federa\u00e7\u00e3o destaca que as entradas t\u00eam pre\u00e7o base de 5 euros. Confer\u00eancias de imprensa est\u00e3o marcadas para 12 e 13 de mar\u00e7o, com treinadores e capit\u00e3es a apresentarem as perspetivas para os duelos decisivos. Acredita\u00e7\u00f5es para a comunica\u00e7\u00e3o social devem ser solicitadas atrav\u00e9s da FPV.<\/p>\n<p>Ao n\u00edvel estrat\u00e9gico, o presidente Vicente Ara\u00fajo refor\u00e7ou o papel de Albufeira como centro de decis\u00f5es, associando o evento \u00e0 ambi\u00e7\u00e3o de elevar a modalidade. A aposta inclui a participa\u00e7\u00e3o em provas de relevo, com o Europeu de Sub-22 Masculinos tamb\u00e9m a realizar-se no ver\u00e3o.<\/p>\n<h3>Ponto final<\/h3>\n<p>A edi\u00e7\u00e3o de 2026 marca uma etapa importante para o voleibol em Portugal, com as finais em Albufeira funcionando como marco de promo\u00e7\u00e3o e competitividade. O p\u00fablico pode acompanhar as a\u00e7\u00f5es atrav\u00e9s das informa\u00e7\u00f5es oficiais da FPV, sem indicar opini\u00f5es ou conclus\u00f5es.<\/p>\n","protected":false},"excerpt":{"rendered":"<ul>\n<li>De 13 a 15 de mar\u00e7o, o Pavilh\u00e3o Desportivo de Albufeira recebe as finais da Ta\u00e7a de Portugal de voleibol, em ambos os g\u00e9neros.<\/li>\n<li>A cidade algarvia, Cidade Europeia do Desporto 2026, acolhe o evento como parte de uma aposta de visibilidade para a modalidade.<\/li>\n<li>Femininos: abertura com FC Porto frente a PV2014\/Col\u00e9gio Efanor \u00e0s 18h; \u00e0s 21h, SC Braga defronta Cast\u00ealo da Maia GC.<\/li>\n<li>Masculinos: in\u00edcio com SL Benfica frente ao Vit\u00f3ria SC; Sporting CP mede-se \u00e0 AA Espinho nas meias-finais; finais no s\u00e1bado (femininos) e domingo (masculinos).<\/li>\n<li>Bilhetes a 5 euros; confer\u00eancias de imprensa nos dias 12 e 13; acredita\u00e7\u00f5es para a imprensa atrav\u00e9s da p\u00e1gina da Federa\u00e7\u00e3o Portuguesa de Voleibol (FPV).<\/li>\n<\/ul>\n","protected":false},"author":2,"featured_media":392846,"comment_status":"closed","ping_status":"closed","sticky":false,"template":"","format":"standard","meta":{"footnotes":""},"categories":[21],"tags":[1202,928,6525,152,1266,181],"class_list":["post-392845","post","type-post","status-publish","format-standard","has-post-thumbnail","hentry","category-desporto","tag-albufeira","tag-algarve","tag-cidade-europeia-do-desporto-2026","tag-desporto","tag-taca-de-portugal","tag-voleibol"],"yoast_head":"<!-- This site is optimized with the Yoast SEO plugin v27.2 - https:\/\/yoast.com\/product\/yoast-seo-wordpress\/ -->\n<title>Albufeira \u00e9 reconhecida como cidade do voleibol - Portal Tela Portugal<\/title>\n<meta name=\"robots\" content=\"index, follow, max-snippet:-1, max-image-preview:large, max-video-preview:-1\" \/>\n<meta property=\"og:locale\" content=\"pt_PT\" \/>\n<meta property=\"og:type\" content=\"article\" \/>\n<meta property=\"og:title\" content=\"Albufeira \u00e9 reconhecida como cidade do voleibol - Portal Tela Portugal\" \/>\n<meta property=\"og:description\" content=\"De 13 a 15 de mar\u00e7o, o Pavilh\u00e3o Desportivo de Albufeira recebe as finais da Ta\u00e7a de Portugal de voleibol, em ambos os g\u00e9neros. A cidade algarvia, Cidade Europeia do Desporto 2026, acolhe o evento como parte de uma aposta de visibilidade para a modalidade. Femininos: abertura com FC Porto frente a PV2014\/Col\u00e9gio Efanor \u00e0s 18h; \u00e0s 21h, SC Braga defronta Cast\u00ealo da Maia GC. Masculinos: in\u00edcio com SL Benfica frente ao Vit\u00f3ria SC; Sporting CP mede-se \u00e0 AA Espinho nas meias-finais; finais no s\u00e1bado (femininos) e domingo (masculinos). Bilhetes a 5 euros; confer\u00eancias de imprensa nos dias 12 e 13; acredita\u00e7\u00f5es para a imprensa atrav\u00e9s da p\u00e1gina da Federa\u00e7\u00e3o Portuguesa de Voleibol (FPV).\" \/>\n<meta property=\"og:url\" content=\"https:\/\/portaltela.pt\/noticias\/2026\/03\/01\/albufeira-e-reconhecida-como-cidade-do-voleibol\/\" \/>\n<meta property=\"og:site_name\" content=\"Portal Tela Portugal\" \/>\n<meta property=\"article:published_time\" content=\"2026-03-01T03:06:00+00:00\" \/>\n<meta name=\"author\" content=\"Telinha\" \/>\n<meta name=\"twitter:card\" content=\"summary_large_image\" \/>\n<meta name=\"twitter:label1\" content=\"Escrito por\" \/>\n\t<meta name=\"twitter:data1\" content=\"Telinha\" \/>\n\t<meta name=\"twitter:label2\" content=\"Tempo estimado de leitura\" \/>\n\t<meta name=\"twitter:data2\" content=\"2 minutos\" \/>\n<script type=\"application\/ld+json\" class=\"yoast-schema-graph\">{\"@context\":\"https:\/\/schema.org\",\"@graph\":[{\"@type\":\"Article\",\"@id\":\"https:\/\/portaltela.pt\/noticias\/2026\/03\/01\/albufeira-e-reconhecida-como-cidade-do-voleibol\/#article\",\"isPartOf\":{\"@id\":\"https:\/\/portaltela.pt\/noticias\/2026\/03\/01\/albufeira-e-reconhecida-como-cidade-do-voleibol\/\"},\"author\":{\"name\":\"Telinha\",\"@id\":\"https:\/\/portaltela.pt\/#\/schema\/person\/c4278d4a6028830caff9ee44b42d32ed\"},\"headline\":\"Albufeira \u00e9 reconhecida como cidade do voleibol\",\"datePublished\":\"2026-03-01T03:06:00+00:00\",\"mainEntityOfPage\":{\"@id\":\"https:\/\/portaltela.pt\/noticias\/2026\/03\/01\/albufeira-e-reconhecida-como-cidade-do-voleibol\/\"},\"wordCount\":405,\"image\":{\"@id\":\"https:\/\/portaltela.pt\/noticias\/2026\/03\/01\/albufeira-e-reconhecida-como-cidade-do-voleibol\/#primaryimage\"},\"thumbnailUrl\":\"https:\/\/portaltela.pt\/s.01k8rhncp4jt1\/2026\/03\/img_920x518uu2026-02-24-23-20-19-2423539.jpg\",\"keywords\":[\"Albufeira\",\"Algarve\",\"Cidade Europeia do Desporto 2026\",\"desporto\",\"Ta\u00e7a de Portugal\",\"voleibol\"],\"articleSection\":[\"Desporto\"],\"inLanguage\":\"pt-PT\"},{\"@type\":\"WebPage\",\"@id\":\"https:\/\/portaltela.pt\/noticias\/2026\/03\/01\/albufeira-e-reconhecida-como-cidade-do-voleibol\/\",\"url\":\"https:\/\/portaltela.pt\/noticias\/2026\/03\/01\/albufeira-e-reconhecida-como-cidade-do-voleibol\/\",\"name\":\"Albufeira \u00e9 reconhecida como cidade do voleibol - Portal Tela Portugal\",\"isPartOf\":{\"@id\":\"https:\/\/portaltela.pt\/#website\"},\"primaryImageOfPage\":{\"@id\":\"https:\/\/portaltela.pt\/noticias\/2026\/03\/01\/albufeira-e-reconhecida-como-cidade-do-voleibol\/#primaryimage\"},\"image\":{\"@id\":\"https:\/\/portaltela.pt\/noticias\/2026\/03\/01\/albufeira-e-reconhecida-como-cidade-do-voleibol\/#primaryimage\"},\"thumbnailUrl\":\"https:\/\/portaltela.pt\/s.01k8rhncp4jt1\/2026\/03\/img_920x518uu2026-02-24-23-20-19-2423539.jpg\",\"datePublished\":\"2026-03-01T03:06:00+00:00\",\"author\":{\"@id\":\"https:\/\/portaltela.pt\/#\/schema\/person\/c4278d4a6028830caff9ee44b42d32ed\"},\"breadcrumb\":{\"@id\":\"https:\/\/portaltela.pt\/noticias\/2026\/03\/01\/albufeira-e-reconhecida-como-cidade-do-voleibol\/#breadcrumb\"},\"inLanguage\":\"pt-PT\",\"potentialAction\":[{\"@type\":\"ReadAction\",\"target\":[\"https:\/\/portaltela.pt\/noticias\/2026\/03\/01\/albufeira-e-reconhecida-como-cidade-do-voleibol\/\"]}]},{\"@type\":\"ImageObject\",\"inLanguage\":\"pt-PT\",\"@id\":\"https:\/\/portaltela.pt\/noticias\/2026\/03\/01\/albufeira-e-reconhecida-como-cidade-do-voleibol\/#primaryimage\",\"url\":\"https:\/\/portaltela.pt\/s.01k8rhncp4jt1\/2026\/03\/img_920x518uu2026-02-24-23-20-19-2423539.jpg\",\"contentUrl\":\"https:\/\/portaltela.pt\/s.01k8rhncp4jt1\/2026\/03\/img_920x518uu2026-02-24-23-20-19-2423539.jpg\",\"width\":796,\"height\":448,\"caption\":\"Albufeira recebe jogo de voleibol entre o Sporting CP e o SL Benfica\"},{\"@type\":\"BreadcrumbList\",\"@id\":\"https:\/\/portaltela.pt\/noticias\/2026\/03\/01\/albufeira-e-reconhecida-como-cidade-do-voleibol\/#breadcrumb\",\"itemListElement\":[{\"@type\":\"ListItem\",\"position\":1,\"name\":\"In\u00edcio\",\"item\":\"https:\/\/portaltela.pt\/\"},{\"@type\":\"ListItem\",\"position\":2,\"name\":\"Albufeira \u00e9 reconhecida como cidade do voleibol\"}]},{\"@type\":\"WebSite\",\"@id\":\"https:\/\/portaltela.pt\/#website\",\"url\":\"https:\/\/portaltela.pt\/\",\"name\":\"Portal Tela Portugal\",\"description\":\"\",\"potentialAction\":[{\"@type\":\"SearchAction\",\"target\":{\"@type\":\"EntryPoint\",\"urlTemplate\":\"https:\/\/portaltela.pt\/?s={search_term_string}\"},\"query-input\":{\"@type\":\"PropertyValueSpecification\",\"valueRequired\":true,\"valueName\":\"search_term_string\"}}],\"inLanguage\":\"pt-PT\"},{\"@type\":\"Person\",\"@id\":\"https:\/\/portaltela.pt\/#\/schema\/person\/c4278d4a6028830caff9ee44b42d32ed\",\"name\":\"Telinha\",\"image\":{\"@type\":\"ImageObject\",\"inLanguage\":\"pt-PT\",\"@id\":\"https:\/\/portaltela.pt\/s.01k8rhncp4jt1\/2025\/11\/talking-bot-125x125.png\",\"url\":\"https:\/\/portaltela.pt\/s.01k8rhncp4jt1\/2025\/11\/talking-bot-125x125.png\",\"contentUrl\":\"https:\/\/portaltela.pt\/s.01k8rhncp4jt1\/2025\/11\/talking-bot-125x125.png\",\"caption\":\"Telinha\"},\"sameAs\":[\"https:\/\/portaltela.pt\/\"],\"url\":\"https:\/\/portaltela.pt\/por\/367410592786\/\"}]}<\/script>\n<!-- \/ Yoast SEO plugin. -->","yoast_head_json":{"title":"Albufeira \u00e9 reconhecida como cidade do voleibol - Portal Tela Portugal","robots":{"index":"index","follow":"follow","max-snippet":"max-snippet:-1","max-image-preview":"max-image-preview:large","max-video-preview":"max-video-preview:-1"},"og_locale":"pt_PT","og_type":"article","og_title":"Albufeira \u00e9 reconhecida como cidade do voleibol - Portal Tela Portugal","og_description":"De 13 a 15 de mar\u00e7o, o Pavilh\u00e3o Desportivo de Albufeira recebe as finais da Ta\u00e7a de Portugal de voleibol, em ambos os g\u00e9neros. A cidade algarvia, Cidade Europeia do Desporto 2026, acolhe o evento como parte de uma aposta de visibilidade para a modalidade. Femininos: abertura com FC Porto frente a PV2014\/Col\u00e9gio Efanor \u00e0s 18h; \u00e0s 21h, SC Braga defronta Cast\u00ealo da Maia GC. Masculinos: in\u00edcio com SL Benfica frente ao Vit\u00f3ria SC; Sporting CP mede-se \u00e0 AA Espinho nas meias-finais; finais no s\u00e1bado (femininos) e domingo (masculinos). Bilhetes a 5 euros; confer\u00eancias de imprensa nos dias 12 e 13; acredita\u00e7\u00f5es para a imprensa atrav\u00e9s da p\u00e1gina da Federa\u00e7\u00e3o Portuguesa de Voleibol (FPV).","og_url":"https:\/\/portaltela.pt\/noticias\/2026\/03\/01\/albufeira-e-reconhecida-como-cidade-do-voleibol\/","og_site_name":"Portal Tela Portugal","article_published_time":"2026-03-01T03:06:00+00:00","author":"Telinha","twitter_card":"summary_large_image","twitter_misc":{"Escrito por":"Telinha","Tempo estimado de leitura":"2 minutos"},"schema":{"@context":"https:\/\/schema.org","@graph":[{"@type":"Article","@id":"https:\/\/portaltela.pt\/noticias\/2026\/03\/01\/albufeira-e-reconhecida-como-cidade-do-voleibol\/#article","isPartOf":{"@id":"https:\/\/portaltela.pt\/noticias\/2026\/03\/01\/albufeira-e-reconhecida-como-cidade-do-voleibol\/"},"author":{"name":"Telinha","@id":"https:\/\/portaltela.pt\/#\/schema\/person\/c4278d4a6028830caff9ee44b42d32ed"},"headline":"Albufeira \u00e9 reconhecida como cidade do voleibol","datePublished":"2026-03-01T03:06:00+00:00","mainEntityOfPage":{"@id":"https:\/\/portaltela.pt\/noticias\/2026\/03\/01\/albufeira-e-reconhecida-como-cidade-do-voleibol\/"},"wordCount":405,"image":{"@id":"https:\/\/portaltela.pt\/noticias\/2026\/03\/01\/albufeira-e-reconhecida-como-cidade-do-voleibol\/#primaryimage"},"thumbnailUrl":"https:\/\/portaltela.pt\/s.01k8rhncp4jt1\/2026\/03\/img_920x518uu2026-02-24-23-20-19-2423539.jpg","keywords":["Albufeira","Algarve","Cidade Europeia do Desporto 2026","desporto","Ta\u00e7a de Portugal","voleibol"],"articleSection":["Desporto"],"inLanguage":"pt-PT"},{"@type":"WebPage","@id":"https:\/\/portaltela.pt\/noticias\/2026\/03\/01\/albufeira-e-reconhecida-como-cidade-do-voleibol\/","url":"https:\/\/portaltela.pt\/noticias\/2026\/03\/01\/albufeira-e-reconhecida-como-cidade-do-voleibol\/","name":"Albufeira \u00e9 reconhecida como cidade do voleibol - Portal Tela Portugal","isPartOf":{"@id":"https:\/\/portaltela.pt\/#website"},"primaryImageOfPage":{"@id":"https:\/\/portaltela.pt\/noticias\/2026\/03\/01\/albufeira-e-reconhecida-como-cidade-do-voleibol\/#primaryimage"},"image":{"@id":"https:\/\/portaltela.pt\/noticias\/2026\/03\/01\/albufeira-e-reconhecida-como-cidade-do-voleibol\/#primaryimage"},"thumbnailUrl":"https:\/\/portaltela.pt\/s.01k8rhncp4jt1\/2026\/03\/img_920x518uu2026-02-24-23-20-19-2423539.jpg","datePublished":"2026-03-01T03:06:00+00:00","author":{"@id":"https:\/\/portaltela.pt\/#\/schema\/person\/c4278d4a6028830caff9ee44b42d32ed"},"breadcrumb":{"@id":"https:\/\/portaltela.pt\/noticias\/2026\/03\/01\/albufeira-e-reconhecida-como-cidade-do-voleibol\/#breadcrumb"},"inLanguage":"pt-PT","potentialAction":[{"@type":"ReadAction","target":["https:\/\/portaltela.pt\/noticias\/2026\/03\/01\/albufeira-e-reconhecida-como-cidade-do-voleibol\/"]}]},{"@type":"ImageObject","inLanguage":"pt-PT","@id":"https:\/\/portaltela.pt\/noticias\/2026\/03\/01\/albufeira-e-reconhecida-como-cidade-do-voleibol\/#primaryimage","url":"https:\/\/portaltela.pt\/s.01k8rhncp4jt1\/2026\/03\/img_920x518uu2026-02-24-23-20-19-2423539.jpg","contentUrl":"https:\/\/portaltela.pt\/s.01k8rhncp4jt1\/2026\/03\/img_920x518uu2026-02-24-23-20-19-2423539.jpg","width":796,"height":448,"caption":"Albufeira recebe jogo de voleibol entre o Sporting CP e o SL Benfica"},{"@type":"BreadcrumbList","@id":"https:\/\/portaltela.pt\/noticias\/2026\/03\/01\/albufeira-e-reconhecida-como-cidade-do-voleibol\/#breadcrumb","itemListElement":[{"@type":"ListItem","position":1,"name":"In\u00edcio","item":"https:\/\/portaltela.pt\/"},{"@type":"ListItem","position":2,"name":"Albufeira \u00e9 reconhecida como cidade do voleibol"}]},{"@type":"WebSite","@id":"https:\/\/portaltela.pt\/#website","url":"https:\/\/portaltela.pt\/","name":"Portal Tela Portugal","description":"","potentialAction":[{"@type":"SearchAction","target":{"@type":"EntryPoint","urlTemplate":"https:\/\/portaltela.pt\/?s={search_term_string}"},"query-input":{"@type":"PropertyValueSpecification","valueRequired":true,"valueName":"search_term_string"}}],"inLanguage":"pt-PT"},{"@type":"Person","@id":"https:\/\/portaltela.pt\/#\/schema\/person\/c4278d4a6028830caff9ee44b42d32ed","name":"Telinha","image":{"@type":"ImageObject","inLanguage":"pt-PT","@id":"https:\/\/portaltela.pt\/s.01k8rhncp4jt1\/2025\/11\/talking-bot-125x125.png","url":"https:\/\/portaltela.pt\/s.01k8rhncp4jt1\/2025\/11\/talking-bot-125x125.png","contentUrl":"https:\/\/portaltela.pt\/s.01k8rhncp4jt1\/2025\/11\/talking-bot-125x125.png","caption":"Telinha"},"sameAs":["https:\/\/portaltela.pt\/"],"url":"https:\/\/portaltela.pt\/por\/367410592786\/"}]}},"_links":{"self":[{"href":"https:\/\/portaltela.pt\/api\/wp\/v2\/posts\/392845","targetHints":{"allow":["GET"]}}],"collection":[{"href":"https:\/\/portaltela.pt\/api\/wp\/v2\/posts"}],"about":[{"href":"https:\/\/portaltela.pt\/api\/wp\/v2\/types\/post"}],"author":[{"embeddable":true,"href":"https:\/\/portaltela.pt\/api\/wp\/v2\/users\/2"}],"replies":[{"embeddable":true,"href":"https:\/\/portaltela.pt\/api\/wp\/v2\/comments?post=392845"}],"version-history":[{"count":0,"href":"https:\/\/portaltela.pt\/api\/wp\/v2\/posts\/392845\/revisions"}],"wp:featuredmedia":[{"embeddable":true,"href":"https:\/\/portaltela.pt\/api\/wp\/v2\/media\/392846"}],"wp:attachment":[{"href":"https:\/\/portaltela.pt\/api\/wp\/v2\/media?parent=392845"}],"wp:term":[{"taxonomy":"category","embeddable":true,"href":"https:\/\/portaltela.pt\/api\/wp\/v2\/categories?post=392845"},{"taxonomy":"post_tag","embeddable":true,"href":"https:\/\/portaltela.pt\/api\/wp\/v2\/tags?post=392845"}],"curies":[{"name":"wp","href":"https:\/\/api.w.org\/{rel}","templated":true}]}}