{"id":392824,"date":"2026-02-28T22:30:00","date_gmt":"2026-03-01T01:30:00","guid":{"rendered":"https:\/\/portaltela.pt\/noticias\/2026\/02\/28\/quatro-portugueses-na-feira-de-leipzig\/"},"modified":"2026-02-28T22:30:00","modified_gmt":"2026-03-01T01:30:00","slug":"quatro-portugueses-na-feira-de-leipzig","status":"publish","type":"post","link":"https:\/\/portaltela.pt\/noticias\/2026\/02\/28\/quatro-portugueses-na-feira-de-leipzig\/","title":{"rendered":"Quatro portugueses na Feira de Leipzig"},"content":{"rendered":"<p>Quatro autores portugueses v\u00e3o marcar presen\u00e7a na Feira do Livro de Leipzig, na Alemanha. L\u00eddia Jorge, Alice Brito, Carla Pais e Francisco Mota Saraiva integram a lista de convidados oficiais. A feira inicia no pr\u00f3ximo dia 19 de mar\u00e7o, com foco na tradu\u00e7\u00e3o liter\u00e1ria.<\/p>\n<p>A programa\u00e7\u00e3o da edi\u00e7\u00e3o alem\u00e3 tem como tema principal a tradu\u00e7\u00e3o de obras, o que envolve a participa\u00e7\u00e3o de tradutores, editores e centros culturais. O objetivo \u00e9 destacar o papel da tradu\u00e7\u00e3o na divulga\u00e7\u00e3o de literatura entre culturas.<\/p>\n<p>O encontro re\u00fane leitores, autores, editores, tradutores e profissionais do setor, proporcionando sess\u00f5es, debates e contactos entre participantes. A presen\u00e7a portuguesa refor\u00e7a a liga\u00e7\u00e3o entre a literatura lus\u00f3fona e o p\u00fablico internacional.<\/p>\n<h3>Participa\u00e7\u00e3o portuguesa<\/h3>\n<p>Os quatro autores participam em sess\u00f5es e encontros dedicados \u00e0 tradu\u00e7\u00e3o, \u00e0s tradi\u00e7\u00f5es liter\u00e1rias portuguesas e \u00e0s novas propostas no panorama editorial. A organiza\u00e7\u00e3o antecipa interc\u00e2mbios entre criadores e profissionais de v\u00e1rias l\u00ednguas.<\/p>\n","protected":false},"excerpt":{"rendered":"<ul>\n<li>Quatro autores portugueses s\u00e3o convidados para a Feira do Livro de Leipzig, na Alemanha.<\/li>\n<li>L\u00eddia Jorge, Alice Brito, Carla Pais e Francisco Mota Saraiva s\u00e3o os escritores escolhidos.<\/li>\n<li>A programa\u00e7\u00e3o tem como tema principal a tradu\u00e7\u00e3o liter\u00e1ria.<\/li>\n<li>O evento come\u00e7a no pr\u00f3ximo dia 19 de mar\u00e7o e re\u00fane leitores, autores, editores, tradutores e profissionais do setor.<\/li>\n<li>A participa\u00e7\u00e3o destaca a presen\u00e7a portuguesa no evento.<\/li>\n<\/ul>\n","protected":false},"author":2,"featured_media":392838,"comment_status":"closed","ping_status":"closed","sticky":false,"template":"","format":"standard","meta":{"footnotes":""},"categories":[1],"tags":[6472,106,130,40,1014,5659],"class_list":["post-392824","post","type-post","status-publish","format-standard","has-post-thumbnail","hentry","category-noticias","tag-feiras","tag-literatura","tag-livros","tag-pessoas","tag-portugal","tag-traducoes-internacionais"],"yoast_head":"<!-- This site is optimized with the Yoast SEO plugin v27.2 - https:\/\/yoast.com\/product\/yoast-seo-wordpress\/ -->\n<title>Quatro portugueses na Feira de Leipzig - Portal Tela Portugal<\/title>\n<meta name=\"robots\" content=\"index, follow, max-snippet:-1, max-image-preview:large, max-video-preview:-1\" \/>\n<meta property=\"og:locale\" content=\"pt_PT\" \/>\n<meta property=\"og:type\" content=\"article\" \/>\n<meta property=\"og:title\" content=\"Quatro portugueses na Feira de Leipzig - Portal Tela Portugal\" \/>\n<meta property=\"og:description\" content=\"Quatro autores portugueses s\u00e3o convidados para a Feira do Livro de Leipzig, na Alemanha. L\u00eddia Jorge, Alice Brito, Carla Pais e Francisco Mota Saraiva s\u00e3o os escritores escolhidos. A programa\u00e7\u00e3o tem como tema principal a tradu\u00e7\u00e3o liter\u00e1ria. O evento come\u00e7a no pr\u00f3ximo dia 19 de mar\u00e7o e re\u00fane leitores, autores, editores, tradutores e profissionais do setor. A participa\u00e7\u00e3o destaca a presen\u00e7a portuguesa no evento.\" \/>\n<meta property=\"og:url\" content=\"https:\/\/portaltela.pt\/noticias\/2026\/02\/28\/quatro-portugueses-na-feira-de-leipzig\/\" \/>\n<meta property=\"og:site_name\" content=\"Portal Tela Portugal\" \/>\n<meta property=\"article:published_time\" content=\"2026-03-01T01:30:00+00:00\" \/>\n<meta name=\"author\" content=\"Telinha\" \/>\n<meta name=\"twitter:card\" content=\"summary_large_image\" \/>\n<meta name=\"twitter:label1\" content=\"Escrito por\" \/>\n\t<meta name=\"twitter:data1\" content=\"Telinha\" \/>\n\t<meta name=\"twitter:label2\" content=\"Tempo estimado de leitura\" \/>\n\t<meta name=\"twitter:data2\" content=\"1 minuto\" \/>\n<script type=\"application\/ld+json\" class=\"yoast-schema-graph\">{\"@context\":\"https:\/\/schema.org\",\"@graph\":[{\"@type\":\"Article\",\"@id\":\"https:\/\/portaltela.pt\/noticias\/2026\/02\/28\/quatro-portugueses-na-feira-de-leipzig\/#article\",\"isPartOf\":{\"@id\":\"https:\/\/portaltela.pt\/noticias\/2026\/02\/28\/quatro-portugueses-na-feira-de-leipzig\/\"},\"author\":{\"name\":\"Telinha\",\"@id\":\"https:\/\/portaltela.pt\/#\/schema\/person\/c4278d4a6028830caff9ee44b42d32ed\"},\"headline\":\"Quatro portugueses na Feira de Leipzig\",\"datePublished\":\"2026-03-01T01:30:00+00:00\",\"mainEntityOfPage\":{\"@id\":\"https:\/\/portaltela.pt\/noticias\/2026\/02\/28\/quatro-portugueses-na-feira-de-leipzig\/\"},\"wordCount\":181,\"image\":{\"@id\":\"https:\/\/portaltela.pt\/noticias\/2026\/02\/28\/quatro-portugueses-na-feira-de-leipzig\/#primaryimage\"},\"thumbnailUrl\":\"https:\/\/portaltela.pt\/s.01k8rhncp4jt1\/2026\/02\/img_1500x1000uu2026-02-28-21-06-55-2269639.jpg\",\"keywords\":[\"feiras\",\"literatura\",\"livros\",\"pessoas\",\"Portugal\",\"tradu\u00e7\u00f5es internacionais\"],\"articleSection\":[\"Not\u00edcias\"],\"inLanguage\":\"pt-PT\"},{\"@type\":\"WebPage\",\"@id\":\"https:\/\/portaltela.pt\/noticias\/2026\/02\/28\/quatro-portugueses-na-feira-de-leipzig\/\",\"url\":\"https:\/\/portaltela.pt\/noticias\/2026\/02\/28\/quatro-portugueses-na-feira-de-leipzig\/\",\"name\":\"Quatro portugueses na Feira de Leipzig - Portal Tela Portugal\",\"isPartOf\":{\"@id\":\"https:\/\/portaltela.pt\/#website\"},\"primaryImageOfPage\":{\"@id\":\"https:\/\/portaltela.pt\/noticias\/2026\/02\/28\/quatro-portugueses-na-feira-de-leipzig\/#primaryimage\"},\"image\":{\"@id\":\"https:\/\/portaltela.pt\/noticias\/2026\/02\/28\/quatro-portugueses-na-feira-de-leipzig\/#primaryimage\"},\"thumbnailUrl\":\"https:\/\/portaltela.pt\/s.01k8rhncp4jt1\/2026\/02\/img_1500x1000uu2026-02-28-21-06-55-2269639.jpg\",\"datePublished\":\"2026-03-01T01:30:00+00:00\",\"author\":{\"@id\":\"https:\/\/portaltela.pt\/#\/schema\/person\/c4278d4a6028830caff9ee44b42d32ed\"},\"breadcrumb\":{\"@id\":\"https:\/\/portaltela.pt\/noticias\/2026\/02\/28\/quatro-portugueses-na-feira-de-leipzig\/#breadcrumb\"},\"inLanguage\":\"pt-PT\",\"potentialAction\":[{\"@type\":\"ReadAction\",\"target\":[\"https:\/\/portaltela.pt\/noticias\/2026\/02\/28\/quatro-portugueses-na-feira-de-leipzig\/\"]}]},{\"@type\":\"ImageObject\",\"inLanguage\":\"pt-PT\",\"@id\":\"https:\/\/portaltela.pt\/noticias\/2026\/02\/28\/quatro-portugueses-na-feira-de-leipzig\/#primaryimage\",\"url\":\"https:\/\/portaltela.pt\/s.01k8rhncp4jt1\/2026\/02\/img_1500x1000uu2026-02-28-21-06-55-2269639.jpg\",\"contentUrl\":\"https:\/\/portaltela.pt\/s.01k8rhncp4jt1\/2026\/02\/img_1500x1000uu2026-02-28-21-06-55-2269639.jpg\",\"width\":796,\"height\":448,\"caption\":\"A escritora L\u00eddia Jorge\"},{\"@type\":\"BreadcrumbList\",\"@id\":\"https:\/\/portaltela.pt\/noticias\/2026\/02\/28\/quatro-portugueses-na-feira-de-leipzig\/#breadcrumb\",\"itemListElement\":[{\"@type\":\"ListItem\",\"position\":1,\"name\":\"In\u00edcio\",\"item\":\"https:\/\/portaltela.pt\/\"},{\"@type\":\"ListItem\",\"position\":2,\"name\":\"Quatro portugueses na Feira de Leipzig\"}]},{\"@type\":\"WebSite\",\"@id\":\"https:\/\/portaltela.pt\/#website\",\"url\":\"https:\/\/portaltela.pt\/\",\"name\":\"Portal Tela Portugal\",\"description\":\"\",\"potentialAction\":[{\"@type\":\"SearchAction\",\"target\":{\"@type\":\"EntryPoint\",\"urlTemplate\":\"https:\/\/portaltela.pt\/?s={search_term_string}\"},\"query-input\":{\"@type\":\"PropertyValueSpecification\",\"valueRequired\":true,\"valueName\":\"search_term_string\"}}],\"inLanguage\":\"pt-PT\"},{\"@type\":\"Person\",\"@id\":\"https:\/\/portaltela.pt\/#\/schema\/person\/c4278d4a6028830caff9ee44b42d32ed\",\"name\":\"Telinha\",\"image\":{\"@type\":\"ImageObject\",\"inLanguage\":\"pt-PT\",\"@id\":\"https:\/\/portaltela.pt\/s.01k8rhncp4jt1\/2025\/11\/talking-bot-125x125.png\",\"url\":\"https:\/\/portaltela.pt\/s.01k8rhncp4jt1\/2025\/11\/talking-bot-125x125.png\",\"contentUrl\":\"https:\/\/portaltela.pt\/s.01k8rhncp4jt1\/2025\/11\/talking-bot-125x125.png\",\"caption\":\"Telinha\"},\"sameAs\":[\"https:\/\/portaltela.pt\/\"],\"url\":\"https:\/\/portaltela.pt\/por\/367410592786\/\"}]}<\/script>\n<!-- \/ Yoast SEO plugin. -->","yoast_head_json":{"title":"Quatro portugueses na Feira de Leipzig - Portal Tela Portugal","robots":{"index":"index","follow":"follow","max-snippet":"max-snippet:-1","max-image-preview":"max-image-preview:large","max-video-preview":"max-video-preview:-1"},"og_locale":"pt_PT","og_type":"article","og_title":"Quatro portugueses na Feira de Leipzig - Portal Tela Portugal","og_description":"Quatro autores portugueses s\u00e3o convidados para a Feira do Livro de Leipzig, na Alemanha. L\u00eddia Jorge, Alice Brito, Carla Pais e Francisco Mota Saraiva s\u00e3o os escritores escolhidos. A programa\u00e7\u00e3o tem como tema principal a tradu\u00e7\u00e3o liter\u00e1ria. O evento come\u00e7a no pr\u00f3ximo dia 19 de mar\u00e7o e re\u00fane leitores, autores, editores, tradutores e profissionais do setor. A participa\u00e7\u00e3o destaca a presen\u00e7a portuguesa no evento.","og_url":"https:\/\/portaltela.pt\/noticias\/2026\/02\/28\/quatro-portugueses-na-feira-de-leipzig\/","og_site_name":"Portal Tela Portugal","article_published_time":"2026-03-01T01:30:00+00:00","author":"Telinha","twitter_card":"summary_large_image","twitter_misc":{"Escrito por":"Telinha","Tempo estimado de leitura":"1 minuto"},"schema":{"@context":"https:\/\/schema.org","@graph":[{"@type":"Article","@id":"https:\/\/portaltela.pt\/noticias\/2026\/02\/28\/quatro-portugueses-na-feira-de-leipzig\/#article","isPartOf":{"@id":"https:\/\/portaltela.pt\/noticias\/2026\/02\/28\/quatro-portugueses-na-feira-de-leipzig\/"},"author":{"name":"Telinha","@id":"https:\/\/portaltela.pt\/#\/schema\/person\/c4278d4a6028830caff9ee44b42d32ed"},"headline":"Quatro portugueses na Feira de Leipzig","datePublished":"2026-03-01T01:30:00+00:00","mainEntityOfPage":{"@id":"https:\/\/portaltela.pt\/noticias\/2026\/02\/28\/quatro-portugueses-na-feira-de-leipzig\/"},"wordCount":181,"image":{"@id":"https:\/\/portaltela.pt\/noticias\/2026\/02\/28\/quatro-portugueses-na-feira-de-leipzig\/#primaryimage"},"thumbnailUrl":"https:\/\/portaltela.pt\/s.01k8rhncp4jt1\/2026\/02\/img_1500x1000uu2026-02-28-21-06-55-2269639.jpg","keywords":["feiras","literatura","livros","pessoas","Portugal","tradu\u00e7\u00f5es internacionais"],"articleSection":["Not\u00edcias"],"inLanguage":"pt-PT"},{"@type":"WebPage","@id":"https:\/\/portaltela.pt\/noticias\/2026\/02\/28\/quatro-portugueses-na-feira-de-leipzig\/","url":"https:\/\/portaltela.pt\/noticias\/2026\/02\/28\/quatro-portugueses-na-feira-de-leipzig\/","name":"Quatro portugueses na Feira de Leipzig - Portal Tela Portugal","isPartOf":{"@id":"https:\/\/portaltela.pt\/#website"},"primaryImageOfPage":{"@id":"https:\/\/portaltela.pt\/noticias\/2026\/02\/28\/quatro-portugueses-na-feira-de-leipzig\/#primaryimage"},"image":{"@id":"https:\/\/portaltela.pt\/noticias\/2026\/02\/28\/quatro-portugueses-na-feira-de-leipzig\/#primaryimage"},"thumbnailUrl":"https:\/\/portaltela.pt\/s.01k8rhncp4jt1\/2026\/02\/img_1500x1000uu2026-02-28-21-06-55-2269639.jpg","datePublished":"2026-03-01T01:30:00+00:00","author":{"@id":"https:\/\/portaltela.pt\/#\/schema\/person\/c4278d4a6028830caff9ee44b42d32ed"},"breadcrumb":{"@id":"https:\/\/portaltela.pt\/noticias\/2026\/02\/28\/quatro-portugueses-na-feira-de-leipzig\/#breadcrumb"},"inLanguage":"pt-PT","potentialAction":[{"@type":"ReadAction","target":["https:\/\/portaltela.pt\/noticias\/2026\/02\/28\/quatro-portugueses-na-feira-de-leipzig\/"]}]},{"@type":"ImageObject","inLanguage":"pt-PT","@id":"https:\/\/portaltela.pt\/noticias\/2026\/02\/28\/quatro-portugueses-na-feira-de-leipzig\/#primaryimage","url":"https:\/\/portaltela.pt\/s.01k8rhncp4jt1\/2026\/02\/img_1500x1000uu2026-02-28-21-06-55-2269639.jpg","contentUrl":"https:\/\/portaltela.pt\/s.01k8rhncp4jt1\/2026\/02\/img_1500x1000uu2026-02-28-21-06-55-2269639.jpg","width":796,"height":448,"caption":"A escritora L\u00eddia Jorge"},{"@type":"BreadcrumbList","@id":"https:\/\/portaltela.pt\/noticias\/2026\/02\/28\/quatro-portugueses-na-feira-de-leipzig\/#breadcrumb","itemListElement":[{"@type":"ListItem","position":1,"name":"In\u00edcio","item":"https:\/\/portaltela.pt\/"},{"@type":"ListItem","position":2,"name":"Quatro portugueses na Feira de Leipzig"}]},{"@type":"WebSite","@id":"https:\/\/portaltela.pt\/#website","url":"https:\/\/portaltela.pt\/","name":"Portal Tela Portugal","description":"","potentialAction":[{"@type":"SearchAction","target":{"@type":"EntryPoint","urlTemplate":"https:\/\/portaltela.pt\/?s={search_term_string}"},"query-input":{"@type":"PropertyValueSpecification","valueRequired":true,"valueName":"search_term_string"}}],"inLanguage":"pt-PT"},{"@type":"Person","@id":"https:\/\/portaltela.pt\/#\/schema\/person\/c4278d4a6028830caff9ee44b42d32ed","name":"Telinha","image":{"@type":"ImageObject","inLanguage":"pt-PT","@id":"https:\/\/portaltela.pt\/s.01k8rhncp4jt1\/2025\/11\/talking-bot-125x125.png","url":"https:\/\/portaltela.pt\/s.01k8rhncp4jt1\/2025\/11\/talking-bot-125x125.png","contentUrl":"https:\/\/portaltela.pt\/s.01k8rhncp4jt1\/2025\/11\/talking-bot-125x125.png","caption":"Telinha"},"sameAs":["https:\/\/portaltela.pt\/"],"url":"https:\/\/portaltela.pt\/por\/367410592786\/"}]}},"_links":{"self":[{"href":"https:\/\/portaltela.pt\/api\/wp\/v2\/posts\/392824","targetHints":{"allow":["GET"]}}],"collection":[{"href":"https:\/\/portaltela.pt\/api\/wp\/v2\/posts"}],"about":[{"href":"https:\/\/portaltela.pt\/api\/wp\/v2\/types\/post"}],"author":[{"embeddable":true,"href":"https:\/\/portaltela.pt\/api\/wp\/v2\/users\/2"}],"replies":[{"embeddable":true,"href":"https:\/\/portaltela.pt\/api\/wp\/v2\/comments?post=392824"}],"version-history":[{"count":0,"href":"https:\/\/portaltela.pt\/api\/wp\/v2\/posts\/392824\/revisions"}],"wp:featuredmedia":[{"embeddable":true,"href":"https:\/\/portaltela.pt\/api\/wp\/v2\/media\/392838"}],"wp:attachment":[{"href":"https:\/\/portaltela.pt\/api\/wp\/v2\/media?parent=392824"}],"wp:term":[{"taxonomy":"category","embeddable":true,"href":"https:\/\/portaltela.pt\/api\/wp\/v2\/categories?post=392824"},{"taxonomy":"post_tag","embeddable":true,"href":"https:\/\/portaltela.pt\/api\/wp\/v2\/tags?post=392824"}],"curies":[{"name":"wp","href":"https:\/\/api.w.org\/{rel}","templated":true}]}}