{"id":392801,"date":"2026-02-28T22:30:00","date_gmt":"2026-03-01T01:30:00","guid":{"rendered":"https:\/\/portaltela.pt\/noticias\/2026\/02\/28\/chuva-regressa-nesta-semana-e-persiste-ate-domingo-ipma-nao-exclui-novas-cheias\/"},"modified":"2026-02-28T22:30:00","modified_gmt":"2026-03-01T01:30:00","slug":"chuva-regressa-nesta-semana-e-persiste-ate-domingo-ipma-nao-exclui-novas-cheias","status":"publish","type":"post","link":"https:\/\/portaltela.pt\/noticias\/2026\/02\/28\/chuva-regressa-nesta-semana-e-persiste-ate-domingo-ipma-nao-exclui-novas-cheias\/","title":{"rendered":"Chuva regressa nesta semana e persiste at\u00e9 domingo; IPMA n\u00e3o exclui novas cheias"},"content":{"rendered":"<p>O tempo volta a impor-se em Portugal a partir desta segunda-feira, com chuva associada a sistemas frontais ou depress\u00f5es regionais, incluindo a possibilidade de uma gota fria sobre o territ\u00f3rio. A chuva dever\u00e1 manter-se at\u00e9 ao domingo, 8 de mar\u00e7o, afectando o continente.<\/p>\n<p>O Instituto Portugu\u00eas do Mar e da Atmosfera (IPMA) indica que o regime de precipita\u00e7\u00e3o ser\u00e1 mais curto do que no fim de janeiro e fevereiro, quando houve precipita\u00e7\u00e3o cont\u00ednua integrada em massas de ar muito h\u00famidas. A intensidade pode variar conforme as condi\u00e7\u00f5es.<\/p>\n<p>Al\u00e9m disso, o IPMA n\u00e3o exclui novas cheias, mesmo com precipita\u00e7\u00e3o de curta dura\u00e7\u00e3o. Cheias de rios dependem de v\u00e1rios fatores e a localiza\u00e7\u00e3o exata \u00e9 dif\u00edcil de prever. Vento mais intenso pode potenciar impactos nas zonas j\u00e1 fragilizadas pelas tempestades anteriores.<\/p>\n<h3>Madeira em aviso amarelo<\/h3>\n<p>O arquip\u00e9lago da Madeira aparece em aviso amarelo devido ao vento intenso. O alerta inicia hoje \u00e0s 12h00 e estende-se at\u00e9 \u00e0s 14h00 de ter\u00e7a-feira. Prev\u00eaem-se rajadas de vento do quadrante norte, at\u00e9 95 km\/h.<\/p>\n<h3>Mondego \u00e9 a \u00fanica bacia abaixo de 80% de armazenamento<\/h3>\n<p>Dados da APA, no Info\u00e1gua, mostram a bacia do Mondego com 76% de volume, abaixo do limiar de 80%. As bacias das Ribeiras do Alentejo t\u00eam 84%, Arade 87% e Barlavente 101%. Em janeiro, o Mira registava 76,7% de seca hidrol\u00f3gica.<\/p>\n","protected":false},"excerpt":{"rendered":"<ul>\n<li>Chuva regressa a Portugal continental esta semana, com sistemas frontais e potencial gota fria, mantendo-se previsivelmente at\u00e9 domingo, 8 de mar\u00e7o; regime de precipita\u00e7\u00e3o pode ser curto e nem sempre intenso.<\/li>\n<li>O IPMA n\u00e3o exclui novas cheias, dado que inunda\u00e7\u00f5es podem ocorrer mesmo com chuva de curta dura\u00e7\u00e3o; a localiza\u00e7\u00e3o exata de cheias \u00e9 dif\u00edcil de prever e pode haver maior impacto em zonas j\u00e1 fragilizadas pelo temporal.<\/li>\n<li>Madeira tem aviso amarelo devido ao vento forte, v\u00e1lido das 12h de segunda-feira at\u00e9 \u00e0s 14h de ter\u00e7a-feira, com rajadas at\u00e9 95 km\/h.<\/li>\n<li>Mondego continua como a \u00fanica bacia abaixo de 80% de armazenamento, em 76%; restantes bacias acima de 80%, com Ribeiras do Barlavento no Algarve em 101%.<\/li>\n<li>As temperaturas devem ficar inferiores \u00e0s registadas no dia 26 de fevereiro.<\/li>\n<\/ul>\n","protected":false},"author":2,"featured_media":392804,"comment_status":"closed","ping_status":"closed","sticky":false,"template":"","format":"standard","meta":{"footnotes":""},"categories":[1],"tags":[167,3658,3701,5329,859,2410],"class_list":["post-392801","post","type-post","status-publish","format-standard","has-post-thumbnail","hentry","category-noticias","tag-ambiente","tag-aviso-amarelo","tag-cheias","tag-chuva","tag-madeira","tag-mondego"],"yoast_head":"<!-- This site is optimized with the Yoast SEO plugin v27.2 - https:\/\/yoast.com\/product\/yoast-seo-wordpress\/ -->\n<title>Chuva regressa nesta semana e persiste at\u00e9 domingo; IPMA n\u00e3o exclui novas cheias - Portal Tela Portugal<\/title>\n<meta name=\"robots\" content=\"index, follow, max-snippet:-1, max-image-preview:large, max-video-preview:-1\" \/>\n<meta property=\"og:locale\" content=\"pt_PT\" \/>\n<meta property=\"og:type\" content=\"article\" \/>\n<meta property=\"og:title\" content=\"Chuva regressa nesta semana e persiste at\u00e9 domingo; IPMA n\u00e3o exclui novas cheias - Portal Tela Portugal\" \/>\n<meta property=\"og:description\" content=\"Chuva regressa a Portugal continental esta semana, com sistemas frontais e potencial gota fria, mantendo-se previsivelmente at\u00e9 domingo, 8 de mar\u00e7o; regime de precipita\u00e7\u00e3o pode ser curto e nem sempre intenso. O IPMA n\u00e3o exclui novas cheias, dado que inunda\u00e7\u00f5es podem ocorrer mesmo com chuva de curta dura\u00e7\u00e3o; a localiza\u00e7\u00e3o exata de cheias \u00e9 dif\u00edcil de prever e pode haver maior impacto em zonas j\u00e1 fragilizadas pelo temporal. Madeira tem aviso amarelo devido ao vento forte, v\u00e1lido das 12h de segunda-feira at\u00e9 \u00e0s 14h de ter\u00e7a-feira, com rajadas at\u00e9 95 km\/h. Mondego continua como a \u00fanica bacia abaixo de 80% de armazenamento, em 76%; restantes bacias acima de 80%, com Ribeiras do Barlavento no Algarve em 101%. As temperaturas devem ficar inferiores \u00e0s registadas no dia 26 de fevereiro.\" \/>\n<meta property=\"og:url\" content=\"https:\/\/portaltela.pt\/noticias\/2026\/02\/28\/chuva-regressa-nesta-semana-e-persiste-ate-domingo-ipma-nao-exclui-novas-cheias\/\" \/>\n<meta property=\"og:site_name\" content=\"Portal Tela Portugal\" \/>\n<meta property=\"article:published_time\" content=\"2026-03-01T01:30:00+00:00\" \/>\n<meta name=\"author\" content=\"Telinha\" \/>\n<meta name=\"twitter:card\" content=\"summary_large_image\" \/>\n<meta name=\"twitter:label1\" content=\"Escrito por\" \/>\n\t<meta name=\"twitter:data1\" content=\"Telinha\" \/>\n\t<meta name=\"twitter:label2\" content=\"Tempo estimado de leitura\" \/>\n\t<meta name=\"twitter:data2\" content=\"1 minuto\" \/>\n<script type=\"application\/ld+json\" class=\"yoast-schema-graph\">{\"@context\":\"https:\/\/schema.org\",\"@graph\":[{\"@type\":\"Article\",\"@id\":\"https:\/\/portaltela.pt\/noticias\/2026\/02\/28\/chuva-regressa-nesta-semana-e-persiste-ate-domingo-ipma-nao-exclui-novas-cheias\/#article\",\"isPartOf\":{\"@id\":\"https:\/\/portaltela.pt\/noticias\/2026\/02\/28\/chuva-regressa-nesta-semana-e-persiste-ate-domingo-ipma-nao-exclui-novas-cheias\/\"},\"author\":{\"name\":\"Telinha\",\"@id\":\"https:\/\/portaltela.pt\/#\/schema\/person\/c4278d4a6028830caff9ee44b42d32ed\"},\"headline\":\"Chuva regressa nesta semana e persiste at\u00e9 domingo; IPMA n\u00e3o exclui novas cheias\",\"datePublished\":\"2026-03-01T01:30:00+00:00\",\"mainEntityOfPage\":{\"@id\":\"https:\/\/portaltela.pt\/noticias\/2026\/02\/28\/chuva-regressa-nesta-semana-e-persiste-ate-domingo-ipma-nao-exclui-novas-cheias\/\"},\"wordCount\":245,\"image\":{\"@id\":\"https:\/\/portaltela.pt\/noticias\/2026\/02\/28\/chuva-regressa-nesta-semana-e-persiste-ate-domingo-ipma-nao-exclui-novas-cheias\/#primaryimage\"},\"thumbnailUrl\":\"https:\/\/portaltela.pt\/s.01k8rhncp4jt1\/2026\/02\/img_1500x1000uu2026-02-28-15-46-17-2269583.jpg\",\"keywords\":[\"ambiente\",\"aviso amarelo\",\"cheias\",\"chuva\",\"Madeira\",\"Mondego\"],\"articleSection\":[\"Not\u00edcias\"],\"inLanguage\":\"pt-PT\"},{\"@type\":\"WebPage\",\"@id\":\"https:\/\/portaltela.pt\/noticias\/2026\/02\/28\/chuva-regressa-nesta-semana-e-persiste-ate-domingo-ipma-nao-exclui-novas-cheias\/\",\"url\":\"https:\/\/portaltela.pt\/noticias\/2026\/02\/28\/chuva-regressa-nesta-semana-e-persiste-ate-domingo-ipma-nao-exclui-novas-cheias\/\",\"name\":\"Chuva regressa nesta semana e persiste at\u00e9 domingo; IPMA n\u00e3o exclui novas cheias - Portal Tela Portugal\",\"isPartOf\":{\"@id\":\"https:\/\/portaltela.pt\/#website\"},\"primaryImageOfPage\":{\"@id\":\"https:\/\/portaltela.pt\/noticias\/2026\/02\/28\/chuva-regressa-nesta-semana-e-persiste-ate-domingo-ipma-nao-exclui-novas-cheias\/#primaryimage\"},\"image\":{\"@id\":\"https:\/\/portaltela.pt\/noticias\/2026\/02\/28\/chuva-regressa-nesta-semana-e-persiste-ate-domingo-ipma-nao-exclui-novas-cheias\/#primaryimage\"},\"thumbnailUrl\":\"https:\/\/portaltela.pt\/s.01k8rhncp4jt1\/2026\/02\/img_1500x1000uu2026-02-28-15-46-17-2269583.jpg\",\"datePublished\":\"2026-03-01T01:30:00+00:00\",\"author\":{\"@id\":\"https:\/\/portaltela.pt\/#\/schema\/person\/c4278d4a6028830caff9ee44b42d32ed\"},\"breadcrumb\":{\"@id\":\"https:\/\/portaltela.pt\/noticias\/2026\/02\/28\/chuva-regressa-nesta-semana-e-persiste-ate-domingo-ipma-nao-exclui-novas-cheias\/#breadcrumb\"},\"inLanguage\":\"pt-PT\",\"potentialAction\":[{\"@type\":\"ReadAction\",\"target\":[\"https:\/\/portaltela.pt\/noticias\/2026\/02\/28\/chuva-regressa-nesta-semana-e-persiste-ate-domingo-ipma-nao-exclui-novas-cheias\/\"]}]},{\"@type\":\"ImageObject\",\"inLanguage\":\"pt-PT\",\"@id\":\"https:\/\/portaltela.pt\/noticias\/2026\/02\/28\/chuva-regressa-nesta-semana-e-persiste-ate-domingo-ipma-nao-exclui-novas-cheias\/#primaryimage\",\"url\":\"https:\/\/portaltela.pt\/s.01k8rhncp4jt1\/2026\/02\/img_1500x1000uu2026-02-28-15-46-17-2269583.jpg\",\"contentUrl\":\"https:\/\/portaltela.pt\/s.01k8rhncp4jt1\/2026\/02\/img_1500x1000uu2026-02-28-15-46-17-2269583.jpg\",\"width\":796,\"height\":448,\"caption\":\"Zonas afetadas pelas cheias podem vir a sofrer mais com as chuvas da pr\u00f3xima semana.\"},{\"@type\":\"BreadcrumbList\",\"@id\":\"https:\/\/portaltela.pt\/noticias\/2026\/02\/28\/chuva-regressa-nesta-semana-e-persiste-ate-domingo-ipma-nao-exclui-novas-cheias\/#breadcrumb\",\"itemListElement\":[{\"@type\":\"ListItem\",\"position\":1,\"name\":\"In\u00edcio\",\"item\":\"https:\/\/portaltela.pt\/\"},{\"@type\":\"ListItem\",\"position\":2,\"name\":\"Chuva regressa nesta semana e persiste at\u00e9 domingo; IPMA n\u00e3o exclui novas cheias\"}]},{\"@type\":\"WebSite\",\"@id\":\"https:\/\/portaltela.pt\/#website\",\"url\":\"https:\/\/portaltela.pt\/\",\"name\":\"Portal Tela Portugal\",\"description\":\"\",\"potentialAction\":[{\"@type\":\"SearchAction\",\"target\":{\"@type\":\"EntryPoint\",\"urlTemplate\":\"https:\/\/portaltela.pt\/?s={search_term_string}\"},\"query-input\":{\"@type\":\"PropertyValueSpecification\",\"valueRequired\":true,\"valueName\":\"search_term_string\"}}],\"inLanguage\":\"pt-PT\"},{\"@type\":\"Person\",\"@id\":\"https:\/\/portaltela.pt\/#\/schema\/person\/c4278d4a6028830caff9ee44b42d32ed\",\"name\":\"Telinha\",\"image\":{\"@type\":\"ImageObject\",\"inLanguage\":\"pt-PT\",\"@id\":\"https:\/\/portaltela.pt\/s.01k8rhncp4jt1\/2025\/11\/talking-bot-125x125.png\",\"url\":\"https:\/\/portaltela.pt\/s.01k8rhncp4jt1\/2025\/11\/talking-bot-125x125.png\",\"contentUrl\":\"https:\/\/portaltela.pt\/s.01k8rhncp4jt1\/2025\/11\/talking-bot-125x125.png\",\"caption\":\"Telinha\"},\"sameAs\":[\"https:\/\/portaltela.pt\/\"],\"url\":\"https:\/\/portaltela.pt\/por\/367410592786\/\"}]}<\/script>\n<!-- \/ Yoast SEO plugin. -->","yoast_head_json":{"title":"Chuva regressa nesta semana e persiste at\u00e9 domingo; IPMA n\u00e3o exclui novas cheias - Portal Tela Portugal","robots":{"index":"index","follow":"follow","max-snippet":"max-snippet:-1","max-image-preview":"max-image-preview:large","max-video-preview":"max-video-preview:-1"},"og_locale":"pt_PT","og_type":"article","og_title":"Chuva regressa nesta semana e persiste at\u00e9 domingo; IPMA n\u00e3o exclui novas cheias - Portal Tela Portugal","og_description":"Chuva regressa a Portugal continental esta semana, com sistemas frontais e potencial gota fria, mantendo-se previsivelmente at\u00e9 domingo, 8 de mar\u00e7o; regime de precipita\u00e7\u00e3o pode ser curto e nem sempre intenso. O IPMA n\u00e3o exclui novas cheias, dado que inunda\u00e7\u00f5es podem ocorrer mesmo com chuva de curta dura\u00e7\u00e3o; a localiza\u00e7\u00e3o exata de cheias \u00e9 dif\u00edcil de prever e pode haver maior impacto em zonas j\u00e1 fragilizadas pelo temporal. Madeira tem aviso amarelo devido ao vento forte, v\u00e1lido das 12h de segunda-feira at\u00e9 \u00e0s 14h de ter\u00e7a-feira, com rajadas at\u00e9 95 km\/h. Mondego continua como a \u00fanica bacia abaixo de 80% de armazenamento, em 76%; restantes bacias acima de 80%, com Ribeiras do Barlavento no Algarve em 101%. As temperaturas devem ficar inferiores \u00e0s registadas no dia 26 de fevereiro.","og_url":"https:\/\/portaltela.pt\/noticias\/2026\/02\/28\/chuva-regressa-nesta-semana-e-persiste-ate-domingo-ipma-nao-exclui-novas-cheias\/","og_site_name":"Portal Tela Portugal","article_published_time":"2026-03-01T01:30:00+00:00","author":"Telinha","twitter_card":"summary_large_image","twitter_misc":{"Escrito por":"Telinha","Tempo estimado de leitura":"1 minuto"},"schema":{"@context":"https:\/\/schema.org","@graph":[{"@type":"Article","@id":"https:\/\/portaltela.pt\/noticias\/2026\/02\/28\/chuva-regressa-nesta-semana-e-persiste-ate-domingo-ipma-nao-exclui-novas-cheias\/#article","isPartOf":{"@id":"https:\/\/portaltela.pt\/noticias\/2026\/02\/28\/chuva-regressa-nesta-semana-e-persiste-ate-domingo-ipma-nao-exclui-novas-cheias\/"},"author":{"name":"Telinha","@id":"https:\/\/portaltela.pt\/#\/schema\/person\/c4278d4a6028830caff9ee44b42d32ed"},"headline":"Chuva regressa nesta semana e persiste at\u00e9 domingo; IPMA n\u00e3o exclui novas cheias","datePublished":"2026-03-01T01:30:00+00:00","mainEntityOfPage":{"@id":"https:\/\/portaltela.pt\/noticias\/2026\/02\/28\/chuva-regressa-nesta-semana-e-persiste-ate-domingo-ipma-nao-exclui-novas-cheias\/"},"wordCount":245,"image":{"@id":"https:\/\/portaltela.pt\/noticias\/2026\/02\/28\/chuva-regressa-nesta-semana-e-persiste-ate-domingo-ipma-nao-exclui-novas-cheias\/#primaryimage"},"thumbnailUrl":"https:\/\/portaltela.pt\/s.01k8rhncp4jt1\/2026\/02\/img_1500x1000uu2026-02-28-15-46-17-2269583.jpg","keywords":["ambiente","aviso amarelo","cheias","chuva","Madeira","Mondego"],"articleSection":["Not\u00edcias"],"inLanguage":"pt-PT"},{"@type":"WebPage","@id":"https:\/\/portaltela.pt\/noticias\/2026\/02\/28\/chuva-regressa-nesta-semana-e-persiste-ate-domingo-ipma-nao-exclui-novas-cheias\/","url":"https:\/\/portaltela.pt\/noticias\/2026\/02\/28\/chuva-regressa-nesta-semana-e-persiste-ate-domingo-ipma-nao-exclui-novas-cheias\/","name":"Chuva regressa nesta semana e persiste at\u00e9 domingo; IPMA n\u00e3o exclui novas cheias - Portal Tela Portugal","isPartOf":{"@id":"https:\/\/portaltela.pt\/#website"},"primaryImageOfPage":{"@id":"https:\/\/portaltela.pt\/noticias\/2026\/02\/28\/chuva-regressa-nesta-semana-e-persiste-ate-domingo-ipma-nao-exclui-novas-cheias\/#primaryimage"},"image":{"@id":"https:\/\/portaltela.pt\/noticias\/2026\/02\/28\/chuva-regressa-nesta-semana-e-persiste-ate-domingo-ipma-nao-exclui-novas-cheias\/#primaryimage"},"thumbnailUrl":"https:\/\/portaltela.pt\/s.01k8rhncp4jt1\/2026\/02\/img_1500x1000uu2026-02-28-15-46-17-2269583.jpg","datePublished":"2026-03-01T01:30:00+00:00","author":{"@id":"https:\/\/portaltela.pt\/#\/schema\/person\/c4278d4a6028830caff9ee44b42d32ed"},"breadcrumb":{"@id":"https:\/\/portaltela.pt\/noticias\/2026\/02\/28\/chuva-regressa-nesta-semana-e-persiste-ate-domingo-ipma-nao-exclui-novas-cheias\/#breadcrumb"},"inLanguage":"pt-PT","potentialAction":[{"@type":"ReadAction","target":["https:\/\/portaltela.pt\/noticias\/2026\/02\/28\/chuva-regressa-nesta-semana-e-persiste-ate-domingo-ipma-nao-exclui-novas-cheias\/"]}]},{"@type":"ImageObject","inLanguage":"pt-PT","@id":"https:\/\/portaltela.pt\/noticias\/2026\/02\/28\/chuva-regressa-nesta-semana-e-persiste-ate-domingo-ipma-nao-exclui-novas-cheias\/#primaryimage","url":"https:\/\/portaltela.pt\/s.01k8rhncp4jt1\/2026\/02\/img_1500x1000uu2026-02-28-15-46-17-2269583.jpg","contentUrl":"https:\/\/portaltela.pt\/s.01k8rhncp4jt1\/2026\/02\/img_1500x1000uu2026-02-28-15-46-17-2269583.jpg","width":796,"height":448,"caption":"Zonas afetadas pelas cheias podem vir a sofrer mais com as chuvas da pr\u00f3xima semana."},{"@type":"BreadcrumbList","@id":"https:\/\/portaltela.pt\/noticias\/2026\/02\/28\/chuva-regressa-nesta-semana-e-persiste-ate-domingo-ipma-nao-exclui-novas-cheias\/#breadcrumb","itemListElement":[{"@type":"ListItem","position":1,"name":"In\u00edcio","item":"https:\/\/portaltela.pt\/"},{"@type":"ListItem","position":2,"name":"Chuva regressa nesta semana e persiste at\u00e9 domingo; IPMA n\u00e3o exclui novas cheias"}]},{"@type":"WebSite","@id":"https:\/\/portaltela.pt\/#website","url":"https:\/\/portaltela.pt\/","name":"Portal Tela Portugal","description":"","potentialAction":[{"@type":"SearchAction","target":{"@type":"EntryPoint","urlTemplate":"https:\/\/portaltela.pt\/?s={search_term_string}"},"query-input":{"@type":"PropertyValueSpecification","valueRequired":true,"valueName":"search_term_string"}}],"inLanguage":"pt-PT"},{"@type":"Person","@id":"https:\/\/portaltela.pt\/#\/schema\/person\/c4278d4a6028830caff9ee44b42d32ed","name":"Telinha","image":{"@type":"ImageObject","inLanguage":"pt-PT","@id":"https:\/\/portaltela.pt\/s.01k8rhncp4jt1\/2025\/11\/talking-bot-125x125.png","url":"https:\/\/portaltela.pt\/s.01k8rhncp4jt1\/2025\/11\/talking-bot-125x125.png","contentUrl":"https:\/\/portaltela.pt\/s.01k8rhncp4jt1\/2025\/11\/talking-bot-125x125.png","caption":"Telinha"},"sameAs":["https:\/\/portaltela.pt\/"],"url":"https:\/\/portaltela.pt\/por\/367410592786\/"}]}},"_links":{"self":[{"href":"https:\/\/portaltela.pt\/api\/wp\/v2\/posts\/392801","targetHints":{"allow":["GET"]}}],"collection":[{"href":"https:\/\/portaltela.pt\/api\/wp\/v2\/posts"}],"about":[{"href":"https:\/\/portaltela.pt\/api\/wp\/v2\/types\/post"}],"author":[{"embeddable":true,"href":"https:\/\/portaltela.pt\/api\/wp\/v2\/users\/2"}],"replies":[{"embeddable":true,"href":"https:\/\/portaltela.pt\/api\/wp\/v2\/comments?post=392801"}],"version-history":[{"count":0,"href":"https:\/\/portaltela.pt\/api\/wp\/v2\/posts\/392801\/revisions"}],"wp:featuredmedia":[{"embeddable":true,"href":"https:\/\/portaltela.pt\/api\/wp\/v2\/media\/392804"}],"wp:attachment":[{"href":"https:\/\/portaltela.pt\/api\/wp\/v2\/media?parent=392801"}],"wp:term":[{"taxonomy":"category","embeddable":true,"href":"https:\/\/portaltela.pt\/api\/wp\/v2\/categories?post=392801"},{"taxonomy":"post_tag","embeddable":true,"href":"https:\/\/portaltela.pt\/api\/wp\/v2\/tags?post=392801"}],"curies":[{"name":"wp","href":"https:\/\/api.w.org\/{rel}","templated":true}]}}