{"id":392799,"date":"2026-02-28T22:30:00","date_gmt":"2026-03-01T01:30:00","guid":{"rendered":"https:\/\/portaltela.pt\/noticias\/2026\/02\/28\/sic-regista-vitoria-em-fevereiro\/"},"modified":"2026-02-28T22:30:00","modified_gmt":"2026-03-01T01:30:00","slug":"sic-regista-vitoria-em-fevereiro","status":"publish","type":"post","link":"https:\/\/portaltela.pt\/noticias\/2026\/02\/28\/sic-regista-vitoria-em-fevereiro\/","title":{"rendered":"SIC regista vit\u00f3ria em fevereiro"},"content":{"rendered":"<p>A SIC confirmou a recupera\u00e7\u00e3o no m\u00eas de fevereiro, de acordo com os dados da GfK at\u00e9 ao dia 27. A esta\u00e7\u00e3o de Pa\u00e7o de Arcos registou um share m\u00e9dio de 14%, frente aos 13,7% da TVI. O resultado traduz um aumento de 0,1 pontos para a SIC e uma queda de 0,3 para a TVI.<\/p>\n<p>Em termos de audi\u00eancia, a SIC teve 324 mil espectadores m\u00e9dios at\u00e9 27 de fevereiro, contra 318 mil da TVI. Comparando com o mesmo per\u00edodo do ano passado, a SIC teve crescimento de 0,3 pontos, enquanto a TVI caiu 1,5 pontos.<\/p>\n<p>A aposta na fic\u00e7\u00e3o tem sido determinante para a lideran\u00e7a, com novelas nacionais como Vit\u00f3ria e P\u00e1ginas da Vida a dominarem o prime time, associadas a A Heran\u00e7a. Produ\u00e7\u00f5es brasileiras como A Dona do Peda\u00e7o e \u00cata Mundo Melhor! tamb\u00e9m atraem o p\u00fablico.<\/p>\n<h3>Desempenho global e panorama televisivo<\/h3>\n<p>Entre fevereiro e o in\u00edcio de mar\u00e7o, a RTP1 manteve m\u00e9dia de 10,4% de share at\u00e9 dia 27, ligeiramente abaixo de janeiro, com uma audi\u00eancia de 241 mil telespectadores. A concorr\u00eancia mant\u00e9m-se acesa, em especial entre as estreias da SIC e da TVI.<\/p>\n","protected":false},"excerpt":{"rendered":"<ul>\n<li>Em fevereiro, a SIC venceu a TVI pela primeira vez desde agosto de 2025, com um share m\u00e9dio de 14% frente a 13,7%.<\/li>\n<li>A SIC teve 324 mil telespectadores m\u00e9dios at\u00e9 27 de fevereiro, contra 318 mil da TVI.<\/li>\n<li>Comparando com o mesmo per\u00edodo do ano passado, a SIC subiu 0,3 pontos percentuais, enquanto a TVI caiu 1,5 pontos.<\/li>\n<li>A lideran\u00e7a deve-se \u00e0 aposta na fic\u00e7\u00e3o: novelas nacionais como Vit\u00f3ria e P\u00e1ginas da Vida, al\u00e9m de A Heran\u00e7a, e tamb\u00e9m sucessos de brasileiras como A Dona do Peda\u00e7o e \u00cata Mundo Melhor!, al\u00e9m de turcas \u00e0 tarde.<\/li>\n<li>A RTP1 registou 10,4% de share em fevereiro at\u00e9 27 de fevereiro, com 241 mil espectadores m\u00e9dios.<\/li>\n<\/ul>\n","protected":false},"author":2,"featured_media":392806,"comment_status":"closed","ping_status":"closed","sticky":false,"template":"","format":"standard","meta":{"footnotes":""},"categories":[1],"tags":[4274,6523,131,4286,4394,2428],"class_list":["post-392799","post","type-post","status-publish","format-standard","has-post-thumbnail","hentry","category-noticias","tag-a-dona-do-pedaco","tag-eta-mundo-melhor","tag-novelas","tag-rtp1","tag-sic-noticias","tag-vitoria"],"yoast_head":"<!-- This site is optimized with the Yoast SEO plugin v27.2 - https:\/\/yoast.com\/product\/yoast-seo-wordpress\/ -->\n<title>SIC regista vit\u00f3ria em fevereiro - Portal Tela Portugal<\/title>\n<meta name=\"robots\" content=\"index, follow, max-snippet:-1, max-image-preview:large, max-video-preview:-1\" \/>\n<meta property=\"og:locale\" content=\"pt_PT\" \/>\n<meta property=\"og:type\" content=\"article\" \/>\n<meta property=\"og:title\" content=\"SIC regista vit\u00f3ria em fevereiro - Portal Tela Portugal\" \/>\n<meta property=\"og:description\" content=\"Em fevereiro, a SIC venceu a TVI pela primeira vez desde agosto de 2025, com um share m\u00e9dio de 14% frente a 13,7%. A SIC teve 324 mil telespectadores m\u00e9dios at\u00e9 27 de fevereiro, contra 318 mil da TVI. Comparando com o mesmo per\u00edodo do ano passado, a SIC subiu 0,3 pontos percentuais, enquanto a TVI caiu 1,5 pontos. A lideran\u00e7a deve-se \u00e0 aposta na fic\u00e7\u00e3o: novelas nacionais como Vit\u00f3ria e P\u00e1ginas da Vida, al\u00e9m de A Heran\u00e7a, e tamb\u00e9m sucessos de brasileiras como A Dona do Peda\u00e7o e \u00cata Mundo Melhor!, al\u00e9m de turcas \u00e0 tarde. A RTP1 registou 10,4% de share em fevereiro at\u00e9 27 de fevereiro, com 241 mil espectadores m\u00e9dios.\" \/>\n<meta property=\"og:url\" content=\"https:\/\/portaltela.pt\/noticias\/2026\/02\/28\/sic-regista-vitoria-em-fevereiro\/\" \/>\n<meta property=\"og:site_name\" content=\"Portal Tela Portugal\" \/>\n<meta property=\"article:published_time\" content=\"2026-03-01T01:30:00+00:00\" \/>\n<meta name=\"author\" content=\"Telinha\" \/>\n<meta name=\"twitter:card\" content=\"summary_large_image\" \/>\n<meta name=\"twitter:label1\" content=\"Escrito por\" \/>\n\t<meta name=\"twitter:data1\" content=\"Telinha\" \/>\n\t<meta name=\"twitter:label2\" content=\"Tempo estimado de leitura\" \/>\n\t<meta name=\"twitter:data2\" content=\"1 minuto\" \/>\n<script type=\"application\/ld+json\" class=\"yoast-schema-graph\">{\"@context\":\"https:\/\/schema.org\",\"@graph\":[{\"@type\":\"Article\",\"@id\":\"https:\/\/portaltela.pt\/noticias\/2026\/02\/28\/sic-regista-vitoria-em-fevereiro\/#article\",\"isPartOf\":{\"@id\":\"https:\/\/portaltela.pt\/noticias\/2026\/02\/28\/sic-regista-vitoria-em-fevereiro\/\"},\"author\":{\"name\":\"Telinha\",\"@id\":\"https:\/\/portaltela.pt\/#\/schema\/person\/c4278d4a6028830caff9ee44b42d32ed\"},\"headline\":\"SIC regista vit\u00f3ria em fevereiro\",\"datePublished\":\"2026-03-01T01:30:00+00:00\",\"mainEntityOfPage\":{\"@id\":\"https:\/\/portaltela.pt\/noticias\/2026\/02\/28\/sic-regista-vitoria-em-fevereiro\/\"},\"wordCount\":204,\"image\":{\"@id\":\"https:\/\/portaltela.pt\/noticias\/2026\/02\/28\/sic-regista-vitoria-em-fevereiro\/#primaryimage\"},\"thumbnailUrl\":\"https:\/\/portaltela.pt\/s.01k8rhncp4jt1\/2026\/02\/img_1280x721uu2026-02-28-20-58-20-2269637.jpg\",\"keywords\":[\"A Dona do Peda\u00e7o\",\"\u00cata Mundo Melhor!\",\"novelas\",\"RTP1\",\"SIC Not\u00edcias\",\"Vit\u00f3ria\"],\"articleSection\":[\"Not\u00edcias\"],\"inLanguage\":\"pt-PT\"},{\"@type\":\"WebPage\",\"@id\":\"https:\/\/portaltela.pt\/noticias\/2026\/02\/28\/sic-regista-vitoria-em-fevereiro\/\",\"url\":\"https:\/\/portaltela.pt\/noticias\/2026\/02\/28\/sic-regista-vitoria-em-fevereiro\/\",\"name\":\"SIC regista vit\u00f3ria em fevereiro - Portal Tela Portugal\",\"isPartOf\":{\"@id\":\"https:\/\/portaltela.pt\/#website\"},\"primaryImageOfPage\":{\"@id\":\"https:\/\/portaltela.pt\/noticias\/2026\/02\/28\/sic-regista-vitoria-em-fevereiro\/#primaryimage\"},\"image\":{\"@id\":\"https:\/\/portaltela.pt\/noticias\/2026\/02\/28\/sic-regista-vitoria-em-fevereiro\/#primaryimage\"},\"thumbnailUrl\":\"https:\/\/portaltela.pt\/s.01k8rhncp4jt1\/2026\/02\/img_1280x721uu2026-02-28-20-58-20-2269637.jpg\",\"datePublished\":\"2026-03-01T01:30:00+00:00\",\"author\":{\"@id\":\"https:\/\/portaltela.pt\/#\/schema\/person\/c4278d4a6028830caff9ee44b42d32ed\"},\"breadcrumb\":{\"@id\":\"https:\/\/portaltela.pt\/noticias\/2026\/02\/28\/sic-regista-vitoria-em-fevereiro\/#breadcrumb\"},\"inLanguage\":\"pt-PT\",\"potentialAction\":[{\"@type\":\"ReadAction\",\"target\":[\"https:\/\/portaltela.pt\/noticias\/2026\/02\/28\/sic-regista-vitoria-em-fevereiro\/\"]}]},{\"@type\":\"ImageObject\",\"inLanguage\":\"pt-PT\",\"@id\":\"https:\/\/portaltela.pt\/noticias\/2026\/02\/28\/sic-regista-vitoria-em-fevereiro\/#primaryimage\",\"url\":\"https:\/\/portaltela.pt\/s.01k8rhncp4jt1\/2026\/02\/img_1280x721uu2026-02-28-20-58-20-2269637.jpg\",\"contentUrl\":\"https:\/\/portaltela.pt\/s.01k8rhncp4jt1\/2026\/02\/img_1280x721uu2026-02-28-20-58-20-2269637.jpg\",\"width\":796,\"height\":448,\"caption\":\"Evandro Gomes e Sofia Alves na novela 'P\u00e1ginas da Vida', um dos mais recentes sucessos da SIC\"},{\"@type\":\"BreadcrumbList\",\"@id\":\"https:\/\/portaltela.pt\/noticias\/2026\/02\/28\/sic-regista-vitoria-em-fevereiro\/#breadcrumb\",\"itemListElement\":[{\"@type\":\"ListItem\",\"position\":1,\"name\":\"In\u00edcio\",\"item\":\"https:\/\/portaltela.pt\/\"},{\"@type\":\"ListItem\",\"position\":2,\"name\":\"SIC regista vit\u00f3ria em fevereiro\"}]},{\"@type\":\"WebSite\",\"@id\":\"https:\/\/portaltela.pt\/#website\",\"url\":\"https:\/\/portaltela.pt\/\",\"name\":\"Portal Tela Portugal\",\"description\":\"\",\"potentialAction\":[{\"@type\":\"SearchAction\",\"target\":{\"@type\":\"EntryPoint\",\"urlTemplate\":\"https:\/\/portaltela.pt\/?s={search_term_string}\"},\"query-input\":{\"@type\":\"PropertyValueSpecification\",\"valueRequired\":true,\"valueName\":\"search_term_string\"}}],\"inLanguage\":\"pt-PT\"},{\"@type\":\"Person\",\"@id\":\"https:\/\/portaltela.pt\/#\/schema\/person\/c4278d4a6028830caff9ee44b42d32ed\",\"name\":\"Telinha\",\"image\":{\"@type\":\"ImageObject\",\"inLanguage\":\"pt-PT\",\"@id\":\"https:\/\/portaltela.pt\/s.01k8rhncp4jt1\/2025\/11\/talking-bot-125x125.png\",\"url\":\"https:\/\/portaltela.pt\/s.01k8rhncp4jt1\/2025\/11\/talking-bot-125x125.png\",\"contentUrl\":\"https:\/\/portaltela.pt\/s.01k8rhncp4jt1\/2025\/11\/talking-bot-125x125.png\",\"caption\":\"Telinha\"},\"sameAs\":[\"https:\/\/portaltela.pt\/\"],\"url\":\"https:\/\/portaltela.pt\/por\/367410592786\/\"}]}<\/script>\n<!-- \/ Yoast SEO plugin. -->","yoast_head_json":{"title":"SIC regista vit\u00f3ria em fevereiro - Portal Tela Portugal","robots":{"index":"index","follow":"follow","max-snippet":"max-snippet:-1","max-image-preview":"max-image-preview:large","max-video-preview":"max-video-preview:-1"},"og_locale":"pt_PT","og_type":"article","og_title":"SIC regista vit\u00f3ria em fevereiro - Portal Tela Portugal","og_description":"Em fevereiro, a SIC venceu a TVI pela primeira vez desde agosto de 2025, com um share m\u00e9dio de 14% frente a 13,7%. A SIC teve 324 mil telespectadores m\u00e9dios at\u00e9 27 de fevereiro, contra 318 mil da TVI. Comparando com o mesmo per\u00edodo do ano passado, a SIC subiu 0,3 pontos percentuais, enquanto a TVI caiu 1,5 pontos. A lideran\u00e7a deve-se \u00e0 aposta na fic\u00e7\u00e3o: novelas nacionais como Vit\u00f3ria e P\u00e1ginas da Vida, al\u00e9m de A Heran\u00e7a, e tamb\u00e9m sucessos de brasileiras como A Dona do Peda\u00e7o e \u00cata Mundo Melhor!, al\u00e9m de turcas \u00e0 tarde. A RTP1 registou 10,4% de share em fevereiro at\u00e9 27 de fevereiro, com 241 mil espectadores m\u00e9dios.","og_url":"https:\/\/portaltela.pt\/noticias\/2026\/02\/28\/sic-regista-vitoria-em-fevereiro\/","og_site_name":"Portal Tela Portugal","article_published_time":"2026-03-01T01:30:00+00:00","author":"Telinha","twitter_card":"summary_large_image","twitter_misc":{"Escrito por":"Telinha","Tempo estimado de leitura":"1 minuto"},"schema":{"@context":"https:\/\/schema.org","@graph":[{"@type":"Article","@id":"https:\/\/portaltela.pt\/noticias\/2026\/02\/28\/sic-regista-vitoria-em-fevereiro\/#article","isPartOf":{"@id":"https:\/\/portaltela.pt\/noticias\/2026\/02\/28\/sic-regista-vitoria-em-fevereiro\/"},"author":{"name":"Telinha","@id":"https:\/\/portaltela.pt\/#\/schema\/person\/c4278d4a6028830caff9ee44b42d32ed"},"headline":"SIC regista vit\u00f3ria em fevereiro","datePublished":"2026-03-01T01:30:00+00:00","mainEntityOfPage":{"@id":"https:\/\/portaltela.pt\/noticias\/2026\/02\/28\/sic-regista-vitoria-em-fevereiro\/"},"wordCount":204,"image":{"@id":"https:\/\/portaltela.pt\/noticias\/2026\/02\/28\/sic-regista-vitoria-em-fevereiro\/#primaryimage"},"thumbnailUrl":"https:\/\/portaltela.pt\/s.01k8rhncp4jt1\/2026\/02\/img_1280x721uu2026-02-28-20-58-20-2269637.jpg","keywords":["A Dona do Peda\u00e7o","\u00cata Mundo Melhor!","novelas","RTP1","SIC Not\u00edcias","Vit\u00f3ria"],"articleSection":["Not\u00edcias"],"inLanguage":"pt-PT"},{"@type":"WebPage","@id":"https:\/\/portaltela.pt\/noticias\/2026\/02\/28\/sic-regista-vitoria-em-fevereiro\/","url":"https:\/\/portaltela.pt\/noticias\/2026\/02\/28\/sic-regista-vitoria-em-fevereiro\/","name":"SIC regista vit\u00f3ria em fevereiro - Portal Tela Portugal","isPartOf":{"@id":"https:\/\/portaltela.pt\/#website"},"primaryImageOfPage":{"@id":"https:\/\/portaltela.pt\/noticias\/2026\/02\/28\/sic-regista-vitoria-em-fevereiro\/#primaryimage"},"image":{"@id":"https:\/\/portaltela.pt\/noticias\/2026\/02\/28\/sic-regista-vitoria-em-fevereiro\/#primaryimage"},"thumbnailUrl":"https:\/\/portaltela.pt\/s.01k8rhncp4jt1\/2026\/02\/img_1280x721uu2026-02-28-20-58-20-2269637.jpg","datePublished":"2026-03-01T01:30:00+00:00","author":{"@id":"https:\/\/portaltela.pt\/#\/schema\/person\/c4278d4a6028830caff9ee44b42d32ed"},"breadcrumb":{"@id":"https:\/\/portaltela.pt\/noticias\/2026\/02\/28\/sic-regista-vitoria-em-fevereiro\/#breadcrumb"},"inLanguage":"pt-PT","potentialAction":[{"@type":"ReadAction","target":["https:\/\/portaltela.pt\/noticias\/2026\/02\/28\/sic-regista-vitoria-em-fevereiro\/"]}]},{"@type":"ImageObject","inLanguage":"pt-PT","@id":"https:\/\/portaltela.pt\/noticias\/2026\/02\/28\/sic-regista-vitoria-em-fevereiro\/#primaryimage","url":"https:\/\/portaltela.pt\/s.01k8rhncp4jt1\/2026\/02\/img_1280x721uu2026-02-28-20-58-20-2269637.jpg","contentUrl":"https:\/\/portaltela.pt\/s.01k8rhncp4jt1\/2026\/02\/img_1280x721uu2026-02-28-20-58-20-2269637.jpg","width":796,"height":448,"caption":"Evandro Gomes e Sofia Alves na novela 'P\u00e1ginas da Vida', um dos mais recentes sucessos da SIC"},{"@type":"BreadcrumbList","@id":"https:\/\/portaltela.pt\/noticias\/2026\/02\/28\/sic-regista-vitoria-em-fevereiro\/#breadcrumb","itemListElement":[{"@type":"ListItem","position":1,"name":"In\u00edcio","item":"https:\/\/portaltela.pt\/"},{"@type":"ListItem","position":2,"name":"SIC regista vit\u00f3ria em fevereiro"}]},{"@type":"WebSite","@id":"https:\/\/portaltela.pt\/#website","url":"https:\/\/portaltela.pt\/","name":"Portal Tela Portugal","description":"","potentialAction":[{"@type":"SearchAction","target":{"@type":"EntryPoint","urlTemplate":"https:\/\/portaltela.pt\/?s={search_term_string}"},"query-input":{"@type":"PropertyValueSpecification","valueRequired":true,"valueName":"search_term_string"}}],"inLanguage":"pt-PT"},{"@type":"Person","@id":"https:\/\/portaltela.pt\/#\/schema\/person\/c4278d4a6028830caff9ee44b42d32ed","name":"Telinha","image":{"@type":"ImageObject","inLanguage":"pt-PT","@id":"https:\/\/portaltela.pt\/s.01k8rhncp4jt1\/2025\/11\/talking-bot-125x125.png","url":"https:\/\/portaltela.pt\/s.01k8rhncp4jt1\/2025\/11\/talking-bot-125x125.png","contentUrl":"https:\/\/portaltela.pt\/s.01k8rhncp4jt1\/2025\/11\/talking-bot-125x125.png","caption":"Telinha"},"sameAs":["https:\/\/portaltela.pt\/"],"url":"https:\/\/portaltela.pt\/por\/367410592786\/"}]}},"_links":{"self":[{"href":"https:\/\/portaltela.pt\/api\/wp\/v2\/posts\/392799","targetHints":{"allow":["GET"]}}],"collection":[{"href":"https:\/\/portaltela.pt\/api\/wp\/v2\/posts"}],"about":[{"href":"https:\/\/portaltela.pt\/api\/wp\/v2\/types\/post"}],"author":[{"embeddable":true,"href":"https:\/\/portaltela.pt\/api\/wp\/v2\/users\/2"}],"replies":[{"embeddable":true,"href":"https:\/\/portaltela.pt\/api\/wp\/v2\/comments?post=392799"}],"version-history":[{"count":0,"href":"https:\/\/portaltela.pt\/api\/wp\/v2\/posts\/392799\/revisions"}],"wp:featuredmedia":[{"embeddable":true,"href":"https:\/\/portaltela.pt\/api\/wp\/v2\/media\/392806"}],"wp:attachment":[{"href":"https:\/\/portaltela.pt\/api\/wp\/v2\/media?parent=392799"}],"wp:term":[{"taxonomy":"category","embeddable":true,"href":"https:\/\/portaltela.pt\/api\/wp\/v2\/categories?post=392799"},{"taxonomy":"post_tag","embeddable":true,"href":"https:\/\/portaltela.pt\/api\/wp\/v2\/tags?post=392799"}],"curies":[{"name":"wp","href":"https:\/\/api.w.org\/{rel}","templated":true}]}}