{"id":392795,"date":"2026-02-28T22:30:00","date_gmt":"2026-03-01T01:30:00","guid":{"rendered":"https:\/\/portaltela.pt\/noticias\/2026\/02\/28\/novo-ministro-da-administracao-interna-exige-maior-coordenacao-no-combate-aos-fogos\/"},"modified":"2026-02-28T22:30:00","modified_gmt":"2026-03-01T01:30:00","slug":"novo-ministro-da-administracao-interna-exige-maior-coordenacao-no-combate-aos-fogos","status":"publish","type":"post","link":"https:\/\/portaltela.pt\/noticias\/politica\/2026\/02\/28\/novo-ministro-da-administracao-interna-exige-maior-coordenacao-no-combate-aos-fogos\/","title":{"rendered":"Novo Ministro da Administra\u00e7\u00e3o Interna exige maior coordena\u00e7\u00e3o no combate aos fogos"},"content":{"rendered":"<p>A nova Comiss\u00e3o de Prote\u00e7\u00e3o Civil realizou-se na primeira reuni\u00e3o do mandato, com a presen\u00e7a do ministro da Administra\u00e7\u00e3o Interna, Lu\u00eds Neves. Foram aprovados meios operacionais para a \u00e9poca de fogos. O objetivo \u00e9 manter o n\u00edvel de prepara\u00e7\u00e3o.<\/p>\n<p>Os meios aprovados s\u00e3o id\u00eanticos aos de 2025 e incluem viaturas, meios a\u00e9reos e Equipas de Interven\u00e7\u00e3o Permanente. A inten\u00e7\u00e3o \u00e9 assegurar continuidade de capacidades log\u00edsticas e operacionais.<\/p>\n<h3>Medidas e coordena\u00e7\u00e3o<\/h3>\n<p>Lu\u00eds Neves pediu maior coordena\u00e7\u00e3o entre estruturas envolvidas no combate aos fogos. A prioridade \u00e9 melhorar a coopera\u00e7\u00e3o entre entidades locais, regionais e nacionais durante a \u00e9poca de inc\u00eandios. A aktara\u00e7\u00e3o foca-se na efici\u00eancia operacional.<\/p>\n","protected":false},"excerpt":{"rendered":"<ul>\n<li>O novo Ministro da Administra\u00e7\u00e3o Interna, Lu\u00eds Neves, aprovou os meios na primeira Comiss\u00e3o de Prote\u00e7\u00e3o Civil do mandato.<\/li>\n<li>Os recursos aprovados s\u00e3o muito semelhantes aos de 2025.<\/li>\n<li>Os meios incluem operacionais, viaturas, meios a\u00e9reos e as Equipas de Interven\u00e7\u00e3o Permanente.<\/li>\n<li>O governante pediu mais coordena\u00e7\u00e3o no combate aos fogos durante a \u00e9poca de inc\u00eandios.<\/li>\n<\/ul>\n","protected":false},"author":2,"featured_media":392800,"comment_status":"closed","ping_status":"closed","sticky":false,"template":"","format":"standard","meta":{"footnotes":""},"categories":[1,5],"tags":[5798,6522,2617,961,6521,320],"class_list":["post-392795","post","type-post","status-publish","format-standard","has-post-thumbnail","hentry","category-noticias","category-politica","tag-administracao-interna","tag-equipas-de-intervencao-permanente","tag-incendios","tag-logistica","tag-meios-aereos","tag-protecao-civil"],"yoast_head":"<!-- This site is optimized with the Yoast SEO plugin v27.2 - https:\/\/yoast.com\/product\/yoast-seo-wordpress\/ -->\n<title>Novo Ministro da Administra\u00e7\u00e3o Interna exige maior coordena\u00e7\u00e3o no combate aos fogos - Portal Tela Portugal<\/title>\n<meta name=\"robots\" content=\"index, follow, max-snippet:-1, max-image-preview:large, max-video-preview:-1\" \/>\n<meta property=\"og:locale\" content=\"pt_PT\" \/>\n<meta property=\"og:type\" content=\"article\" \/>\n<meta property=\"og:title\" content=\"Novo Ministro da Administra\u00e7\u00e3o Interna exige maior coordena\u00e7\u00e3o no combate aos fogos - Portal Tela Portugal\" \/>\n<meta property=\"og:description\" content=\"O novo Ministro da Administra\u00e7\u00e3o Interna, Lu\u00eds Neves, aprovou os meios na primeira Comiss\u00e3o de Prote\u00e7\u00e3o Civil do mandato. Os recursos aprovados s\u00e3o muito semelhantes aos de 2025. Os meios incluem operacionais, viaturas, meios a\u00e9reos e as Equipas de Interven\u00e7\u00e3o Permanente. O governante pediu mais coordena\u00e7\u00e3o no combate aos fogos durante a \u00e9poca de inc\u00eandios.\" \/>\n<meta property=\"og:url\" content=\"https:\/\/portaltela.pt\/noticias\/2026\/02\/28\/novo-ministro-da-administracao-interna-exige-maior-coordenacao-no-combate-aos-fogos\/\" \/>\n<meta property=\"og:site_name\" content=\"Portal Tela Portugal\" \/>\n<meta property=\"article:published_time\" content=\"2026-03-01T01:30:00+00:00\" \/>\n<meta name=\"author\" content=\"Telinha\" \/>\n<meta name=\"twitter:card\" content=\"summary_large_image\" \/>\n<meta name=\"twitter:label1\" content=\"Escrito por\" \/>\n\t<meta name=\"twitter:data1\" content=\"Telinha\" \/>\n\t<meta name=\"twitter:label2\" content=\"Tempo estimado de leitura\" \/>\n\t<meta name=\"twitter:data2\" content=\"1 minuto\" \/>\n<script type=\"application\/ld+json\" class=\"yoast-schema-graph\">{\"@context\":\"https:\/\/schema.org\",\"@graph\":[{\"@type\":\"Article\",\"@id\":\"https:\/\/portaltela.pt\/noticias\/2026\/02\/28\/novo-ministro-da-administracao-interna-exige-maior-coordenacao-no-combate-aos-fogos\/#article\",\"isPartOf\":{\"@id\":\"https:\/\/portaltela.pt\/noticias\/2026\/02\/28\/novo-ministro-da-administracao-interna-exige-maior-coordenacao-no-combate-aos-fogos\/\"},\"author\":{\"name\":\"Telinha\",\"@id\":\"https:\/\/portaltela.pt\/#\/schema\/person\/c4278d4a6028830caff9ee44b42d32ed\"},\"headline\":\"Novo Ministro da Administra\u00e7\u00e3o Interna exige maior coordena\u00e7\u00e3o no combate aos fogos\",\"datePublished\":\"2026-03-01T01:30:00+00:00\",\"mainEntityOfPage\":{\"@id\":\"https:\/\/portaltela.pt\/noticias\/2026\/02\/28\/novo-ministro-da-administracao-interna-exige-maior-coordenacao-no-combate-aos-fogos\/\"},\"wordCount\":136,\"image\":{\"@id\":\"https:\/\/portaltela.pt\/noticias\/2026\/02\/28\/novo-ministro-da-administracao-interna-exige-maior-coordenacao-no-combate-aos-fogos\/#primaryimage\"},\"thumbnailUrl\":\"https:\/\/portaltela.pt\/s.01k8rhncp4jt1\/2026\/02\/img_1280x721uu2018-01-04-22-30-23-698245-im-639078969200430873.jpg\",\"keywords\":[\"Administra\u00e7\u00e3o Interna\",\"Equipas de Interven\u00e7\u00e3o Permanente\",\"inc\u00eandios\",\"Log\u00edstica\",\"meios a\u00e9reos\",\"prote\u00e7\u00e3o civil\"],\"articleSection\":[\"Not\u00edcias\",\"Pol\u00edtica\"],\"inLanguage\":\"pt-PT\"},{\"@type\":\"WebPage\",\"@id\":\"https:\/\/portaltela.pt\/noticias\/2026\/02\/28\/novo-ministro-da-administracao-interna-exige-maior-coordenacao-no-combate-aos-fogos\/\",\"url\":\"https:\/\/portaltela.pt\/noticias\/2026\/02\/28\/novo-ministro-da-administracao-interna-exige-maior-coordenacao-no-combate-aos-fogos\/\",\"name\":\"Novo Ministro da Administra\u00e7\u00e3o Interna exige maior coordena\u00e7\u00e3o no combate aos fogos - Portal Tela Portugal\",\"isPartOf\":{\"@id\":\"https:\/\/portaltela.pt\/#website\"},\"primaryImageOfPage\":{\"@id\":\"https:\/\/portaltela.pt\/noticias\/2026\/02\/28\/novo-ministro-da-administracao-interna-exige-maior-coordenacao-no-combate-aos-fogos\/#primaryimage\"},\"image\":{\"@id\":\"https:\/\/portaltela.pt\/noticias\/2026\/02\/28\/novo-ministro-da-administracao-interna-exige-maior-coordenacao-no-combate-aos-fogos\/#primaryimage\"},\"thumbnailUrl\":\"https:\/\/portaltela.pt\/s.01k8rhncp4jt1\/2026\/02\/img_1280x721uu2018-01-04-22-30-23-698245-im-639078969200430873.jpg\",\"datePublished\":\"2026-03-01T01:30:00+00:00\",\"author\":{\"@id\":\"https:\/\/portaltela.pt\/#\/schema\/person\/c4278d4a6028830caff9ee44b42d32ed\"},\"breadcrumb\":{\"@id\":\"https:\/\/portaltela.pt\/noticias\/2026\/02\/28\/novo-ministro-da-administracao-interna-exige-maior-coordenacao-no-combate-aos-fogos\/#breadcrumb\"},\"inLanguage\":\"pt-PT\",\"potentialAction\":[{\"@type\":\"ReadAction\",\"target\":[\"https:\/\/portaltela.pt\/noticias\/2026\/02\/28\/novo-ministro-da-administracao-interna-exige-maior-coordenacao-no-combate-aos-fogos\/\"]}]},{\"@type\":\"ImageObject\",\"inLanguage\":\"pt-PT\",\"@id\":\"https:\/\/portaltela.pt\/noticias\/2026\/02\/28\/novo-ministro-da-administracao-interna-exige-maior-coordenacao-no-combate-aos-fogos\/#primaryimage\",\"url\":\"https:\/\/portaltela.pt\/s.01k8rhncp4jt1\/2026\/02\/img_1280x721uu2018-01-04-22-30-23-698245-im-639078969200430873.jpg\",\"contentUrl\":\"https:\/\/portaltela.pt\/s.01k8rhncp4jt1\/2026\/02\/img_1280x721uu2018-01-04-22-30-23-698245-im-639078969200430873.jpg\",\"width\":796,\"height\":448,\"caption\":\"Lu\u00eds Neves aprova equipamento de prote\u00e7\u00e3o civil para \u00e9poca de fogos\"},{\"@type\":\"BreadcrumbList\",\"@id\":\"https:\/\/portaltela.pt\/noticias\/2026\/02\/28\/novo-ministro-da-administracao-interna-exige-maior-coordenacao-no-combate-aos-fogos\/#breadcrumb\",\"itemListElement\":[{\"@type\":\"ListItem\",\"position\":1,\"name\":\"In\u00edcio\",\"item\":\"https:\/\/portaltela.pt\/\"},{\"@type\":\"ListItem\",\"position\":2,\"name\":\"Novo Ministro da Administra\u00e7\u00e3o Interna exige maior coordena\u00e7\u00e3o no combate aos fogos\"}]},{\"@type\":\"WebSite\",\"@id\":\"https:\/\/portaltela.pt\/#website\",\"url\":\"https:\/\/portaltela.pt\/\",\"name\":\"Portal Tela Portugal\",\"description\":\"\",\"potentialAction\":[{\"@type\":\"SearchAction\",\"target\":{\"@type\":\"EntryPoint\",\"urlTemplate\":\"https:\/\/portaltela.pt\/?s={search_term_string}\"},\"query-input\":{\"@type\":\"PropertyValueSpecification\",\"valueRequired\":true,\"valueName\":\"search_term_string\"}}],\"inLanguage\":\"pt-PT\"},{\"@type\":\"Person\",\"@id\":\"https:\/\/portaltela.pt\/#\/schema\/person\/c4278d4a6028830caff9ee44b42d32ed\",\"name\":\"Telinha\",\"image\":{\"@type\":\"ImageObject\",\"inLanguage\":\"pt-PT\",\"@id\":\"https:\/\/portaltela.pt\/s.01k8rhncp4jt1\/2025\/11\/talking-bot-125x125.png\",\"url\":\"https:\/\/portaltela.pt\/s.01k8rhncp4jt1\/2025\/11\/talking-bot-125x125.png\",\"contentUrl\":\"https:\/\/portaltela.pt\/s.01k8rhncp4jt1\/2025\/11\/talking-bot-125x125.png\",\"caption\":\"Telinha\"},\"sameAs\":[\"https:\/\/portaltela.pt\/\"],\"url\":\"https:\/\/portaltela.pt\/por\/367410592786\/\"}]}<\/script>\n<!-- \/ Yoast SEO plugin. -->","yoast_head_json":{"title":"Novo Ministro da Administra\u00e7\u00e3o Interna exige maior coordena\u00e7\u00e3o no combate aos fogos - Portal Tela Portugal","robots":{"index":"index","follow":"follow","max-snippet":"max-snippet:-1","max-image-preview":"max-image-preview:large","max-video-preview":"max-video-preview:-1"},"og_locale":"pt_PT","og_type":"article","og_title":"Novo Ministro da Administra\u00e7\u00e3o Interna exige maior coordena\u00e7\u00e3o no combate aos fogos - Portal Tela Portugal","og_description":"O novo Ministro da Administra\u00e7\u00e3o Interna, Lu\u00eds Neves, aprovou os meios na primeira Comiss\u00e3o de Prote\u00e7\u00e3o Civil do mandato. Os recursos aprovados s\u00e3o muito semelhantes aos de 2025. Os meios incluem operacionais, viaturas, meios a\u00e9reos e as Equipas de Interven\u00e7\u00e3o Permanente. O governante pediu mais coordena\u00e7\u00e3o no combate aos fogos durante a \u00e9poca de inc\u00eandios.","og_url":"https:\/\/portaltela.pt\/noticias\/2026\/02\/28\/novo-ministro-da-administracao-interna-exige-maior-coordenacao-no-combate-aos-fogos\/","og_site_name":"Portal Tela Portugal","article_published_time":"2026-03-01T01:30:00+00:00","author":"Telinha","twitter_card":"summary_large_image","twitter_misc":{"Escrito por":"Telinha","Tempo estimado de leitura":"1 minuto"},"schema":{"@context":"https:\/\/schema.org","@graph":[{"@type":"Article","@id":"https:\/\/portaltela.pt\/noticias\/2026\/02\/28\/novo-ministro-da-administracao-interna-exige-maior-coordenacao-no-combate-aos-fogos\/#article","isPartOf":{"@id":"https:\/\/portaltela.pt\/noticias\/2026\/02\/28\/novo-ministro-da-administracao-interna-exige-maior-coordenacao-no-combate-aos-fogos\/"},"author":{"name":"Telinha","@id":"https:\/\/portaltela.pt\/#\/schema\/person\/c4278d4a6028830caff9ee44b42d32ed"},"headline":"Novo Ministro da Administra\u00e7\u00e3o Interna exige maior coordena\u00e7\u00e3o no combate aos fogos","datePublished":"2026-03-01T01:30:00+00:00","mainEntityOfPage":{"@id":"https:\/\/portaltela.pt\/noticias\/2026\/02\/28\/novo-ministro-da-administracao-interna-exige-maior-coordenacao-no-combate-aos-fogos\/"},"wordCount":136,"image":{"@id":"https:\/\/portaltela.pt\/noticias\/2026\/02\/28\/novo-ministro-da-administracao-interna-exige-maior-coordenacao-no-combate-aos-fogos\/#primaryimage"},"thumbnailUrl":"https:\/\/portaltela.pt\/s.01k8rhncp4jt1\/2026\/02\/img_1280x721uu2018-01-04-22-30-23-698245-im-639078969200430873.jpg","keywords":["Administra\u00e7\u00e3o Interna","Equipas de Interven\u00e7\u00e3o Permanente","inc\u00eandios","Log\u00edstica","meios a\u00e9reos","prote\u00e7\u00e3o civil"],"articleSection":["Not\u00edcias","Pol\u00edtica"],"inLanguage":"pt-PT"},{"@type":"WebPage","@id":"https:\/\/portaltela.pt\/noticias\/2026\/02\/28\/novo-ministro-da-administracao-interna-exige-maior-coordenacao-no-combate-aos-fogos\/","url":"https:\/\/portaltela.pt\/noticias\/2026\/02\/28\/novo-ministro-da-administracao-interna-exige-maior-coordenacao-no-combate-aos-fogos\/","name":"Novo Ministro da Administra\u00e7\u00e3o Interna exige maior coordena\u00e7\u00e3o no combate aos fogos - Portal Tela Portugal","isPartOf":{"@id":"https:\/\/portaltela.pt\/#website"},"primaryImageOfPage":{"@id":"https:\/\/portaltela.pt\/noticias\/2026\/02\/28\/novo-ministro-da-administracao-interna-exige-maior-coordenacao-no-combate-aos-fogos\/#primaryimage"},"image":{"@id":"https:\/\/portaltela.pt\/noticias\/2026\/02\/28\/novo-ministro-da-administracao-interna-exige-maior-coordenacao-no-combate-aos-fogos\/#primaryimage"},"thumbnailUrl":"https:\/\/portaltela.pt\/s.01k8rhncp4jt1\/2026\/02\/img_1280x721uu2018-01-04-22-30-23-698245-im-639078969200430873.jpg","datePublished":"2026-03-01T01:30:00+00:00","author":{"@id":"https:\/\/portaltela.pt\/#\/schema\/person\/c4278d4a6028830caff9ee44b42d32ed"},"breadcrumb":{"@id":"https:\/\/portaltela.pt\/noticias\/2026\/02\/28\/novo-ministro-da-administracao-interna-exige-maior-coordenacao-no-combate-aos-fogos\/#breadcrumb"},"inLanguage":"pt-PT","potentialAction":[{"@type":"ReadAction","target":["https:\/\/portaltela.pt\/noticias\/2026\/02\/28\/novo-ministro-da-administracao-interna-exige-maior-coordenacao-no-combate-aos-fogos\/"]}]},{"@type":"ImageObject","inLanguage":"pt-PT","@id":"https:\/\/portaltela.pt\/noticias\/2026\/02\/28\/novo-ministro-da-administracao-interna-exige-maior-coordenacao-no-combate-aos-fogos\/#primaryimage","url":"https:\/\/portaltela.pt\/s.01k8rhncp4jt1\/2026\/02\/img_1280x721uu2018-01-04-22-30-23-698245-im-639078969200430873.jpg","contentUrl":"https:\/\/portaltela.pt\/s.01k8rhncp4jt1\/2026\/02\/img_1280x721uu2018-01-04-22-30-23-698245-im-639078969200430873.jpg","width":796,"height":448,"caption":"Lu\u00eds Neves aprova equipamento de prote\u00e7\u00e3o civil para \u00e9poca de fogos"},{"@type":"BreadcrumbList","@id":"https:\/\/portaltela.pt\/noticias\/2026\/02\/28\/novo-ministro-da-administracao-interna-exige-maior-coordenacao-no-combate-aos-fogos\/#breadcrumb","itemListElement":[{"@type":"ListItem","position":1,"name":"In\u00edcio","item":"https:\/\/portaltela.pt\/"},{"@type":"ListItem","position":2,"name":"Novo Ministro da Administra\u00e7\u00e3o Interna exige maior coordena\u00e7\u00e3o no combate aos fogos"}]},{"@type":"WebSite","@id":"https:\/\/portaltela.pt\/#website","url":"https:\/\/portaltela.pt\/","name":"Portal Tela Portugal","description":"","potentialAction":[{"@type":"SearchAction","target":{"@type":"EntryPoint","urlTemplate":"https:\/\/portaltela.pt\/?s={search_term_string}"},"query-input":{"@type":"PropertyValueSpecification","valueRequired":true,"valueName":"search_term_string"}}],"inLanguage":"pt-PT"},{"@type":"Person","@id":"https:\/\/portaltela.pt\/#\/schema\/person\/c4278d4a6028830caff9ee44b42d32ed","name":"Telinha","image":{"@type":"ImageObject","inLanguage":"pt-PT","@id":"https:\/\/portaltela.pt\/s.01k8rhncp4jt1\/2025\/11\/talking-bot-125x125.png","url":"https:\/\/portaltela.pt\/s.01k8rhncp4jt1\/2025\/11\/talking-bot-125x125.png","contentUrl":"https:\/\/portaltela.pt\/s.01k8rhncp4jt1\/2025\/11\/talking-bot-125x125.png","caption":"Telinha"},"sameAs":["https:\/\/portaltela.pt\/"],"url":"https:\/\/portaltela.pt\/por\/367410592786\/"}]}},"_links":{"self":[{"href":"https:\/\/portaltela.pt\/api\/wp\/v2\/posts\/392795","targetHints":{"allow":["GET"]}}],"collection":[{"href":"https:\/\/portaltela.pt\/api\/wp\/v2\/posts"}],"about":[{"href":"https:\/\/portaltela.pt\/api\/wp\/v2\/types\/post"}],"author":[{"embeddable":true,"href":"https:\/\/portaltela.pt\/api\/wp\/v2\/users\/2"}],"replies":[{"embeddable":true,"href":"https:\/\/portaltela.pt\/api\/wp\/v2\/comments?post=392795"}],"version-history":[{"count":0,"href":"https:\/\/portaltela.pt\/api\/wp\/v2\/posts\/392795\/revisions"}],"wp:featuredmedia":[{"embeddable":true,"href":"https:\/\/portaltela.pt\/api\/wp\/v2\/media\/392800"}],"wp:attachment":[{"href":"https:\/\/portaltela.pt\/api\/wp\/v2\/media?parent=392795"}],"wp:term":[{"taxonomy":"category","embeddable":true,"href":"https:\/\/portaltela.pt\/api\/wp\/v2\/categories?post=392795"},{"taxonomy":"post_tag","embeddable":true,"href":"https:\/\/portaltela.pt\/api\/wp\/v2\/tags?post=392795"}],"curies":[{"name":"wp","href":"https:\/\/api.w.org\/{rel}","templated":true}]}}