{"id":392785,"date":"2026-02-28T21:16:36","date_gmt":"2026-03-01T00:16:36","guid":{"rendered":"https:\/\/portaltela.pt\/noticias\/2026\/02\/28\/benfica-vence-o-fundao-apos-susto\/"},"modified":"2026-02-28T21:16:36","modified_gmt":"2026-03-01T00:16:36","slug":"benfica-vence-o-fundao-apos-susto","status":"publish","type":"post","link":"https:\/\/portaltela.pt\/desporto\/futebol\/2026\/02\/28\/benfica-vence-o-fundao-apos-susto\/","title":{"rendered":"Benfica vence o Fund\u00e3o ap\u00f3s susto"},"content":{"rendered":"<p>O Benfica confirmou a sua invencibilidade na Liga ao vencer o Fund\u00e3o por 6-4, no Pavilh\u00e3o Fidelidade. A equipa da casa entrou bem, segurou a vantagem e mostrou rea\u00e7\u00e3o suficiente para manter o registo vitorioso, apesar de um susto inicial.<\/p>\n<p>Aos 8 minutos, Carlos Monteiro e Andr\u00e9 Coelho adiantaram o Benfica. O Fund\u00e3o respondeu com Pedro Marques e M\u00e1rio Freitas, antes de Pedro Marques marcar de novo aos 22\u2019. A equipa visitante passou para a frente aos 16, com L\u00e9o Maciel e Caio Pedro a desequilibrarem o encontro, trazendo o marcador para cima.<\/p>\n<p>A rea\u00e7\u00e3o do Benfica surgiu depois do intervalo. Carlinhos reduziu aos 26\u2019, Arthur confirmou aos 30\u2019 e voltou a marcar aos 40\u2019. Pel\u00e9h ainda marcou para o Fund\u00e3o aos 33\u2019, mantendo o jogo em aberto at\u00e9 perto do final. A forma\u00e7\u00e3o encarnada conseguiu fechar o marcador em 6-4, assegurando tr\u00eas pontos importantes para o campeonato.<\/p>\n","protected":false},"excerpt":{"rendered":"<ul>\n<li>No Pavilh\u00e3o Fidelidade, Benfica vence o Fund\u00e3o por 6-4 para manter a invencibilidade na Liga.<\/li>\n<li>Aos 8 minutos, o Benfica adiantou-se com Carlos Monteiro (3\u2019) e Andr\u00e9 Coelho (8\u2019).<\/li>\n<li>O Fund\u00e3o deu a volta com Pedro Marques (16\u2019) e M\u00e1rio Freitas (18\u2019), depois de Caio Pedro (13\u2019) e L\u00e9o Maciel (16\u2019) terem incomodado.<\/li>\n<li>O Benfica reagiu e passou \u00e0 frente com Carlinhos (26\u2019) e Arthur (30\u2019 e 40\u2019).<\/li>\n<li>Pel\u00e9h (33\u2019) reduziu para o Fund\u00e3o e Caio Pedro (34\u2019) voltou a colocar a diferen\u00e7a em uma jogada, sem impedir a vit\u00f3ria das \u00e1guias.<\/li>\n<\/ul>\n","protected":false},"author":2,"featured_media":392789,"comment_status":"closed","ping_status":"closed","sticky":false,"template":"","format":"standard","meta":{"footnotes":""},"categories":[21,24],"tags":[1946,152,186,2772,4849,1786],"class_list":["post-392785","post","type-post","status-publish","format-standard","has-post-thumbnail","hentry","category-desporto","category-futebol","tag-benfica","tag-desporto","tag-desportos","tag-fundao","tag-handebol","tag-liga"],"yoast_head":"<!-- This site is optimized with the Yoast SEO plugin v27.2 - https:\/\/yoast.com\/product\/yoast-seo-wordpress\/ -->\n<title>Benfica vence o Fund\u00e3o ap\u00f3s susto - Portal Tela Portugal<\/title>\n<meta name=\"robots\" content=\"index, follow, max-snippet:-1, max-image-preview:large, max-video-preview:-1\" \/>\n<meta property=\"og:locale\" content=\"pt_PT\" \/>\n<meta property=\"og:type\" content=\"article\" \/>\n<meta property=\"og:title\" content=\"Benfica vence o Fund\u00e3o ap\u00f3s susto - Portal Tela Portugal\" \/>\n<meta property=\"og:description\" content=\"No Pavilh\u00e3o Fidelidade, Benfica vence o Fund\u00e3o por 6-4 para manter a invencibilidade na Liga. Aos 8 minutos, o Benfica adiantou-se com Carlos Monteiro (3\u2019) e Andr\u00e9 Coelho (8\u2019). O Fund\u00e3o deu a volta com Pedro Marques (16\u2019) e M\u00e1rio Freitas (18\u2019), depois de Caio Pedro (13\u2019) e L\u00e9o Maciel (16\u2019) terem incomodado. O Benfica reagiu e passou \u00e0 frente com Carlinhos (26\u2019) e Arthur (30\u2019 e 40\u2019). Pel\u00e9h (33\u2019) reduziu para o Fund\u00e3o e Caio Pedro (34\u2019) voltou a colocar a diferen\u00e7a em uma jogada, sem impedir a vit\u00f3ria das \u00e1guias.\" \/>\n<meta property=\"og:url\" content=\"https:\/\/portaltela.pt\/noticias\/2026\/02\/28\/benfica-vence-o-fundao-apos-susto\/\" \/>\n<meta property=\"og:site_name\" content=\"Portal Tela Portugal\" \/>\n<meta property=\"article:published_time\" content=\"2026-03-01T00:16:36+00:00\" \/>\n<meta name=\"author\" content=\"Telinha\" \/>\n<meta name=\"twitter:card\" content=\"summary_large_image\" \/>\n<meta name=\"twitter:label1\" content=\"Escrito por\" \/>\n\t<meta name=\"twitter:data1\" content=\"Telinha\" \/>\n\t<meta name=\"twitter:label2\" content=\"Tempo estimado de leitura\" \/>\n\t<meta name=\"twitter:data2\" content=\"1 minuto\" \/>\n<script type=\"application\/ld+json\" class=\"yoast-schema-graph\">{\"@context\":\"https:\/\/schema.org\",\"@graph\":[{\"@type\":\"Article\",\"@id\":\"https:\/\/portaltela.pt\/noticias\/2026\/02\/28\/benfica-vence-o-fundao-apos-susto\/#article\",\"isPartOf\":{\"@id\":\"https:\/\/portaltela.pt\/noticias\/2026\/02\/28\/benfica-vence-o-fundao-apos-susto\/\"},\"author\":{\"name\":\"Telinha\",\"@id\":\"https:\/\/portaltela.pt\/#\/schema\/person\/c4278d4a6028830caff9ee44b42d32ed\"},\"headline\":\"Benfica vence o Fund\u00e3o ap\u00f3s susto\",\"datePublished\":\"2026-03-01T00:16:36+00:00\",\"mainEntityOfPage\":{\"@id\":\"https:\/\/portaltela.pt\/noticias\/2026\/02\/28\/benfica-vence-o-fundao-apos-susto\/\"},\"wordCount\":160,\"image\":{\"@id\":\"https:\/\/portaltela.pt\/noticias\/2026\/02\/28\/benfica-vence-o-fundao-apos-susto\/#primaryimage\"},\"thumbnailUrl\":\"https:\/\/portaltela.pt\/s.01k8rhncp4jt1\/2026\/02\/img_920x518uu2026-03-01-00-15-27-2424208-im-639079209398017381.jpg\",\"keywords\":[\"Benfica\",\"desporto\",\"desportos\",\"Fund\u00e3o\",\"handebol\",\"Liga\"],\"articleSection\":[\"Desporto\",\"Futebol\"],\"inLanguage\":\"pt-PT\"},{\"@type\":\"WebPage\",\"@id\":\"https:\/\/portaltela.pt\/noticias\/2026\/02\/28\/benfica-vence-o-fundao-apos-susto\/\",\"url\":\"https:\/\/portaltela.pt\/noticias\/2026\/02\/28\/benfica-vence-o-fundao-apos-susto\/\",\"name\":\"Benfica vence o Fund\u00e3o ap\u00f3s susto - Portal Tela Portugal\",\"isPartOf\":{\"@id\":\"https:\/\/portaltela.pt\/#website\"},\"primaryImageOfPage\":{\"@id\":\"https:\/\/portaltela.pt\/noticias\/2026\/02\/28\/benfica-vence-o-fundao-apos-susto\/#primaryimage\"},\"image\":{\"@id\":\"https:\/\/portaltela.pt\/noticias\/2026\/02\/28\/benfica-vence-o-fundao-apos-susto\/#primaryimage\"},\"thumbnailUrl\":\"https:\/\/portaltela.pt\/s.01k8rhncp4jt1\/2026\/02\/img_920x518uu2026-03-01-00-15-27-2424208-im-639079209398017381.jpg\",\"datePublished\":\"2026-03-01T00:16:36+00:00\",\"author\":{\"@id\":\"https:\/\/portaltela.pt\/#\/schema\/person\/c4278d4a6028830caff9ee44b42d32ed\"},\"breadcrumb\":{\"@id\":\"https:\/\/portaltela.pt\/noticias\/2026\/02\/28\/benfica-vence-o-fundao-apos-susto\/#breadcrumb\"},\"inLanguage\":\"pt-PT\",\"potentialAction\":[{\"@type\":\"ReadAction\",\"target\":[\"https:\/\/portaltela.pt\/noticias\/2026\/02\/28\/benfica-vence-o-fundao-apos-susto\/\"]}]},{\"@type\":\"ImageObject\",\"inLanguage\":\"pt-PT\",\"@id\":\"https:\/\/portaltela.pt\/noticias\/2026\/02\/28\/benfica-vence-o-fundao-apos-susto\/#primaryimage\",\"url\":\"https:\/\/portaltela.pt\/s.01k8rhncp4jt1\/2026\/02\/img_920x518uu2026-03-01-00-15-27-2424208-im-639079209398017381.jpg\",\"contentUrl\":\"https:\/\/portaltela.pt\/s.01k8rhncp4jt1\/2026\/02\/img_920x518uu2026-03-01-00-15-27-2424208-im-639079209398017381.jpg\",\"width\":796,\"height\":448,\"caption\":\"Benfica vence Fund\u00e3o\"},{\"@type\":\"BreadcrumbList\",\"@id\":\"https:\/\/portaltela.pt\/noticias\/2026\/02\/28\/benfica-vence-o-fundao-apos-susto\/#breadcrumb\",\"itemListElement\":[{\"@type\":\"ListItem\",\"position\":1,\"name\":\"In\u00edcio\",\"item\":\"https:\/\/portaltela.pt\/\"},{\"@type\":\"ListItem\",\"position\":2,\"name\":\"Benfica vence o Fund\u00e3o ap\u00f3s susto\"}]},{\"@type\":\"WebSite\",\"@id\":\"https:\/\/portaltela.pt\/#website\",\"url\":\"https:\/\/portaltela.pt\/\",\"name\":\"Portal Tela Portugal\",\"description\":\"\",\"potentialAction\":[{\"@type\":\"SearchAction\",\"target\":{\"@type\":\"EntryPoint\",\"urlTemplate\":\"https:\/\/portaltela.pt\/?s={search_term_string}\"},\"query-input\":{\"@type\":\"PropertyValueSpecification\",\"valueRequired\":true,\"valueName\":\"search_term_string\"}}],\"inLanguage\":\"pt-PT\"},{\"@type\":\"Person\",\"@id\":\"https:\/\/portaltela.pt\/#\/schema\/person\/c4278d4a6028830caff9ee44b42d32ed\",\"name\":\"Telinha\",\"image\":{\"@type\":\"ImageObject\",\"inLanguage\":\"pt-PT\",\"@id\":\"https:\/\/portaltela.pt\/s.01k8rhncp4jt1\/2025\/11\/talking-bot-125x125.png\",\"url\":\"https:\/\/portaltela.pt\/s.01k8rhncp4jt1\/2025\/11\/talking-bot-125x125.png\",\"contentUrl\":\"https:\/\/portaltela.pt\/s.01k8rhncp4jt1\/2025\/11\/talking-bot-125x125.png\",\"caption\":\"Telinha\"},\"sameAs\":[\"https:\/\/portaltela.pt\/\"],\"url\":\"https:\/\/portaltela.pt\/por\/367410592786\/\"}]}<\/script>\n<!-- \/ Yoast SEO plugin. -->","yoast_head_json":{"title":"Benfica vence o Fund\u00e3o ap\u00f3s susto - Portal Tela Portugal","robots":{"index":"index","follow":"follow","max-snippet":"max-snippet:-1","max-image-preview":"max-image-preview:large","max-video-preview":"max-video-preview:-1"},"og_locale":"pt_PT","og_type":"article","og_title":"Benfica vence o Fund\u00e3o ap\u00f3s susto - Portal Tela Portugal","og_description":"No Pavilh\u00e3o Fidelidade, Benfica vence o Fund\u00e3o por 6-4 para manter a invencibilidade na Liga. Aos 8 minutos, o Benfica adiantou-se com Carlos Monteiro (3\u2019) e Andr\u00e9 Coelho (8\u2019). O Fund\u00e3o deu a volta com Pedro Marques (16\u2019) e M\u00e1rio Freitas (18\u2019), depois de Caio Pedro (13\u2019) e L\u00e9o Maciel (16\u2019) terem incomodado. O Benfica reagiu e passou \u00e0 frente com Carlinhos (26\u2019) e Arthur (30\u2019 e 40\u2019). Pel\u00e9h (33\u2019) reduziu para o Fund\u00e3o e Caio Pedro (34\u2019) voltou a colocar a diferen\u00e7a em uma jogada, sem impedir a vit\u00f3ria das \u00e1guias.","og_url":"https:\/\/portaltela.pt\/noticias\/2026\/02\/28\/benfica-vence-o-fundao-apos-susto\/","og_site_name":"Portal Tela Portugal","article_published_time":"2026-03-01T00:16:36+00:00","author":"Telinha","twitter_card":"summary_large_image","twitter_misc":{"Escrito por":"Telinha","Tempo estimado de leitura":"1 minuto"},"schema":{"@context":"https:\/\/schema.org","@graph":[{"@type":"Article","@id":"https:\/\/portaltela.pt\/noticias\/2026\/02\/28\/benfica-vence-o-fundao-apos-susto\/#article","isPartOf":{"@id":"https:\/\/portaltela.pt\/noticias\/2026\/02\/28\/benfica-vence-o-fundao-apos-susto\/"},"author":{"name":"Telinha","@id":"https:\/\/portaltela.pt\/#\/schema\/person\/c4278d4a6028830caff9ee44b42d32ed"},"headline":"Benfica vence o Fund\u00e3o ap\u00f3s susto","datePublished":"2026-03-01T00:16:36+00:00","mainEntityOfPage":{"@id":"https:\/\/portaltela.pt\/noticias\/2026\/02\/28\/benfica-vence-o-fundao-apos-susto\/"},"wordCount":160,"image":{"@id":"https:\/\/portaltela.pt\/noticias\/2026\/02\/28\/benfica-vence-o-fundao-apos-susto\/#primaryimage"},"thumbnailUrl":"https:\/\/portaltela.pt\/s.01k8rhncp4jt1\/2026\/02\/img_920x518uu2026-03-01-00-15-27-2424208-im-639079209398017381.jpg","keywords":["Benfica","desporto","desportos","Fund\u00e3o","handebol","Liga"],"articleSection":["Desporto","Futebol"],"inLanguage":"pt-PT"},{"@type":"WebPage","@id":"https:\/\/portaltela.pt\/noticias\/2026\/02\/28\/benfica-vence-o-fundao-apos-susto\/","url":"https:\/\/portaltela.pt\/noticias\/2026\/02\/28\/benfica-vence-o-fundao-apos-susto\/","name":"Benfica vence o Fund\u00e3o ap\u00f3s susto - Portal Tela Portugal","isPartOf":{"@id":"https:\/\/portaltela.pt\/#website"},"primaryImageOfPage":{"@id":"https:\/\/portaltela.pt\/noticias\/2026\/02\/28\/benfica-vence-o-fundao-apos-susto\/#primaryimage"},"image":{"@id":"https:\/\/portaltela.pt\/noticias\/2026\/02\/28\/benfica-vence-o-fundao-apos-susto\/#primaryimage"},"thumbnailUrl":"https:\/\/portaltela.pt\/s.01k8rhncp4jt1\/2026\/02\/img_920x518uu2026-03-01-00-15-27-2424208-im-639079209398017381.jpg","datePublished":"2026-03-01T00:16:36+00:00","author":{"@id":"https:\/\/portaltela.pt\/#\/schema\/person\/c4278d4a6028830caff9ee44b42d32ed"},"breadcrumb":{"@id":"https:\/\/portaltela.pt\/noticias\/2026\/02\/28\/benfica-vence-o-fundao-apos-susto\/#breadcrumb"},"inLanguage":"pt-PT","potentialAction":[{"@type":"ReadAction","target":["https:\/\/portaltela.pt\/noticias\/2026\/02\/28\/benfica-vence-o-fundao-apos-susto\/"]}]},{"@type":"ImageObject","inLanguage":"pt-PT","@id":"https:\/\/portaltela.pt\/noticias\/2026\/02\/28\/benfica-vence-o-fundao-apos-susto\/#primaryimage","url":"https:\/\/portaltela.pt\/s.01k8rhncp4jt1\/2026\/02\/img_920x518uu2026-03-01-00-15-27-2424208-im-639079209398017381.jpg","contentUrl":"https:\/\/portaltela.pt\/s.01k8rhncp4jt1\/2026\/02\/img_920x518uu2026-03-01-00-15-27-2424208-im-639079209398017381.jpg","width":796,"height":448,"caption":"Benfica vence Fund\u00e3o"},{"@type":"BreadcrumbList","@id":"https:\/\/portaltela.pt\/noticias\/2026\/02\/28\/benfica-vence-o-fundao-apos-susto\/#breadcrumb","itemListElement":[{"@type":"ListItem","position":1,"name":"In\u00edcio","item":"https:\/\/portaltela.pt\/"},{"@type":"ListItem","position":2,"name":"Benfica vence o Fund\u00e3o ap\u00f3s susto"}]},{"@type":"WebSite","@id":"https:\/\/portaltela.pt\/#website","url":"https:\/\/portaltela.pt\/","name":"Portal Tela Portugal","description":"","potentialAction":[{"@type":"SearchAction","target":{"@type":"EntryPoint","urlTemplate":"https:\/\/portaltela.pt\/?s={search_term_string}"},"query-input":{"@type":"PropertyValueSpecification","valueRequired":true,"valueName":"search_term_string"}}],"inLanguage":"pt-PT"},{"@type":"Person","@id":"https:\/\/portaltela.pt\/#\/schema\/person\/c4278d4a6028830caff9ee44b42d32ed","name":"Telinha","image":{"@type":"ImageObject","inLanguage":"pt-PT","@id":"https:\/\/portaltela.pt\/s.01k8rhncp4jt1\/2025\/11\/talking-bot-125x125.png","url":"https:\/\/portaltela.pt\/s.01k8rhncp4jt1\/2025\/11\/talking-bot-125x125.png","contentUrl":"https:\/\/portaltela.pt\/s.01k8rhncp4jt1\/2025\/11\/talking-bot-125x125.png","caption":"Telinha"},"sameAs":["https:\/\/portaltela.pt\/"],"url":"https:\/\/portaltela.pt\/por\/367410592786\/"}]}},"_links":{"self":[{"href":"https:\/\/portaltela.pt\/api\/wp\/v2\/posts\/392785","targetHints":{"allow":["GET"]}}],"collection":[{"href":"https:\/\/portaltela.pt\/api\/wp\/v2\/posts"}],"about":[{"href":"https:\/\/portaltela.pt\/api\/wp\/v2\/types\/post"}],"author":[{"embeddable":true,"href":"https:\/\/portaltela.pt\/api\/wp\/v2\/users\/2"}],"replies":[{"embeddable":true,"href":"https:\/\/portaltela.pt\/api\/wp\/v2\/comments?post=392785"}],"version-history":[{"count":0,"href":"https:\/\/portaltela.pt\/api\/wp\/v2\/posts\/392785\/revisions"}],"wp:featuredmedia":[{"embeddable":true,"href":"https:\/\/portaltela.pt\/api\/wp\/v2\/media\/392789"}],"wp:attachment":[{"href":"https:\/\/portaltela.pt\/api\/wp\/v2\/media?parent=392785"}],"wp:term":[{"taxonomy":"category","embeddable":true,"href":"https:\/\/portaltela.pt\/api\/wp\/v2\/categories?post=392785"},{"taxonomy":"post_tag","embeddable":true,"href":"https:\/\/portaltela.pt\/api\/wp\/v2\/tags?post=392785"}],"curies":[{"name":"wp","href":"https:\/\/api.w.org\/{rel}","templated":true}]}}