{"id":392771,"date":"2026-02-28T20:51:00","date_gmt":"2026-02-28T23:51:00","guid":{"rendered":"https:\/\/portaltela.pt\/noticias\/2026\/02\/28\/doencas-neurologicas-raras-representam-desafio-para-a-saude-publica\/"},"modified":"2026-02-28T20:51:00","modified_gmt":"2026-02-28T23:51:00","slug":"doencas-neurologicas-raras-representam-desafio-para-a-saude-publica","status":"publish","type":"post","link":"https:\/\/portaltela.pt\/noticias\/2026\/02\/28\/doencas-neurologicas-raras-representam-desafio-para-a-saude-publica\/","title":{"rendered":"Doen\u00e7as neurol\u00f3gicas raras representam desafio para a sa\u00fade p\u00fablica"},"content":{"rendered":"<p>Doen\u00e7as neurol\u00f3gicas raras representam um grupo de patologias com baixa preval\u00eancia que afetam o sistema nervoso e os m\u00fasculos, levando \u00e0 perda progressiva de for\u00e7a e autonomia. Nesse Dia Mundial das Doen\u00e7as Raras, destacam-se a ataxia de Friedreich, a atrofia muscular espinhal e a esclerose lateral amiotr\u00f3fica. Trata-se de condi\u00e7\u00f5es cr\u00f3nicas e degenerativas com impacto emocional e econ\u00f3mico para doentes, familiares e cuidadores.<\/p>\n<p>A ataxia de Friedreich (AF) \u00e9 a forma mais comum de ataxia heredit\u00e1ria, estimada em duas pessoas por cada 100 mil. Os primeiros sinais surgem na inf\u00e2ncia ou adolesc\u00eancia, com dificuldades de equil\u00edbrio, de andar e, ao longo do tempo, problemas de fala, coordena\u00e7\u00e3o e degluti\u00e7\u00e3o. O diagn\u00f3stico precoce continua a ser um desafio, devido a semelhan\u00e7as com outras doen\u00e7as neurodegenerativas.<\/p>\n<p>Para Joana Dam\u00e1sio, neurologista, o diagn\u00f3stico de AF envolve diferentes percursos em cada pessoa, e \u00e9 essencial manter rotinas significativas para salvaguardar autonomia e participa\u00e7\u00e3o social. O desafio reside em adaptar cuidados de sa\u00fade e aumentar a literacia entre profissionais e cuidadores, de forma a evitar exclus\u00f5es dos apoios necess\u00e1rios.<\/p>\n<h3>Contexto das doen\u00e7as raras<\/h3>\n<p>As doen\u00e7as raras afetam aproximadamente 1 em 10 mil pessoas globalmente e menos de 1 em 2 mil na Europa. Dentro do conjunto, a AF \u00e9 a mais frequente entre as ataxias gen\u00e9ticas, com o diagn\u00f3stico que pode atrasar-se quando n\u00e3o existem sinais cl\u00ednicos claros ou quando o conhecimento entre profissionais \u00e9 desigual.<\/p>\n<p>A progressiva perda de fun\u00e7\u00f5es vitais caracteriza tamb\u00e9m a atrofia muscular espinhal (AME), cuja gravidade varia conforme o tipo de diagn\u00f3stico e o acompanhamento cl\u00ednico. Por outro lado, a esclerose lateral amiotr\u00f3fica (ELA) compromete neur\u00f3nios motores, levando a fraqueza muscular, paralisia e complica\u00e7\u00f5es respirat\u00f3rias. A ELA afeta cerca de 352 mil pessoas no mundo, com cerca de 2% dos casos ligados ao gene SOD1.<\/p>\n<p>Andr\u00e9s Rodrigo, diretor-geral da Biogen Iberia, assinala o compromisso com a investiga\u00e7\u00e3o em doen\u00e7as raras, visando solu\u00e7\u00f5es que melhorem a qualidade de vida e aumentem a visibilidade dos desafios di\u00e1rios. O objetivo \u00e9 fomentar uma sociedade mais emp\u00e1tica e envolvida.<\/p>\n<h3>Import\u00e2ncia da sensibiliza\u00e7\u00e3o e do diagn\u00f3stico<\/h3>\n<p>Embora pouco conhecidas pela sociedade, estas condi\u00e7\u00f5es exigem maior compreens\u00e3o das suas implica\u00e7\u00f5es para pacientes e fam\u00edlias. O envolvimento de profissionais de sa\u00fade, associa\u00e7\u00f5es de doentes e da sociedade em geral \u00e9 determinante para melhorar a qualidade de vida, facilitar o diagn\u00f3stico precoce e promover inclus\u00e3o social.<\/p>\n","protected":false},"excerpt":{"rendered":"<ul>\n<li>No Dia Mundial das Doen\u00e7as Raras, destacam-se a ataxia de Friedreich, a atrofia muscular espinhal e a esclerose lateral amiotr\u00f3fica como parte das doen\u00e7as neurol\u00f3gicas raras.<\/li>\n<li>As doen\u00e7as neuromusculares afetam o sistema nervoso e os m\u00fasculos, levando \u00e0 perda progressiva de for\u00e7a e autonomia, com impacto emocional e econ\u00f3mico.<\/li>\n<li>A ataxia de Friedreich \u00e9 a forma mais comum de ataxia heredit\u00e1ria, estimando-se que afete duas em cada 100 mil pessoas, com in\u00edcio na inf\u00e2ncia ou adolesc\u00eancia (25% come\u00e7am na idade adulta).<\/li>\n<li>A atrofia muscular espinhal e a esclerose lateral amiotr\u00f3fica integram o conjunto de doen\u00e7as raras, com progress\u00e3o grave e efeito difuso nas fun\u00e7\u00f5es corporais, incluindo respira\u00e7\u00e3o e degluti\u00e7\u00e3o.<\/li>\n<li>O diagn\u00f3stico precoce, o aumento do conhecimento entre profissionais e a sensibiliza\u00e7\u00e3o social s\u00e3o fundamentais para melhorar a qualidade de vida das pessoas afetadas e das suas fam\u00edlias.<\/li>\n<\/ul>\n","protected":false},"author":2,"featured_media":392776,"comment_status":"closed","ping_status":"closed","sticky":false,"template":"","format":"standard","meta":{"footnotes":""},"categories":[1],"tags":[61,6282,6520,215,40,271],"class_list":["post-392771","post","type-post","status-publish","format-standard","has-post-thumbnail","hentry","category-noticias","tag-doencas","tag-doentes","tag-ela","tag-investigacao","tag-pessoas","tag-saude-publica"],"yoast_head":"<!-- This site is optimized with the Yoast SEO plugin v27.2 - https:\/\/yoast.com\/product\/yoast-seo-wordpress\/ -->\n<title>Doen\u00e7as neurol\u00f3gicas raras representam desafio para a sa\u00fade p\u00fablica - Portal Tela Portugal<\/title>\n<meta name=\"robots\" content=\"index, follow, max-snippet:-1, max-image-preview:large, max-video-preview:-1\" \/>\n<meta property=\"og:locale\" content=\"pt_PT\" \/>\n<meta property=\"og:type\" content=\"article\" \/>\n<meta property=\"og:title\" content=\"Doen\u00e7as neurol\u00f3gicas raras representam desafio para a sa\u00fade p\u00fablica - Portal Tela Portugal\" \/>\n<meta property=\"og:description\" content=\"No Dia Mundial das Doen\u00e7as Raras, destacam-se a ataxia de Friedreich, a atrofia muscular espinhal e a esclerose lateral amiotr\u00f3fica como parte das doen\u00e7as neurol\u00f3gicas raras. As doen\u00e7as neuromusculares afetam o sistema nervoso e os m\u00fasculos, levando \u00e0 perda progressiva de for\u00e7a e autonomia, com impacto emocional e econ\u00f3mico. A ataxia de Friedreich \u00e9 a forma mais comum de ataxia heredit\u00e1ria, estimando-se que afete duas em cada 100 mil pessoas, com in\u00edcio na inf\u00e2ncia ou adolesc\u00eancia (25% come\u00e7am na idade adulta). A atrofia muscular espinhal e a esclerose lateral amiotr\u00f3fica integram o conjunto de doen\u00e7as raras, com progress\u00e3o grave e efeito difuso nas fun\u00e7\u00f5es corporais, incluindo respira\u00e7\u00e3o e degluti\u00e7\u00e3o. O diagn\u00f3stico precoce, o aumento do conhecimento entre profissionais e a sensibiliza\u00e7\u00e3o social s\u00e3o fundamentais para melhorar a qualidade de vida das pessoas afetadas e das suas fam\u00edlias.\" \/>\n<meta property=\"og:url\" content=\"https:\/\/portaltela.pt\/noticias\/2026\/02\/28\/doencas-neurologicas-raras-representam-desafio-para-a-saude-publica\/\" \/>\n<meta property=\"og:site_name\" content=\"Portal Tela Portugal\" \/>\n<meta property=\"article:published_time\" content=\"2026-02-28T23:51:00+00:00\" \/>\n<meta name=\"author\" content=\"Telinha\" \/>\n<meta name=\"twitter:card\" content=\"summary_large_image\" \/>\n<meta name=\"twitter:label1\" content=\"Escrito por\" \/>\n\t<meta name=\"twitter:data1\" content=\"Telinha\" \/>\n\t<meta name=\"twitter:label2\" content=\"Tempo estimado de leitura\" \/>\n\t<meta name=\"twitter:data2\" content=\"2 minutos\" \/>\n<script type=\"application\/ld+json\" class=\"yoast-schema-graph\">{\"@context\":\"https:\/\/schema.org\",\"@graph\":[{\"@type\":\"Article\",\"@id\":\"https:\/\/portaltela.pt\/noticias\/2026\/02\/28\/doencas-neurologicas-raras-representam-desafio-para-a-saude-publica\/#article\",\"isPartOf\":{\"@id\":\"https:\/\/portaltela.pt\/noticias\/2026\/02\/28\/doencas-neurologicas-raras-representam-desafio-para-a-saude-publica\/\"},\"author\":{\"name\":\"Telinha\",\"@id\":\"https:\/\/portaltela.pt\/#\/schema\/person\/c4278d4a6028830caff9ee44b42d32ed\"},\"headline\":\"Doen\u00e7as neurol\u00f3gicas raras representam desafio para a sa\u00fade p\u00fablica\",\"datePublished\":\"2026-02-28T23:51:00+00:00\",\"mainEntityOfPage\":{\"@id\":\"https:\/\/portaltela.pt\/noticias\/2026\/02\/28\/doencas-neurologicas-raras-representam-desafio-para-a-saude-publica\/\"},\"wordCount\":443,\"image\":{\"@id\":\"https:\/\/portaltela.pt\/noticias\/2026\/02\/28\/doencas-neurologicas-raras-representam-desafio-para-a-saude-publica\/#primaryimage\"},\"thumbnailUrl\":\"https:\/\/portaltela.pt\/s.01k8rhncp4jt1\/2026\/02\/2069692.jpg\",\"keywords\":[\"doen\u00e7as\",\"doentes\",\"ELA\",\"investiga\u00e7\u00e3o\",\"pessoas\",\"sa\u00fade p\u00fablica\"],\"articleSection\":[\"Not\u00edcias\"],\"inLanguage\":\"pt-PT\"},{\"@type\":\"WebPage\",\"@id\":\"https:\/\/portaltela.pt\/noticias\/2026\/02\/28\/doencas-neurologicas-raras-representam-desafio-para-a-saude-publica\/\",\"url\":\"https:\/\/portaltela.pt\/noticias\/2026\/02\/28\/doencas-neurologicas-raras-representam-desafio-para-a-saude-publica\/\",\"name\":\"Doen\u00e7as neurol\u00f3gicas raras representam desafio para a sa\u00fade p\u00fablica - Portal Tela Portugal\",\"isPartOf\":{\"@id\":\"https:\/\/portaltela.pt\/#website\"},\"primaryImageOfPage\":{\"@id\":\"https:\/\/portaltela.pt\/noticias\/2026\/02\/28\/doencas-neurologicas-raras-representam-desafio-para-a-saude-publica\/#primaryimage\"},\"image\":{\"@id\":\"https:\/\/portaltela.pt\/noticias\/2026\/02\/28\/doencas-neurologicas-raras-representam-desafio-para-a-saude-publica\/#primaryimage\"},\"thumbnailUrl\":\"https:\/\/portaltela.pt\/s.01k8rhncp4jt1\/2026\/02\/2069692.jpg\",\"datePublished\":\"2026-02-28T23:51:00+00:00\",\"author\":{\"@id\":\"https:\/\/portaltela.pt\/#\/schema\/person\/c4278d4a6028830caff9ee44b42d32ed\"},\"breadcrumb\":{\"@id\":\"https:\/\/portaltela.pt\/noticias\/2026\/02\/28\/doencas-neurologicas-raras-representam-desafio-para-a-saude-publica\/#breadcrumb\"},\"inLanguage\":\"pt-PT\",\"potentialAction\":[{\"@type\":\"ReadAction\",\"target\":[\"https:\/\/portaltela.pt\/noticias\/2026\/02\/28\/doencas-neurologicas-raras-representam-desafio-para-a-saude-publica\/\"]}]},{\"@type\":\"ImageObject\",\"inLanguage\":\"pt-PT\",\"@id\":\"https:\/\/portaltela.pt\/noticias\/2026\/02\/28\/doencas-neurologicas-raras-representam-desafio-para-a-saude-publica\/#primaryimage\",\"url\":\"https:\/\/portaltela.pt\/s.01k8rhncp4jt1\/2026\/02\/2069692.jpg\",\"contentUrl\":\"https:\/\/portaltela.pt\/s.01k8rhncp4jt1\/2026\/02\/2069692.jpg\",\"width\":796,\"height\":448,\"caption\":\"Photo\"},{\"@type\":\"BreadcrumbList\",\"@id\":\"https:\/\/portaltela.pt\/noticias\/2026\/02\/28\/doencas-neurologicas-raras-representam-desafio-para-a-saude-publica\/#breadcrumb\",\"itemListElement\":[{\"@type\":\"ListItem\",\"position\":1,\"name\":\"In\u00edcio\",\"item\":\"https:\/\/portaltela.pt\/\"},{\"@type\":\"ListItem\",\"position\":2,\"name\":\"Doen\u00e7as neurol\u00f3gicas raras representam desafio para a sa\u00fade p\u00fablica\"}]},{\"@type\":\"WebSite\",\"@id\":\"https:\/\/portaltela.pt\/#website\",\"url\":\"https:\/\/portaltela.pt\/\",\"name\":\"Portal Tela Portugal\",\"description\":\"\",\"potentialAction\":[{\"@type\":\"SearchAction\",\"target\":{\"@type\":\"EntryPoint\",\"urlTemplate\":\"https:\/\/portaltela.pt\/?s={search_term_string}\"},\"query-input\":{\"@type\":\"PropertyValueSpecification\",\"valueRequired\":true,\"valueName\":\"search_term_string\"}}],\"inLanguage\":\"pt-PT\"},{\"@type\":\"Person\",\"@id\":\"https:\/\/portaltela.pt\/#\/schema\/person\/c4278d4a6028830caff9ee44b42d32ed\",\"name\":\"Telinha\",\"image\":{\"@type\":\"ImageObject\",\"inLanguage\":\"pt-PT\",\"@id\":\"https:\/\/portaltela.pt\/s.01k8rhncp4jt1\/2025\/11\/talking-bot-125x125.png\",\"url\":\"https:\/\/portaltela.pt\/s.01k8rhncp4jt1\/2025\/11\/talking-bot-125x125.png\",\"contentUrl\":\"https:\/\/portaltela.pt\/s.01k8rhncp4jt1\/2025\/11\/talking-bot-125x125.png\",\"caption\":\"Telinha\"},\"sameAs\":[\"https:\/\/portaltela.pt\/\"],\"url\":\"https:\/\/portaltela.pt\/por\/367410592786\/\"}]}<\/script>\n<!-- \/ Yoast SEO plugin. -->","yoast_head_json":{"title":"Doen\u00e7as neurol\u00f3gicas raras representam desafio para a sa\u00fade p\u00fablica - Portal Tela Portugal","robots":{"index":"index","follow":"follow","max-snippet":"max-snippet:-1","max-image-preview":"max-image-preview:large","max-video-preview":"max-video-preview:-1"},"og_locale":"pt_PT","og_type":"article","og_title":"Doen\u00e7as neurol\u00f3gicas raras representam desafio para a sa\u00fade p\u00fablica - Portal Tela Portugal","og_description":"No Dia Mundial das Doen\u00e7as Raras, destacam-se a ataxia de Friedreich, a atrofia muscular espinhal e a esclerose lateral amiotr\u00f3fica como parte das doen\u00e7as neurol\u00f3gicas raras. As doen\u00e7as neuromusculares afetam o sistema nervoso e os m\u00fasculos, levando \u00e0 perda progressiva de for\u00e7a e autonomia, com impacto emocional e econ\u00f3mico. A ataxia de Friedreich \u00e9 a forma mais comum de ataxia heredit\u00e1ria, estimando-se que afete duas em cada 100 mil pessoas, com in\u00edcio na inf\u00e2ncia ou adolesc\u00eancia (25% come\u00e7am na idade adulta). A atrofia muscular espinhal e a esclerose lateral amiotr\u00f3fica integram o conjunto de doen\u00e7as raras, com progress\u00e3o grave e efeito difuso nas fun\u00e7\u00f5es corporais, incluindo respira\u00e7\u00e3o e degluti\u00e7\u00e3o. O diagn\u00f3stico precoce, o aumento do conhecimento entre profissionais e a sensibiliza\u00e7\u00e3o social s\u00e3o fundamentais para melhorar a qualidade de vida das pessoas afetadas e das suas fam\u00edlias.","og_url":"https:\/\/portaltela.pt\/noticias\/2026\/02\/28\/doencas-neurologicas-raras-representam-desafio-para-a-saude-publica\/","og_site_name":"Portal Tela Portugal","article_published_time":"2026-02-28T23:51:00+00:00","author":"Telinha","twitter_card":"summary_large_image","twitter_misc":{"Escrito por":"Telinha","Tempo estimado de leitura":"2 minutos"},"schema":{"@context":"https:\/\/schema.org","@graph":[{"@type":"Article","@id":"https:\/\/portaltela.pt\/noticias\/2026\/02\/28\/doencas-neurologicas-raras-representam-desafio-para-a-saude-publica\/#article","isPartOf":{"@id":"https:\/\/portaltela.pt\/noticias\/2026\/02\/28\/doencas-neurologicas-raras-representam-desafio-para-a-saude-publica\/"},"author":{"name":"Telinha","@id":"https:\/\/portaltela.pt\/#\/schema\/person\/c4278d4a6028830caff9ee44b42d32ed"},"headline":"Doen\u00e7as neurol\u00f3gicas raras representam desafio para a sa\u00fade p\u00fablica","datePublished":"2026-02-28T23:51:00+00:00","mainEntityOfPage":{"@id":"https:\/\/portaltela.pt\/noticias\/2026\/02\/28\/doencas-neurologicas-raras-representam-desafio-para-a-saude-publica\/"},"wordCount":443,"image":{"@id":"https:\/\/portaltela.pt\/noticias\/2026\/02\/28\/doencas-neurologicas-raras-representam-desafio-para-a-saude-publica\/#primaryimage"},"thumbnailUrl":"https:\/\/portaltela.pt\/s.01k8rhncp4jt1\/2026\/02\/2069692.jpg","keywords":["doen\u00e7as","doentes","ELA","investiga\u00e7\u00e3o","pessoas","sa\u00fade p\u00fablica"],"articleSection":["Not\u00edcias"],"inLanguage":"pt-PT"},{"@type":"WebPage","@id":"https:\/\/portaltela.pt\/noticias\/2026\/02\/28\/doencas-neurologicas-raras-representam-desafio-para-a-saude-publica\/","url":"https:\/\/portaltela.pt\/noticias\/2026\/02\/28\/doencas-neurologicas-raras-representam-desafio-para-a-saude-publica\/","name":"Doen\u00e7as neurol\u00f3gicas raras representam desafio para a sa\u00fade p\u00fablica - Portal Tela Portugal","isPartOf":{"@id":"https:\/\/portaltela.pt\/#website"},"primaryImageOfPage":{"@id":"https:\/\/portaltela.pt\/noticias\/2026\/02\/28\/doencas-neurologicas-raras-representam-desafio-para-a-saude-publica\/#primaryimage"},"image":{"@id":"https:\/\/portaltela.pt\/noticias\/2026\/02\/28\/doencas-neurologicas-raras-representam-desafio-para-a-saude-publica\/#primaryimage"},"thumbnailUrl":"https:\/\/portaltela.pt\/s.01k8rhncp4jt1\/2026\/02\/2069692.jpg","datePublished":"2026-02-28T23:51:00+00:00","author":{"@id":"https:\/\/portaltela.pt\/#\/schema\/person\/c4278d4a6028830caff9ee44b42d32ed"},"breadcrumb":{"@id":"https:\/\/portaltela.pt\/noticias\/2026\/02\/28\/doencas-neurologicas-raras-representam-desafio-para-a-saude-publica\/#breadcrumb"},"inLanguage":"pt-PT","potentialAction":[{"@type":"ReadAction","target":["https:\/\/portaltela.pt\/noticias\/2026\/02\/28\/doencas-neurologicas-raras-representam-desafio-para-a-saude-publica\/"]}]},{"@type":"ImageObject","inLanguage":"pt-PT","@id":"https:\/\/portaltela.pt\/noticias\/2026\/02\/28\/doencas-neurologicas-raras-representam-desafio-para-a-saude-publica\/#primaryimage","url":"https:\/\/portaltela.pt\/s.01k8rhncp4jt1\/2026\/02\/2069692.jpg","contentUrl":"https:\/\/portaltela.pt\/s.01k8rhncp4jt1\/2026\/02\/2069692.jpg","width":796,"height":448,"caption":"Photo"},{"@type":"BreadcrumbList","@id":"https:\/\/portaltela.pt\/noticias\/2026\/02\/28\/doencas-neurologicas-raras-representam-desafio-para-a-saude-publica\/#breadcrumb","itemListElement":[{"@type":"ListItem","position":1,"name":"In\u00edcio","item":"https:\/\/portaltela.pt\/"},{"@type":"ListItem","position":2,"name":"Doen\u00e7as neurol\u00f3gicas raras representam desafio para a sa\u00fade p\u00fablica"}]},{"@type":"WebSite","@id":"https:\/\/portaltela.pt\/#website","url":"https:\/\/portaltela.pt\/","name":"Portal Tela Portugal","description":"","potentialAction":[{"@type":"SearchAction","target":{"@type":"EntryPoint","urlTemplate":"https:\/\/portaltela.pt\/?s={search_term_string}"},"query-input":{"@type":"PropertyValueSpecification","valueRequired":true,"valueName":"search_term_string"}}],"inLanguage":"pt-PT"},{"@type":"Person","@id":"https:\/\/portaltela.pt\/#\/schema\/person\/c4278d4a6028830caff9ee44b42d32ed","name":"Telinha","image":{"@type":"ImageObject","inLanguage":"pt-PT","@id":"https:\/\/portaltela.pt\/s.01k8rhncp4jt1\/2025\/11\/talking-bot-125x125.png","url":"https:\/\/portaltela.pt\/s.01k8rhncp4jt1\/2025\/11\/talking-bot-125x125.png","contentUrl":"https:\/\/portaltela.pt\/s.01k8rhncp4jt1\/2025\/11\/talking-bot-125x125.png","caption":"Telinha"},"sameAs":["https:\/\/portaltela.pt\/"],"url":"https:\/\/portaltela.pt\/por\/367410592786\/"}]}},"_links":{"self":[{"href":"https:\/\/portaltela.pt\/api\/wp\/v2\/posts\/392771","targetHints":{"allow":["GET"]}}],"collection":[{"href":"https:\/\/portaltela.pt\/api\/wp\/v2\/posts"}],"about":[{"href":"https:\/\/portaltela.pt\/api\/wp\/v2\/types\/post"}],"author":[{"embeddable":true,"href":"https:\/\/portaltela.pt\/api\/wp\/v2\/users\/2"}],"replies":[{"embeddable":true,"href":"https:\/\/portaltela.pt\/api\/wp\/v2\/comments?post=392771"}],"version-history":[{"count":0,"href":"https:\/\/portaltela.pt\/api\/wp\/v2\/posts\/392771\/revisions"}],"wp:featuredmedia":[{"embeddable":true,"href":"https:\/\/portaltela.pt\/api\/wp\/v2\/media\/392776"}],"wp:attachment":[{"href":"https:\/\/portaltela.pt\/api\/wp\/v2\/media?parent=392771"}],"wp:term":[{"taxonomy":"category","embeddable":true,"href":"https:\/\/portaltela.pt\/api\/wp\/v2\/categories?post=392771"},{"taxonomy":"post_tag","embeddable":true,"href":"https:\/\/portaltela.pt\/api\/wp\/v2\/tags?post=392771"}],"curies":[{"name":"wp","href":"https:\/\/api.w.org\/{rel}","templated":true}]}}