{"id":392762,"date":"2026-02-28T21:06:07","date_gmt":"2026-03-01T00:06:07","guid":{"rendered":"https:\/\/portaltela.pt\/noticias\/2026\/02\/28\/agressoes-entre-jogadores-mancham-jogo-da-af-castelo-branco-de-futsal\/"},"modified":"2026-02-28T21:06:07","modified_gmt":"2026-03-01T00:06:07","slug":"agressoes-entre-jogadores-mancham-jogo-da-af-castelo-branco-de-futsal","status":"publish","type":"post","link":"https:\/\/portaltela.pt\/desporto\/futebol\/2026\/02\/28\/agressoes-entre-jogadores-mancham-jogo-da-af-castelo-branco-de-futsal\/","title":{"rendered":"Agress\u00f5es entre jogadores mancham jogo da AF Castelo Branco de futsal"},"content":{"rendered":"<h3>Agress\u00f5es entre jogadores mancham jogo da AF Castelo Branco de futsal<\/h3>\n<p>O confronto entre Grupo Desportivo da Mata e \u00c1guias do Dominguiso, da 1.\u00aa divis\u00e3o da AF Castelo Branco, na 19.\u00aa jornada, foi marcado por agress\u00f5es entre jogadores. O incidente ocorreu durante o encontro e estendeu-se ao terreno de jogo.<\/p>\n<p>A confus\u00e3o teve in\u00edcio com provoca\u00e7\u00f5es entre o n\u00famero 10 do Mata e o n\u00famero 5 do Dominguiso. Em seguida, houve dois momentos de agress\u00f5es f\u00edsicas envolvendo outros dois atletas das equipas, um com uma chapada e o outro, segundo relatos, com pontap\u00e9 inspirado no filme Karate Kid.<\/p>\n<p>O que motivou a escalada permanece em apura\u00e7\u00e3o pelos respons\u00e1veis da competi\u00e7\u00e3o. Nenhuma informa\u00e7\u00e3o adicional sobre san\u00e7\u00f5es ou consequ\u00eancias para as equipas foi divulgada at\u00e9 ao momento.<\/p>\n","protected":false},"excerpt":{"rendered":"<ul>\n<li>O jogo da 19.\u00aa jornada da 1.\u00aa divis\u00e3o da AF Castelo Branco, entre Grupo Desportivo da Mata e \u00c1guias do Dominguiso, registou confrontos entre jogadores.<\/li>\n<li>A confus\u00e3o iniciou-se com trocas de picardias entre o jogador n\u00famero 10 da equipa da casa e o jogador n\u00famero 5 da equipa visitante.<\/li>\n<li>Seguiram-se dois momentos de agress\u00f5es f\u00edsicas envolvendo outros atletas.<\/li>\n<li>O primeiro incidente foi uma chapada; o segundo incluiu um pontap\u00e9, alegadamente inspirado no filme Karate Kid.<\/li>\n<li>O epis\u00f3dio ocorreu durante a partida da competi\u00e7\u00e3o de futsal da AF Castelo Branco.<\/li>\n<\/ul>\n","protected":false},"author":2,"featured_media":392770,"comment_status":"closed","ping_status":"closed","sticky":false,"template":"","format":"standard","meta":{"footnotes":""},"categories":[21,24],"tags":[3956,3113,2079,1112,152,161],"class_list":["post-392762","post","type-post","status-publish","format-standard","has-post-thumbnail","hentry","category-desporto","category-futebol","tag-1-a-divisao-serie-d","tag-af-castelo-branco","tag-agressoes","tag-castelo-branco","tag-desporto","tag-futsal"],"yoast_head":"<!-- This site is optimized with the Yoast SEO plugin v27.2 - https:\/\/yoast.com\/product\/yoast-seo-wordpress\/ -->\n<title>Agress\u00f5es entre jogadores mancham jogo da AF Castelo Branco de futsal - Portal Tela Portugal<\/title>\n<meta name=\"robots\" content=\"index, follow, max-snippet:-1, max-image-preview:large, max-video-preview:-1\" \/>\n<meta property=\"og:locale\" content=\"pt_PT\" \/>\n<meta property=\"og:type\" content=\"article\" \/>\n<meta property=\"og:title\" content=\"Agress\u00f5es entre jogadores mancham jogo da AF Castelo Branco de futsal - Portal Tela Portugal\" \/>\n<meta property=\"og:description\" content=\"O jogo da 19.\u00aa jornada da 1.\u00aa divis\u00e3o da AF Castelo Branco, entre Grupo Desportivo da Mata e \u00c1guias do Dominguiso, registou confrontos entre jogadores. A confus\u00e3o iniciou-se com trocas de picardias entre o jogador n\u00famero 10 da equipa da casa e o jogador n\u00famero 5 da equipa visitante. Seguiram-se dois momentos de agress\u00f5es f\u00edsicas envolvendo outros atletas. O primeiro incidente foi uma chapada; o segundo incluiu um pontap\u00e9, alegadamente inspirado no filme Karate Kid. O epis\u00f3dio ocorreu durante a partida da competi\u00e7\u00e3o de futsal da AF Castelo Branco.\" \/>\n<meta property=\"og:url\" content=\"https:\/\/portaltela.pt\/noticias\/2026\/02\/28\/agressoes-entre-jogadores-mancham-jogo-da-af-castelo-branco-de-futsal\/\" \/>\n<meta property=\"og:site_name\" content=\"Portal Tela Portugal\" \/>\n<meta property=\"article:published_time\" content=\"2026-03-01T00:06:07+00:00\" \/>\n<meta name=\"author\" content=\"Telinha\" \/>\n<meta name=\"twitter:card\" content=\"summary_large_image\" \/>\n<meta name=\"twitter:label1\" content=\"Escrito por\" \/>\n\t<meta name=\"twitter:data1\" content=\"Telinha\" \/>\n\t<meta name=\"twitter:label2\" content=\"Tempo estimado de leitura\" \/>\n\t<meta name=\"twitter:data2\" content=\"1 minuto\" \/>\n<script type=\"application\/ld+json\" class=\"yoast-schema-graph\">{\"@context\":\"https:\/\/schema.org\",\"@graph\":[{\"@type\":\"Article\",\"@id\":\"https:\/\/portaltela.pt\/noticias\/2026\/02\/28\/agressoes-entre-jogadores-mancham-jogo-da-af-castelo-branco-de-futsal\/#article\",\"isPartOf\":{\"@id\":\"https:\/\/portaltela.pt\/noticias\/2026\/02\/28\/agressoes-entre-jogadores-mancham-jogo-da-af-castelo-branco-de-futsal\/\"},\"author\":{\"name\":\"Telinha\",\"@id\":\"https:\/\/portaltela.pt\/#\/schema\/person\/c4278d4a6028830caff9ee44b42d32ed\"},\"headline\":\"Agress\u00f5es entre jogadores mancham jogo da AF Castelo Branco de futsal\",\"datePublished\":\"2026-03-01T00:06:07+00:00\",\"mainEntityOfPage\":{\"@id\":\"https:\/\/portaltela.pt\/noticias\/2026\/02\/28\/agressoes-entre-jogadores-mancham-jogo-da-af-castelo-branco-de-futsal\/\"},\"wordCount\":149,\"image\":{\"@id\":\"https:\/\/portaltela.pt\/noticias\/2026\/02\/28\/agressoes-entre-jogadores-mancham-jogo-da-af-castelo-branco-de-futsal\/#primaryimage\"},\"thumbnailUrl\":\"https:\/\/portaltela.pt\/s.01k8rhncp4jt1\/2026\/02\/img_1200x721uu2026-02-28-23-54-29-2424203-im-639079196880317221.jpg\",\"keywords\":[\"1.\u00aa Divis\u00e3o \u2014 S\u00e9rie D\",\"AF Castelo Branco\",\"agress\u00f5es\",\"Castelo Branco\",\"desporto\",\"futsal\"],\"articleSection\":[\"Desporto\",\"Futebol\"],\"inLanguage\":\"pt-PT\"},{\"@type\":\"WebPage\",\"@id\":\"https:\/\/portaltela.pt\/noticias\/2026\/02\/28\/agressoes-entre-jogadores-mancham-jogo-da-af-castelo-branco-de-futsal\/\",\"url\":\"https:\/\/portaltela.pt\/noticias\/2026\/02\/28\/agressoes-entre-jogadores-mancham-jogo-da-af-castelo-branco-de-futsal\/\",\"name\":\"Agress\u00f5es entre jogadores mancham jogo da AF Castelo Branco de futsal - Portal Tela Portugal\",\"isPartOf\":{\"@id\":\"https:\/\/portaltela.pt\/#website\"},\"primaryImageOfPage\":{\"@id\":\"https:\/\/portaltela.pt\/noticias\/2026\/02\/28\/agressoes-entre-jogadores-mancham-jogo-da-af-castelo-branco-de-futsal\/#primaryimage\"},\"image\":{\"@id\":\"https:\/\/portaltela.pt\/noticias\/2026\/02\/28\/agressoes-entre-jogadores-mancham-jogo-da-af-castelo-branco-de-futsal\/#primaryimage\"},\"thumbnailUrl\":\"https:\/\/portaltela.pt\/s.01k8rhncp4jt1\/2026\/02\/img_1200x721uu2026-02-28-23-54-29-2424203-im-639079196880317221.jpg\",\"datePublished\":\"2026-03-01T00:06:07+00:00\",\"author\":{\"@id\":\"https:\/\/portaltela.pt\/#\/schema\/person\/c4278d4a6028830caff9ee44b42d32ed\"},\"breadcrumb\":{\"@id\":\"https:\/\/portaltela.pt\/noticias\/2026\/02\/28\/agressoes-entre-jogadores-mancham-jogo-da-af-castelo-branco-de-futsal\/#breadcrumb\"},\"inLanguage\":\"pt-PT\",\"potentialAction\":[{\"@type\":\"ReadAction\",\"target\":[\"https:\/\/portaltela.pt\/noticias\/2026\/02\/28\/agressoes-entre-jogadores-mancham-jogo-da-af-castelo-branco-de-futsal\/\"]}]},{\"@type\":\"ImageObject\",\"inLanguage\":\"pt-PT\",\"@id\":\"https:\/\/portaltela.pt\/noticias\/2026\/02\/28\/agressoes-entre-jogadores-mancham-jogo-da-af-castelo-branco-de-futsal\/#primaryimage\",\"url\":\"https:\/\/portaltela.pt\/s.01k8rhncp4jt1\/2026\/02\/img_1200x721uu2026-02-28-23-54-29-2424203-im-639079196880317221.jpg\",\"contentUrl\":\"https:\/\/portaltela.pt\/s.01k8rhncp4jt1\/2026\/02\/img_1200x721uu2026-02-28-23-54-29-2424203-im-639079196880317221.jpg\",\"width\":796,\"height\":448,\"caption\":\"Novo epis\u00f3dio de confrontos entre atletas teve como palco a 1.\u00aa divis\u00e3o da AF Castelo Branco de futsal, no encontro entre o Grupo Desportivo da Mata e o \u00c1guias do Dominguiso, correspondente \u00e0 19.\u00aa jornada.\"},{\"@type\":\"BreadcrumbList\",\"@id\":\"https:\/\/portaltela.pt\/noticias\/2026\/02\/28\/agressoes-entre-jogadores-mancham-jogo-da-af-castelo-branco-de-futsal\/#breadcrumb\",\"itemListElement\":[{\"@type\":\"ListItem\",\"position\":1,\"name\":\"In\u00edcio\",\"item\":\"https:\/\/portaltela.pt\/\"},{\"@type\":\"ListItem\",\"position\":2,\"name\":\"Agress\u00f5es entre jogadores mancham jogo da AF Castelo Branco de futsal\"}]},{\"@type\":\"WebSite\",\"@id\":\"https:\/\/portaltela.pt\/#website\",\"url\":\"https:\/\/portaltela.pt\/\",\"name\":\"Portal Tela Portugal\",\"description\":\"\",\"potentialAction\":[{\"@type\":\"SearchAction\",\"target\":{\"@type\":\"EntryPoint\",\"urlTemplate\":\"https:\/\/portaltela.pt\/?s={search_term_string}\"},\"query-input\":{\"@type\":\"PropertyValueSpecification\",\"valueRequired\":true,\"valueName\":\"search_term_string\"}}],\"inLanguage\":\"pt-PT\"},{\"@type\":\"Person\",\"@id\":\"https:\/\/portaltela.pt\/#\/schema\/person\/c4278d4a6028830caff9ee44b42d32ed\",\"name\":\"Telinha\",\"image\":{\"@type\":\"ImageObject\",\"inLanguage\":\"pt-PT\",\"@id\":\"https:\/\/portaltela.pt\/s.01k8rhncp4jt1\/2025\/11\/talking-bot-125x125.png\",\"url\":\"https:\/\/portaltela.pt\/s.01k8rhncp4jt1\/2025\/11\/talking-bot-125x125.png\",\"contentUrl\":\"https:\/\/portaltela.pt\/s.01k8rhncp4jt1\/2025\/11\/talking-bot-125x125.png\",\"caption\":\"Telinha\"},\"sameAs\":[\"https:\/\/portaltela.pt\/\"],\"url\":\"https:\/\/portaltela.pt\/por\/367410592786\/\"}]}<\/script>\n<!-- \/ Yoast SEO plugin. -->","yoast_head_json":{"title":"Agress\u00f5es entre jogadores mancham jogo da AF Castelo Branco de futsal - Portal Tela Portugal","robots":{"index":"index","follow":"follow","max-snippet":"max-snippet:-1","max-image-preview":"max-image-preview:large","max-video-preview":"max-video-preview:-1"},"og_locale":"pt_PT","og_type":"article","og_title":"Agress\u00f5es entre jogadores mancham jogo da AF Castelo Branco de futsal - Portal Tela Portugal","og_description":"O jogo da 19.\u00aa jornada da 1.\u00aa divis\u00e3o da AF Castelo Branco, entre Grupo Desportivo da Mata e \u00c1guias do Dominguiso, registou confrontos entre jogadores. A confus\u00e3o iniciou-se com trocas de picardias entre o jogador n\u00famero 10 da equipa da casa e o jogador n\u00famero 5 da equipa visitante. Seguiram-se dois momentos de agress\u00f5es f\u00edsicas envolvendo outros atletas. O primeiro incidente foi uma chapada; o segundo incluiu um pontap\u00e9, alegadamente inspirado no filme Karate Kid. O epis\u00f3dio ocorreu durante a partida da competi\u00e7\u00e3o de futsal da AF Castelo Branco.","og_url":"https:\/\/portaltela.pt\/noticias\/2026\/02\/28\/agressoes-entre-jogadores-mancham-jogo-da-af-castelo-branco-de-futsal\/","og_site_name":"Portal Tela Portugal","article_published_time":"2026-03-01T00:06:07+00:00","author":"Telinha","twitter_card":"summary_large_image","twitter_misc":{"Escrito por":"Telinha","Tempo estimado de leitura":"1 minuto"},"schema":{"@context":"https:\/\/schema.org","@graph":[{"@type":"Article","@id":"https:\/\/portaltela.pt\/noticias\/2026\/02\/28\/agressoes-entre-jogadores-mancham-jogo-da-af-castelo-branco-de-futsal\/#article","isPartOf":{"@id":"https:\/\/portaltela.pt\/noticias\/2026\/02\/28\/agressoes-entre-jogadores-mancham-jogo-da-af-castelo-branco-de-futsal\/"},"author":{"name":"Telinha","@id":"https:\/\/portaltela.pt\/#\/schema\/person\/c4278d4a6028830caff9ee44b42d32ed"},"headline":"Agress\u00f5es entre jogadores mancham jogo da AF Castelo Branco de futsal","datePublished":"2026-03-01T00:06:07+00:00","mainEntityOfPage":{"@id":"https:\/\/portaltela.pt\/noticias\/2026\/02\/28\/agressoes-entre-jogadores-mancham-jogo-da-af-castelo-branco-de-futsal\/"},"wordCount":149,"image":{"@id":"https:\/\/portaltela.pt\/noticias\/2026\/02\/28\/agressoes-entre-jogadores-mancham-jogo-da-af-castelo-branco-de-futsal\/#primaryimage"},"thumbnailUrl":"https:\/\/portaltela.pt\/s.01k8rhncp4jt1\/2026\/02\/img_1200x721uu2026-02-28-23-54-29-2424203-im-639079196880317221.jpg","keywords":["1.\u00aa Divis\u00e3o \u2014 S\u00e9rie D","AF Castelo Branco","agress\u00f5es","Castelo Branco","desporto","futsal"],"articleSection":["Desporto","Futebol"],"inLanguage":"pt-PT"},{"@type":"WebPage","@id":"https:\/\/portaltela.pt\/noticias\/2026\/02\/28\/agressoes-entre-jogadores-mancham-jogo-da-af-castelo-branco-de-futsal\/","url":"https:\/\/portaltela.pt\/noticias\/2026\/02\/28\/agressoes-entre-jogadores-mancham-jogo-da-af-castelo-branco-de-futsal\/","name":"Agress\u00f5es entre jogadores mancham jogo da AF Castelo Branco de futsal - Portal Tela Portugal","isPartOf":{"@id":"https:\/\/portaltela.pt\/#website"},"primaryImageOfPage":{"@id":"https:\/\/portaltela.pt\/noticias\/2026\/02\/28\/agressoes-entre-jogadores-mancham-jogo-da-af-castelo-branco-de-futsal\/#primaryimage"},"image":{"@id":"https:\/\/portaltela.pt\/noticias\/2026\/02\/28\/agressoes-entre-jogadores-mancham-jogo-da-af-castelo-branco-de-futsal\/#primaryimage"},"thumbnailUrl":"https:\/\/portaltela.pt\/s.01k8rhncp4jt1\/2026\/02\/img_1200x721uu2026-02-28-23-54-29-2424203-im-639079196880317221.jpg","datePublished":"2026-03-01T00:06:07+00:00","author":{"@id":"https:\/\/portaltela.pt\/#\/schema\/person\/c4278d4a6028830caff9ee44b42d32ed"},"breadcrumb":{"@id":"https:\/\/portaltela.pt\/noticias\/2026\/02\/28\/agressoes-entre-jogadores-mancham-jogo-da-af-castelo-branco-de-futsal\/#breadcrumb"},"inLanguage":"pt-PT","potentialAction":[{"@type":"ReadAction","target":["https:\/\/portaltela.pt\/noticias\/2026\/02\/28\/agressoes-entre-jogadores-mancham-jogo-da-af-castelo-branco-de-futsal\/"]}]},{"@type":"ImageObject","inLanguage":"pt-PT","@id":"https:\/\/portaltela.pt\/noticias\/2026\/02\/28\/agressoes-entre-jogadores-mancham-jogo-da-af-castelo-branco-de-futsal\/#primaryimage","url":"https:\/\/portaltela.pt\/s.01k8rhncp4jt1\/2026\/02\/img_1200x721uu2026-02-28-23-54-29-2424203-im-639079196880317221.jpg","contentUrl":"https:\/\/portaltela.pt\/s.01k8rhncp4jt1\/2026\/02\/img_1200x721uu2026-02-28-23-54-29-2424203-im-639079196880317221.jpg","width":796,"height":448,"caption":"Novo epis\u00f3dio de confrontos entre atletas teve como palco a 1.\u00aa divis\u00e3o da AF Castelo Branco de futsal, no encontro entre o Grupo Desportivo da Mata e o \u00c1guias do Dominguiso, correspondente \u00e0 19.\u00aa jornada."},{"@type":"BreadcrumbList","@id":"https:\/\/portaltela.pt\/noticias\/2026\/02\/28\/agressoes-entre-jogadores-mancham-jogo-da-af-castelo-branco-de-futsal\/#breadcrumb","itemListElement":[{"@type":"ListItem","position":1,"name":"In\u00edcio","item":"https:\/\/portaltela.pt\/"},{"@type":"ListItem","position":2,"name":"Agress\u00f5es entre jogadores mancham jogo da AF Castelo Branco de futsal"}]},{"@type":"WebSite","@id":"https:\/\/portaltela.pt\/#website","url":"https:\/\/portaltela.pt\/","name":"Portal Tela Portugal","description":"","potentialAction":[{"@type":"SearchAction","target":{"@type":"EntryPoint","urlTemplate":"https:\/\/portaltela.pt\/?s={search_term_string}"},"query-input":{"@type":"PropertyValueSpecification","valueRequired":true,"valueName":"search_term_string"}}],"inLanguage":"pt-PT"},{"@type":"Person","@id":"https:\/\/portaltela.pt\/#\/schema\/person\/c4278d4a6028830caff9ee44b42d32ed","name":"Telinha","image":{"@type":"ImageObject","inLanguage":"pt-PT","@id":"https:\/\/portaltela.pt\/s.01k8rhncp4jt1\/2025\/11\/talking-bot-125x125.png","url":"https:\/\/portaltela.pt\/s.01k8rhncp4jt1\/2025\/11\/talking-bot-125x125.png","contentUrl":"https:\/\/portaltela.pt\/s.01k8rhncp4jt1\/2025\/11\/talking-bot-125x125.png","caption":"Telinha"},"sameAs":["https:\/\/portaltela.pt\/"],"url":"https:\/\/portaltela.pt\/por\/367410592786\/"}]}},"_links":{"self":[{"href":"https:\/\/portaltela.pt\/api\/wp\/v2\/posts\/392762","targetHints":{"allow":["GET"]}}],"collection":[{"href":"https:\/\/portaltela.pt\/api\/wp\/v2\/posts"}],"about":[{"href":"https:\/\/portaltela.pt\/api\/wp\/v2\/types\/post"}],"author":[{"embeddable":true,"href":"https:\/\/portaltela.pt\/api\/wp\/v2\/users\/2"}],"replies":[{"embeddable":true,"href":"https:\/\/portaltela.pt\/api\/wp\/v2\/comments?post=392762"}],"version-history":[{"count":0,"href":"https:\/\/portaltela.pt\/api\/wp\/v2\/posts\/392762\/revisions"}],"wp:featuredmedia":[{"embeddable":true,"href":"https:\/\/portaltela.pt\/api\/wp\/v2\/media\/392770"}],"wp:attachment":[{"href":"https:\/\/portaltela.pt\/api\/wp\/v2\/media?parent=392762"}],"wp:term":[{"taxonomy":"category","embeddable":true,"href":"https:\/\/portaltela.pt\/api\/wp\/v2\/categories?post=392762"},{"taxonomy":"post_tag","embeddable":true,"href":"https:\/\/portaltela.pt\/api\/wp\/v2\/tags?post=392762"}],"curies":[{"name":"wp","href":"https:\/\/api.w.org\/{rel}","templated":true}]}}