{"id":392748,"date":"2026-02-28T20:41:00","date_gmt":"2026-02-28T23:41:00","guid":{"rendered":"https:\/\/portaltela.pt\/noticias\/2026\/02\/28\/amas-reivindicam-integracao-na-rede-gratuita-da-creche-feliz\/"},"modified":"2026-02-28T20:41:00","modified_gmt":"2026-02-28T23:41:00","slug":"amas-reivindicam-integracao-na-rede-gratuita-da-creche-feliz","status":"publish","type":"post","link":"https:\/\/portaltela.pt\/noticias\/2026\/02\/28\/amas-reivindicam-integracao-na-rede-gratuita-da-creche-feliz\/","title":{"rendered":"AMAS reivindicam integra\u00e7\u00e3o na rede gratuita da Creche Feliz"},"content":{"rendered":"<p>Amas reivindicam a integra\u00e7\u00e3o em rede gratuita da Creche Feliz. A falta de vagas em creches, sobretudo no ber\u00e7\u00e1rio, leva a APRA a pedir que o servi\u00e7o das amas em regime livre passe a integrar a rede. O objetivo \u00e9 ampliar o acesso a crian\u00e7as at\u00e9 aos tr\u00eas anos.<\/p>\n<p>A APRA aponta que o programa atual j\u00e1 garante frequ\u00eancia gratuita apenas para amas em creches familiares geridas por IPSS ou miseric\u00f3rdias. A associa\u00e7\u00e3o sustenta que todas as respostas certificadas devem abranger o servi\u00e7o das amas em regime livre.<\/p>\n<h3>Contexto e reivindica\u00e7\u00e3o<\/h3>\n<p>Lu\u00edsa Sousa, presidente da APRA, afirma que a decis\u00e3o refor\u00e7a o direito das crian\u00e7as a recursos acess\u00edveis. A institui\u00e7\u00e3o enfatiza a necessidade de incluir as amas no regime de apoio da rede Creche Feliz para reduzir desigualdades no acesso.<\/p>\n<p>A posi\u00e7\u00e3o da APRA surge numa altura em que a procura por vagas excede a oferta. A entidade pretende que a integra\u00e7\u00e3o seja discutida entre as entidades respons\u00e1veis pela rede e as associa\u00e7\u00f5es representativas das amas.<\/p>\n","protected":false},"excerpt":{"rendered":"<ul>\n<li>Amas em regime livre reivindicam integra\u00e7\u00e3o na rede gratuita Creche Feliz, devido \u00e0 falta de vagas, especialmente no ber\u00e7\u00e1rio.<\/li>\n<li>O programa atual abrange apenas amas em creches familiares geridas por IPSS ou miseric\u00f3rdarias.<\/li>\n<li>A proposta \u00e9 incluir amas em regime livre na frequ\u00eancia gratuita at\u00e9 aos tr\u00eas anos.<\/li>\n<li>Lu\u00edsa Sousa, presidente da APRA, diz que \u00e9 direito da crian\u00e7a que todas as respostas certificadas sejam abrangidas.<\/li>\n<li>A not\u00edcia n\u00e3o refere ainda uma decis\u00e3o ou calend\u00e1rio para a poss\u00edvel inclus\u00e3o.<\/li>\n<\/ul>\n","protected":false},"author":2,"featured_media":392754,"comment_status":"closed","ping_status":"closed","sticky":false,"template":"","format":"standard","meta":{"footnotes":""},"categories":[1],"tags":[6065,4181,1211,6519,5955,3129],"class_list":["post-392748","post","type-post","status-publish","format-standard","has-post-thumbnail","hentry","category-noticias","tag-a-misericordia","tag-acao-social-escolar","tag-apoio-social","tag-creche-familiar","tag-educacao-infantil","tag-ipss"],"yoast_head":"<!-- This site is optimized with the Yoast SEO plugin v27.2 - https:\/\/yoast.com\/product\/yoast-seo-wordpress\/ -->\n<title>AMAS reivindicam integra\u00e7\u00e3o na rede gratuita da Creche Feliz - Portal Tela Portugal<\/title>\n<meta name=\"robots\" content=\"index, follow, max-snippet:-1, max-image-preview:large, max-video-preview:-1\" \/>\n<meta property=\"og:locale\" content=\"pt_PT\" \/>\n<meta property=\"og:type\" content=\"article\" \/>\n<meta property=\"og:title\" content=\"AMAS reivindicam integra\u00e7\u00e3o na rede gratuita da Creche Feliz - Portal Tela Portugal\" \/>\n<meta property=\"og:description\" content=\"Amas em regime livre reivindicam integra\u00e7\u00e3o na rede gratuita Creche Feliz, devido \u00e0 falta de vagas, especialmente no ber\u00e7\u00e1rio. O programa atual abrange apenas amas em creches familiares geridas por IPSS ou miseric\u00f3rdarias. A proposta \u00e9 incluir amas em regime livre na frequ\u00eancia gratuita at\u00e9 aos tr\u00eas anos. Lu\u00edsa Sousa, presidente da APRA, diz que \u00e9 direito da crian\u00e7a que todas as respostas certificadas sejam abrangidas. A not\u00edcia n\u00e3o refere ainda uma decis\u00e3o ou calend\u00e1rio para a poss\u00edvel inclus\u00e3o.\" \/>\n<meta property=\"og:url\" content=\"https:\/\/portaltela.pt\/noticias\/2026\/02\/28\/amas-reivindicam-integracao-na-rede-gratuita-da-creche-feliz\/\" \/>\n<meta property=\"og:site_name\" content=\"Portal Tela Portugal\" \/>\n<meta property=\"article:published_time\" content=\"2026-02-28T23:41:00+00:00\" \/>\n<meta name=\"author\" content=\"Telinha\" \/>\n<meta name=\"twitter:card\" content=\"summary_large_image\" \/>\n<meta name=\"twitter:label1\" content=\"Escrito por\" \/>\n\t<meta name=\"twitter:data1\" content=\"Telinha\" \/>\n\t<meta name=\"twitter:label2\" content=\"Tempo estimado de leitura\" \/>\n\t<meta name=\"twitter:data2\" content=\"1 minuto\" \/>\n<script type=\"application\/ld+json\" class=\"yoast-schema-graph\">{\"@context\":\"https:\/\/schema.org\",\"@graph\":[{\"@type\":\"Article\",\"@id\":\"https:\/\/portaltela.pt\/noticias\/2026\/02\/28\/amas-reivindicam-integracao-na-rede-gratuita-da-creche-feliz\/#article\",\"isPartOf\":{\"@id\":\"https:\/\/portaltela.pt\/noticias\/2026\/02\/28\/amas-reivindicam-integracao-na-rede-gratuita-da-creche-feliz\/\"},\"author\":{\"name\":\"Telinha\",\"@id\":\"https:\/\/portaltela.pt\/#\/schema\/person\/c4278d4a6028830caff9ee44b42d32ed\"},\"headline\":\"AMAS reivindicam integra\u00e7\u00e3o na rede gratuita da Creche Feliz\",\"datePublished\":\"2026-02-28T23:41:00+00:00\",\"mainEntityOfPage\":{\"@id\":\"https:\/\/portaltela.pt\/noticias\/2026\/02\/28\/amas-reivindicam-integracao-na-rede-gratuita-da-creche-feliz\/\"},\"wordCount\":195,\"image\":{\"@id\":\"https:\/\/portaltela.pt\/noticias\/2026\/02\/28\/amas-reivindicam-integracao-na-rede-gratuita-da-creche-feliz\/#primaryimage\"},\"thumbnailUrl\":\"https:\/\/portaltela.pt\/s.01k8rhncp4jt1\/2026\/02\/image-2122.jpg\",\"keywords\":[\"A Miseric\u00f3rdia\",\"A\u00e7\u00e3o Social Escolar\",\"Apoio Social\",\"Creche Familiar\",\"educa\u00e7\u00e3o infantil\",\"IPSS\"],\"articleSection\":[\"Not\u00edcias\"],\"inLanguage\":\"pt-PT\"},{\"@type\":\"WebPage\",\"@id\":\"https:\/\/portaltela.pt\/noticias\/2026\/02\/28\/amas-reivindicam-integracao-na-rede-gratuita-da-creche-feliz\/\",\"url\":\"https:\/\/portaltela.pt\/noticias\/2026\/02\/28\/amas-reivindicam-integracao-na-rede-gratuita-da-creche-feliz\/\",\"name\":\"AMAS reivindicam integra\u00e7\u00e3o na rede gratuita da Creche Feliz - Portal Tela Portugal\",\"isPartOf\":{\"@id\":\"https:\/\/portaltela.pt\/#website\"},\"primaryImageOfPage\":{\"@id\":\"https:\/\/portaltela.pt\/noticias\/2026\/02\/28\/amas-reivindicam-integracao-na-rede-gratuita-da-creche-feliz\/#primaryimage\"},\"image\":{\"@id\":\"https:\/\/portaltela.pt\/noticias\/2026\/02\/28\/amas-reivindicam-integracao-na-rede-gratuita-da-creche-feliz\/#primaryimage\"},\"thumbnailUrl\":\"https:\/\/portaltela.pt\/s.01k8rhncp4jt1\/2026\/02\/image-2122.jpg\",\"datePublished\":\"2026-02-28T23:41:00+00:00\",\"author\":{\"@id\":\"https:\/\/portaltela.pt\/#\/schema\/person\/c4278d4a6028830caff9ee44b42d32ed\"},\"breadcrumb\":{\"@id\":\"https:\/\/portaltela.pt\/noticias\/2026\/02\/28\/amas-reivindicam-integracao-na-rede-gratuita-da-creche-feliz\/#breadcrumb\"},\"inLanguage\":\"pt-PT\",\"potentialAction\":[{\"@type\":\"ReadAction\",\"target\":[\"https:\/\/portaltela.pt\/noticias\/2026\/02\/28\/amas-reivindicam-integracao-na-rede-gratuita-da-creche-feliz\/\"]}]},{\"@type\":\"ImageObject\",\"inLanguage\":\"pt-PT\",\"@id\":\"https:\/\/portaltela.pt\/noticias\/2026\/02\/28\/amas-reivindicam-integracao-na-rede-gratuita-da-creche-feliz\/#primaryimage\",\"url\":\"https:\/\/portaltela.pt\/s.01k8rhncp4jt1\/2026\/02\/image-2122.jpg\",\"contentUrl\":\"https:\/\/portaltela.pt\/s.01k8rhncp4jt1\/2026\/02\/image-2122.jpg\",\"width\":796,\"height\":448,\"caption\":\"Cada ama, com licen\u00e7a da Seguran\u00e7a Social, pode ter at\u00e9 quatro crian\u00e7as em casa\"},{\"@type\":\"BreadcrumbList\",\"@id\":\"https:\/\/portaltela.pt\/noticias\/2026\/02\/28\/amas-reivindicam-integracao-na-rede-gratuita-da-creche-feliz\/#breadcrumb\",\"itemListElement\":[{\"@type\":\"ListItem\",\"position\":1,\"name\":\"In\u00edcio\",\"item\":\"https:\/\/portaltela.pt\/\"},{\"@type\":\"ListItem\",\"position\":2,\"name\":\"AMAS reivindicam integra\u00e7\u00e3o na rede gratuita da Creche Feliz\"}]},{\"@type\":\"WebSite\",\"@id\":\"https:\/\/portaltela.pt\/#website\",\"url\":\"https:\/\/portaltela.pt\/\",\"name\":\"Portal Tela Portugal\",\"description\":\"\",\"potentialAction\":[{\"@type\":\"SearchAction\",\"target\":{\"@type\":\"EntryPoint\",\"urlTemplate\":\"https:\/\/portaltela.pt\/?s={search_term_string}\"},\"query-input\":{\"@type\":\"PropertyValueSpecification\",\"valueRequired\":true,\"valueName\":\"search_term_string\"}}],\"inLanguage\":\"pt-PT\"},{\"@type\":\"Person\",\"@id\":\"https:\/\/portaltela.pt\/#\/schema\/person\/c4278d4a6028830caff9ee44b42d32ed\",\"name\":\"Telinha\",\"image\":{\"@type\":\"ImageObject\",\"inLanguage\":\"pt-PT\",\"@id\":\"https:\/\/portaltela.pt\/s.01k8rhncp4jt1\/2025\/11\/talking-bot-125x125.png\",\"url\":\"https:\/\/portaltela.pt\/s.01k8rhncp4jt1\/2025\/11\/talking-bot-125x125.png\",\"contentUrl\":\"https:\/\/portaltela.pt\/s.01k8rhncp4jt1\/2025\/11\/talking-bot-125x125.png\",\"caption\":\"Telinha\"},\"sameAs\":[\"https:\/\/portaltela.pt\/\"],\"url\":\"https:\/\/portaltela.pt\/por\/367410592786\/\"}]}<\/script>\n<!-- \/ Yoast SEO plugin. -->","yoast_head_json":{"title":"AMAS reivindicam integra\u00e7\u00e3o na rede gratuita da Creche Feliz - Portal Tela Portugal","robots":{"index":"index","follow":"follow","max-snippet":"max-snippet:-1","max-image-preview":"max-image-preview:large","max-video-preview":"max-video-preview:-1"},"og_locale":"pt_PT","og_type":"article","og_title":"AMAS reivindicam integra\u00e7\u00e3o na rede gratuita da Creche Feliz - Portal Tela Portugal","og_description":"Amas em regime livre reivindicam integra\u00e7\u00e3o na rede gratuita Creche Feliz, devido \u00e0 falta de vagas, especialmente no ber\u00e7\u00e1rio. O programa atual abrange apenas amas em creches familiares geridas por IPSS ou miseric\u00f3rdarias. A proposta \u00e9 incluir amas em regime livre na frequ\u00eancia gratuita at\u00e9 aos tr\u00eas anos. Lu\u00edsa Sousa, presidente da APRA, diz que \u00e9 direito da crian\u00e7a que todas as respostas certificadas sejam abrangidas. A not\u00edcia n\u00e3o refere ainda uma decis\u00e3o ou calend\u00e1rio para a poss\u00edvel inclus\u00e3o.","og_url":"https:\/\/portaltela.pt\/noticias\/2026\/02\/28\/amas-reivindicam-integracao-na-rede-gratuita-da-creche-feliz\/","og_site_name":"Portal Tela Portugal","article_published_time":"2026-02-28T23:41:00+00:00","author":"Telinha","twitter_card":"summary_large_image","twitter_misc":{"Escrito por":"Telinha","Tempo estimado de leitura":"1 minuto"},"schema":{"@context":"https:\/\/schema.org","@graph":[{"@type":"Article","@id":"https:\/\/portaltela.pt\/noticias\/2026\/02\/28\/amas-reivindicam-integracao-na-rede-gratuita-da-creche-feliz\/#article","isPartOf":{"@id":"https:\/\/portaltela.pt\/noticias\/2026\/02\/28\/amas-reivindicam-integracao-na-rede-gratuita-da-creche-feliz\/"},"author":{"name":"Telinha","@id":"https:\/\/portaltela.pt\/#\/schema\/person\/c4278d4a6028830caff9ee44b42d32ed"},"headline":"AMAS reivindicam integra\u00e7\u00e3o na rede gratuita da Creche Feliz","datePublished":"2026-02-28T23:41:00+00:00","mainEntityOfPage":{"@id":"https:\/\/portaltela.pt\/noticias\/2026\/02\/28\/amas-reivindicam-integracao-na-rede-gratuita-da-creche-feliz\/"},"wordCount":195,"image":{"@id":"https:\/\/portaltela.pt\/noticias\/2026\/02\/28\/amas-reivindicam-integracao-na-rede-gratuita-da-creche-feliz\/#primaryimage"},"thumbnailUrl":"https:\/\/portaltela.pt\/s.01k8rhncp4jt1\/2026\/02\/image-2122.jpg","keywords":["A Miseric\u00f3rdia","A\u00e7\u00e3o Social Escolar","Apoio Social","Creche Familiar","educa\u00e7\u00e3o infantil","IPSS"],"articleSection":["Not\u00edcias"],"inLanguage":"pt-PT"},{"@type":"WebPage","@id":"https:\/\/portaltela.pt\/noticias\/2026\/02\/28\/amas-reivindicam-integracao-na-rede-gratuita-da-creche-feliz\/","url":"https:\/\/portaltela.pt\/noticias\/2026\/02\/28\/amas-reivindicam-integracao-na-rede-gratuita-da-creche-feliz\/","name":"AMAS reivindicam integra\u00e7\u00e3o na rede gratuita da Creche Feliz - Portal Tela Portugal","isPartOf":{"@id":"https:\/\/portaltela.pt\/#website"},"primaryImageOfPage":{"@id":"https:\/\/portaltela.pt\/noticias\/2026\/02\/28\/amas-reivindicam-integracao-na-rede-gratuita-da-creche-feliz\/#primaryimage"},"image":{"@id":"https:\/\/portaltela.pt\/noticias\/2026\/02\/28\/amas-reivindicam-integracao-na-rede-gratuita-da-creche-feliz\/#primaryimage"},"thumbnailUrl":"https:\/\/portaltela.pt\/s.01k8rhncp4jt1\/2026\/02\/image-2122.jpg","datePublished":"2026-02-28T23:41:00+00:00","author":{"@id":"https:\/\/portaltela.pt\/#\/schema\/person\/c4278d4a6028830caff9ee44b42d32ed"},"breadcrumb":{"@id":"https:\/\/portaltela.pt\/noticias\/2026\/02\/28\/amas-reivindicam-integracao-na-rede-gratuita-da-creche-feliz\/#breadcrumb"},"inLanguage":"pt-PT","potentialAction":[{"@type":"ReadAction","target":["https:\/\/portaltela.pt\/noticias\/2026\/02\/28\/amas-reivindicam-integracao-na-rede-gratuita-da-creche-feliz\/"]}]},{"@type":"ImageObject","inLanguage":"pt-PT","@id":"https:\/\/portaltela.pt\/noticias\/2026\/02\/28\/amas-reivindicam-integracao-na-rede-gratuita-da-creche-feliz\/#primaryimage","url":"https:\/\/portaltela.pt\/s.01k8rhncp4jt1\/2026\/02\/image-2122.jpg","contentUrl":"https:\/\/portaltela.pt\/s.01k8rhncp4jt1\/2026\/02\/image-2122.jpg","width":796,"height":448,"caption":"Cada ama, com licen\u00e7a da Seguran\u00e7a Social, pode ter at\u00e9 quatro crian\u00e7as em casa"},{"@type":"BreadcrumbList","@id":"https:\/\/portaltela.pt\/noticias\/2026\/02\/28\/amas-reivindicam-integracao-na-rede-gratuita-da-creche-feliz\/#breadcrumb","itemListElement":[{"@type":"ListItem","position":1,"name":"In\u00edcio","item":"https:\/\/portaltela.pt\/"},{"@type":"ListItem","position":2,"name":"AMAS reivindicam integra\u00e7\u00e3o na rede gratuita da Creche Feliz"}]},{"@type":"WebSite","@id":"https:\/\/portaltela.pt\/#website","url":"https:\/\/portaltela.pt\/","name":"Portal Tela Portugal","description":"","potentialAction":[{"@type":"SearchAction","target":{"@type":"EntryPoint","urlTemplate":"https:\/\/portaltela.pt\/?s={search_term_string}"},"query-input":{"@type":"PropertyValueSpecification","valueRequired":true,"valueName":"search_term_string"}}],"inLanguage":"pt-PT"},{"@type":"Person","@id":"https:\/\/portaltela.pt\/#\/schema\/person\/c4278d4a6028830caff9ee44b42d32ed","name":"Telinha","image":{"@type":"ImageObject","inLanguage":"pt-PT","@id":"https:\/\/portaltela.pt\/s.01k8rhncp4jt1\/2025\/11\/talking-bot-125x125.png","url":"https:\/\/portaltela.pt\/s.01k8rhncp4jt1\/2025\/11\/talking-bot-125x125.png","contentUrl":"https:\/\/portaltela.pt\/s.01k8rhncp4jt1\/2025\/11\/talking-bot-125x125.png","caption":"Telinha"},"sameAs":["https:\/\/portaltela.pt\/"],"url":"https:\/\/portaltela.pt\/por\/367410592786\/"}]}},"_links":{"self":[{"href":"https:\/\/portaltela.pt\/api\/wp\/v2\/posts\/392748","targetHints":{"allow":["GET"]}}],"collection":[{"href":"https:\/\/portaltela.pt\/api\/wp\/v2\/posts"}],"about":[{"href":"https:\/\/portaltela.pt\/api\/wp\/v2\/types\/post"}],"author":[{"embeddable":true,"href":"https:\/\/portaltela.pt\/api\/wp\/v2\/users\/2"}],"replies":[{"embeddable":true,"href":"https:\/\/portaltela.pt\/api\/wp\/v2\/comments?post=392748"}],"version-history":[{"count":0,"href":"https:\/\/portaltela.pt\/api\/wp\/v2\/posts\/392748\/revisions"}],"wp:featuredmedia":[{"embeddable":true,"href":"https:\/\/portaltela.pt\/api\/wp\/v2\/media\/392754"}],"wp:attachment":[{"href":"https:\/\/portaltela.pt\/api\/wp\/v2\/media?parent=392748"}],"wp:term":[{"taxonomy":"category","embeddable":true,"href":"https:\/\/portaltela.pt\/api\/wp\/v2\/categories?post=392748"},{"taxonomy":"post_tag","embeddable":true,"href":"https:\/\/portaltela.pt\/api\/wp\/v2\/tags?post=392748"}],"curies":[{"name":"wp","href":"https:\/\/api.w.org\/{rel}","templated":true}]}}