{"id":392698,"date":"2026-02-28T19:30:51","date_gmt":"2026-02-28T22:30:51","guid":{"rendered":"https:\/\/portaltela.pt\/noticias\/2026\/02\/28\/lavreshina-bate-recorde-nos-400-m-nos-campeonatos-de-portugal\/"},"modified":"2026-02-28T19:30:51","modified_gmt":"2026-02-28T22:30:51","slug":"lavreshina-bate-recorde-nos-400-m-nos-campeonatos-de-portugal","status":"publish","type":"post","link":"https:\/\/portaltela.pt\/desporto\/2026\/02\/28\/lavreshina-bate-recorde-nos-400-m-nos-campeonatos-de-portugal\/","title":{"rendered":"Lavreshina bate recorde nos 400 m nos Campeonatos de Portugal"},"content":{"rendered":"<p>Sofia Lavreshina fixou hoje um novo recorde nacional dos Campeonatos de Portugal de pista curta nos 400 metros, ao vencer a prova em 52,33 segundos no Forum Braga. A marca substitui os 53,34 existentes desde 2020, atingida por Vera Barbosa. O p\u00f3dio ficou completamente leonino, com Carina Vanessa e Clara Martinha a completarem o top-3.<\/p>\n<p>O Sporting foi a equipa mais titulada no dia de abertura, com sete vit\u00f3rias em 13 provas. Oliveira e atletas de Jardim da Serra, Benfica e GRECAS tamb\u00e9m marcaram presen\u00e7a com conquistas em v\u00e1rias disciplinas. Ainda assim, o destaque ficou para a dupla de sprint masculina do Sporting e o salto em comprimento.<\/p>\n<p>Auriol Dongmo, recordista nacional do peso, venceu com 19,17 metros na sexta e \u00faltima tentativa, garantindo o quinto t\u00edtulo de Portugal na disciplina. Inicialmente, Eliana Bandeira havia assegurado o recorde com 19,21 metros, por\u00e9m a marca foi anulada ap\u00f3s avalia\u00e7\u00e3o, promovendo Bandeira ao segundo lugar.<\/p>\n<p>O primeiro t\u00edtulo masculino do dia coube a Tiago Ramos, do Sporting, com 19,47,81 minutos nos 5.000 metros marcha, ap\u00f3s um terceiro lugar em 2025. Andr\u00e9 Prazeres, do Jardim da Serra, venceu os 60 metros em 6,77 segundos, enquanto Diogo \u00c1vila triunfou nos 1.500 metros para o mesmo clube.<\/p>\n<p>Nos 400 metros femininos, Joao Coelho, do Sporting, n\u00e3o compete; a not\u00edcia aponta Carina Vanessa, com 53,78, como vencedora da prova. O p\u00f3dio feminino incluiu ainda B\u00e1rbara Medeiros (Jardim da Serra) e In\u00eas Alves (Sporting), com tempos pr\u00f3ximos.<\/p>\n<h3>Resultados-chave do dia<\/h3>\n<ul>\n<li>60 metros masculinos: Andr\u00e9 Prazeres (Jardim da Serra), 6,77; 2.\u00ba Carlos Nascimento (Sporting), 6,79; 3.\u00ba Willian Costa (Sporting), 6,81.<\/li>\n<li>Peso feminino: Auriol Dongmo (Sporting), 19,17; Eliana Bandeira, 18,69; J\u00e9ssica Inchude (Sporting), 18,08.<\/li>\n<li>1.500 metros femininos: Maria Avelino (Jardim da Serra), 4,23,34; Mariana Moreira (V\u00e1rzea), 4,23,39; Laura Taborda (Sporting de Braga), 4,26,23.<\/li>\n<li>alongamento masculino: Gerson Bald\u00e9 (Benfica), 8,05; Diogo Meneses (Sporting), 4,70; Celso Almeida (GRECAS), 4,40.<\/li>\n<\/ul>\n<p>O campeonato prossegue at\u00e9 domingo, com mais 17 atletas a candidatar-se a vit\u00f3rias e marcas de qualifica\u00e7\u00e3o direta para os Mundiais indoor em Torun, Pol\u00f3nia. O Forum Braga recebe a segunda metade da competi\u00e7\u00e3o.<\/p>\n","protected":false},"excerpt":{"rendered":"<ul>\n<li>Sofia Lavreshina fixou hoje um novo recorde nacional dos 400 metros em pista curta, ao vencer em 52,33 segundos no Forum Braga, num p\u00f3dio inteiramente leonino com Carina Vanessa e Clara Martinha.<\/li>\n<li>O Sporting foi o clube mais vitorioso no dia de abertura, com sete vit\u00f3rias em treze provas, \u00e0 frente do Jardim da Serra, Benfica e GRECAS, com uma vit\u00f3ria cada.<\/li>\n<li>Auriol Dongmo venceu o peso com 19,17 metros, s\u00e9timo t\u00edtulo de Portugal para a atleta do Sporting; a marca de Eliana Bandeira de 19,21 metros foi considerada nula ap\u00f3s avalia\u00e7\u00e3o.<\/li>\n<li>Tiago Ramos, do Sporting, foi o primeiro atleta masculino a sagrar-se campe\u00e3o hoje, com 19,47,81 minutos nos 5.000 metros marcha; Jo\u00e3o Coelho (Sporting) ganhou os 400 metros em 47,20 segundos.<\/li>\n<li>Outras conquistas portuguesas incluem Rodrigo Alcobia (Benfica) no salto com vara, 5,30 metros, e Marta Lisboeta (Sporting) no salto em altura, 1,72 metros.<\/li>\n<\/ul>\n","protected":false},"author":2,"featured_media":392705,"comment_status":"closed","ping_status":"closed","sticky":false,"template":"","format":"standard","meta":{"footnotes":""},"categories":[21],"tags":[137,1946,1207,5815,6518,1652],"class_list":["post-392698","post","type-post","status-publish","format-standard","has-post-thumbnail","hentry","category-desporto","tag-atletismo","tag-benfica","tag-braga","tag-campeonatos-nacionais","tag-grecas","tag-sporting"],"yoast_head":"<!-- This site is optimized with the Yoast SEO plugin v27.2 - https:\/\/yoast.com\/product\/yoast-seo-wordpress\/ -->\n<title>Lavreshina bate recorde nos 400 m nos Campeonatos de Portugal - Portal Tela Portugal<\/title>\n<meta name=\"robots\" content=\"index, follow, max-snippet:-1, max-image-preview:large, max-video-preview:-1\" \/>\n<meta property=\"og:locale\" content=\"pt_PT\" \/>\n<meta property=\"og:type\" content=\"article\" \/>\n<meta property=\"og:title\" content=\"Lavreshina bate recorde nos 400 m nos Campeonatos de Portugal - Portal Tela Portugal\" \/>\n<meta property=\"og:description\" content=\"Sofia Lavreshina fixou hoje um novo recorde nacional dos 400 metros em pista curta, ao vencer em 52,33 segundos no Forum Braga, num p\u00f3dio inteiramente leonino com Carina Vanessa e Clara Martinha. O Sporting foi o clube mais vitorioso no dia de abertura, com sete vit\u00f3rias em treze provas, \u00e0 frente do Jardim da Serra, Benfica e GRECAS, com uma vit\u00f3ria cada. Auriol Dongmo venceu o peso com 19,17 metros, s\u00e9timo t\u00edtulo de Portugal para a atleta do Sporting; a marca de Eliana Bandeira de 19,21 metros foi considerada nula ap\u00f3s avalia\u00e7\u00e3o. Tiago Ramos, do Sporting, foi o primeiro atleta masculino a sagrar-se campe\u00e3o hoje, com 19,47,81 minutos nos 5.000 metros marcha; Jo\u00e3o Coelho (Sporting) ganhou os 400 metros em 47,20 segundos. Outras conquistas portuguesas incluem Rodrigo Alcobia (Benfica) no salto com vara, 5,30 metros, e Marta Lisboeta (Sporting) no salto em altura, 1,72 metros.\" \/>\n<meta property=\"og:url\" content=\"https:\/\/portaltela.pt\/noticias\/2026\/02\/28\/lavreshina-bate-recorde-nos-400-m-nos-campeonatos-de-portugal\/\" \/>\n<meta property=\"og:site_name\" content=\"Portal Tela Portugal\" \/>\n<meta property=\"article:published_time\" content=\"2026-02-28T22:30:51+00:00\" \/>\n<meta name=\"author\" content=\"Telinha\" \/>\n<meta name=\"twitter:card\" content=\"summary_large_image\" \/>\n<meta name=\"twitter:label1\" content=\"Escrito por\" \/>\n\t<meta name=\"twitter:data1\" content=\"Telinha\" \/>\n\t<meta name=\"twitter:label2\" content=\"Tempo estimado de leitura\" \/>\n\t<meta name=\"twitter:data2\" content=\"2 minutos\" \/>\n<script type=\"application\/ld+json\" class=\"yoast-schema-graph\">{\"@context\":\"https:\/\/schema.org\",\"@graph\":[{\"@type\":\"Article\",\"@id\":\"https:\/\/portaltela.pt\/noticias\/2026\/02\/28\/lavreshina-bate-recorde-nos-400-m-nos-campeonatos-de-portugal\/#article\",\"isPartOf\":{\"@id\":\"https:\/\/portaltela.pt\/noticias\/2026\/02\/28\/lavreshina-bate-recorde-nos-400-m-nos-campeonatos-de-portugal\/\"},\"author\":{\"name\":\"Telinha\",\"@id\":\"https:\/\/portaltela.pt\/#\/schema\/person\/c4278d4a6028830caff9ee44b42d32ed\"},\"headline\":\"Lavreshina bate recorde nos 400 m nos Campeonatos de Portugal\",\"datePublished\":\"2026-02-28T22:30:51+00:00\",\"mainEntityOfPage\":{\"@id\":\"https:\/\/portaltela.pt\/noticias\/2026\/02\/28\/lavreshina-bate-recorde-nos-400-m-nos-campeonatos-de-portugal\/\"},\"wordCount\":342,\"image\":{\"@id\":\"https:\/\/portaltela.pt\/noticias\/2026\/02\/28\/lavreshina-bate-recorde-nos-400-m-nos-campeonatos-de-portugal\/#primaryimage\"},\"thumbnailUrl\":\"https:\/\/portaltela.pt\/s.01k8rhncp4jt1\/2026\/02\/img_920x518uu2026-02-28-22-25-52-2424189.jpg\",\"keywords\":[\"atletismo\",\"Benfica\",\"Braga\",\"Campeonatos Nacionais\",\"GRECAS\",\"Sporting\"],\"articleSection\":[\"Desporto\"],\"inLanguage\":\"pt-PT\"},{\"@type\":\"WebPage\",\"@id\":\"https:\/\/portaltela.pt\/noticias\/2026\/02\/28\/lavreshina-bate-recorde-nos-400-m-nos-campeonatos-de-portugal\/\",\"url\":\"https:\/\/portaltela.pt\/noticias\/2026\/02\/28\/lavreshina-bate-recorde-nos-400-m-nos-campeonatos-de-portugal\/\",\"name\":\"Lavreshina bate recorde nos 400 m nos Campeonatos de Portugal - Portal Tela Portugal\",\"isPartOf\":{\"@id\":\"https:\/\/portaltela.pt\/#website\"},\"primaryImageOfPage\":{\"@id\":\"https:\/\/portaltela.pt\/noticias\/2026\/02\/28\/lavreshina-bate-recorde-nos-400-m-nos-campeonatos-de-portugal\/#primaryimage\"},\"image\":{\"@id\":\"https:\/\/portaltela.pt\/noticias\/2026\/02\/28\/lavreshina-bate-recorde-nos-400-m-nos-campeonatos-de-portugal\/#primaryimage\"},\"thumbnailUrl\":\"https:\/\/portaltela.pt\/s.01k8rhncp4jt1\/2026\/02\/img_920x518uu2026-02-28-22-25-52-2424189.jpg\",\"datePublished\":\"2026-02-28T22:30:51+00:00\",\"author\":{\"@id\":\"https:\/\/portaltela.pt\/#\/schema\/person\/c4278d4a6028830caff9ee44b42d32ed\"},\"breadcrumb\":{\"@id\":\"https:\/\/portaltela.pt\/noticias\/2026\/02\/28\/lavreshina-bate-recorde-nos-400-m-nos-campeonatos-de-portugal\/#breadcrumb\"},\"inLanguage\":\"pt-PT\",\"potentialAction\":[{\"@type\":\"ReadAction\",\"target\":[\"https:\/\/portaltela.pt\/noticias\/2026\/02\/28\/lavreshina-bate-recorde-nos-400-m-nos-campeonatos-de-portugal\/\"]}]},{\"@type\":\"ImageObject\",\"inLanguage\":\"pt-PT\",\"@id\":\"https:\/\/portaltela.pt\/noticias\/2026\/02\/28\/lavreshina-bate-recorde-nos-400-m-nos-campeonatos-de-portugal\/#primaryimage\",\"url\":\"https:\/\/portaltela.pt\/s.01k8rhncp4jt1\/2026\/02\/img_920x518uu2026-02-28-22-25-52-2424189.jpg\",\"contentUrl\":\"https:\/\/portaltela.pt\/s.01k8rhncp4jt1\/2026\/02\/img_920x518uu2026-02-28-22-25-52-2424189.jpg\",\"width\":796,\"height\":448,\"caption\":\"Lavreshina continua a bater recordes\"},{\"@type\":\"BreadcrumbList\",\"@id\":\"https:\/\/portaltela.pt\/noticias\/2026\/02\/28\/lavreshina-bate-recorde-nos-400-m-nos-campeonatos-de-portugal\/#breadcrumb\",\"itemListElement\":[{\"@type\":\"ListItem\",\"position\":1,\"name\":\"In\u00edcio\",\"item\":\"https:\/\/portaltela.pt\/\"},{\"@type\":\"ListItem\",\"position\":2,\"name\":\"Lavreshina bate recorde nos 400 m nos Campeonatos de Portugal\"}]},{\"@type\":\"WebSite\",\"@id\":\"https:\/\/portaltela.pt\/#website\",\"url\":\"https:\/\/portaltela.pt\/\",\"name\":\"Portal Tela Portugal\",\"description\":\"\",\"potentialAction\":[{\"@type\":\"SearchAction\",\"target\":{\"@type\":\"EntryPoint\",\"urlTemplate\":\"https:\/\/portaltela.pt\/?s={search_term_string}\"},\"query-input\":{\"@type\":\"PropertyValueSpecification\",\"valueRequired\":true,\"valueName\":\"search_term_string\"}}],\"inLanguage\":\"pt-PT\"},{\"@type\":\"Person\",\"@id\":\"https:\/\/portaltela.pt\/#\/schema\/person\/c4278d4a6028830caff9ee44b42d32ed\",\"name\":\"Telinha\",\"image\":{\"@type\":\"ImageObject\",\"inLanguage\":\"pt-PT\",\"@id\":\"https:\/\/portaltela.pt\/s.01k8rhncp4jt1\/2025\/11\/talking-bot-125x125.png\",\"url\":\"https:\/\/portaltela.pt\/s.01k8rhncp4jt1\/2025\/11\/talking-bot-125x125.png\",\"contentUrl\":\"https:\/\/portaltela.pt\/s.01k8rhncp4jt1\/2025\/11\/talking-bot-125x125.png\",\"caption\":\"Telinha\"},\"sameAs\":[\"https:\/\/portaltela.pt\/\"],\"url\":\"https:\/\/portaltela.pt\/por\/367410592786\/\"}]}<\/script>\n<!-- \/ Yoast SEO plugin. -->","yoast_head_json":{"title":"Lavreshina bate recorde nos 400 m nos Campeonatos de Portugal - Portal Tela Portugal","robots":{"index":"index","follow":"follow","max-snippet":"max-snippet:-1","max-image-preview":"max-image-preview:large","max-video-preview":"max-video-preview:-1"},"og_locale":"pt_PT","og_type":"article","og_title":"Lavreshina bate recorde nos 400 m nos Campeonatos de Portugal - Portal Tela Portugal","og_description":"Sofia Lavreshina fixou hoje um novo recorde nacional dos 400 metros em pista curta, ao vencer em 52,33 segundos no Forum Braga, num p\u00f3dio inteiramente leonino com Carina Vanessa e Clara Martinha. O Sporting foi o clube mais vitorioso no dia de abertura, com sete vit\u00f3rias em treze provas, \u00e0 frente do Jardim da Serra, Benfica e GRECAS, com uma vit\u00f3ria cada. Auriol Dongmo venceu o peso com 19,17 metros, s\u00e9timo t\u00edtulo de Portugal para a atleta do Sporting; a marca de Eliana Bandeira de 19,21 metros foi considerada nula ap\u00f3s avalia\u00e7\u00e3o. Tiago Ramos, do Sporting, foi o primeiro atleta masculino a sagrar-se campe\u00e3o hoje, com 19,47,81 minutos nos 5.000 metros marcha; Jo\u00e3o Coelho (Sporting) ganhou os 400 metros em 47,20 segundos. Outras conquistas portuguesas incluem Rodrigo Alcobia (Benfica) no salto com vara, 5,30 metros, e Marta Lisboeta (Sporting) no salto em altura, 1,72 metros.","og_url":"https:\/\/portaltela.pt\/noticias\/2026\/02\/28\/lavreshina-bate-recorde-nos-400-m-nos-campeonatos-de-portugal\/","og_site_name":"Portal Tela Portugal","article_published_time":"2026-02-28T22:30:51+00:00","author":"Telinha","twitter_card":"summary_large_image","twitter_misc":{"Escrito por":"Telinha","Tempo estimado de leitura":"2 minutos"},"schema":{"@context":"https:\/\/schema.org","@graph":[{"@type":"Article","@id":"https:\/\/portaltela.pt\/noticias\/2026\/02\/28\/lavreshina-bate-recorde-nos-400-m-nos-campeonatos-de-portugal\/#article","isPartOf":{"@id":"https:\/\/portaltela.pt\/noticias\/2026\/02\/28\/lavreshina-bate-recorde-nos-400-m-nos-campeonatos-de-portugal\/"},"author":{"name":"Telinha","@id":"https:\/\/portaltela.pt\/#\/schema\/person\/c4278d4a6028830caff9ee44b42d32ed"},"headline":"Lavreshina bate recorde nos 400 m nos Campeonatos de Portugal","datePublished":"2026-02-28T22:30:51+00:00","mainEntityOfPage":{"@id":"https:\/\/portaltela.pt\/noticias\/2026\/02\/28\/lavreshina-bate-recorde-nos-400-m-nos-campeonatos-de-portugal\/"},"wordCount":342,"image":{"@id":"https:\/\/portaltela.pt\/noticias\/2026\/02\/28\/lavreshina-bate-recorde-nos-400-m-nos-campeonatos-de-portugal\/#primaryimage"},"thumbnailUrl":"https:\/\/portaltela.pt\/s.01k8rhncp4jt1\/2026\/02\/img_920x518uu2026-02-28-22-25-52-2424189.jpg","keywords":["atletismo","Benfica","Braga","Campeonatos Nacionais","GRECAS","Sporting"],"articleSection":["Desporto"],"inLanguage":"pt-PT"},{"@type":"WebPage","@id":"https:\/\/portaltela.pt\/noticias\/2026\/02\/28\/lavreshina-bate-recorde-nos-400-m-nos-campeonatos-de-portugal\/","url":"https:\/\/portaltela.pt\/noticias\/2026\/02\/28\/lavreshina-bate-recorde-nos-400-m-nos-campeonatos-de-portugal\/","name":"Lavreshina bate recorde nos 400 m nos Campeonatos de Portugal - Portal Tela Portugal","isPartOf":{"@id":"https:\/\/portaltela.pt\/#website"},"primaryImageOfPage":{"@id":"https:\/\/portaltela.pt\/noticias\/2026\/02\/28\/lavreshina-bate-recorde-nos-400-m-nos-campeonatos-de-portugal\/#primaryimage"},"image":{"@id":"https:\/\/portaltela.pt\/noticias\/2026\/02\/28\/lavreshina-bate-recorde-nos-400-m-nos-campeonatos-de-portugal\/#primaryimage"},"thumbnailUrl":"https:\/\/portaltela.pt\/s.01k8rhncp4jt1\/2026\/02\/img_920x518uu2026-02-28-22-25-52-2424189.jpg","datePublished":"2026-02-28T22:30:51+00:00","author":{"@id":"https:\/\/portaltela.pt\/#\/schema\/person\/c4278d4a6028830caff9ee44b42d32ed"},"breadcrumb":{"@id":"https:\/\/portaltela.pt\/noticias\/2026\/02\/28\/lavreshina-bate-recorde-nos-400-m-nos-campeonatos-de-portugal\/#breadcrumb"},"inLanguage":"pt-PT","potentialAction":[{"@type":"ReadAction","target":["https:\/\/portaltela.pt\/noticias\/2026\/02\/28\/lavreshina-bate-recorde-nos-400-m-nos-campeonatos-de-portugal\/"]}]},{"@type":"ImageObject","inLanguage":"pt-PT","@id":"https:\/\/portaltela.pt\/noticias\/2026\/02\/28\/lavreshina-bate-recorde-nos-400-m-nos-campeonatos-de-portugal\/#primaryimage","url":"https:\/\/portaltela.pt\/s.01k8rhncp4jt1\/2026\/02\/img_920x518uu2026-02-28-22-25-52-2424189.jpg","contentUrl":"https:\/\/portaltela.pt\/s.01k8rhncp4jt1\/2026\/02\/img_920x518uu2026-02-28-22-25-52-2424189.jpg","width":796,"height":448,"caption":"Lavreshina continua a bater recordes"},{"@type":"BreadcrumbList","@id":"https:\/\/portaltela.pt\/noticias\/2026\/02\/28\/lavreshina-bate-recorde-nos-400-m-nos-campeonatos-de-portugal\/#breadcrumb","itemListElement":[{"@type":"ListItem","position":1,"name":"In\u00edcio","item":"https:\/\/portaltela.pt\/"},{"@type":"ListItem","position":2,"name":"Lavreshina bate recorde nos 400 m nos Campeonatos de Portugal"}]},{"@type":"WebSite","@id":"https:\/\/portaltela.pt\/#website","url":"https:\/\/portaltela.pt\/","name":"Portal Tela Portugal","description":"","potentialAction":[{"@type":"SearchAction","target":{"@type":"EntryPoint","urlTemplate":"https:\/\/portaltela.pt\/?s={search_term_string}"},"query-input":{"@type":"PropertyValueSpecification","valueRequired":true,"valueName":"search_term_string"}}],"inLanguage":"pt-PT"},{"@type":"Person","@id":"https:\/\/portaltela.pt\/#\/schema\/person\/c4278d4a6028830caff9ee44b42d32ed","name":"Telinha","image":{"@type":"ImageObject","inLanguage":"pt-PT","@id":"https:\/\/portaltela.pt\/s.01k8rhncp4jt1\/2025\/11\/talking-bot-125x125.png","url":"https:\/\/portaltela.pt\/s.01k8rhncp4jt1\/2025\/11\/talking-bot-125x125.png","contentUrl":"https:\/\/portaltela.pt\/s.01k8rhncp4jt1\/2025\/11\/talking-bot-125x125.png","caption":"Telinha"},"sameAs":["https:\/\/portaltela.pt\/"],"url":"https:\/\/portaltela.pt\/por\/367410592786\/"}]}},"_links":{"self":[{"href":"https:\/\/portaltela.pt\/api\/wp\/v2\/posts\/392698","targetHints":{"allow":["GET"]}}],"collection":[{"href":"https:\/\/portaltela.pt\/api\/wp\/v2\/posts"}],"about":[{"href":"https:\/\/portaltela.pt\/api\/wp\/v2\/types\/post"}],"author":[{"embeddable":true,"href":"https:\/\/portaltela.pt\/api\/wp\/v2\/users\/2"}],"replies":[{"embeddable":true,"href":"https:\/\/portaltela.pt\/api\/wp\/v2\/comments?post=392698"}],"version-history":[{"count":0,"href":"https:\/\/portaltela.pt\/api\/wp\/v2\/posts\/392698\/revisions"}],"wp:featuredmedia":[{"embeddable":true,"href":"https:\/\/portaltela.pt\/api\/wp\/v2\/media\/392705"}],"wp:attachment":[{"href":"https:\/\/portaltela.pt\/api\/wp\/v2\/media?parent=392698"}],"wp:term":[{"taxonomy":"category","embeddable":true,"href":"https:\/\/portaltela.pt\/api\/wp\/v2\/categories?post=392698"},{"taxonomy":"post_tag","embeddable":true,"href":"https:\/\/portaltela.pt\/api\/wp\/v2\/tags?post=392698"}],"curies":[{"name":"wp","href":"https:\/\/api.w.org\/{rel}","templated":true}]}}