{"id":392688,"date":"2026-02-28T19:14:00","date_gmt":"2026-02-28T22:14:00","guid":{"rendered":"https:\/\/portaltela.pt\/noticias\/2026\/02\/28\/s-c-regua-boavista-final-de-juniores-terminou-com-invasao-de-campo\/"},"modified":"2026-02-28T19:14:00","modified_gmt":"2026-02-28T22:14:00","slug":"s-c-regua-boavista-final-de-juniores-terminou-com-invasao-de-campo","status":"publish","type":"post","link":"https:\/\/portaltela.pt\/desporto\/futebol\/2026\/02\/28\/s-c-regua-boavista-final-de-juniores-terminou-com-invasao-de-campo\/","title":{"rendered":"S. C. R\u00e9gua-Boavista: final de juniores terminou com invas\u00e3o de campo"},"content":{"rendered":"<p>O SC R\u00e9gua venceu o Boavista por 2-1, em jogo da sexta jornada da fase de manuten\u00e7\u00e3o da II Divis\u00e3o de Sub-17. A partida realizou-se no Est\u00e1dio Municipal Artur Vasques Os\u00f3rio, no Peso da R\u00e9gua. O resultado manteve a equipa da casa no embate pela perman\u00eancia no campeonato.<\/p>\n<p>O encontro foi marcado por v\u00e1rias alterca\u00e7\u00f5es entre jogadores das duas equipas no final do tempo regulamentar. Segundo o SC R\u00e9gua, ocorreram empurr\u00f5es entre atletas, e dois adeptos do Boavista entraram em campo para impedir a situa\u00e7\u00e3o. Em resposta, dois atletas do R\u00e9gua tamb\u00e9m entraram em campo.<\/p>\n<p>Segundo o Boavista, houve entrada de pais do Boavista em campo ap\u00f3s invas\u00f5es de adeptos do R\u00e9gua no relvado. O clube axadrezado expressou descontentamento com o incidente, mantendo a necessidade de prevenir novas agress\u00f5es.<\/p>\n<p>A seguran\u00e7a do jogo foi assegurada por Pontos de Contacto de Seguran\u00e7a (PCS) da equipa da casa, j\u00e1 que n\u00e3o era obrigat\u00f3ria a presen\u00e7a de pol\u00edcias para este tipo de encontro. O clubismo n\u00e3o foi invocado como raz\u00e3o para a interven\u00e7\u00e3o dos presentes.<\/p>\n<p>O \u00e1rbitro do encontro j\u00e1 tinha levado a cabo as determina\u00e7\u00f5es habituais de gest\u00e3o de ocorr\u00eancias, sem necessidade de medidas adicionais anunciadas ao corpo t\u00e9cnico. A organiza\u00e7\u00e3o do estadio assegurou que o jogo decorreu at\u00e9 ao fim com normalidade relativa.<\/p>\n","protected":false},"excerpt":{"rendered":"<ul>\n<li>O SC R\u00e9gua recebeu e venceu o Boavista por duas bolas a uma, na sexta jornada da fase de manuten\u00e7\u00e3o da segunda divis\u00e3o de sub-17, no Est\u00e1dio Municipal Artur Vasques Os\u00f3rio, na R\u00e9gua.<\/li>\n<li>No final do encontro, houve confus\u00e3o entre jogadores e invas\u00e3o de campo entre adeptos das duas equipas.<\/li>\n<li>Uma fonte do R\u00e9gua afirmou que houve empurr\u00f5es entre jogadores, e que dois adeptos do Boavista entraram em campo para impedir a confus\u00e3o, seguidos por dois adeptos do R\u00e9gua.<\/li>\n<li>O Boavista confirmou invas\u00e3o de adeptos do clube e que houve pais de atletas do Boavista presentes; ambos os clubes lamentam o incidente.<\/li>\n<li>A seguran\u00e7a foi assegurada por pontos de contacto de seguran\u00e7a da equipa da casa, n\u00e3o sendo necess\u00e1rio policiamento adicional para o jogo.<\/li>\n<\/ul>\n","protected":false},"author":2,"featured_media":392692,"comment_status":"closed","ping_status":"closed","sticky":false,"template":"","format":"standard","meta":{"footnotes":""},"categories":[21,24],"tags":[4242,2533,32,4163,5096,1391],"class_list":["post-392688","post","type-post","status-publish","format-standard","has-post-thumbnail","hentry","category-desporto","category-futebol","tag-2-a-divisao","tag-adeptos","tag-futebol","tag-juniores","tag-peso-da-regua","tag-regua"],"yoast_head":"<!-- This site is optimized with the Yoast SEO plugin v27.2 - https:\/\/yoast.com\/product\/yoast-seo-wordpress\/ -->\n<title>S. C. R\u00e9gua-Boavista: final de juniores terminou com invas\u00e3o de campo - Portal Tela Portugal<\/title>\n<meta name=\"robots\" content=\"index, follow, max-snippet:-1, max-image-preview:large, max-video-preview:-1\" \/>\n<meta property=\"og:locale\" content=\"pt_PT\" \/>\n<meta property=\"og:type\" content=\"article\" \/>\n<meta property=\"og:title\" content=\"S. C. R\u00e9gua-Boavista: final de juniores terminou com invas\u00e3o de campo - Portal Tela Portugal\" \/>\n<meta property=\"og:description\" content=\"O SC R\u00e9gua recebeu e venceu o Boavista por duas bolas a uma, na sexta jornada da fase de manuten\u00e7\u00e3o da segunda divis\u00e3o de sub-17, no Est\u00e1dio Municipal Artur Vasques Os\u00f3rio, na R\u00e9gua. No final do encontro, houve confus\u00e3o entre jogadores e invas\u00e3o de campo entre adeptos das duas equipas. Uma fonte do R\u00e9gua afirmou que houve empurr\u00f5es entre jogadores, e que dois adeptos do Boavista entraram em campo para impedir a confus\u00e3o, seguidos por dois adeptos do R\u00e9gua. O Boavista confirmou invas\u00e3o de adeptos do clube e que houve pais de atletas do Boavista presentes; ambos os clubes lamentam o incidente. A seguran\u00e7a foi assegurada por pontos de contacto de seguran\u00e7a da equipa da casa, n\u00e3o sendo necess\u00e1rio policiamento adicional para o jogo.\" \/>\n<meta property=\"og:url\" content=\"https:\/\/portaltela.pt\/noticias\/2026\/02\/28\/s-c-regua-boavista-final-de-juniores-terminou-com-invasao-de-campo\/\" \/>\n<meta property=\"og:site_name\" content=\"Portal Tela Portugal\" \/>\n<meta property=\"article:published_time\" content=\"2026-02-28T22:14:00+00:00\" \/>\n<meta name=\"author\" content=\"Telinha\" \/>\n<meta name=\"twitter:card\" content=\"summary_large_image\" \/>\n<meta name=\"twitter:label1\" content=\"Escrito por\" \/>\n\t<meta name=\"twitter:data1\" content=\"Telinha\" \/>\n\t<meta name=\"twitter:label2\" content=\"Tempo estimado de leitura\" \/>\n\t<meta name=\"twitter:data2\" content=\"1 minuto\" \/>\n<script type=\"application\/ld+json\" class=\"yoast-schema-graph\">{\"@context\":\"https:\/\/schema.org\",\"@graph\":[{\"@type\":\"Article\",\"@id\":\"https:\/\/portaltela.pt\/noticias\/2026\/02\/28\/s-c-regua-boavista-final-de-juniores-terminou-com-invasao-de-campo\/#article\",\"isPartOf\":{\"@id\":\"https:\/\/portaltela.pt\/noticias\/2026\/02\/28\/s-c-regua-boavista-final-de-juniores-terminou-com-invasao-de-campo\/\"},\"author\":{\"name\":\"Telinha\",\"@id\":\"https:\/\/portaltela.pt\/#\/schema\/person\/c4278d4a6028830caff9ee44b42d32ed\"},\"headline\":\"S. C. R\u00e9gua-Boavista: final de juniores terminou com invas\u00e3o de campo\",\"datePublished\":\"2026-02-28T22:14:00+00:00\",\"mainEntityOfPage\":{\"@id\":\"https:\/\/portaltela.pt\/noticias\/2026\/02\/28\/s-c-regua-boavista-final-de-juniores-terminou-com-invasao-de-campo\/\"},\"wordCount\":257,\"image\":{\"@id\":\"https:\/\/portaltela.pt\/noticias\/2026\/02\/28\/s-c-regua-boavista-final-de-juniores-terminou-com-invasao-de-campo\/#primaryimage\"},\"thumbnailUrl\":\"https:\/\/portaltela.pt\/s.01k8rhncp4jt1\/2026\/02\/image-2117.jpg\",\"keywords\":[\"2.\u00aa Divis\u00e3o\",\"adeptos\",\"futebol\",\"juniores\",\"Peso da R\u00e9gua\",\"R\u00e9gua\"],\"articleSection\":[\"Desporto\",\"Futebol\"],\"inLanguage\":\"pt-PT\"},{\"@type\":\"WebPage\",\"@id\":\"https:\/\/portaltela.pt\/noticias\/2026\/02\/28\/s-c-regua-boavista-final-de-juniores-terminou-com-invasao-de-campo\/\",\"url\":\"https:\/\/portaltela.pt\/noticias\/2026\/02\/28\/s-c-regua-boavista-final-de-juniores-terminou-com-invasao-de-campo\/\",\"name\":\"S. C. R\u00e9gua-Boavista: final de juniores terminou com invas\u00e3o de campo - Portal Tela Portugal\",\"isPartOf\":{\"@id\":\"https:\/\/portaltela.pt\/#website\"},\"primaryImageOfPage\":{\"@id\":\"https:\/\/portaltela.pt\/noticias\/2026\/02\/28\/s-c-regua-boavista-final-de-juniores-terminou-com-invasao-de-campo\/#primaryimage\"},\"image\":{\"@id\":\"https:\/\/portaltela.pt\/noticias\/2026\/02\/28\/s-c-regua-boavista-final-de-juniores-terminou-com-invasao-de-campo\/#primaryimage\"},\"thumbnailUrl\":\"https:\/\/portaltela.pt\/s.01k8rhncp4jt1\/2026\/02\/image-2117.jpg\",\"datePublished\":\"2026-02-28T22:14:00+00:00\",\"author\":{\"@id\":\"https:\/\/portaltela.pt\/#\/schema\/person\/c4278d4a6028830caff9ee44b42d32ed\"},\"breadcrumb\":{\"@id\":\"https:\/\/portaltela.pt\/noticias\/2026\/02\/28\/s-c-regua-boavista-final-de-juniores-terminou-com-invasao-de-campo\/#breadcrumb\"},\"inLanguage\":\"pt-PT\",\"potentialAction\":[{\"@type\":\"ReadAction\",\"target\":[\"https:\/\/portaltela.pt\/noticias\/2026\/02\/28\/s-c-regua-boavista-final-de-juniores-terminou-com-invasao-de-campo\/\"]}]},{\"@type\":\"ImageObject\",\"inLanguage\":\"pt-PT\",\"@id\":\"https:\/\/portaltela.pt\/noticias\/2026\/02\/28\/s-c-regua-boavista-final-de-juniores-terminou-com-invasao-de-campo\/#primaryimage\",\"url\":\"https:\/\/portaltela.pt\/s.01k8rhncp4jt1\/2026\/02\/image-2117.jpg\",\"contentUrl\":\"https:\/\/portaltela.pt\/s.01k8rhncp4jt1\/2026\/02\/image-2117.jpg\",\"width\":796,\"height\":448,\"caption\":\"Imagem de contexto do artigo S. C. R\u00e9gua - Boavista das camadas jovens termina com confus\u00e3o e invas\u00e3o de campo\"},{\"@type\":\"BreadcrumbList\",\"@id\":\"https:\/\/portaltela.pt\/noticias\/2026\/02\/28\/s-c-regua-boavista-final-de-juniores-terminou-com-invasao-de-campo\/#breadcrumb\",\"itemListElement\":[{\"@type\":\"ListItem\",\"position\":1,\"name\":\"In\u00edcio\",\"item\":\"https:\/\/portaltela.pt\/\"},{\"@type\":\"ListItem\",\"position\":2,\"name\":\"S. C. R\u00e9gua-Boavista: final de juniores terminou com invas\u00e3o de campo\"}]},{\"@type\":\"WebSite\",\"@id\":\"https:\/\/portaltela.pt\/#website\",\"url\":\"https:\/\/portaltela.pt\/\",\"name\":\"Portal Tela Portugal\",\"description\":\"\",\"potentialAction\":[{\"@type\":\"SearchAction\",\"target\":{\"@type\":\"EntryPoint\",\"urlTemplate\":\"https:\/\/portaltela.pt\/?s={search_term_string}\"},\"query-input\":{\"@type\":\"PropertyValueSpecification\",\"valueRequired\":true,\"valueName\":\"search_term_string\"}}],\"inLanguage\":\"pt-PT\"},{\"@type\":\"Person\",\"@id\":\"https:\/\/portaltela.pt\/#\/schema\/person\/c4278d4a6028830caff9ee44b42d32ed\",\"name\":\"Telinha\",\"image\":{\"@type\":\"ImageObject\",\"inLanguage\":\"pt-PT\",\"@id\":\"https:\/\/portaltela.pt\/s.01k8rhncp4jt1\/2025\/11\/talking-bot-125x125.png\",\"url\":\"https:\/\/portaltela.pt\/s.01k8rhncp4jt1\/2025\/11\/talking-bot-125x125.png\",\"contentUrl\":\"https:\/\/portaltela.pt\/s.01k8rhncp4jt1\/2025\/11\/talking-bot-125x125.png\",\"caption\":\"Telinha\"},\"sameAs\":[\"https:\/\/portaltela.pt\/\"],\"url\":\"https:\/\/portaltela.pt\/por\/367410592786\/\"}]}<\/script>\n<!-- \/ Yoast SEO plugin. -->","yoast_head_json":{"title":"S. C. R\u00e9gua-Boavista: final de juniores terminou com invas\u00e3o de campo - Portal Tela Portugal","robots":{"index":"index","follow":"follow","max-snippet":"max-snippet:-1","max-image-preview":"max-image-preview:large","max-video-preview":"max-video-preview:-1"},"og_locale":"pt_PT","og_type":"article","og_title":"S. C. R\u00e9gua-Boavista: final de juniores terminou com invas\u00e3o de campo - Portal Tela Portugal","og_description":"O SC R\u00e9gua recebeu e venceu o Boavista por duas bolas a uma, na sexta jornada da fase de manuten\u00e7\u00e3o da segunda divis\u00e3o de sub-17, no Est\u00e1dio Municipal Artur Vasques Os\u00f3rio, na R\u00e9gua. No final do encontro, houve confus\u00e3o entre jogadores e invas\u00e3o de campo entre adeptos das duas equipas. Uma fonte do R\u00e9gua afirmou que houve empurr\u00f5es entre jogadores, e que dois adeptos do Boavista entraram em campo para impedir a confus\u00e3o, seguidos por dois adeptos do R\u00e9gua. O Boavista confirmou invas\u00e3o de adeptos do clube e que houve pais de atletas do Boavista presentes; ambos os clubes lamentam o incidente. A seguran\u00e7a foi assegurada por pontos de contacto de seguran\u00e7a da equipa da casa, n\u00e3o sendo necess\u00e1rio policiamento adicional para o jogo.","og_url":"https:\/\/portaltela.pt\/noticias\/2026\/02\/28\/s-c-regua-boavista-final-de-juniores-terminou-com-invasao-de-campo\/","og_site_name":"Portal Tela Portugal","article_published_time":"2026-02-28T22:14:00+00:00","author":"Telinha","twitter_card":"summary_large_image","twitter_misc":{"Escrito por":"Telinha","Tempo estimado de leitura":"1 minuto"},"schema":{"@context":"https:\/\/schema.org","@graph":[{"@type":"Article","@id":"https:\/\/portaltela.pt\/noticias\/2026\/02\/28\/s-c-regua-boavista-final-de-juniores-terminou-com-invasao-de-campo\/#article","isPartOf":{"@id":"https:\/\/portaltela.pt\/noticias\/2026\/02\/28\/s-c-regua-boavista-final-de-juniores-terminou-com-invasao-de-campo\/"},"author":{"name":"Telinha","@id":"https:\/\/portaltela.pt\/#\/schema\/person\/c4278d4a6028830caff9ee44b42d32ed"},"headline":"S. C. R\u00e9gua-Boavista: final de juniores terminou com invas\u00e3o de campo","datePublished":"2026-02-28T22:14:00+00:00","mainEntityOfPage":{"@id":"https:\/\/portaltela.pt\/noticias\/2026\/02\/28\/s-c-regua-boavista-final-de-juniores-terminou-com-invasao-de-campo\/"},"wordCount":257,"image":{"@id":"https:\/\/portaltela.pt\/noticias\/2026\/02\/28\/s-c-regua-boavista-final-de-juniores-terminou-com-invasao-de-campo\/#primaryimage"},"thumbnailUrl":"https:\/\/portaltela.pt\/s.01k8rhncp4jt1\/2026\/02\/image-2117.jpg","keywords":["2.\u00aa Divis\u00e3o","adeptos","futebol","juniores","Peso da R\u00e9gua","R\u00e9gua"],"articleSection":["Desporto","Futebol"],"inLanguage":"pt-PT"},{"@type":"WebPage","@id":"https:\/\/portaltela.pt\/noticias\/2026\/02\/28\/s-c-regua-boavista-final-de-juniores-terminou-com-invasao-de-campo\/","url":"https:\/\/portaltela.pt\/noticias\/2026\/02\/28\/s-c-regua-boavista-final-de-juniores-terminou-com-invasao-de-campo\/","name":"S. C. R\u00e9gua-Boavista: final de juniores terminou com invas\u00e3o de campo - Portal Tela Portugal","isPartOf":{"@id":"https:\/\/portaltela.pt\/#website"},"primaryImageOfPage":{"@id":"https:\/\/portaltela.pt\/noticias\/2026\/02\/28\/s-c-regua-boavista-final-de-juniores-terminou-com-invasao-de-campo\/#primaryimage"},"image":{"@id":"https:\/\/portaltela.pt\/noticias\/2026\/02\/28\/s-c-regua-boavista-final-de-juniores-terminou-com-invasao-de-campo\/#primaryimage"},"thumbnailUrl":"https:\/\/portaltela.pt\/s.01k8rhncp4jt1\/2026\/02\/image-2117.jpg","datePublished":"2026-02-28T22:14:00+00:00","author":{"@id":"https:\/\/portaltela.pt\/#\/schema\/person\/c4278d4a6028830caff9ee44b42d32ed"},"breadcrumb":{"@id":"https:\/\/portaltela.pt\/noticias\/2026\/02\/28\/s-c-regua-boavista-final-de-juniores-terminou-com-invasao-de-campo\/#breadcrumb"},"inLanguage":"pt-PT","potentialAction":[{"@type":"ReadAction","target":["https:\/\/portaltela.pt\/noticias\/2026\/02\/28\/s-c-regua-boavista-final-de-juniores-terminou-com-invasao-de-campo\/"]}]},{"@type":"ImageObject","inLanguage":"pt-PT","@id":"https:\/\/portaltela.pt\/noticias\/2026\/02\/28\/s-c-regua-boavista-final-de-juniores-terminou-com-invasao-de-campo\/#primaryimage","url":"https:\/\/portaltela.pt\/s.01k8rhncp4jt1\/2026\/02\/image-2117.jpg","contentUrl":"https:\/\/portaltela.pt\/s.01k8rhncp4jt1\/2026\/02\/image-2117.jpg","width":796,"height":448,"caption":"Imagem de contexto do artigo S. C. R\u00e9gua - Boavista das camadas jovens termina com confus\u00e3o e invas\u00e3o de campo"},{"@type":"BreadcrumbList","@id":"https:\/\/portaltela.pt\/noticias\/2026\/02\/28\/s-c-regua-boavista-final-de-juniores-terminou-com-invasao-de-campo\/#breadcrumb","itemListElement":[{"@type":"ListItem","position":1,"name":"In\u00edcio","item":"https:\/\/portaltela.pt\/"},{"@type":"ListItem","position":2,"name":"S. C. R\u00e9gua-Boavista: final de juniores terminou com invas\u00e3o de campo"}]},{"@type":"WebSite","@id":"https:\/\/portaltela.pt\/#website","url":"https:\/\/portaltela.pt\/","name":"Portal Tela Portugal","description":"","potentialAction":[{"@type":"SearchAction","target":{"@type":"EntryPoint","urlTemplate":"https:\/\/portaltela.pt\/?s={search_term_string}"},"query-input":{"@type":"PropertyValueSpecification","valueRequired":true,"valueName":"search_term_string"}}],"inLanguage":"pt-PT"},{"@type":"Person","@id":"https:\/\/portaltela.pt\/#\/schema\/person\/c4278d4a6028830caff9ee44b42d32ed","name":"Telinha","image":{"@type":"ImageObject","inLanguage":"pt-PT","@id":"https:\/\/portaltela.pt\/s.01k8rhncp4jt1\/2025\/11\/talking-bot-125x125.png","url":"https:\/\/portaltela.pt\/s.01k8rhncp4jt1\/2025\/11\/talking-bot-125x125.png","contentUrl":"https:\/\/portaltela.pt\/s.01k8rhncp4jt1\/2025\/11\/talking-bot-125x125.png","caption":"Telinha"},"sameAs":["https:\/\/portaltela.pt\/"],"url":"https:\/\/portaltela.pt\/por\/367410592786\/"}]}},"_links":{"self":[{"href":"https:\/\/portaltela.pt\/api\/wp\/v2\/posts\/392688","targetHints":{"allow":["GET"]}}],"collection":[{"href":"https:\/\/portaltela.pt\/api\/wp\/v2\/posts"}],"about":[{"href":"https:\/\/portaltela.pt\/api\/wp\/v2\/types\/post"}],"author":[{"embeddable":true,"href":"https:\/\/portaltela.pt\/api\/wp\/v2\/users\/2"}],"replies":[{"embeddable":true,"href":"https:\/\/portaltela.pt\/api\/wp\/v2\/comments?post=392688"}],"version-history":[{"count":0,"href":"https:\/\/portaltela.pt\/api\/wp\/v2\/posts\/392688\/revisions"}],"wp:featuredmedia":[{"embeddable":true,"href":"https:\/\/portaltela.pt\/api\/wp\/v2\/media\/392692"}],"wp:attachment":[{"href":"https:\/\/portaltela.pt\/api\/wp\/v2\/media?parent=392688"}],"wp:term":[{"taxonomy":"category","embeddable":true,"href":"https:\/\/portaltela.pt\/api\/wp\/v2\/categories?post=392688"},{"taxonomy":"post_tag","embeddable":true,"href":"https:\/\/portaltela.pt\/api\/wp\/v2\/tags?post=392688"}],"curies":[{"name":"wp","href":"https:\/\/api.w.org\/{rel}","templated":true}]}}