{"id":392671,"date":"2026-02-28T18:47:51","date_gmt":"2026-02-28T21:47:51","guid":{"rendered":"https:\/\/portaltela.pt\/noticias\/2026\/02\/28\/pedro-proenca-elogia-formacao-do-fc-porto-como-referencia-no-pais-e-alem\/"},"modified":"2026-02-28T18:47:51","modified_gmt":"2026-02-28T21:47:51","slug":"pedro-proenca-elogia-formacao-do-fc-porto-como-referencia-no-pais-e-alem","status":"publish","type":"post","link":"https:\/\/portaltela.pt\/desporto\/futebol\/2026\/02\/28\/pedro-proenca-elogia-formacao-do-fc-porto-como-referencia-no-pais-e-alem\/","title":{"rendered":"Pedro Proen\u00e7a elogia forma\u00e7\u00e3o do FC Porto como refer\u00eancia no pa\u00eds e al\u00e9m"},"content":{"rendered":"<p>Pedro Proen\u00e7a participou, este s\u00e1bado, numa cerim\u00f3nia no Teatro Municipal de Vila do Conde, onde foram entregues placas e diplomas a 258 entidades formadoras da Associa\u00e7\u00e3o de Futebol do Porto que conclu\u00edram o processo de certifica\u00e7\u00e3o para a \u00e9poca 2024\/25. Entre os distinguidos esteve o FC Porto, com classifica\u00e7\u00e3o de cinco estrelas e renova\u00e7\u00e3o do estatuto de centro de forma\u00e7\u00e3o de excel\u00eancia.<\/p>\n<p>O que acontece \u00e9 a atribui\u00e7\u00e3o de certificados \u00e0s entidades formadoras. O FC Porto viu confirmada a sua posi\u00e7\u00e3o no patamar mais elevado, refor\u00e7ando o reconhecimento da federa\u00e7\u00e3o pela qualidade da forma\u00e7\u00e3o, das infraestruturas e da capacita\u00e7\u00e3o t\u00e9cnica. A cerim\u00f3nia contou com a divulga\u00e7\u00e3o de declara\u00e7\u00f5es oficiais atrav\u00e9s dos canais do FC Porto.<\/p>\n<p>Reconhecimento de forma\u00e7\u00e3o e impacto local<\/p>\n<p>O presidente da Federa\u00e7\u00e3o Portuguesa de Futebol, Pedro Proen\u00e7a, real\u00e7ou que o FC Porto \u00e9 uma refer\u00eancia a n\u00edvel nacional e internacional, destacando o peso da institui\u00e7\u00e3o no quadro da forma\u00e7\u00e3o desportiva. A avalia\u00e7\u00e3o de cinco estrelas no topo da hierarquia da APSF espelha o papel da forma\u00e7\u00e3o portista no panorama futebol\u00edstico.<\/p>\n<p>Jos\u00e9 Neves, presidente da Associa\u00e7\u00e3o de Futebol do Porto, sublinhou que o FC Porto atua como motor para o distrito, especialmente ao n\u00edvel do futebol feminino e do futsal. Segundo a leitura apresentada, a parceria fortalece o eco das atividades formativas para o clube, para os clubes da regi\u00e3o e para a pr\u00f3pria AF Porto.<\/p>\n","protected":false},"excerpt":{"rendered":"<ul>\n<li>O presidente da Federa\u00e7\u00e3o Portuguesa de Futebol, Pedro Proen\u00e7a, esteve no Teatro Municipal de Vila do Conde numa cerim\u00f3nia que premiou 258 entidades formadoras da Associa\u00e7\u00e3o de Futebol do Porto pela certifica\u00e7\u00e3o da \u00e9poca 2024\/25.<\/li>\n<li>O FC Porto recebeu a classifica\u00e7\u00e3o de cinco estrelas e renovou o estatuto de centro de forma\u00e7\u00e3o de excel\u00eancia.<\/li>\n<li>Proen\u00e7a afirmou que o FC Porto \u00e9 refer\u00eancia nacional e internacional e que o reconhecimento evidencia o trabalho de forma\u00e7\u00e3o, infraestruturas e capacita\u00e7\u00e3o.<\/li>\n<li>Referiu ainda que o reconhecimento ocorre no patamar mais alto da Federa\u00e7\u00e3o e que a AF Porto faz esse trabalho de forma exemplar.<\/li>\n<li>O presidente da Associa\u00e7\u00e3o de Futebol do Porto, Jos\u00e9 Neves, destacou que o FC Porto funciona como alavanca para o distrito, a cidade do Porto e os clubes, valorizando o futebol feminino, o futsal e outras modalidades.<\/li>\n<\/ul>\n","protected":false},"author":2,"featured_media":392676,"comment_status":"closed","ping_status":"closed","sticky":false,"template":"","format":"standard","meta":{"footnotes":""},"categories":[21,24],"tags":[4834,152,2028,32,1030,982],"class_list":["post-392671","post","type-post","status-publish","format-standard","has-post-thumbnail","hentry","category-desporto","category-futebol","tag-af-porto","tag-desporto","tag-fc-porto","tag-futebol","tag-futebol-feminino","tag-porto"],"yoast_head":"<!-- This site is optimized with the Yoast SEO plugin v27.2 - https:\/\/yoast.com\/product\/yoast-seo-wordpress\/ -->\n<title>Pedro Proen\u00e7a elogia forma\u00e7\u00e3o do FC Porto como refer\u00eancia no pa\u00eds e al\u00e9m - Portal Tela Portugal<\/title>\n<meta name=\"robots\" content=\"index, follow, max-snippet:-1, max-image-preview:large, max-video-preview:-1\" \/>\n<meta property=\"og:locale\" content=\"pt_PT\" \/>\n<meta property=\"og:type\" content=\"article\" \/>\n<meta property=\"og:title\" content=\"Pedro Proen\u00e7a elogia forma\u00e7\u00e3o do FC Porto como refer\u00eancia no pa\u00eds e al\u00e9m - Portal Tela Portugal\" \/>\n<meta property=\"og:description\" content=\"O presidente da Federa\u00e7\u00e3o Portuguesa de Futebol, Pedro Proen\u00e7a, esteve no Teatro Municipal de Vila do Conde numa cerim\u00f3nia que premiou 258 entidades formadoras da Associa\u00e7\u00e3o de Futebol do Porto pela certifica\u00e7\u00e3o da \u00e9poca 2024\/25. O FC Porto recebeu a classifica\u00e7\u00e3o de cinco estrelas e renovou o estatuto de centro de forma\u00e7\u00e3o de excel\u00eancia. Proen\u00e7a afirmou que o FC Porto \u00e9 refer\u00eancia nacional e internacional e que o reconhecimento evidencia o trabalho de forma\u00e7\u00e3o, infraestruturas e capacita\u00e7\u00e3o. Referiu ainda que o reconhecimento ocorre no patamar mais alto da Federa\u00e7\u00e3o e que a AF Porto faz esse trabalho de forma exemplar. O presidente da Associa\u00e7\u00e3o de Futebol do Porto, Jos\u00e9 Neves, destacou que o FC Porto funciona como alavanca para o distrito, a cidade do Porto e os clubes, valorizando o futebol feminino, o futsal e outras modalidades.\" \/>\n<meta property=\"og:url\" content=\"https:\/\/portaltela.pt\/noticias\/2026\/02\/28\/pedro-proenca-elogia-formacao-do-fc-porto-como-referencia-no-pais-e-alem\/\" \/>\n<meta property=\"og:site_name\" content=\"Portal Tela Portugal\" \/>\n<meta property=\"article:published_time\" content=\"2026-02-28T21:47:51+00:00\" \/>\n<meta name=\"author\" content=\"Telinha\" \/>\n<meta name=\"twitter:card\" content=\"summary_large_image\" \/>\n<meta name=\"twitter:label1\" content=\"Escrito por\" \/>\n\t<meta name=\"twitter:data1\" content=\"Telinha\" \/>\n\t<meta name=\"twitter:label2\" content=\"Tempo estimado de leitura\" \/>\n\t<meta name=\"twitter:data2\" content=\"1 minuto\" \/>\n<script type=\"application\/ld+json\" class=\"yoast-schema-graph\">{\"@context\":\"https:\/\/schema.org\",\"@graph\":[{\"@type\":\"Article\",\"@id\":\"https:\/\/portaltela.pt\/noticias\/2026\/02\/28\/pedro-proenca-elogia-formacao-do-fc-porto-como-referencia-no-pais-e-alem\/#article\",\"isPartOf\":{\"@id\":\"https:\/\/portaltela.pt\/noticias\/2026\/02\/28\/pedro-proenca-elogia-formacao-do-fc-porto-como-referencia-no-pais-e-alem\/\"},\"author\":{\"name\":\"Telinha\",\"@id\":\"https:\/\/portaltela.pt\/#\/schema\/person\/c4278d4a6028830caff9ee44b42d32ed\"},\"headline\":\"Pedro Proen\u00e7a elogia forma\u00e7\u00e3o do FC Porto como refer\u00eancia no pa\u00eds e al\u00e9m\",\"datePublished\":\"2026-02-28T21:47:51+00:00\",\"mainEntityOfPage\":{\"@id\":\"https:\/\/portaltela.pt\/noticias\/2026\/02\/28\/pedro-proenca-elogia-formacao-do-fc-porto-como-referencia-no-pais-e-alem\/\"},\"wordCount\":278,\"image\":{\"@id\":\"https:\/\/portaltela.pt\/noticias\/2026\/02\/28\/pedro-proenca-elogia-formacao-do-fc-porto-como-referencia-no-pais-e-alem\/#primaryimage\"},\"thumbnailUrl\":\"https:\/\/portaltela.pt\/s.01k8rhncp4jt1\/2026\/02\/img_920x518uu2025-12-18-12-22-24-2409941-im-639075195012979072-2.jpg\",\"keywords\":[\"AF Porto\",\"desporto\",\"FC Porto\",\"futebol\",\"futebol feminino\",\"Porto\"],\"articleSection\":[\"Desporto\",\"Futebol\"],\"inLanguage\":\"pt-PT\"},{\"@type\":\"WebPage\",\"@id\":\"https:\/\/portaltela.pt\/noticias\/2026\/02\/28\/pedro-proenca-elogia-formacao-do-fc-porto-como-referencia-no-pais-e-alem\/\",\"url\":\"https:\/\/portaltela.pt\/noticias\/2026\/02\/28\/pedro-proenca-elogia-formacao-do-fc-porto-como-referencia-no-pais-e-alem\/\",\"name\":\"Pedro Proen\u00e7a elogia forma\u00e7\u00e3o do FC Porto como refer\u00eancia no pa\u00eds e al\u00e9m - Portal Tela Portugal\",\"isPartOf\":{\"@id\":\"https:\/\/portaltela.pt\/#website\"},\"primaryImageOfPage\":{\"@id\":\"https:\/\/portaltela.pt\/noticias\/2026\/02\/28\/pedro-proenca-elogia-formacao-do-fc-porto-como-referencia-no-pais-e-alem\/#primaryimage\"},\"image\":{\"@id\":\"https:\/\/portaltela.pt\/noticias\/2026\/02\/28\/pedro-proenca-elogia-formacao-do-fc-porto-como-referencia-no-pais-e-alem\/#primaryimage\"},\"thumbnailUrl\":\"https:\/\/portaltela.pt\/s.01k8rhncp4jt1\/2026\/02\/img_920x518uu2025-12-18-12-22-24-2409941-im-639075195012979072-2.jpg\",\"datePublished\":\"2026-02-28T21:47:51+00:00\",\"author\":{\"@id\":\"https:\/\/portaltela.pt\/#\/schema\/person\/c4278d4a6028830caff9ee44b42d32ed\"},\"breadcrumb\":{\"@id\":\"https:\/\/portaltela.pt\/noticias\/2026\/02\/28\/pedro-proenca-elogia-formacao-do-fc-porto-como-referencia-no-pais-e-alem\/#breadcrumb\"},\"inLanguage\":\"pt-PT\",\"potentialAction\":[{\"@type\":\"ReadAction\",\"target\":[\"https:\/\/portaltela.pt\/noticias\/2026\/02\/28\/pedro-proenca-elogia-formacao-do-fc-porto-como-referencia-no-pais-e-alem\/\"]}]},{\"@type\":\"ImageObject\",\"inLanguage\":\"pt-PT\",\"@id\":\"https:\/\/portaltela.pt\/noticias\/2026\/02\/28\/pedro-proenca-elogia-formacao-do-fc-porto-como-referencia-no-pais-e-alem\/#primaryimage\",\"url\":\"https:\/\/portaltela.pt\/s.01k8rhncp4jt1\/2026\/02\/img_920x518uu2025-12-18-12-22-24-2409941-im-639075195012979072-2.jpg\",\"contentUrl\":\"https:\/\/portaltela.pt\/s.01k8rhncp4jt1\/2026\/02\/img_920x518uu2025-12-18-12-22-24-2409941-im-639075195012979072-2.jpg\",\"width\":796,\"height\":448,\"caption\":\"Pedro Proen\u00e7a\"},{\"@type\":\"BreadcrumbList\",\"@id\":\"https:\/\/portaltela.pt\/noticias\/2026\/02\/28\/pedro-proenca-elogia-formacao-do-fc-porto-como-referencia-no-pais-e-alem\/#breadcrumb\",\"itemListElement\":[{\"@type\":\"ListItem\",\"position\":1,\"name\":\"In\u00edcio\",\"item\":\"https:\/\/portaltela.pt\/\"},{\"@type\":\"ListItem\",\"position\":2,\"name\":\"Pedro Proen\u00e7a elogia forma\u00e7\u00e3o do FC Porto como refer\u00eancia no pa\u00eds e al\u00e9m\"}]},{\"@type\":\"WebSite\",\"@id\":\"https:\/\/portaltela.pt\/#website\",\"url\":\"https:\/\/portaltela.pt\/\",\"name\":\"Portal Tela Portugal\",\"description\":\"\",\"potentialAction\":[{\"@type\":\"SearchAction\",\"target\":{\"@type\":\"EntryPoint\",\"urlTemplate\":\"https:\/\/portaltela.pt\/?s={search_term_string}\"},\"query-input\":{\"@type\":\"PropertyValueSpecification\",\"valueRequired\":true,\"valueName\":\"search_term_string\"}}],\"inLanguage\":\"pt-PT\"},{\"@type\":\"Person\",\"@id\":\"https:\/\/portaltela.pt\/#\/schema\/person\/c4278d4a6028830caff9ee44b42d32ed\",\"name\":\"Telinha\",\"image\":{\"@type\":\"ImageObject\",\"inLanguage\":\"pt-PT\",\"@id\":\"https:\/\/portaltela.pt\/s.01k8rhncp4jt1\/2025\/11\/talking-bot-125x125.png\",\"url\":\"https:\/\/portaltela.pt\/s.01k8rhncp4jt1\/2025\/11\/talking-bot-125x125.png\",\"contentUrl\":\"https:\/\/portaltela.pt\/s.01k8rhncp4jt1\/2025\/11\/talking-bot-125x125.png\",\"caption\":\"Telinha\"},\"sameAs\":[\"https:\/\/portaltela.pt\/\"],\"url\":\"https:\/\/portaltela.pt\/por\/367410592786\/\"}]}<\/script>\n<!-- \/ Yoast SEO plugin. -->","yoast_head_json":{"title":"Pedro Proen\u00e7a elogia forma\u00e7\u00e3o do FC Porto como refer\u00eancia no pa\u00eds e al\u00e9m - Portal Tela Portugal","robots":{"index":"index","follow":"follow","max-snippet":"max-snippet:-1","max-image-preview":"max-image-preview:large","max-video-preview":"max-video-preview:-1"},"og_locale":"pt_PT","og_type":"article","og_title":"Pedro Proen\u00e7a elogia forma\u00e7\u00e3o do FC Porto como refer\u00eancia no pa\u00eds e al\u00e9m - Portal Tela Portugal","og_description":"O presidente da Federa\u00e7\u00e3o Portuguesa de Futebol, Pedro Proen\u00e7a, esteve no Teatro Municipal de Vila do Conde numa cerim\u00f3nia que premiou 258 entidades formadoras da Associa\u00e7\u00e3o de Futebol do Porto pela certifica\u00e7\u00e3o da \u00e9poca 2024\/25. O FC Porto recebeu a classifica\u00e7\u00e3o de cinco estrelas e renovou o estatuto de centro de forma\u00e7\u00e3o de excel\u00eancia. Proen\u00e7a afirmou que o FC Porto \u00e9 refer\u00eancia nacional e internacional e que o reconhecimento evidencia o trabalho de forma\u00e7\u00e3o, infraestruturas e capacita\u00e7\u00e3o. Referiu ainda que o reconhecimento ocorre no patamar mais alto da Federa\u00e7\u00e3o e que a AF Porto faz esse trabalho de forma exemplar. O presidente da Associa\u00e7\u00e3o de Futebol do Porto, Jos\u00e9 Neves, destacou que o FC Porto funciona como alavanca para o distrito, a cidade do Porto e os clubes, valorizando o futebol feminino, o futsal e outras modalidades.","og_url":"https:\/\/portaltela.pt\/noticias\/2026\/02\/28\/pedro-proenca-elogia-formacao-do-fc-porto-como-referencia-no-pais-e-alem\/","og_site_name":"Portal Tela Portugal","article_published_time":"2026-02-28T21:47:51+00:00","author":"Telinha","twitter_card":"summary_large_image","twitter_misc":{"Escrito por":"Telinha","Tempo estimado de leitura":"1 minuto"},"schema":{"@context":"https:\/\/schema.org","@graph":[{"@type":"Article","@id":"https:\/\/portaltela.pt\/noticias\/2026\/02\/28\/pedro-proenca-elogia-formacao-do-fc-porto-como-referencia-no-pais-e-alem\/#article","isPartOf":{"@id":"https:\/\/portaltela.pt\/noticias\/2026\/02\/28\/pedro-proenca-elogia-formacao-do-fc-porto-como-referencia-no-pais-e-alem\/"},"author":{"name":"Telinha","@id":"https:\/\/portaltela.pt\/#\/schema\/person\/c4278d4a6028830caff9ee44b42d32ed"},"headline":"Pedro Proen\u00e7a elogia forma\u00e7\u00e3o do FC Porto como refer\u00eancia no pa\u00eds e al\u00e9m","datePublished":"2026-02-28T21:47:51+00:00","mainEntityOfPage":{"@id":"https:\/\/portaltela.pt\/noticias\/2026\/02\/28\/pedro-proenca-elogia-formacao-do-fc-porto-como-referencia-no-pais-e-alem\/"},"wordCount":278,"image":{"@id":"https:\/\/portaltela.pt\/noticias\/2026\/02\/28\/pedro-proenca-elogia-formacao-do-fc-porto-como-referencia-no-pais-e-alem\/#primaryimage"},"thumbnailUrl":"https:\/\/portaltela.pt\/s.01k8rhncp4jt1\/2026\/02\/img_920x518uu2025-12-18-12-22-24-2409941-im-639075195012979072-2.jpg","keywords":["AF Porto","desporto","FC Porto","futebol","futebol feminino","Porto"],"articleSection":["Desporto","Futebol"],"inLanguage":"pt-PT"},{"@type":"WebPage","@id":"https:\/\/portaltela.pt\/noticias\/2026\/02\/28\/pedro-proenca-elogia-formacao-do-fc-porto-como-referencia-no-pais-e-alem\/","url":"https:\/\/portaltela.pt\/noticias\/2026\/02\/28\/pedro-proenca-elogia-formacao-do-fc-porto-como-referencia-no-pais-e-alem\/","name":"Pedro Proen\u00e7a elogia forma\u00e7\u00e3o do FC Porto como refer\u00eancia no pa\u00eds e al\u00e9m - Portal Tela Portugal","isPartOf":{"@id":"https:\/\/portaltela.pt\/#website"},"primaryImageOfPage":{"@id":"https:\/\/portaltela.pt\/noticias\/2026\/02\/28\/pedro-proenca-elogia-formacao-do-fc-porto-como-referencia-no-pais-e-alem\/#primaryimage"},"image":{"@id":"https:\/\/portaltela.pt\/noticias\/2026\/02\/28\/pedro-proenca-elogia-formacao-do-fc-porto-como-referencia-no-pais-e-alem\/#primaryimage"},"thumbnailUrl":"https:\/\/portaltela.pt\/s.01k8rhncp4jt1\/2026\/02\/img_920x518uu2025-12-18-12-22-24-2409941-im-639075195012979072-2.jpg","datePublished":"2026-02-28T21:47:51+00:00","author":{"@id":"https:\/\/portaltela.pt\/#\/schema\/person\/c4278d4a6028830caff9ee44b42d32ed"},"breadcrumb":{"@id":"https:\/\/portaltela.pt\/noticias\/2026\/02\/28\/pedro-proenca-elogia-formacao-do-fc-porto-como-referencia-no-pais-e-alem\/#breadcrumb"},"inLanguage":"pt-PT","potentialAction":[{"@type":"ReadAction","target":["https:\/\/portaltela.pt\/noticias\/2026\/02\/28\/pedro-proenca-elogia-formacao-do-fc-porto-como-referencia-no-pais-e-alem\/"]}]},{"@type":"ImageObject","inLanguage":"pt-PT","@id":"https:\/\/portaltela.pt\/noticias\/2026\/02\/28\/pedro-proenca-elogia-formacao-do-fc-porto-como-referencia-no-pais-e-alem\/#primaryimage","url":"https:\/\/portaltela.pt\/s.01k8rhncp4jt1\/2026\/02\/img_920x518uu2025-12-18-12-22-24-2409941-im-639075195012979072-2.jpg","contentUrl":"https:\/\/portaltela.pt\/s.01k8rhncp4jt1\/2026\/02\/img_920x518uu2025-12-18-12-22-24-2409941-im-639075195012979072-2.jpg","width":796,"height":448,"caption":"Pedro Proen\u00e7a"},{"@type":"BreadcrumbList","@id":"https:\/\/portaltela.pt\/noticias\/2026\/02\/28\/pedro-proenca-elogia-formacao-do-fc-porto-como-referencia-no-pais-e-alem\/#breadcrumb","itemListElement":[{"@type":"ListItem","position":1,"name":"In\u00edcio","item":"https:\/\/portaltela.pt\/"},{"@type":"ListItem","position":2,"name":"Pedro Proen\u00e7a elogia forma\u00e7\u00e3o do FC Porto como refer\u00eancia no pa\u00eds e al\u00e9m"}]},{"@type":"WebSite","@id":"https:\/\/portaltela.pt\/#website","url":"https:\/\/portaltela.pt\/","name":"Portal Tela Portugal","description":"","potentialAction":[{"@type":"SearchAction","target":{"@type":"EntryPoint","urlTemplate":"https:\/\/portaltela.pt\/?s={search_term_string}"},"query-input":{"@type":"PropertyValueSpecification","valueRequired":true,"valueName":"search_term_string"}}],"inLanguage":"pt-PT"},{"@type":"Person","@id":"https:\/\/portaltela.pt\/#\/schema\/person\/c4278d4a6028830caff9ee44b42d32ed","name":"Telinha","image":{"@type":"ImageObject","inLanguage":"pt-PT","@id":"https:\/\/portaltela.pt\/s.01k8rhncp4jt1\/2025\/11\/talking-bot-125x125.png","url":"https:\/\/portaltela.pt\/s.01k8rhncp4jt1\/2025\/11\/talking-bot-125x125.png","contentUrl":"https:\/\/portaltela.pt\/s.01k8rhncp4jt1\/2025\/11\/talking-bot-125x125.png","caption":"Telinha"},"sameAs":["https:\/\/portaltela.pt\/"],"url":"https:\/\/portaltela.pt\/por\/367410592786\/"}]}},"_links":{"self":[{"href":"https:\/\/portaltela.pt\/api\/wp\/v2\/posts\/392671","targetHints":{"allow":["GET"]}}],"collection":[{"href":"https:\/\/portaltela.pt\/api\/wp\/v2\/posts"}],"about":[{"href":"https:\/\/portaltela.pt\/api\/wp\/v2\/types\/post"}],"author":[{"embeddable":true,"href":"https:\/\/portaltela.pt\/api\/wp\/v2\/users\/2"}],"replies":[{"embeddable":true,"href":"https:\/\/portaltela.pt\/api\/wp\/v2\/comments?post=392671"}],"version-history":[{"count":0,"href":"https:\/\/portaltela.pt\/api\/wp\/v2\/posts\/392671\/revisions"}],"wp:featuredmedia":[{"embeddable":true,"href":"https:\/\/portaltela.pt\/api\/wp\/v2\/media\/392676"}],"wp:attachment":[{"href":"https:\/\/portaltela.pt\/api\/wp\/v2\/media?parent=392671"}],"wp:term":[{"taxonomy":"category","embeddable":true,"href":"https:\/\/portaltela.pt\/api\/wp\/v2\/categories?post=392671"},{"taxonomy":"post_tag","embeddable":true,"href":"https:\/\/portaltela.pt\/api\/wp\/v2\/tags?post=392671"}],"curies":[{"name":"wp","href":"https:\/\/api.w.org\/{rel}","templated":true}]}}