{"id":392660,"date":"2026-02-28T18:18:13","date_gmt":"2026-02-28T21:18:13","guid":{"rendered":"https:\/\/portaltela.pt\/noticias\/2026\/02\/28\/moreirense-promoveu-tertulia-com-26-entidades\/"},"modified":"2026-02-28T18:18:13","modified_gmt":"2026-02-28T21:18:13","slug":"moreirense-promoveu-tertulia-com-26-entidades","status":"publish","type":"post","link":"https:\/\/portaltela.pt\/noticias\/2026\/02\/28\/moreirense-promoveu-tertulia-com-26-entidades\/","title":{"rendered":"Moreirense promoveu tert\u00falia com 26 entidades"},"content":{"rendered":"<p>O clube de Moreira de C\u00f3negos realizou uma tert\u00falia neste s\u00e1bado, reunindo no audit\u00f3rio do Comendador Joaquim de Almeida Freitas representantes de Juntas de Freguesia, Centros Sociais e outras associa\u00e7\u00f5es culturais, recreativas, educativas e art\u00edsticas.<\/p>\n<p>A iniciativa visou partilha de experi\u00eancias, coopera\u00e7\u00e3o e constru\u00e7\u00e3o conjunta de conhecimento, segundo o emblema local. O objetivo \u00e9 iniciar um novo percurso colaborativo entre as entidades presentes.<\/p>\n<p>A organiza\u00e7\u00e3o destacou que o encontro promove uni\u00e3o entre diferentes entidades com o objetivo comum de identificar solu\u00e7\u00f5es e desenvolver iniciativas para o bem-estar da comunidade.<\/p>\n<p>Os participantes demonstraram forte ades\u00e3o e esp\u00edrito de entre-ajuda, sublinhando a import\u00e2ncia deste primeiro passo para fortalecer din\u00e2micas locais e criar sinergias futuras.<\/p>\n<p>O Moreirense afirma que a reuni\u00e3o abre portas a parcerias duradouras entre a equipa desportiva e as organiza\u00e7\u00f5es locais, com foco na sustentabilidade das iniciativas comunit\u00e1rias.<\/p>\n","protected":false},"excerpt":{"rendered":"<ul>\n<li>O Moreirense promoveu uma tert\u00falia no audit\u00f3rio do Comendador Joaquim de Almeida Freitas, este s\u00e1bado.<\/li>\n<li>Reuniram-se representantes de Juntas de Freguesia, Centros Sociais e outras associa\u00e7\u00f5es de cariz cultural, recreativo, educativo e art\u00edstico.<\/li>\n<li>O clube descreveu o encontro como um espa\u00e7o de partilha de experi\u00eancias, coopera\u00e7\u00e3o e constru\u00e7\u00e3o de conhecimento.<\/li>\n<li>A iniciativa marca o in\u00edcio de um novo percurso colaborativo para identificar solu\u00e7\u00f5es e desenvolver iniciativas que promovam o bem-estar da comunidade.<\/li>\n<li>Os participantes destacaram a forte ades\u00e3o e o esp\u00edrito de entreajuda, considerando o evento um passo importante para fortalecer din\u00e2micas locais e criar sinergias futuras.<\/li>\n<\/ul>\n","protected":false},"author":2,"featured_media":392663,"comment_status":"closed","ping_status":"closed","sticky":false,"template":"","format":"standard","meta":{"footnotes":""},"categories":[1],"tags":[679,3035,4654,4311,6168,5579],"class_list":["post-392660","post","type-post","status-publish","format-standard","has-post-thumbnail","hentry","category-noticias","tag-associacoes","tag-comunidade","tag-cooperacao-institucional","tag-juntas-de-freguesia","tag-moreira-de-conegos","tag-moreirense"],"yoast_head":"<!-- This site is optimized with the Yoast SEO plugin v27.2 - https:\/\/yoast.com\/product\/yoast-seo-wordpress\/ -->\n<title>Moreirense promoveu tert\u00falia com 26 entidades - Portal Tela Portugal<\/title>\n<meta name=\"robots\" content=\"index, follow, max-snippet:-1, max-image-preview:large, max-video-preview:-1\" \/>\n<meta property=\"og:locale\" content=\"pt_PT\" \/>\n<meta property=\"og:type\" content=\"article\" \/>\n<meta property=\"og:title\" content=\"Moreirense promoveu tert\u00falia com 26 entidades - Portal Tela Portugal\" \/>\n<meta property=\"og:description\" content=\"O Moreirense promoveu uma tert\u00falia no audit\u00f3rio do Comendador Joaquim de Almeida Freitas, este s\u00e1bado. Reuniram-se representantes de Juntas de Freguesia, Centros Sociais e outras associa\u00e7\u00f5es de cariz cultural, recreativo, educativo e art\u00edstico. O clube descreveu o encontro como um espa\u00e7o de partilha de experi\u00eancias, coopera\u00e7\u00e3o e constru\u00e7\u00e3o de conhecimento. A iniciativa marca o in\u00edcio de um novo percurso colaborativo para identificar solu\u00e7\u00f5es e desenvolver iniciativas que promovam o bem-estar da comunidade. Os participantes destacaram a forte ades\u00e3o e o esp\u00edrito de entreajuda, considerando o evento um passo importante para fortalecer din\u00e2micas locais e criar sinergias futuras.\" \/>\n<meta property=\"og:url\" content=\"https:\/\/portaltela.pt\/noticias\/2026\/02\/28\/moreirense-promoveu-tertulia-com-26-entidades\/\" \/>\n<meta property=\"og:site_name\" content=\"Portal Tela Portugal\" \/>\n<meta property=\"article:published_time\" content=\"2026-02-28T21:18:13+00:00\" \/>\n<meta name=\"author\" content=\"Telinha\" \/>\n<meta name=\"twitter:card\" content=\"summary_large_image\" \/>\n<meta name=\"twitter:label1\" content=\"Escrito por\" \/>\n\t<meta name=\"twitter:data1\" content=\"Telinha\" \/>\n\t<meta name=\"twitter:label2\" content=\"Tempo estimado de leitura\" \/>\n\t<meta name=\"twitter:data2\" content=\"1 minuto\" \/>\n<script type=\"application\/ld+json\" class=\"yoast-schema-graph\">{\"@context\":\"https:\/\/schema.org\",\"@graph\":[{\"@type\":\"Article\",\"@id\":\"https:\/\/portaltela.pt\/noticias\/2026\/02\/28\/moreirense-promoveu-tertulia-com-26-entidades\/#article\",\"isPartOf\":{\"@id\":\"https:\/\/portaltela.pt\/noticias\/2026\/02\/28\/moreirense-promoveu-tertulia-com-26-entidades\/\"},\"author\":{\"name\":\"Telinha\",\"@id\":\"https:\/\/portaltela.pt\/#\/schema\/person\/c4278d4a6028830caff9ee44b42d32ed\"},\"headline\":\"Moreirense promoveu tert\u00falia com 26 entidades\",\"datePublished\":\"2026-02-28T21:18:13+00:00\",\"mainEntityOfPage\":{\"@id\":\"https:\/\/portaltela.pt\/noticias\/2026\/02\/28\/moreirense-promoveu-tertulia-com-26-entidades\/\"},\"wordCount\":162,\"image\":{\"@id\":\"https:\/\/portaltela.pt\/noticias\/2026\/02\/28\/moreirense-promoveu-tertulia-com-26-entidades\/#primaryimage\"},\"thumbnailUrl\":\"https:\/\/portaltela.pt\/s.01k8rhncp4jt1\/2026\/02\/img_920x518uu2026-02-28-21-16-41-2424184-im-639079102234724029.jpg\",\"keywords\":[\"associa\u00e7\u00f5es\",\"comunidade\",\"coopera\u00e7\u00e3o institucional\",\"juntas de freguesia\",\"Moreira de C\u00f3negos\",\"Moreirense\"],\"articleSection\":[\"Not\u00edcias\"],\"inLanguage\":\"pt-PT\"},{\"@type\":\"WebPage\",\"@id\":\"https:\/\/portaltela.pt\/noticias\/2026\/02\/28\/moreirense-promoveu-tertulia-com-26-entidades\/\",\"url\":\"https:\/\/portaltela.pt\/noticias\/2026\/02\/28\/moreirense-promoveu-tertulia-com-26-entidades\/\",\"name\":\"Moreirense promoveu tert\u00falia com 26 entidades - Portal Tela Portugal\",\"isPartOf\":{\"@id\":\"https:\/\/portaltela.pt\/#website\"},\"primaryImageOfPage\":{\"@id\":\"https:\/\/portaltela.pt\/noticias\/2026\/02\/28\/moreirense-promoveu-tertulia-com-26-entidades\/#primaryimage\"},\"image\":{\"@id\":\"https:\/\/portaltela.pt\/noticias\/2026\/02\/28\/moreirense-promoveu-tertulia-com-26-entidades\/#primaryimage\"},\"thumbnailUrl\":\"https:\/\/portaltela.pt\/s.01k8rhncp4jt1\/2026\/02\/img_920x518uu2026-02-28-21-16-41-2424184-im-639079102234724029.jpg\",\"datePublished\":\"2026-02-28T21:18:13+00:00\",\"author\":{\"@id\":\"https:\/\/portaltela.pt\/#\/schema\/person\/c4278d4a6028830caff9ee44b42d32ed\"},\"breadcrumb\":{\"@id\":\"https:\/\/portaltela.pt\/noticias\/2026\/02\/28\/moreirense-promoveu-tertulia-com-26-entidades\/#breadcrumb\"},\"inLanguage\":\"pt-PT\",\"potentialAction\":[{\"@type\":\"ReadAction\",\"target\":[\"https:\/\/portaltela.pt\/noticias\/2026\/02\/28\/moreirense-promoveu-tertulia-com-26-entidades\/\"]}]},{\"@type\":\"ImageObject\",\"inLanguage\":\"pt-PT\",\"@id\":\"https:\/\/portaltela.pt\/noticias\/2026\/02\/28\/moreirense-promoveu-tertulia-com-26-entidades\/#primaryimage\",\"url\":\"https:\/\/portaltela.pt\/s.01k8rhncp4jt1\/2026\/02\/img_920x518uu2026-02-28-21-16-41-2424184-im-639079102234724029.jpg\",\"contentUrl\":\"https:\/\/portaltela.pt\/s.01k8rhncp4jt1\/2026\/02\/img_920x518uu2026-02-28-21-16-41-2424184-im-639079102234724029.jpg\",\"width\":920,\"height\":518,\"caption\":\"Moreirense promoveu uma tert\u00falia com 26 entidades\"},{\"@type\":\"BreadcrumbList\",\"@id\":\"https:\/\/portaltela.pt\/noticias\/2026\/02\/28\/moreirense-promoveu-tertulia-com-26-entidades\/#breadcrumb\",\"itemListElement\":[{\"@type\":\"ListItem\",\"position\":1,\"name\":\"In\u00edcio\",\"item\":\"https:\/\/portaltela.pt\/\"},{\"@type\":\"ListItem\",\"position\":2,\"name\":\"Moreirense promoveu tert\u00falia com 26 entidades\"}]},{\"@type\":\"WebSite\",\"@id\":\"https:\/\/portaltela.pt\/#website\",\"url\":\"https:\/\/portaltela.pt\/\",\"name\":\"Portal Tela Portugal\",\"description\":\"\",\"potentialAction\":[{\"@type\":\"SearchAction\",\"target\":{\"@type\":\"EntryPoint\",\"urlTemplate\":\"https:\/\/portaltela.pt\/?s={search_term_string}\"},\"query-input\":{\"@type\":\"PropertyValueSpecification\",\"valueRequired\":true,\"valueName\":\"search_term_string\"}}],\"inLanguage\":\"pt-PT\"},{\"@type\":\"Person\",\"@id\":\"https:\/\/portaltela.pt\/#\/schema\/person\/c4278d4a6028830caff9ee44b42d32ed\",\"name\":\"Telinha\",\"image\":{\"@type\":\"ImageObject\",\"inLanguage\":\"pt-PT\",\"@id\":\"https:\/\/portaltela.pt\/s.01k8rhncp4jt1\/2025\/11\/talking-bot-125x125.png\",\"url\":\"https:\/\/portaltela.pt\/s.01k8rhncp4jt1\/2025\/11\/talking-bot-125x125.png\",\"contentUrl\":\"https:\/\/portaltela.pt\/s.01k8rhncp4jt1\/2025\/11\/talking-bot-125x125.png\",\"caption\":\"Telinha\"},\"sameAs\":[\"https:\/\/portaltela.pt\/\"],\"url\":\"https:\/\/portaltela.pt\/por\/367410592786\/\"}]}<\/script>\n<!-- \/ Yoast SEO plugin. -->","yoast_head_json":{"title":"Moreirense promoveu tert\u00falia com 26 entidades - Portal Tela Portugal","robots":{"index":"index","follow":"follow","max-snippet":"max-snippet:-1","max-image-preview":"max-image-preview:large","max-video-preview":"max-video-preview:-1"},"og_locale":"pt_PT","og_type":"article","og_title":"Moreirense promoveu tert\u00falia com 26 entidades - Portal Tela Portugal","og_description":"O Moreirense promoveu uma tert\u00falia no audit\u00f3rio do Comendador Joaquim de Almeida Freitas, este s\u00e1bado. Reuniram-se representantes de Juntas de Freguesia, Centros Sociais e outras associa\u00e7\u00f5es de cariz cultural, recreativo, educativo e art\u00edstico. O clube descreveu o encontro como um espa\u00e7o de partilha de experi\u00eancias, coopera\u00e7\u00e3o e constru\u00e7\u00e3o de conhecimento. A iniciativa marca o in\u00edcio de um novo percurso colaborativo para identificar solu\u00e7\u00f5es e desenvolver iniciativas que promovam o bem-estar da comunidade. Os participantes destacaram a forte ades\u00e3o e o esp\u00edrito de entreajuda, considerando o evento um passo importante para fortalecer din\u00e2micas locais e criar sinergias futuras.","og_url":"https:\/\/portaltela.pt\/noticias\/2026\/02\/28\/moreirense-promoveu-tertulia-com-26-entidades\/","og_site_name":"Portal Tela Portugal","article_published_time":"2026-02-28T21:18:13+00:00","author":"Telinha","twitter_card":"summary_large_image","twitter_misc":{"Escrito por":"Telinha","Tempo estimado de leitura":"1 minuto"},"schema":{"@context":"https:\/\/schema.org","@graph":[{"@type":"Article","@id":"https:\/\/portaltela.pt\/noticias\/2026\/02\/28\/moreirense-promoveu-tertulia-com-26-entidades\/#article","isPartOf":{"@id":"https:\/\/portaltela.pt\/noticias\/2026\/02\/28\/moreirense-promoveu-tertulia-com-26-entidades\/"},"author":{"name":"Telinha","@id":"https:\/\/portaltela.pt\/#\/schema\/person\/c4278d4a6028830caff9ee44b42d32ed"},"headline":"Moreirense promoveu tert\u00falia com 26 entidades","datePublished":"2026-02-28T21:18:13+00:00","mainEntityOfPage":{"@id":"https:\/\/portaltela.pt\/noticias\/2026\/02\/28\/moreirense-promoveu-tertulia-com-26-entidades\/"},"wordCount":162,"image":{"@id":"https:\/\/portaltela.pt\/noticias\/2026\/02\/28\/moreirense-promoveu-tertulia-com-26-entidades\/#primaryimage"},"thumbnailUrl":"https:\/\/portaltela.pt\/s.01k8rhncp4jt1\/2026\/02\/img_920x518uu2026-02-28-21-16-41-2424184-im-639079102234724029.jpg","keywords":["associa\u00e7\u00f5es","comunidade","coopera\u00e7\u00e3o institucional","juntas de freguesia","Moreira de C\u00f3negos","Moreirense"],"articleSection":["Not\u00edcias"],"inLanguage":"pt-PT"},{"@type":"WebPage","@id":"https:\/\/portaltela.pt\/noticias\/2026\/02\/28\/moreirense-promoveu-tertulia-com-26-entidades\/","url":"https:\/\/portaltela.pt\/noticias\/2026\/02\/28\/moreirense-promoveu-tertulia-com-26-entidades\/","name":"Moreirense promoveu tert\u00falia com 26 entidades - Portal Tela Portugal","isPartOf":{"@id":"https:\/\/portaltela.pt\/#website"},"primaryImageOfPage":{"@id":"https:\/\/portaltela.pt\/noticias\/2026\/02\/28\/moreirense-promoveu-tertulia-com-26-entidades\/#primaryimage"},"image":{"@id":"https:\/\/portaltela.pt\/noticias\/2026\/02\/28\/moreirense-promoveu-tertulia-com-26-entidades\/#primaryimage"},"thumbnailUrl":"https:\/\/portaltela.pt\/s.01k8rhncp4jt1\/2026\/02\/img_920x518uu2026-02-28-21-16-41-2424184-im-639079102234724029.jpg","datePublished":"2026-02-28T21:18:13+00:00","author":{"@id":"https:\/\/portaltela.pt\/#\/schema\/person\/c4278d4a6028830caff9ee44b42d32ed"},"breadcrumb":{"@id":"https:\/\/portaltela.pt\/noticias\/2026\/02\/28\/moreirense-promoveu-tertulia-com-26-entidades\/#breadcrumb"},"inLanguage":"pt-PT","potentialAction":[{"@type":"ReadAction","target":["https:\/\/portaltela.pt\/noticias\/2026\/02\/28\/moreirense-promoveu-tertulia-com-26-entidades\/"]}]},{"@type":"ImageObject","inLanguage":"pt-PT","@id":"https:\/\/portaltela.pt\/noticias\/2026\/02\/28\/moreirense-promoveu-tertulia-com-26-entidades\/#primaryimage","url":"https:\/\/portaltela.pt\/s.01k8rhncp4jt1\/2026\/02\/img_920x518uu2026-02-28-21-16-41-2424184-im-639079102234724029.jpg","contentUrl":"https:\/\/portaltela.pt\/s.01k8rhncp4jt1\/2026\/02\/img_920x518uu2026-02-28-21-16-41-2424184-im-639079102234724029.jpg","width":920,"height":518,"caption":"Moreirense promoveu uma tert\u00falia com 26 entidades"},{"@type":"BreadcrumbList","@id":"https:\/\/portaltela.pt\/noticias\/2026\/02\/28\/moreirense-promoveu-tertulia-com-26-entidades\/#breadcrumb","itemListElement":[{"@type":"ListItem","position":1,"name":"In\u00edcio","item":"https:\/\/portaltela.pt\/"},{"@type":"ListItem","position":2,"name":"Moreirense promoveu tert\u00falia com 26 entidades"}]},{"@type":"WebSite","@id":"https:\/\/portaltela.pt\/#website","url":"https:\/\/portaltela.pt\/","name":"Portal Tela Portugal","description":"","potentialAction":[{"@type":"SearchAction","target":{"@type":"EntryPoint","urlTemplate":"https:\/\/portaltela.pt\/?s={search_term_string}"},"query-input":{"@type":"PropertyValueSpecification","valueRequired":true,"valueName":"search_term_string"}}],"inLanguage":"pt-PT"},{"@type":"Person","@id":"https:\/\/portaltela.pt\/#\/schema\/person\/c4278d4a6028830caff9ee44b42d32ed","name":"Telinha","image":{"@type":"ImageObject","inLanguage":"pt-PT","@id":"https:\/\/portaltela.pt\/s.01k8rhncp4jt1\/2025\/11\/talking-bot-125x125.png","url":"https:\/\/portaltela.pt\/s.01k8rhncp4jt1\/2025\/11\/talking-bot-125x125.png","contentUrl":"https:\/\/portaltela.pt\/s.01k8rhncp4jt1\/2025\/11\/talking-bot-125x125.png","caption":"Telinha"},"sameAs":["https:\/\/portaltela.pt\/"],"url":"https:\/\/portaltela.pt\/por\/367410592786\/"}]}},"_links":{"self":[{"href":"https:\/\/portaltela.pt\/api\/wp\/v2\/posts\/392660","targetHints":{"allow":["GET"]}}],"collection":[{"href":"https:\/\/portaltela.pt\/api\/wp\/v2\/posts"}],"about":[{"href":"https:\/\/portaltela.pt\/api\/wp\/v2\/types\/post"}],"author":[{"embeddable":true,"href":"https:\/\/portaltela.pt\/api\/wp\/v2\/users\/2"}],"replies":[{"embeddable":true,"href":"https:\/\/portaltela.pt\/api\/wp\/v2\/comments?post=392660"}],"version-history":[{"count":0,"href":"https:\/\/portaltela.pt\/api\/wp\/v2\/posts\/392660\/revisions"}],"wp:featuredmedia":[{"embeddable":true,"href":"https:\/\/portaltela.pt\/api\/wp\/v2\/media\/392663"}],"wp:attachment":[{"href":"https:\/\/portaltela.pt\/api\/wp\/v2\/media?parent=392660"}],"wp:term":[{"taxonomy":"category","embeddable":true,"href":"https:\/\/portaltela.pt\/api\/wp\/v2\/categories?post=392660"},{"taxonomy":"post_tag","embeddable":true,"href":"https:\/\/portaltela.pt\/api\/wp\/v2\/tags?post=392660"}],"curies":[{"name":"wp","href":"https:\/\/api.w.org\/{rel}","templated":true}]}}