{"id":392639,"date":"2026-02-28T17:55:01","date_gmt":"2026-02-28T20:55:01","guid":{"rendered":"https:\/\/portaltela.pt\/noticias\/2026\/02\/28\/novo-socio-principal-do-v-guimaraes-homenageado-antes-da-rececao-ao-alverca\/"},"modified":"2026-02-28T17:55:01","modified_gmt":"2026-02-28T20:55:01","slug":"novo-socio-principal-do-v-guimaraes-homenageado-antes-da-rececao-ao-alverca","status":"publish","type":"post","link":"https:\/\/portaltela.pt\/desporto\/futebol\/2026\/02\/28\/novo-socio-principal-do-v-guimaraes-homenageado-antes-da-rececao-ao-alverca\/","title":{"rendered":"Novo s\u00f3cio principal do V. Guimar\u00e3es homenageado antes da rece\u00e7\u00e3o ao Alverca"},"content":{"rendered":"<p>Armando Gomes Alves, 93 anos, recebeu o cart\u00e3o de s\u00f3cio n.\u00ba 1 do V. Guimar\u00e3es das m\u00e3os do presidente do clube, Ant\u00f3nio Miguel Cardoso, numa cerim\u00f3nia antes da rece\u00e7\u00e3o ao Alverca. O evento contou com a presen\u00e7a de Jo\u00e3o Henrique Faria, presidente da Assembleia Geral, e marcou a liga\u00e7\u00e3o entre o associado e o emblema vitoriano.<\/p>\n<p>Antes do apito inicial, Armando Gomes Alves integrou a foto da equipa titular e realizou um pontap\u00e9 de sa\u00edda simb\u00f3lico. O gesto ocorreu depois de cumprimentar o \u00e1rbitro Lu\u00eds Filipe e Figueiredo, extremo do Alverca, conforme registou o clube.<\/p>\n<p>A iniciativa refor\u00e7a o v\u00ednculo entre o V. Guimar\u00e3es e s\u00f3cios veteranos, numa noite dedicada ao reconhecimento institucional. Foto: Vit\u00f3ria SC<\/p>\n","protected":false},"excerpt":{"rendered":"<ul>\n<li>Armando Gomes Alves, de 93 anos, recebeu o cartel de s\u00f3cio n.\u00ba 1 do V. Guimar\u00e3es das m\u00e3os do presidente Ant\u00f3nio Miguel Cardoso, numa cerim\u00f3nia antes da rece\u00e7\u00e3o ao Alverca.<\/li>\n<li>A presen\u00e7a de Jo\u00e3o Henrique Faria, presidente da Assembleia Geral, foi observ\u00e1vel na ocasi\u00e3o.<\/li>\n<li>No momento que antecedeu o apito inicial, Armando Gomes Alves integrou a foto da equipa titular e fez o pontap\u00e9 de sa\u00edda simb\u00f3lico.<\/li>\n<li>O celebrante foi cumprimentado pelo \u00e1rbitro Lu\u00eds Filipe e por Figueiredo, extremo do Alverca.<\/li>\n<li>A foto associada ao evento tem cr\u00e9dito de Vit\u00f3ria SC.<\/li>\n<\/ul>\n","protected":false},"author":2,"featured_media":392644,"comment_status":"closed","ping_status":"closed","sticky":false,"template":"","format":"standard","meta":{"footnotes":""},"categories":[21,24],"tags":[1230,2937,1264,32,30,2229],"class_list":["post-392639","post","type-post","status-publish","format-standard","has-post-thumbnail","hentry","category-desporto","category-futebol","tag-alverca","tag-assembleia-geral","tag-associacao-desportiva","tag-futebol","tag-presidente","tag-vitoria-sc"],"yoast_head":"<!-- This site is optimized with the Yoast SEO plugin v27.2 - https:\/\/yoast.com\/product\/yoast-seo-wordpress\/ -->\n<title>Novo s\u00f3cio principal do V. Guimar\u00e3es homenageado antes da rece\u00e7\u00e3o ao Alverca - Portal Tela Portugal<\/title>\n<meta name=\"robots\" content=\"index, follow, max-snippet:-1, max-image-preview:large, max-video-preview:-1\" \/>\n<meta property=\"og:locale\" content=\"pt_PT\" \/>\n<meta property=\"og:type\" content=\"article\" \/>\n<meta property=\"og:title\" content=\"Novo s\u00f3cio principal do V. Guimar\u00e3es homenageado antes da rece\u00e7\u00e3o ao Alverca - Portal Tela Portugal\" \/>\n<meta property=\"og:description\" content=\"Armando Gomes Alves, de 93 anos, recebeu o cartel de s\u00f3cio n.\u00ba 1 do V. Guimar\u00e3es das m\u00e3os do presidente Ant\u00f3nio Miguel Cardoso, numa cerim\u00f3nia antes da rece\u00e7\u00e3o ao Alverca. A presen\u00e7a de Jo\u00e3o Henrique Faria, presidente da Assembleia Geral, foi observ\u00e1vel na ocasi\u00e3o. No momento que antecedeu o apito inicial, Armando Gomes Alves integrou a foto da equipa titular e fez o pontap\u00e9 de sa\u00edda simb\u00f3lico. O celebrante foi cumprimentado pelo \u00e1rbitro Lu\u00eds Filipe e por Figueiredo, extremo do Alverca. A foto associada ao evento tem cr\u00e9dito de Vit\u00f3ria SC.\" \/>\n<meta property=\"og:url\" content=\"https:\/\/portaltela.pt\/noticias\/2026\/02\/28\/novo-socio-principal-do-v-guimaraes-homenageado-antes-da-rececao-ao-alverca\/\" \/>\n<meta property=\"og:site_name\" content=\"Portal Tela Portugal\" \/>\n<meta property=\"article:published_time\" content=\"2026-02-28T20:55:01+00:00\" \/>\n<meta name=\"author\" content=\"Telinha\" \/>\n<meta name=\"twitter:card\" content=\"summary_large_image\" \/>\n<meta name=\"twitter:label1\" content=\"Escrito por\" \/>\n\t<meta name=\"twitter:data1\" content=\"Telinha\" \/>\n\t<meta name=\"twitter:label2\" content=\"Tempo estimado de leitura\" \/>\n\t<meta name=\"twitter:data2\" content=\"1 minuto\" \/>\n<script type=\"application\/ld+json\" class=\"yoast-schema-graph\">{\"@context\":\"https:\/\/schema.org\",\"@graph\":[{\"@type\":\"Article\",\"@id\":\"https:\/\/portaltela.pt\/noticias\/2026\/02\/28\/novo-socio-principal-do-v-guimaraes-homenageado-antes-da-rececao-ao-alverca\/#article\",\"isPartOf\":{\"@id\":\"https:\/\/portaltela.pt\/noticias\/2026\/02\/28\/novo-socio-principal-do-v-guimaraes-homenageado-antes-da-rececao-ao-alverca\/\"},\"author\":{\"name\":\"Telinha\",\"@id\":\"https:\/\/portaltela.pt\/#\/schema\/person\/c4278d4a6028830caff9ee44b42d32ed\"},\"headline\":\"Novo s\u00f3cio principal do V. Guimar\u00e3es homenageado antes da rece\u00e7\u00e3o ao Alverca\",\"datePublished\":\"2026-02-28T20:55:01+00:00\",\"mainEntityOfPage\":{\"@id\":\"https:\/\/portaltela.pt\/noticias\/2026\/02\/28\/novo-socio-principal-do-v-guimaraes-homenageado-antes-da-rececao-ao-alverca\/\"},\"wordCount\":147,\"image\":{\"@id\":\"https:\/\/portaltela.pt\/noticias\/2026\/02\/28\/novo-socio-principal-do-v-guimaraes-homenageado-antes-da-rececao-ao-alverca\/#primaryimage\"},\"thumbnailUrl\":\"https:\/\/portaltela.pt\/s.01k8rhncp4jt1\/2026\/02\/img_920x518uu2026-02-28-20-42-24-2424179.jpg\",\"keywords\":[\"Alverca\",\"Assembleia Geral\",\"associa\u00e7\u00e3o desportiva\",\"futebol\",\"presidente\",\"Vit\u00f3ria SC\"],\"articleSection\":[\"Desporto\",\"Futebol\"],\"inLanguage\":\"pt-PT\"},{\"@type\":\"WebPage\",\"@id\":\"https:\/\/portaltela.pt\/noticias\/2026\/02\/28\/novo-socio-principal-do-v-guimaraes-homenageado-antes-da-rececao-ao-alverca\/\",\"url\":\"https:\/\/portaltela.pt\/noticias\/2026\/02\/28\/novo-socio-principal-do-v-guimaraes-homenageado-antes-da-rececao-ao-alverca\/\",\"name\":\"Novo s\u00f3cio principal do V. Guimar\u00e3es homenageado antes da rece\u00e7\u00e3o ao Alverca - Portal Tela Portugal\",\"isPartOf\":{\"@id\":\"https:\/\/portaltela.pt\/#website\"},\"primaryImageOfPage\":{\"@id\":\"https:\/\/portaltela.pt\/noticias\/2026\/02\/28\/novo-socio-principal-do-v-guimaraes-homenageado-antes-da-rececao-ao-alverca\/#primaryimage\"},\"image\":{\"@id\":\"https:\/\/portaltela.pt\/noticias\/2026\/02\/28\/novo-socio-principal-do-v-guimaraes-homenageado-antes-da-rececao-ao-alverca\/#primaryimage\"},\"thumbnailUrl\":\"https:\/\/portaltela.pt\/s.01k8rhncp4jt1\/2026\/02\/img_920x518uu2026-02-28-20-42-24-2424179.jpg\",\"datePublished\":\"2026-02-28T20:55:01+00:00\",\"author\":{\"@id\":\"https:\/\/portaltela.pt\/#\/schema\/person\/c4278d4a6028830caff9ee44b42d32ed\"},\"breadcrumb\":{\"@id\":\"https:\/\/portaltela.pt\/noticias\/2026\/02\/28\/novo-socio-principal-do-v-guimaraes-homenageado-antes-da-rececao-ao-alverca\/#breadcrumb\"},\"inLanguage\":\"pt-PT\",\"potentialAction\":[{\"@type\":\"ReadAction\",\"target\":[\"https:\/\/portaltela.pt\/noticias\/2026\/02\/28\/novo-socio-principal-do-v-guimaraes-homenageado-antes-da-rececao-ao-alverca\/\"]}]},{\"@type\":\"ImageObject\",\"inLanguage\":\"pt-PT\",\"@id\":\"https:\/\/portaltela.pt\/noticias\/2026\/02\/28\/novo-socio-principal-do-v-guimaraes-homenageado-antes-da-rececao-ao-alverca\/#primaryimage\",\"url\":\"https:\/\/portaltela.pt\/s.01k8rhncp4jt1\/2026\/02\/img_920x518uu2026-02-28-20-42-24-2424179.jpg\",\"contentUrl\":\"https:\/\/portaltela.pt\/s.01k8rhncp4jt1\/2026\/02\/img_920x518uu2026-02-28-20-42-24-2424179.jpg\",\"width\":796,\"height\":448,\"caption\":\"Armando Gomes Alves com o presidente Ant\u00f3nio Miguel Cardoso\"},{\"@type\":\"BreadcrumbList\",\"@id\":\"https:\/\/portaltela.pt\/noticias\/2026\/02\/28\/novo-socio-principal-do-v-guimaraes-homenageado-antes-da-rececao-ao-alverca\/#breadcrumb\",\"itemListElement\":[{\"@type\":\"ListItem\",\"position\":1,\"name\":\"In\u00edcio\",\"item\":\"https:\/\/portaltela.pt\/\"},{\"@type\":\"ListItem\",\"position\":2,\"name\":\"Novo s\u00f3cio principal do V. Guimar\u00e3es homenageado antes da rece\u00e7\u00e3o ao Alverca\"}]},{\"@type\":\"WebSite\",\"@id\":\"https:\/\/portaltela.pt\/#website\",\"url\":\"https:\/\/portaltela.pt\/\",\"name\":\"Portal Tela Portugal\",\"description\":\"\",\"potentialAction\":[{\"@type\":\"SearchAction\",\"target\":{\"@type\":\"EntryPoint\",\"urlTemplate\":\"https:\/\/portaltela.pt\/?s={search_term_string}\"},\"query-input\":{\"@type\":\"PropertyValueSpecification\",\"valueRequired\":true,\"valueName\":\"search_term_string\"}}],\"inLanguage\":\"pt-PT\"},{\"@type\":\"Person\",\"@id\":\"https:\/\/portaltela.pt\/#\/schema\/person\/c4278d4a6028830caff9ee44b42d32ed\",\"name\":\"Telinha\",\"image\":{\"@type\":\"ImageObject\",\"inLanguage\":\"pt-PT\",\"@id\":\"https:\/\/portaltela.pt\/s.01k8rhncp4jt1\/2025\/11\/talking-bot-125x125.png\",\"url\":\"https:\/\/portaltela.pt\/s.01k8rhncp4jt1\/2025\/11\/talking-bot-125x125.png\",\"contentUrl\":\"https:\/\/portaltela.pt\/s.01k8rhncp4jt1\/2025\/11\/talking-bot-125x125.png\",\"caption\":\"Telinha\"},\"sameAs\":[\"https:\/\/portaltela.pt\/\"],\"url\":\"https:\/\/portaltela.pt\/por\/367410592786\/\"}]}<\/script>\n<!-- \/ Yoast SEO plugin. -->","yoast_head_json":{"title":"Novo s\u00f3cio principal do V. Guimar\u00e3es homenageado antes da rece\u00e7\u00e3o ao Alverca - Portal Tela Portugal","robots":{"index":"index","follow":"follow","max-snippet":"max-snippet:-1","max-image-preview":"max-image-preview:large","max-video-preview":"max-video-preview:-1"},"og_locale":"pt_PT","og_type":"article","og_title":"Novo s\u00f3cio principal do V. Guimar\u00e3es homenageado antes da rece\u00e7\u00e3o ao Alverca - Portal Tela Portugal","og_description":"Armando Gomes Alves, de 93 anos, recebeu o cartel de s\u00f3cio n.\u00ba 1 do V. Guimar\u00e3es das m\u00e3os do presidente Ant\u00f3nio Miguel Cardoso, numa cerim\u00f3nia antes da rece\u00e7\u00e3o ao Alverca. A presen\u00e7a de Jo\u00e3o Henrique Faria, presidente da Assembleia Geral, foi observ\u00e1vel na ocasi\u00e3o. No momento que antecedeu o apito inicial, Armando Gomes Alves integrou a foto da equipa titular e fez o pontap\u00e9 de sa\u00edda simb\u00f3lico. O celebrante foi cumprimentado pelo \u00e1rbitro Lu\u00eds Filipe e por Figueiredo, extremo do Alverca. A foto associada ao evento tem cr\u00e9dito de Vit\u00f3ria SC.","og_url":"https:\/\/portaltela.pt\/noticias\/2026\/02\/28\/novo-socio-principal-do-v-guimaraes-homenageado-antes-da-rececao-ao-alverca\/","og_site_name":"Portal Tela Portugal","article_published_time":"2026-02-28T20:55:01+00:00","author":"Telinha","twitter_card":"summary_large_image","twitter_misc":{"Escrito por":"Telinha","Tempo estimado de leitura":"1 minuto"},"schema":{"@context":"https:\/\/schema.org","@graph":[{"@type":"Article","@id":"https:\/\/portaltela.pt\/noticias\/2026\/02\/28\/novo-socio-principal-do-v-guimaraes-homenageado-antes-da-rececao-ao-alverca\/#article","isPartOf":{"@id":"https:\/\/portaltela.pt\/noticias\/2026\/02\/28\/novo-socio-principal-do-v-guimaraes-homenageado-antes-da-rececao-ao-alverca\/"},"author":{"name":"Telinha","@id":"https:\/\/portaltela.pt\/#\/schema\/person\/c4278d4a6028830caff9ee44b42d32ed"},"headline":"Novo s\u00f3cio principal do V. Guimar\u00e3es homenageado antes da rece\u00e7\u00e3o ao Alverca","datePublished":"2026-02-28T20:55:01+00:00","mainEntityOfPage":{"@id":"https:\/\/portaltela.pt\/noticias\/2026\/02\/28\/novo-socio-principal-do-v-guimaraes-homenageado-antes-da-rececao-ao-alverca\/"},"wordCount":147,"image":{"@id":"https:\/\/portaltela.pt\/noticias\/2026\/02\/28\/novo-socio-principal-do-v-guimaraes-homenageado-antes-da-rececao-ao-alverca\/#primaryimage"},"thumbnailUrl":"https:\/\/portaltela.pt\/s.01k8rhncp4jt1\/2026\/02\/img_920x518uu2026-02-28-20-42-24-2424179.jpg","keywords":["Alverca","Assembleia Geral","associa\u00e7\u00e3o desportiva","futebol","presidente","Vit\u00f3ria SC"],"articleSection":["Desporto","Futebol"],"inLanguage":"pt-PT"},{"@type":"WebPage","@id":"https:\/\/portaltela.pt\/noticias\/2026\/02\/28\/novo-socio-principal-do-v-guimaraes-homenageado-antes-da-rececao-ao-alverca\/","url":"https:\/\/portaltela.pt\/noticias\/2026\/02\/28\/novo-socio-principal-do-v-guimaraes-homenageado-antes-da-rececao-ao-alverca\/","name":"Novo s\u00f3cio principal do V. Guimar\u00e3es homenageado antes da rece\u00e7\u00e3o ao Alverca - Portal Tela Portugal","isPartOf":{"@id":"https:\/\/portaltela.pt\/#website"},"primaryImageOfPage":{"@id":"https:\/\/portaltela.pt\/noticias\/2026\/02\/28\/novo-socio-principal-do-v-guimaraes-homenageado-antes-da-rececao-ao-alverca\/#primaryimage"},"image":{"@id":"https:\/\/portaltela.pt\/noticias\/2026\/02\/28\/novo-socio-principal-do-v-guimaraes-homenageado-antes-da-rececao-ao-alverca\/#primaryimage"},"thumbnailUrl":"https:\/\/portaltela.pt\/s.01k8rhncp4jt1\/2026\/02\/img_920x518uu2026-02-28-20-42-24-2424179.jpg","datePublished":"2026-02-28T20:55:01+00:00","author":{"@id":"https:\/\/portaltela.pt\/#\/schema\/person\/c4278d4a6028830caff9ee44b42d32ed"},"breadcrumb":{"@id":"https:\/\/portaltela.pt\/noticias\/2026\/02\/28\/novo-socio-principal-do-v-guimaraes-homenageado-antes-da-rececao-ao-alverca\/#breadcrumb"},"inLanguage":"pt-PT","potentialAction":[{"@type":"ReadAction","target":["https:\/\/portaltela.pt\/noticias\/2026\/02\/28\/novo-socio-principal-do-v-guimaraes-homenageado-antes-da-rececao-ao-alverca\/"]}]},{"@type":"ImageObject","inLanguage":"pt-PT","@id":"https:\/\/portaltela.pt\/noticias\/2026\/02\/28\/novo-socio-principal-do-v-guimaraes-homenageado-antes-da-rececao-ao-alverca\/#primaryimage","url":"https:\/\/portaltela.pt\/s.01k8rhncp4jt1\/2026\/02\/img_920x518uu2026-02-28-20-42-24-2424179.jpg","contentUrl":"https:\/\/portaltela.pt\/s.01k8rhncp4jt1\/2026\/02\/img_920x518uu2026-02-28-20-42-24-2424179.jpg","width":796,"height":448,"caption":"Armando Gomes Alves com o presidente Ant\u00f3nio Miguel Cardoso"},{"@type":"BreadcrumbList","@id":"https:\/\/portaltela.pt\/noticias\/2026\/02\/28\/novo-socio-principal-do-v-guimaraes-homenageado-antes-da-rececao-ao-alverca\/#breadcrumb","itemListElement":[{"@type":"ListItem","position":1,"name":"In\u00edcio","item":"https:\/\/portaltela.pt\/"},{"@type":"ListItem","position":2,"name":"Novo s\u00f3cio principal do V. Guimar\u00e3es homenageado antes da rece\u00e7\u00e3o ao Alverca"}]},{"@type":"WebSite","@id":"https:\/\/portaltela.pt\/#website","url":"https:\/\/portaltela.pt\/","name":"Portal Tela Portugal","description":"","potentialAction":[{"@type":"SearchAction","target":{"@type":"EntryPoint","urlTemplate":"https:\/\/portaltela.pt\/?s={search_term_string}"},"query-input":{"@type":"PropertyValueSpecification","valueRequired":true,"valueName":"search_term_string"}}],"inLanguage":"pt-PT"},{"@type":"Person","@id":"https:\/\/portaltela.pt\/#\/schema\/person\/c4278d4a6028830caff9ee44b42d32ed","name":"Telinha","image":{"@type":"ImageObject","inLanguage":"pt-PT","@id":"https:\/\/portaltela.pt\/s.01k8rhncp4jt1\/2025\/11\/talking-bot-125x125.png","url":"https:\/\/portaltela.pt\/s.01k8rhncp4jt1\/2025\/11\/talking-bot-125x125.png","contentUrl":"https:\/\/portaltela.pt\/s.01k8rhncp4jt1\/2025\/11\/talking-bot-125x125.png","caption":"Telinha"},"sameAs":["https:\/\/portaltela.pt\/"],"url":"https:\/\/portaltela.pt\/por\/367410592786\/"}]}},"_links":{"self":[{"href":"https:\/\/portaltela.pt\/api\/wp\/v2\/posts\/392639","targetHints":{"allow":["GET"]}}],"collection":[{"href":"https:\/\/portaltela.pt\/api\/wp\/v2\/posts"}],"about":[{"href":"https:\/\/portaltela.pt\/api\/wp\/v2\/types\/post"}],"author":[{"embeddable":true,"href":"https:\/\/portaltela.pt\/api\/wp\/v2\/users\/2"}],"replies":[{"embeddable":true,"href":"https:\/\/portaltela.pt\/api\/wp\/v2\/comments?post=392639"}],"version-history":[{"count":0,"href":"https:\/\/portaltela.pt\/api\/wp\/v2\/posts\/392639\/revisions"}],"wp:featuredmedia":[{"embeddable":true,"href":"https:\/\/portaltela.pt\/api\/wp\/v2\/media\/392644"}],"wp:attachment":[{"href":"https:\/\/portaltela.pt\/api\/wp\/v2\/media?parent=392639"}],"wp:term":[{"taxonomy":"category","embeddable":true,"href":"https:\/\/portaltela.pt\/api\/wp\/v2\/categories?post=392639"},{"taxonomy":"post_tag","embeddable":true,"href":"https:\/\/portaltela.pt\/api\/wp\/v2\/tags?post=392639"}],"curies":[{"name":"wp","href":"https:\/\/api.w.org\/{rel}","templated":true}]}}