{"id":392638,"date":"2026-02-28T17:36:00","date_gmt":"2026-02-28T20:36:00","guid":{"rendered":"https:\/\/portaltela.pt\/noticias\/2026\/02\/28\/metrobus-da-boavista-ja-transporta-passageiros\/"},"modified":"2026-02-28T17:36:00","modified_gmt":"2026-02-28T20:36:00","slug":"metrobus-da-boavista-ja-transporta-passageiros","status":"publish","type":"post","link":"https:\/\/portaltela.pt\/noticias\/2026\/02\/28\/metrobus-da-boavista-ja-transporta-passageiros\/","title":{"rendered":"Metrobus da Boavista j\u00e1 transporta passageiros"},"content":{"rendered":"<p>O autocarro a hidrog\u00e9nio da opera\u00e7\u00e3o experimental do metrobus da Avenida da Boavista iniciou hoje a circula\u00e7\u00e3o de passageiros no Porto. A iniciativa visa testar o servi\u00e7o em condi\u00e7\u00f5es reais, com apoio de um corredor utilizado por v\u00e1rios modos de transporte.<\/p>\n<p>Pelo menos centenas de curiosos acompanharam o primeiro dia de funcionamento do ve\u00edculo movido a hidrog\u00e9nio, que circula entre a Casa da M\u00fasica e a zona de Sab\u00f3ia, em v\u00e1rias paragens do eixo.<\/p>\n<p>A avalia\u00e7\u00e3o do projeto envolve autoridades locais, operadores de mobilidade e comunidades vizinhas, com o objetivo de aferir impactos no tr\u00e1fego, na emiss\u00e3o de poluentes e na experi\u00eancia dos utilizadores.<\/p>\n<p>Dulce Anast\u00e1cio, de 73 anos, reside no Viso e costuma usar o comboio e o metro para desloca\u00e7\u00f5es. Hoje, seguiu uma rotina de ir at\u00e9 \u00e0 Casa da M\u00fasica e percorrer a p\u00e9 cerca de 400 metros at\u00e9 \u00e0 paragem de metrobus. A dist\u00e2ncia entre as alternativas n\u00e3o pareceu ser problema numa manh\u00e3 soalheira de s\u00e1bado.<\/p>\n<p>O canal reservado para o metrobus continua a receber outras formas de circula\u00e7\u00e3o, apesar de haver uma proibi\u00e7\u00e3o relacionada com o acesso de ve\u00edculos n\u00e3o autorizados. As autoridades indicam que a medida pretende manter o foco no teste do autocarro de hidrog\u00e9nio e na sua integra\u00e7\u00e3o com o sistema existente.<\/p>\n<p>O primeiro dia de opera\u00e7\u00e3o foi marcado pela presen\u00e7a de p\u00fablico, jornalistas e t\u00e9cnicos, que acompanharam o andamento da circula\u00e7\u00e3o, paragens e hor\u00e1rios. As autoridades prometem divulgar dados preliminares sobre desempenho, consumo de energia e aceitabilidade do servi\u00e7o nos pr\u00f3ximos dias.<\/p>\n","protected":false},"excerpt":{"rendered":"<ul>\n<li>O metrobus da Avenida da Boavista, em Porto, arrancou a opera\u00e7\u00e3o experimental neste s\u00e1bado, j\u00e1 transportando passageiros.<\/li>\n<li>No primeiro dia, centenas de curiosos foram ver o desenvolvimento do servi\u00e7o.<\/li>\n<li>O autocarro a hidrog\u00e9nio \u00e9 uma experi\u00eancia de mobilidade que est\u00e1 a ser seguida de perto pela popula\u00e7\u00e3o.<\/li>\n<li>O canal de circula\u00e7\u00e3o continua a ser utilizado por outros meios de transporte, apesar da proibi\u00e7\u00e3o associada \u00e0 experi\u00eancia.<\/li>\n<li>O trajecto envolve a liga\u00e7\u00e3o entre a zona da Boavista e a rede de transportes municipal, com as pessoas a adaptarem-se ao novo servi\u00e7o.<\/li>\n<\/ul>\n","protected":false},"author":2,"featured_media":392643,"comment_status":"closed","ping_status":"closed","sticky":false,"template":"","format":"standard","meta":{"footnotes":""},"categories":[1],"tags":[3769,4224,3263,982,192,4535],"class_list":["post-392638","post","type-post","status-publish","format-standard","has-post-thumbnail","hentry","category-noticias","tag-autocarros","tag-hidrogenio-limpo","tag-mobilidade-urbana","tag-porto","tag-transporte","tag-transporte-publico"],"yoast_head":"<!-- This site is optimized with the Yoast SEO plugin v27.2 - https:\/\/yoast.com\/product\/yoast-seo-wordpress\/ -->\n<title>Metrobus da Boavista j\u00e1 transporta passageiros - Portal Tela Portugal<\/title>\n<meta name=\"robots\" content=\"index, follow, max-snippet:-1, max-image-preview:large, max-video-preview:-1\" \/>\n<meta property=\"og:locale\" content=\"pt_PT\" \/>\n<meta property=\"og:type\" content=\"article\" \/>\n<meta property=\"og:title\" content=\"Metrobus da Boavista j\u00e1 transporta passageiros - Portal Tela Portugal\" \/>\n<meta property=\"og:description\" content=\"O metrobus da Avenida da Boavista, em Porto, arrancou a opera\u00e7\u00e3o experimental neste s\u00e1bado, j\u00e1 transportando passageiros. No primeiro dia, centenas de curiosos foram ver o desenvolvimento do servi\u00e7o. O autocarro a hidrog\u00e9nio \u00e9 uma experi\u00eancia de mobilidade que est\u00e1 a ser seguida de perto pela popula\u00e7\u00e3o. O canal de circula\u00e7\u00e3o continua a ser utilizado por outros meios de transporte, apesar da proibi\u00e7\u00e3o associada \u00e0 experi\u00eancia. O trajecto envolve a liga\u00e7\u00e3o entre a zona da Boavista e a rede de transportes municipal, com as pessoas a adaptarem-se ao novo servi\u00e7o.\" \/>\n<meta property=\"og:url\" content=\"https:\/\/portaltela.pt\/noticias\/2026\/02\/28\/metrobus-da-boavista-ja-transporta-passageiros\/\" \/>\n<meta property=\"og:site_name\" content=\"Portal Tela Portugal\" \/>\n<meta property=\"article:published_time\" content=\"2026-02-28T20:36:00+00:00\" \/>\n<meta name=\"author\" content=\"Telinha\" \/>\n<meta name=\"twitter:card\" content=\"summary_large_image\" \/>\n<meta name=\"twitter:label1\" content=\"Escrito por\" \/>\n\t<meta name=\"twitter:data1\" content=\"Telinha\" \/>\n\t<meta name=\"twitter:label2\" content=\"Tempo estimado de leitura\" \/>\n\t<meta name=\"twitter:data2\" content=\"1 minuto\" \/>\n<script type=\"application\/ld+json\" class=\"yoast-schema-graph\">{\"@context\":\"https:\/\/schema.org\",\"@graph\":[{\"@type\":\"Article\",\"@id\":\"https:\/\/portaltela.pt\/noticias\/2026\/02\/28\/metrobus-da-boavista-ja-transporta-passageiros\/#article\",\"isPartOf\":{\"@id\":\"https:\/\/portaltela.pt\/noticias\/2026\/02\/28\/metrobus-da-boavista-ja-transporta-passageiros\/\"},\"author\":{\"name\":\"Telinha\",\"@id\":\"https:\/\/portaltela.pt\/#\/schema\/person\/c4278d4a6028830caff9ee44b42d32ed\"},\"headline\":\"Metrobus da Boavista j\u00e1 transporta passageiros\",\"datePublished\":\"2026-02-28T20:36:00+00:00\",\"mainEntityOfPage\":{\"@id\":\"https:\/\/portaltela.pt\/noticias\/2026\/02\/28\/metrobus-da-boavista-ja-transporta-passageiros\/\"},\"wordCount\":288,\"image\":{\"@id\":\"https:\/\/portaltela.pt\/noticias\/2026\/02\/28\/metrobus-da-boavista-ja-transporta-passageiros\/#primaryimage\"},\"thumbnailUrl\":\"https:\/\/portaltela.pt\/s.01k8rhncp4jt1\/2026\/02\/2070668.jpg\",\"keywords\":[\"autocarros\",\"hidrog\u00e9nio limpo\",\"mobilidade urbana\",\"Porto\",\"transporte\",\"transporte p\u00fablico\"],\"articleSection\":[\"Not\u00edcias\"],\"inLanguage\":\"pt-PT\"},{\"@type\":\"WebPage\",\"@id\":\"https:\/\/portaltela.pt\/noticias\/2026\/02\/28\/metrobus-da-boavista-ja-transporta-passageiros\/\",\"url\":\"https:\/\/portaltela.pt\/noticias\/2026\/02\/28\/metrobus-da-boavista-ja-transporta-passageiros\/\",\"name\":\"Metrobus da Boavista j\u00e1 transporta passageiros - Portal Tela Portugal\",\"isPartOf\":{\"@id\":\"https:\/\/portaltela.pt\/#website\"},\"primaryImageOfPage\":{\"@id\":\"https:\/\/portaltela.pt\/noticias\/2026\/02\/28\/metrobus-da-boavista-ja-transporta-passageiros\/#primaryimage\"},\"image\":{\"@id\":\"https:\/\/portaltela.pt\/noticias\/2026\/02\/28\/metrobus-da-boavista-ja-transporta-passageiros\/#primaryimage\"},\"thumbnailUrl\":\"https:\/\/portaltela.pt\/s.01k8rhncp4jt1\/2026\/02\/2070668.jpg\",\"datePublished\":\"2026-02-28T20:36:00+00:00\",\"author\":{\"@id\":\"https:\/\/portaltela.pt\/#\/schema\/person\/c4278d4a6028830caff9ee44b42d32ed\"},\"breadcrumb\":{\"@id\":\"https:\/\/portaltela.pt\/noticias\/2026\/02\/28\/metrobus-da-boavista-ja-transporta-passageiros\/#breadcrumb\"},\"inLanguage\":\"pt-PT\",\"potentialAction\":[{\"@type\":\"ReadAction\",\"target\":[\"https:\/\/portaltela.pt\/noticias\/2026\/02\/28\/metrobus-da-boavista-ja-transporta-passageiros\/\"]}]},{\"@type\":\"ImageObject\",\"inLanguage\":\"pt-PT\",\"@id\":\"https:\/\/portaltela.pt\/noticias\/2026\/02\/28\/metrobus-da-boavista-ja-transporta-passageiros\/#primaryimage\",\"url\":\"https:\/\/portaltela.pt\/s.01k8rhncp4jt1\/2026\/02\/2070668.jpg\",\"contentUrl\":\"https:\/\/portaltela.pt\/s.01k8rhncp4jt1\/2026\/02\/2070668.jpg\",\"width\":796,\"height\":448,\"caption\":\"Opera\u00e7\u00e3o experimental do metrobus da Avenida da Boavista arrancou neste s\u00e1bado\"},{\"@type\":\"BreadcrumbList\",\"@id\":\"https:\/\/portaltela.pt\/noticias\/2026\/02\/28\/metrobus-da-boavista-ja-transporta-passageiros\/#breadcrumb\",\"itemListElement\":[{\"@type\":\"ListItem\",\"position\":1,\"name\":\"In\u00edcio\",\"item\":\"https:\/\/portaltela.pt\/\"},{\"@type\":\"ListItem\",\"position\":2,\"name\":\"Metrobus da Boavista j\u00e1 transporta passageiros\"}]},{\"@type\":\"WebSite\",\"@id\":\"https:\/\/portaltela.pt\/#website\",\"url\":\"https:\/\/portaltela.pt\/\",\"name\":\"Portal Tela Portugal\",\"description\":\"\",\"potentialAction\":[{\"@type\":\"SearchAction\",\"target\":{\"@type\":\"EntryPoint\",\"urlTemplate\":\"https:\/\/portaltela.pt\/?s={search_term_string}\"},\"query-input\":{\"@type\":\"PropertyValueSpecification\",\"valueRequired\":true,\"valueName\":\"search_term_string\"}}],\"inLanguage\":\"pt-PT\"},{\"@type\":\"Person\",\"@id\":\"https:\/\/portaltela.pt\/#\/schema\/person\/c4278d4a6028830caff9ee44b42d32ed\",\"name\":\"Telinha\",\"image\":{\"@type\":\"ImageObject\",\"inLanguage\":\"pt-PT\",\"@id\":\"https:\/\/portaltela.pt\/s.01k8rhncp4jt1\/2025\/11\/talking-bot-125x125.png\",\"url\":\"https:\/\/portaltela.pt\/s.01k8rhncp4jt1\/2025\/11\/talking-bot-125x125.png\",\"contentUrl\":\"https:\/\/portaltela.pt\/s.01k8rhncp4jt1\/2025\/11\/talking-bot-125x125.png\",\"caption\":\"Telinha\"},\"sameAs\":[\"https:\/\/portaltela.pt\/\"],\"url\":\"https:\/\/portaltela.pt\/por\/367410592786\/\"}]}<\/script>\n<!-- \/ Yoast SEO plugin. -->","yoast_head_json":{"title":"Metrobus da Boavista j\u00e1 transporta passageiros - Portal Tela Portugal","robots":{"index":"index","follow":"follow","max-snippet":"max-snippet:-1","max-image-preview":"max-image-preview:large","max-video-preview":"max-video-preview:-1"},"og_locale":"pt_PT","og_type":"article","og_title":"Metrobus da Boavista j\u00e1 transporta passageiros - Portal Tela Portugal","og_description":"O metrobus da Avenida da Boavista, em Porto, arrancou a opera\u00e7\u00e3o experimental neste s\u00e1bado, j\u00e1 transportando passageiros. No primeiro dia, centenas de curiosos foram ver o desenvolvimento do servi\u00e7o. O autocarro a hidrog\u00e9nio \u00e9 uma experi\u00eancia de mobilidade que est\u00e1 a ser seguida de perto pela popula\u00e7\u00e3o. O canal de circula\u00e7\u00e3o continua a ser utilizado por outros meios de transporte, apesar da proibi\u00e7\u00e3o associada \u00e0 experi\u00eancia. O trajecto envolve a liga\u00e7\u00e3o entre a zona da Boavista e a rede de transportes municipal, com as pessoas a adaptarem-se ao novo servi\u00e7o.","og_url":"https:\/\/portaltela.pt\/noticias\/2026\/02\/28\/metrobus-da-boavista-ja-transporta-passageiros\/","og_site_name":"Portal Tela Portugal","article_published_time":"2026-02-28T20:36:00+00:00","author":"Telinha","twitter_card":"summary_large_image","twitter_misc":{"Escrito por":"Telinha","Tempo estimado de leitura":"1 minuto"},"schema":{"@context":"https:\/\/schema.org","@graph":[{"@type":"Article","@id":"https:\/\/portaltela.pt\/noticias\/2026\/02\/28\/metrobus-da-boavista-ja-transporta-passageiros\/#article","isPartOf":{"@id":"https:\/\/portaltela.pt\/noticias\/2026\/02\/28\/metrobus-da-boavista-ja-transporta-passageiros\/"},"author":{"name":"Telinha","@id":"https:\/\/portaltela.pt\/#\/schema\/person\/c4278d4a6028830caff9ee44b42d32ed"},"headline":"Metrobus da Boavista j\u00e1 transporta passageiros","datePublished":"2026-02-28T20:36:00+00:00","mainEntityOfPage":{"@id":"https:\/\/portaltela.pt\/noticias\/2026\/02\/28\/metrobus-da-boavista-ja-transporta-passageiros\/"},"wordCount":288,"image":{"@id":"https:\/\/portaltela.pt\/noticias\/2026\/02\/28\/metrobus-da-boavista-ja-transporta-passageiros\/#primaryimage"},"thumbnailUrl":"https:\/\/portaltela.pt\/s.01k8rhncp4jt1\/2026\/02\/2070668.jpg","keywords":["autocarros","hidrog\u00e9nio limpo","mobilidade urbana","Porto","transporte","transporte p\u00fablico"],"articleSection":["Not\u00edcias"],"inLanguage":"pt-PT"},{"@type":"WebPage","@id":"https:\/\/portaltela.pt\/noticias\/2026\/02\/28\/metrobus-da-boavista-ja-transporta-passageiros\/","url":"https:\/\/portaltela.pt\/noticias\/2026\/02\/28\/metrobus-da-boavista-ja-transporta-passageiros\/","name":"Metrobus da Boavista j\u00e1 transporta passageiros - Portal Tela Portugal","isPartOf":{"@id":"https:\/\/portaltela.pt\/#website"},"primaryImageOfPage":{"@id":"https:\/\/portaltela.pt\/noticias\/2026\/02\/28\/metrobus-da-boavista-ja-transporta-passageiros\/#primaryimage"},"image":{"@id":"https:\/\/portaltela.pt\/noticias\/2026\/02\/28\/metrobus-da-boavista-ja-transporta-passageiros\/#primaryimage"},"thumbnailUrl":"https:\/\/portaltela.pt\/s.01k8rhncp4jt1\/2026\/02\/2070668.jpg","datePublished":"2026-02-28T20:36:00+00:00","author":{"@id":"https:\/\/portaltela.pt\/#\/schema\/person\/c4278d4a6028830caff9ee44b42d32ed"},"breadcrumb":{"@id":"https:\/\/portaltela.pt\/noticias\/2026\/02\/28\/metrobus-da-boavista-ja-transporta-passageiros\/#breadcrumb"},"inLanguage":"pt-PT","potentialAction":[{"@type":"ReadAction","target":["https:\/\/portaltela.pt\/noticias\/2026\/02\/28\/metrobus-da-boavista-ja-transporta-passageiros\/"]}]},{"@type":"ImageObject","inLanguage":"pt-PT","@id":"https:\/\/portaltela.pt\/noticias\/2026\/02\/28\/metrobus-da-boavista-ja-transporta-passageiros\/#primaryimage","url":"https:\/\/portaltela.pt\/s.01k8rhncp4jt1\/2026\/02\/2070668.jpg","contentUrl":"https:\/\/portaltela.pt\/s.01k8rhncp4jt1\/2026\/02\/2070668.jpg","width":796,"height":448,"caption":"Opera\u00e7\u00e3o experimental do metrobus da Avenida da Boavista arrancou neste s\u00e1bado"},{"@type":"BreadcrumbList","@id":"https:\/\/portaltela.pt\/noticias\/2026\/02\/28\/metrobus-da-boavista-ja-transporta-passageiros\/#breadcrumb","itemListElement":[{"@type":"ListItem","position":1,"name":"In\u00edcio","item":"https:\/\/portaltela.pt\/"},{"@type":"ListItem","position":2,"name":"Metrobus da Boavista j\u00e1 transporta passageiros"}]},{"@type":"WebSite","@id":"https:\/\/portaltela.pt\/#website","url":"https:\/\/portaltela.pt\/","name":"Portal Tela Portugal","description":"","potentialAction":[{"@type":"SearchAction","target":{"@type":"EntryPoint","urlTemplate":"https:\/\/portaltela.pt\/?s={search_term_string}"},"query-input":{"@type":"PropertyValueSpecification","valueRequired":true,"valueName":"search_term_string"}}],"inLanguage":"pt-PT"},{"@type":"Person","@id":"https:\/\/portaltela.pt\/#\/schema\/person\/c4278d4a6028830caff9ee44b42d32ed","name":"Telinha","image":{"@type":"ImageObject","inLanguage":"pt-PT","@id":"https:\/\/portaltela.pt\/s.01k8rhncp4jt1\/2025\/11\/talking-bot-125x125.png","url":"https:\/\/portaltela.pt\/s.01k8rhncp4jt1\/2025\/11\/talking-bot-125x125.png","contentUrl":"https:\/\/portaltela.pt\/s.01k8rhncp4jt1\/2025\/11\/talking-bot-125x125.png","caption":"Telinha"},"sameAs":["https:\/\/portaltela.pt\/"],"url":"https:\/\/portaltela.pt\/por\/367410592786\/"}]}},"_links":{"self":[{"href":"https:\/\/portaltela.pt\/api\/wp\/v2\/posts\/392638","targetHints":{"allow":["GET"]}}],"collection":[{"href":"https:\/\/portaltela.pt\/api\/wp\/v2\/posts"}],"about":[{"href":"https:\/\/portaltela.pt\/api\/wp\/v2\/types\/post"}],"author":[{"embeddable":true,"href":"https:\/\/portaltela.pt\/api\/wp\/v2\/users\/2"}],"replies":[{"embeddable":true,"href":"https:\/\/portaltela.pt\/api\/wp\/v2\/comments?post=392638"}],"version-history":[{"count":0,"href":"https:\/\/portaltela.pt\/api\/wp\/v2\/posts\/392638\/revisions"}],"wp:featuredmedia":[{"embeddable":true,"href":"https:\/\/portaltela.pt\/api\/wp\/v2\/media\/392643"}],"wp:attachment":[{"href":"https:\/\/portaltela.pt\/api\/wp\/v2\/media?parent=392638"}],"wp:term":[{"taxonomy":"category","embeddable":true,"href":"https:\/\/portaltela.pt\/api\/wp\/v2\/categories?post=392638"},{"taxonomy":"post_tag","embeddable":true,"href":"https:\/\/portaltela.pt\/api\/wp\/v2\/tags?post=392638"}],"curies":[{"name":"wp","href":"https:\/\/api.w.org\/{rel}","templated":true}]}}