{"id":392623,"date":"2026-02-28T17:41:08","date_gmt":"2026-02-28T20:41:08","guid":{"rendered":"https:\/\/portaltela.pt\/noticias\/2026\/02\/28\/nuno-santos-e-braganca-irmandade-forjada-no-infortunio-comeca-a-dar-frutos\/"},"modified":"2026-02-28T17:41:08","modified_gmt":"2026-02-28T20:41:08","slug":"nuno-santos-e-braganca-irmandade-forjada-no-infortunio-comeca-a-dar-frutos","status":"publish","type":"post","link":"https:\/\/portaltela.pt\/desporto\/futebol\/2026\/02\/28\/nuno-santos-e-braganca-irmandade-forjada-no-infortunio-comeca-a-dar-frutos\/","title":{"rendered":"Nuno Santos e Bragan\u00e7a: Irmandade forjada no infort\u00fanio come\u00e7a a dar frutos"},"content":{"rendered":"<p>O Sporting venceu o Estoril por 3-0, num jogo em que o terceiro golo contou com a participa\u00e7\u00e3o decisiva de Daniel Bragan\u00e7a e Nuno Santos. A aproxima\u00e7\u00e3o aos 11 minutos abriu caminho para o lance que consolidou a vantagem, com os dois jogadores a celebrarem juntos. O momento traduziu a intensidade de uma exibi\u00e7\u00e3o que teve, ao longe, uma carga emocional.<\/p>\n<p>A dupla tem vindo a construir uma rela\u00e7\u00e3o marcada pela amizade forjada em meses de sacrif\u00edcio. A indisponibilidade causada por les\u00f5es graves levou a um per\u00edodo de inatividade, que, com o regresso aos terrenos, ganhou contornos especiais nas declara\u00e7\u00f5es e celebra\u00e7\u00f5es.<\/p>\n<h3>Conex\u00e3o entre les\u00f5es e recupera\u00e7\u00e3o<\/h3>\n<p>Ao longo dos meses, Bragan\u00e7a e Nuno Santos mostraram resili\u00eancia durante o processo de recupera\u00e7\u00e3o. O encontro com a forma atual do Sporting permitiu-lhes partilhar um momento de emo\u00e7\u00e3o coletiva, refletindo a evolu\u00e7\u00e3o f\u00edsica e o reencontro com a competi\u00e7\u00e3o.<\/p>\n<p>O triunfo mant\u00e9m o Sporting no topo da bancada, com o trio de ataque a refor\u00e7ar a din\u00e2mica da equipa. A vit\u00f3ria diante do Estoril \u00e9 apresentada como sinal de manter a consist\u00eancia, ap\u00f3s um per\u00edodo de regressos cuidadosos, sem press\u00f5es desnecess\u00e1rias.<\/p>\n","protected":false},"excerpt":{"rendered":"<ul>\n<li>O Sporting venceu o Estoril por 3-0, com o 3-0 a nascer num lance trabalhado em 11 minutos entre Daniel Bragan\u00e7a e Nuno Santos.<\/li>\n<li>As celebra\u00e7\u00f5es conjuntas refletiram uma amizade desenvolvida ao longo de meses de sacrif\u00edcios.<\/li>\n<li>A rela\u00e7\u00e3o entre os dois jogadores ganhou for\u00e7a ap\u00f3s longos per\u00edodos de inatividade causados por les\u00f5es graves.<\/li>\n<li>O texto descreve uma irmandade forjada no infort\u00fanio que come\u00e7a a dar frutos no presente contexto.<\/li>\n<li>A not\u00edcia mant\u00e9m um tom informativo e n\u00e3o analisa quest\u00f5es fora do facto desportivo apresentado.<\/li>\n<\/ul>\n","protected":false},"author":2,"featured_media":392631,"comment_status":"closed","ping_status":"closed","sticky":false,"template":"","format":"standard","meta":{"footnotes":""},"categories":[21,24],"tags":[906,3284,999,32,2538,1652],"class_list":["post-392623","post","type-post","status-publish","format-standard","has-post-thumbnail","hentry","category-desporto","category-futebol","tag-braganca","tag-daniel-braganca","tag-estoril","tag-futebol","tag-lesoes","tag-sporting"],"yoast_head":"<!-- This site is optimized with the Yoast SEO plugin v27.2 - https:\/\/yoast.com\/product\/yoast-seo-wordpress\/ -->\n<title>Nuno Santos e Bragan\u00e7a: Irmandade forjada no infort\u00fanio come\u00e7a a dar frutos - Portal Tela Portugal<\/title>\n<meta name=\"robots\" content=\"index, follow, max-snippet:-1, max-image-preview:large, max-video-preview:-1\" \/>\n<meta property=\"og:locale\" content=\"pt_PT\" \/>\n<meta property=\"og:type\" content=\"article\" \/>\n<meta property=\"og:title\" content=\"Nuno Santos e Bragan\u00e7a: Irmandade forjada no infort\u00fanio come\u00e7a a dar frutos - Portal Tela Portugal\" \/>\n<meta property=\"og:description\" content=\"O Sporting venceu o Estoril por 3-0, com o 3-0 a nascer num lance trabalhado em 11 minutos entre Daniel Bragan\u00e7a e Nuno Santos. As celebra\u00e7\u00f5es conjuntas refletiram uma amizade desenvolvida ao longo de meses de sacrif\u00edcios. A rela\u00e7\u00e3o entre os dois jogadores ganhou for\u00e7a ap\u00f3s longos per\u00edodos de inatividade causados por les\u00f5es graves. O texto descreve uma irmandade forjada no infort\u00fanio que come\u00e7a a dar frutos no presente contexto. A not\u00edcia mant\u00e9m um tom informativo e n\u00e3o analisa quest\u00f5es fora do facto desportivo apresentado.\" \/>\n<meta property=\"og:url\" content=\"https:\/\/portaltela.pt\/noticias\/2026\/02\/28\/nuno-santos-e-braganca-irmandade-forjada-no-infortunio-comeca-a-dar-frutos\/\" \/>\n<meta property=\"og:site_name\" content=\"Portal Tela Portugal\" \/>\n<meta property=\"article:published_time\" content=\"2026-02-28T20:41:08+00:00\" \/>\n<meta name=\"author\" content=\"Telinha\" \/>\n<meta name=\"twitter:card\" content=\"summary_large_image\" \/>\n<meta name=\"twitter:label1\" content=\"Escrito por\" \/>\n\t<meta name=\"twitter:data1\" content=\"Telinha\" \/>\n\t<meta name=\"twitter:label2\" content=\"Tempo estimado de leitura\" \/>\n\t<meta name=\"twitter:data2\" content=\"1 minuto\" \/>\n<script type=\"application\/ld+json\" class=\"yoast-schema-graph\">{\"@context\":\"https:\/\/schema.org\",\"@graph\":[{\"@type\":\"Article\",\"@id\":\"https:\/\/portaltela.pt\/noticias\/2026\/02\/28\/nuno-santos-e-braganca-irmandade-forjada-no-infortunio-comeca-a-dar-frutos\/#article\",\"isPartOf\":{\"@id\":\"https:\/\/portaltela.pt\/noticias\/2026\/02\/28\/nuno-santos-e-braganca-irmandade-forjada-no-infortunio-comeca-a-dar-frutos\/\"},\"author\":{\"name\":\"Telinha\",\"@id\":\"https:\/\/portaltela.pt\/#\/schema\/person\/c4278d4a6028830caff9ee44b42d32ed\"},\"headline\":\"Nuno Santos e Bragan\u00e7a: Irmandade forjada no infort\u00fanio come\u00e7a a dar frutos\",\"datePublished\":\"2026-02-28T20:41:08+00:00\",\"mainEntityOfPage\":{\"@id\":\"https:\/\/portaltela.pt\/noticias\/2026\/02\/28\/nuno-santos-e-braganca-irmandade-forjada-no-infortunio-comeca-a-dar-frutos\/\"},\"wordCount\":231,\"image\":{\"@id\":\"https:\/\/portaltela.pt\/noticias\/2026\/02\/28\/nuno-santos-e-braganca-irmandade-forjada-no-infortunio-comeca-a-dar-frutos\/#primaryimage\"},\"thumbnailUrl\":\"https:\/\/portaltela.pt\/s.01k8rhncp4jt1\/2026\/02\/img_1200x721uu2026-02-15-23-01-56-2421883-1.jpg\",\"keywords\":[\"Bragan\u00e7a\",\"Daniel Bragan\u00e7a\",\"Estoril\",\"futebol\",\"les\u00f5es\",\"Sporting\"],\"articleSection\":[\"Desporto\",\"Futebol\"],\"inLanguage\":\"pt-PT\"},{\"@type\":\"WebPage\",\"@id\":\"https:\/\/portaltela.pt\/noticias\/2026\/02\/28\/nuno-santos-e-braganca-irmandade-forjada-no-infortunio-comeca-a-dar-frutos\/\",\"url\":\"https:\/\/portaltela.pt\/noticias\/2026\/02\/28\/nuno-santos-e-braganca-irmandade-forjada-no-infortunio-comeca-a-dar-frutos\/\",\"name\":\"Nuno Santos e Bragan\u00e7a: Irmandade forjada no infort\u00fanio come\u00e7a a dar frutos - Portal Tela Portugal\",\"isPartOf\":{\"@id\":\"https:\/\/portaltela.pt\/#website\"},\"primaryImageOfPage\":{\"@id\":\"https:\/\/portaltela.pt\/noticias\/2026\/02\/28\/nuno-santos-e-braganca-irmandade-forjada-no-infortunio-comeca-a-dar-frutos\/#primaryimage\"},\"image\":{\"@id\":\"https:\/\/portaltela.pt\/noticias\/2026\/02\/28\/nuno-santos-e-braganca-irmandade-forjada-no-infortunio-comeca-a-dar-frutos\/#primaryimage\"},\"thumbnailUrl\":\"https:\/\/portaltela.pt\/s.01k8rhncp4jt1\/2026\/02\/img_1200x721uu2026-02-15-23-01-56-2421883-1.jpg\",\"datePublished\":\"2026-02-28T20:41:08+00:00\",\"author\":{\"@id\":\"https:\/\/portaltela.pt\/#\/schema\/person\/c4278d4a6028830caff9ee44b42d32ed\"},\"breadcrumb\":{\"@id\":\"https:\/\/portaltela.pt\/noticias\/2026\/02\/28\/nuno-santos-e-braganca-irmandade-forjada-no-infortunio-comeca-a-dar-frutos\/#breadcrumb\"},\"inLanguage\":\"pt-PT\",\"potentialAction\":[{\"@type\":\"ReadAction\",\"target\":[\"https:\/\/portaltela.pt\/noticias\/2026\/02\/28\/nuno-santos-e-braganca-irmandade-forjada-no-infortunio-comeca-a-dar-frutos\/\"]}]},{\"@type\":\"ImageObject\",\"inLanguage\":\"pt-PT\",\"@id\":\"https:\/\/portaltela.pt\/noticias\/2026\/02\/28\/nuno-santos-e-braganca-irmandade-forjada-no-infortunio-comeca-a-dar-frutos\/#primaryimage\",\"url\":\"https:\/\/portaltela.pt\/s.01k8rhncp4jt1\/2026\/02\/img_1200x721uu2026-02-15-23-01-56-2421883-1.jpg\",\"contentUrl\":\"https:\/\/portaltela.pt\/s.01k8rhncp4jt1\/2026\/02\/img_1200x721uu2026-02-15-23-01-56-2421883-1.jpg\",\"width\":796,\"height\":448,\"caption\":\"Nuno Santos e Bragan\u00e7a: Irmandade forjada no infort\u00fanio come\u00e7a a dar frutos\"},{\"@type\":\"BreadcrumbList\",\"@id\":\"https:\/\/portaltela.pt\/noticias\/2026\/02\/28\/nuno-santos-e-braganca-irmandade-forjada-no-infortunio-comeca-a-dar-frutos\/#breadcrumb\",\"itemListElement\":[{\"@type\":\"ListItem\",\"position\":1,\"name\":\"In\u00edcio\",\"item\":\"https:\/\/portaltela.pt\/\"},{\"@type\":\"ListItem\",\"position\":2,\"name\":\"Nuno Santos e Bragan\u00e7a: Irmandade forjada no infort\u00fanio come\u00e7a a dar frutos\"}]},{\"@type\":\"WebSite\",\"@id\":\"https:\/\/portaltela.pt\/#website\",\"url\":\"https:\/\/portaltela.pt\/\",\"name\":\"Portal Tela Portugal\",\"description\":\"\",\"potentialAction\":[{\"@type\":\"SearchAction\",\"target\":{\"@type\":\"EntryPoint\",\"urlTemplate\":\"https:\/\/portaltela.pt\/?s={search_term_string}\"},\"query-input\":{\"@type\":\"PropertyValueSpecification\",\"valueRequired\":true,\"valueName\":\"search_term_string\"}}],\"inLanguage\":\"pt-PT\"},{\"@type\":\"Person\",\"@id\":\"https:\/\/portaltela.pt\/#\/schema\/person\/c4278d4a6028830caff9ee44b42d32ed\",\"name\":\"Telinha\",\"image\":{\"@type\":\"ImageObject\",\"inLanguage\":\"pt-PT\",\"@id\":\"https:\/\/portaltela.pt\/s.01k8rhncp4jt1\/2025\/11\/talking-bot-125x125.png\",\"url\":\"https:\/\/portaltela.pt\/s.01k8rhncp4jt1\/2025\/11\/talking-bot-125x125.png\",\"contentUrl\":\"https:\/\/portaltela.pt\/s.01k8rhncp4jt1\/2025\/11\/talking-bot-125x125.png\",\"caption\":\"Telinha\"},\"sameAs\":[\"https:\/\/portaltela.pt\/\"],\"url\":\"https:\/\/portaltela.pt\/por\/367410592786\/\"}]}<\/script>\n<!-- \/ Yoast SEO plugin. -->","yoast_head_json":{"title":"Nuno Santos e Bragan\u00e7a: Irmandade forjada no infort\u00fanio come\u00e7a a dar frutos - Portal Tela Portugal","robots":{"index":"index","follow":"follow","max-snippet":"max-snippet:-1","max-image-preview":"max-image-preview:large","max-video-preview":"max-video-preview:-1"},"og_locale":"pt_PT","og_type":"article","og_title":"Nuno Santos e Bragan\u00e7a: Irmandade forjada no infort\u00fanio come\u00e7a a dar frutos - Portal Tela Portugal","og_description":"O Sporting venceu o Estoril por 3-0, com o 3-0 a nascer num lance trabalhado em 11 minutos entre Daniel Bragan\u00e7a e Nuno Santos. As celebra\u00e7\u00f5es conjuntas refletiram uma amizade desenvolvida ao longo de meses de sacrif\u00edcios. A rela\u00e7\u00e3o entre os dois jogadores ganhou for\u00e7a ap\u00f3s longos per\u00edodos de inatividade causados por les\u00f5es graves. O texto descreve uma irmandade forjada no infort\u00fanio que come\u00e7a a dar frutos no presente contexto. A not\u00edcia mant\u00e9m um tom informativo e n\u00e3o analisa quest\u00f5es fora do facto desportivo apresentado.","og_url":"https:\/\/portaltela.pt\/noticias\/2026\/02\/28\/nuno-santos-e-braganca-irmandade-forjada-no-infortunio-comeca-a-dar-frutos\/","og_site_name":"Portal Tela Portugal","article_published_time":"2026-02-28T20:41:08+00:00","author":"Telinha","twitter_card":"summary_large_image","twitter_misc":{"Escrito por":"Telinha","Tempo estimado de leitura":"1 minuto"},"schema":{"@context":"https:\/\/schema.org","@graph":[{"@type":"Article","@id":"https:\/\/portaltela.pt\/noticias\/2026\/02\/28\/nuno-santos-e-braganca-irmandade-forjada-no-infortunio-comeca-a-dar-frutos\/#article","isPartOf":{"@id":"https:\/\/portaltela.pt\/noticias\/2026\/02\/28\/nuno-santos-e-braganca-irmandade-forjada-no-infortunio-comeca-a-dar-frutos\/"},"author":{"name":"Telinha","@id":"https:\/\/portaltela.pt\/#\/schema\/person\/c4278d4a6028830caff9ee44b42d32ed"},"headline":"Nuno Santos e Bragan\u00e7a: Irmandade forjada no infort\u00fanio come\u00e7a a dar frutos","datePublished":"2026-02-28T20:41:08+00:00","mainEntityOfPage":{"@id":"https:\/\/portaltela.pt\/noticias\/2026\/02\/28\/nuno-santos-e-braganca-irmandade-forjada-no-infortunio-comeca-a-dar-frutos\/"},"wordCount":231,"image":{"@id":"https:\/\/portaltela.pt\/noticias\/2026\/02\/28\/nuno-santos-e-braganca-irmandade-forjada-no-infortunio-comeca-a-dar-frutos\/#primaryimage"},"thumbnailUrl":"https:\/\/portaltela.pt\/s.01k8rhncp4jt1\/2026\/02\/img_1200x721uu2026-02-15-23-01-56-2421883-1.jpg","keywords":["Bragan\u00e7a","Daniel Bragan\u00e7a","Estoril","futebol","les\u00f5es","Sporting"],"articleSection":["Desporto","Futebol"],"inLanguage":"pt-PT"},{"@type":"WebPage","@id":"https:\/\/portaltela.pt\/noticias\/2026\/02\/28\/nuno-santos-e-braganca-irmandade-forjada-no-infortunio-comeca-a-dar-frutos\/","url":"https:\/\/portaltela.pt\/noticias\/2026\/02\/28\/nuno-santos-e-braganca-irmandade-forjada-no-infortunio-comeca-a-dar-frutos\/","name":"Nuno Santos e Bragan\u00e7a: Irmandade forjada no infort\u00fanio come\u00e7a a dar frutos - Portal Tela Portugal","isPartOf":{"@id":"https:\/\/portaltela.pt\/#website"},"primaryImageOfPage":{"@id":"https:\/\/portaltela.pt\/noticias\/2026\/02\/28\/nuno-santos-e-braganca-irmandade-forjada-no-infortunio-comeca-a-dar-frutos\/#primaryimage"},"image":{"@id":"https:\/\/portaltela.pt\/noticias\/2026\/02\/28\/nuno-santos-e-braganca-irmandade-forjada-no-infortunio-comeca-a-dar-frutos\/#primaryimage"},"thumbnailUrl":"https:\/\/portaltela.pt\/s.01k8rhncp4jt1\/2026\/02\/img_1200x721uu2026-02-15-23-01-56-2421883-1.jpg","datePublished":"2026-02-28T20:41:08+00:00","author":{"@id":"https:\/\/portaltela.pt\/#\/schema\/person\/c4278d4a6028830caff9ee44b42d32ed"},"breadcrumb":{"@id":"https:\/\/portaltela.pt\/noticias\/2026\/02\/28\/nuno-santos-e-braganca-irmandade-forjada-no-infortunio-comeca-a-dar-frutos\/#breadcrumb"},"inLanguage":"pt-PT","potentialAction":[{"@type":"ReadAction","target":["https:\/\/portaltela.pt\/noticias\/2026\/02\/28\/nuno-santos-e-braganca-irmandade-forjada-no-infortunio-comeca-a-dar-frutos\/"]}]},{"@type":"ImageObject","inLanguage":"pt-PT","@id":"https:\/\/portaltela.pt\/noticias\/2026\/02\/28\/nuno-santos-e-braganca-irmandade-forjada-no-infortunio-comeca-a-dar-frutos\/#primaryimage","url":"https:\/\/portaltela.pt\/s.01k8rhncp4jt1\/2026\/02\/img_1200x721uu2026-02-15-23-01-56-2421883-1.jpg","contentUrl":"https:\/\/portaltela.pt\/s.01k8rhncp4jt1\/2026\/02\/img_1200x721uu2026-02-15-23-01-56-2421883-1.jpg","width":796,"height":448,"caption":"Nuno Santos e Bragan\u00e7a: Irmandade forjada no infort\u00fanio come\u00e7a a dar frutos"},{"@type":"BreadcrumbList","@id":"https:\/\/portaltela.pt\/noticias\/2026\/02\/28\/nuno-santos-e-braganca-irmandade-forjada-no-infortunio-comeca-a-dar-frutos\/#breadcrumb","itemListElement":[{"@type":"ListItem","position":1,"name":"In\u00edcio","item":"https:\/\/portaltela.pt\/"},{"@type":"ListItem","position":2,"name":"Nuno Santos e Bragan\u00e7a: Irmandade forjada no infort\u00fanio come\u00e7a a dar frutos"}]},{"@type":"WebSite","@id":"https:\/\/portaltela.pt\/#website","url":"https:\/\/portaltela.pt\/","name":"Portal Tela Portugal","description":"","potentialAction":[{"@type":"SearchAction","target":{"@type":"EntryPoint","urlTemplate":"https:\/\/portaltela.pt\/?s={search_term_string}"},"query-input":{"@type":"PropertyValueSpecification","valueRequired":true,"valueName":"search_term_string"}}],"inLanguage":"pt-PT"},{"@type":"Person","@id":"https:\/\/portaltela.pt\/#\/schema\/person\/c4278d4a6028830caff9ee44b42d32ed","name":"Telinha","image":{"@type":"ImageObject","inLanguage":"pt-PT","@id":"https:\/\/portaltela.pt\/s.01k8rhncp4jt1\/2025\/11\/talking-bot-125x125.png","url":"https:\/\/portaltela.pt\/s.01k8rhncp4jt1\/2025\/11\/talking-bot-125x125.png","contentUrl":"https:\/\/portaltela.pt\/s.01k8rhncp4jt1\/2025\/11\/talking-bot-125x125.png","caption":"Telinha"},"sameAs":["https:\/\/portaltela.pt\/"],"url":"https:\/\/portaltela.pt\/por\/367410592786\/"}]}},"_links":{"self":[{"href":"https:\/\/portaltela.pt\/api\/wp\/v2\/posts\/392623","targetHints":{"allow":["GET"]}}],"collection":[{"href":"https:\/\/portaltela.pt\/api\/wp\/v2\/posts"}],"about":[{"href":"https:\/\/portaltela.pt\/api\/wp\/v2\/types\/post"}],"author":[{"embeddable":true,"href":"https:\/\/portaltela.pt\/api\/wp\/v2\/users\/2"}],"replies":[{"embeddable":true,"href":"https:\/\/portaltela.pt\/api\/wp\/v2\/comments?post=392623"}],"version-history":[{"count":0,"href":"https:\/\/portaltela.pt\/api\/wp\/v2\/posts\/392623\/revisions"}],"wp:featuredmedia":[{"embeddable":true,"href":"https:\/\/portaltela.pt\/api\/wp\/v2\/media\/392631"}],"wp:attachment":[{"href":"https:\/\/portaltela.pt\/api\/wp\/v2\/media?parent=392623"}],"wp:term":[{"taxonomy":"category","embeddable":true,"href":"https:\/\/portaltela.pt\/api\/wp\/v2\/categories?post=392623"},{"taxonomy":"post_tag","embeddable":true,"href":"https:\/\/portaltela.pt\/api\/wp\/v2\/tags?post=392623"}],"curies":[{"name":"wp","href":"https:\/\/api.w.org\/{rel}","templated":true}]}}