{"id":392600,"date":"2026-02-28T17:02:00","date_gmt":"2026-02-28T20:02:00","guid":{"rendered":"https:\/\/portaltela.pt\/noticias\/2026\/02\/28\/policia-do-porto-encontra-jovem-que-esteve-nove-meses-desaparecido\/"},"modified":"2026-02-28T17:02:00","modified_gmt":"2026-02-28T20:02:00","slug":"policia-do-porto-encontra-jovem-que-esteve-nove-meses-desaparecido","status":"publish","type":"post","link":"https:\/\/portaltela.pt\/noticias\/2026\/02\/28\/policia-do-porto-encontra-jovem-que-esteve-nove-meses-desaparecido\/","title":{"rendered":"Pol\u00edcia do Porto encontra jovem que esteve nove meses desaparecido"},"content":{"rendered":"<p>A Pol\u00edcia Municipal do Porto encontrou um jovem de 28 anos, natural da Pol\u00f3nia, que estava desaparecido desde maio do ano passado. O homem, toxicodependente, vivia nas ruas desde meados de dezembro, segundo informa\u00e7\u00f5es oficiais. A localiza\u00e7\u00e3o ocorreu numa opera\u00e7\u00e3o de rotina.<\/p>\n<p>Durante a atividade policial, a equipa confirmou a identidade da pessoa e verificou se havia familiares a procur\u00e1-lo, assegurando o encaminhamento adequado e o apoio necess\u00e1rio. N\u00e3o foram avan\u00e7ados detalhes sobre a origem do pedido.<\/p>\n<p>O intendente Afonso Sousa afirmou que o jovem foi entregue ao pai assim que a identidade foi confirmada, encerrando o caso para a pol\u00edcia. A a\u00e7\u00e3o insere-se no \u00e2mbito do trabalho de acompanhamento a pessoas em situa\u00e7\u00e3o de sem-abrigo conduzido pela institui\u00e7\u00e3o.<\/p>\n","protected":false},"excerpt":{"rendered":"<ul>\n<li>A Pol\u00edcia Municipal do Porto encontrou um jovem polaco de 28 anos que estava desaparecido desde maio do ano passado.<\/li>\n<li>O homem era toxicodependente e vivia nas ruas desde meados de dezembro, pelo menos.<\/li>\n<li>A identifica\u00e7\u00e3o ocorreu numa opera\u00e7\u00e3o de rotina, com a equipa a confirmar se a fam\u00edlia o procurava.<\/li>\n<li>O rapaz foi entregue ao pai, conforme afirmou o intendente Afonso Sousa.<\/li>\n<\/ul>\n","protected":false},"author":2,"featured_media":392603,"comment_status":"closed","ping_status":"closed","sticky":false,"template":"","format":"standard","meta":{"footnotes":""},"categories":[1],"tags":[2337,3418,1488,982,3152,3710],"class_list":["post-392600","post","type-post","status-publish","format-standard","has-post-thumbnail","hentry","category-noticias","tag-desaparecidos-internos","tag-policia-de-seguranca-publica","tag-polonia","tag-porto","tag-sem-abrigo","tag-toxicodependencia"],"yoast_head":"<!-- This site is optimized with the Yoast SEO plugin v27.2 - https:\/\/yoast.com\/product\/yoast-seo-wordpress\/ -->\n<title>Pol\u00edcia do Porto encontra jovem que esteve nove meses desaparecido - Portal Tela Portugal<\/title>\n<meta name=\"robots\" content=\"index, follow, max-snippet:-1, max-image-preview:large, max-video-preview:-1\" \/>\n<meta property=\"og:locale\" content=\"pt_PT\" \/>\n<meta property=\"og:type\" content=\"article\" \/>\n<meta property=\"og:title\" content=\"Pol\u00edcia do Porto encontra jovem que esteve nove meses desaparecido - Portal Tela Portugal\" \/>\n<meta property=\"og:description\" content=\"A Pol\u00edcia Municipal do Porto encontrou um jovem polaco de 28 anos que estava desaparecido desde maio do ano passado. O homem era toxicodependente e vivia nas ruas desde meados de dezembro, pelo menos. A identifica\u00e7\u00e3o ocorreu numa opera\u00e7\u00e3o de rotina, com a equipa a confirmar se a fam\u00edlia o procurava. O rapaz foi entregue ao pai, conforme afirmou o intendente Afonso Sousa.\" \/>\n<meta property=\"og:url\" content=\"https:\/\/portaltela.pt\/noticias\/2026\/02\/28\/policia-do-porto-encontra-jovem-que-esteve-nove-meses-desaparecido\/\" \/>\n<meta property=\"og:site_name\" content=\"Portal Tela Portugal\" \/>\n<meta property=\"article:published_time\" content=\"2026-02-28T20:02:00+00:00\" \/>\n<meta name=\"author\" content=\"Telinha\" \/>\n<meta name=\"twitter:card\" content=\"summary_large_image\" \/>\n<meta name=\"twitter:label1\" content=\"Escrito por\" \/>\n\t<meta name=\"twitter:data1\" content=\"Telinha\" \/>\n\t<meta name=\"twitter:label2\" content=\"Tempo estimado de leitura\" \/>\n\t<meta name=\"twitter:data2\" content=\"1 minuto\" \/>\n<script type=\"application\/ld+json\" class=\"yoast-schema-graph\">{\"@context\":\"https:\/\/schema.org\",\"@graph\":[{\"@type\":\"Article\",\"@id\":\"https:\/\/portaltela.pt\/noticias\/2026\/02\/28\/policia-do-porto-encontra-jovem-que-esteve-nove-meses-desaparecido\/#article\",\"isPartOf\":{\"@id\":\"https:\/\/portaltela.pt\/noticias\/2026\/02\/28\/policia-do-porto-encontra-jovem-que-esteve-nove-meses-desaparecido\/\"},\"author\":{\"name\":\"Telinha\",\"@id\":\"https:\/\/portaltela.pt\/#\/schema\/person\/c4278d4a6028830caff9ee44b42d32ed\"},\"headline\":\"Pol\u00edcia do Porto encontra jovem que esteve nove meses desaparecido\",\"datePublished\":\"2026-02-28T20:02:00+00:00\",\"mainEntityOfPage\":{\"@id\":\"https:\/\/portaltela.pt\/noticias\/2026\/02\/28\/policia-do-porto-encontra-jovem-que-esteve-nove-meses-desaparecido\/\"},\"wordCount\":142,\"image\":{\"@id\":\"https:\/\/portaltela.pt\/noticias\/2026\/02\/28\/policia-do-porto-encontra-jovem-que-esteve-nove-meses-desaparecido\/#primaryimage\"},\"thumbnailUrl\":\"https:\/\/portaltela.pt\/s.01k8rhncp4jt1\/2026\/02\/image-2112.jpg\",\"keywords\":[\"desaparecidos internos\",\"Pol\u00edcia de Seguran\u00e7a P\u00fablica\",\"Pol\u00f3nia\",\"Porto\",\"sem-abrigo\",\"toxicodepend\u00eancia\"],\"articleSection\":[\"Not\u00edcias\"],\"inLanguage\":\"pt-PT\"},{\"@type\":\"WebPage\",\"@id\":\"https:\/\/portaltela.pt\/noticias\/2026\/02\/28\/policia-do-porto-encontra-jovem-que-esteve-nove-meses-desaparecido\/\",\"url\":\"https:\/\/portaltela.pt\/noticias\/2026\/02\/28\/policia-do-porto-encontra-jovem-que-esteve-nove-meses-desaparecido\/\",\"name\":\"Pol\u00edcia do Porto encontra jovem que esteve nove meses desaparecido - Portal Tela Portugal\",\"isPartOf\":{\"@id\":\"https:\/\/portaltela.pt\/#website\"},\"primaryImageOfPage\":{\"@id\":\"https:\/\/portaltela.pt\/noticias\/2026\/02\/28\/policia-do-porto-encontra-jovem-que-esteve-nove-meses-desaparecido\/#primaryimage\"},\"image\":{\"@id\":\"https:\/\/portaltela.pt\/noticias\/2026\/02\/28\/policia-do-porto-encontra-jovem-que-esteve-nove-meses-desaparecido\/#primaryimage\"},\"thumbnailUrl\":\"https:\/\/portaltela.pt\/s.01k8rhncp4jt1\/2026\/02\/image-2112.jpg\",\"datePublished\":\"2026-02-28T20:02:00+00:00\",\"author\":{\"@id\":\"https:\/\/portaltela.pt\/#\/schema\/person\/c4278d4a6028830caff9ee44b42d32ed\"},\"breadcrumb\":{\"@id\":\"https:\/\/portaltela.pt\/noticias\/2026\/02\/28\/policia-do-porto-encontra-jovem-que-esteve-nove-meses-desaparecido\/#breadcrumb\"},\"inLanguage\":\"pt-PT\",\"potentialAction\":[{\"@type\":\"ReadAction\",\"target\":[\"https:\/\/portaltela.pt\/noticias\/2026\/02\/28\/policia-do-porto-encontra-jovem-que-esteve-nove-meses-desaparecido\/\"]}]},{\"@type\":\"ImageObject\",\"inLanguage\":\"pt-PT\",\"@id\":\"https:\/\/portaltela.pt\/noticias\/2026\/02\/28\/policia-do-porto-encontra-jovem-que-esteve-nove-meses-desaparecido\/#primaryimage\",\"url\":\"https:\/\/portaltela.pt\/s.01k8rhncp4jt1\/2026\/02\/image-2112.jpg\",\"contentUrl\":\"https:\/\/portaltela.pt\/s.01k8rhncp4jt1\/2026\/02\/image-2112.jpg\",\"width\":796,\"height\":448,\"caption\":\"Chefe e agente da Pol\u00edcia Municipal homenageados por c\u00f4nsul polaco\"},{\"@type\":\"BreadcrumbList\",\"@id\":\"https:\/\/portaltela.pt\/noticias\/2026\/02\/28\/policia-do-porto-encontra-jovem-que-esteve-nove-meses-desaparecido\/#breadcrumb\",\"itemListElement\":[{\"@type\":\"ListItem\",\"position\":1,\"name\":\"In\u00edcio\",\"item\":\"https:\/\/portaltela.pt\/\"},{\"@type\":\"ListItem\",\"position\":2,\"name\":\"Pol\u00edcia do Porto encontra jovem que esteve nove meses desaparecido\"}]},{\"@type\":\"WebSite\",\"@id\":\"https:\/\/portaltela.pt\/#website\",\"url\":\"https:\/\/portaltela.pt\/\",\"name\":\"Portal Tela Portugal\",\"description\":\"\",\"potentialAction\":[{\"@type\":\"SearchAction\",\"target\":{\"@type\":\"EntryPoint\",\"urlTemplate\":\"https:\/\/portaltela.pt\/?s={search_term_string}\"},\"query-input\":{\"@type\":\"PropertyValueSpecification\",\"valueRequired\":true,\"valueName\":\"search_term_string\"}}],\"inLanguage\":\"pt-PT\"},{\"@type\":\"Person\",\"@id\":\"https:\/\/portaltela.pt\/#\/schema\/person\/c4278d4a6028830caff9ee44b42d32ed\",\"name\":\"Telinha\",\"image\":{\"@type\":\"ImageObject\",\"inLanguage\":\"pt-PT\",\"@id\":\"https:\/\/portaltela.pt\/s.01k8rhncp4jt1\/2025\/11\/talking-bot-125x125.png\",\"url\":\"https:\/\/portaltela.pt\/s.01k8rhncp4jt1\/2025\/11\/talking-bot-125x125.png\",\"contentUrl\":\"https:\/\/portaltela.pt\/s.01k8rhncp4jt1\/2025\/11\/talking-bot-125x125.png\",\"caption\":\"Telinha\"},\"sameAs\":[\"https:\/\/portaltela.pt\/\"],\"url\":\"https:\/\/portaltela.pt\/por\/367410592786\/\"}]}<\/script>\n<!-- \/ Yoast SEO plugin. -->","yoast_head_json":{"title":"Pol\u00edcia do Porto encontra jovem que esteve nove meses desaparecido - Portal Tela Portugal","robots":{"index":"index","follow":"follow","max-snippet":"max-snippet:-1","max-image-preview":"max-image-preview:large","max-video-preview":"max-video-preview:-1"},"og_locale":"pt_PT","og_type":"article","og_title":"Pol\u00edcia do Porto encontra jovem que esteve nove meses desaparecido - Portal Tela Portugal","og_description":"A Pol\u00edcia Municipal do Porto encontrou um jovem polaco de 28 anos que estava desaparecido desde maio do ano passado. O homem era toxicodependente e vivia nas ruas desde meados de dezembro, pelo menos. A identifica\u00e7\u00e3o ocorreu numa opera\u00e7\u00e3o de rotina, com a equipa a confirmar se a fam\u00edlia o procurava. O rapaz foi entregue ao pai, conforme afirmou o intendente Afonso Sousa.","og_url":"https:\/\/portaltela.pt\/noticias\/2026\/02\/28\/policia-do-porto-encontra-jovem-que-esteve-nove-meses-desaparecido\/","og_site_name":"Portal Tela Portugal","article_published_time":"2026-02-28T20:02:00+00:00","author":"Telinha","twitter_card":"summary_large_image","twitter_misc":{"Escrito por":"Telinha","Tempo estimado de leitura":"1 minuto"},"schema":{"@context":"https:\/\/schema.org","@graph":[{"@type":"Article","@id":"https:\/\/portaltela.pt\/noticias\/2026\/02\/28\/policia-do-porto-encontra-jovem-que-esteve-nove-meses-desaparecido\/#article","isPartOf":{"@id":"https:\/\/portaltela.pt\/noticias\/2026\/02\/28\/policia-do-porto-encontra-jovem-que-esteve-nove-meses-desaparecido\/"},"author":{"name":"Telinha","@id":"https:\/\/portaltela.pt\/#\/schema\/person\/c4278d4a6028830caff9ee44b42d32ed"},"headline":"Pol\u00edcia do Porto encontra jovem que esteve nove meses desaparecido","datePublished":"2026-02-28T20:02:00+00:00","mainEntityOfPage":{"@id":"https:\/\/portaltela.pt\/noticias\/2026\/02\/28\/policia-do-porto-encontra-jovem-que-esteve-nove-meses-desaparecido\/"},"wordCount":142,"image":{"@id":"https:\/\/portaltela.pt\/noticias\/2026\/02\/28\/policia-do-porto-encontra-jovem-que-esteve-nove-meses-desaparecido\/#primaryimage"},"thumbnailUrl":"https:\/\/portaltela.pt\/s.01k8rhncp4jt1\/2026\/02\/image-2112.jpg","keywords":["desaparecidos internos","Pol\u00edcia de Seguran\u00e7a P\u00fablica","Pol\u00f3nia","Porto","sem-abrigo","toxicodepend\u00eancia"],"articleSection":["Not\u00edcias"],"inLanguage":"pt-PT"},{"@type":"WebPage","@id":"https:\/\/portaltela.pt\/noticias\/2026\/02\/28\/policia-do-porto-encontra-jovem-que-esteve-nove-meses-desaparecido\/","url":"https:\/\/portaltela.pt\/noticias\/2026\/02\/28\/policia-do-porto-encontra-jovem-que-esteve-nove-meses-desaparecido\/","name":"Pol\u00edcia do Porto encontra jovem que esteve nove meses desaparecido - Portal Tela Portugal","isPartOf":{"@id":"https:\/\/portaltela.pt\/#website"},"primaryImageOfPage":{"@id":"https:\/\/portaltela.pt\/noticias\/2026\/02\/28\/policia-do-porto-encontra-jovem-que-esteve-nove-meses-desaparecido\/#primaryimage"},"image":{"@id":"https:\/\/portaltela.pt\/noticias\/2026\/02\/28\/policia-do-porto-encontra-jovem-que-esteve-nove-meses-desaparecido\/#primaryimage"},"thumbnailUrl":"https:\/\/portaltela.pt\/s.01k8rhncp4jt1\/2026\/02\/image-2112.jpg","datePublished":"2026-02-28T20:02:00+00:00","author":{"@id":"https:\/\/portaltela.pt\/#\/schema\/person\/c4278d4a6028830caff9ee44b42d32ed"},"breadcrumb":{"@id":"https:\/\/portaltela.pt\/noticias\/2026\/02\/28\/policia-do-porto-encontra-jovem-que-esteve-nove-meses-desaparecido\/#breadcrumb"},"inLanguage":"pt-PT","potentialAction":[{"@type":"ReadAction","target":["https:\/\/portaltela.pt\/noticias\/2026\/02\/28\/policia-do-porto-encontra-jovem-que-esteve-nove-meses-desaparecido\/"]}]},{"@type":"ImageObject","inLanguage":"pt-PT","@id":"https:\/\/portaltela.pt\/noticias\/2026\/02\/28\/policia-do-porto-encontra-jovem-que-esteve-nove-meses-desaparecido\/#primaryimage","url":"https:\/\/portaltela.pt\/s.01k8rhncp4jt1\/2026\/02\/image-2112.jpg","contentUrl":"https:\/\/portaltela.pt\/s.01k8rhncp4jt1\/2026\/02\/image-2112.jpg","width":796,"height":448,"caption":"Chefe e agente da Pol\u00edcia Municipal homenageados por c\u00f4nsul polaco"},{"@type":"BreadcrumbList","@id":"https:\/\/portaltela.pt\/noticias\/2026\/02\/28\/policia-do-porto-encontra-jovem-que-esteve-nove-meses-desaparecido\/#breadcrumb","itemListElement":[{"@type":"ListItem","position":1,"name":"In\u00edcio","item":"https:\/\/portaltela.pt\/"},{"@type":"ListItem","position":2,"name":"Pol\u00edcia do Porto encontra jovem que esteve nove meses desaparecido"}]},{"@type":"WebSite","@id":"https:\/\/portaltela.pt\/#website","url":"https:\/\/portaltela.pt\/","name":"Portal Tela Portugal","description":"","potentialAction":[{"@type":"SearchAction","target":{"@type":"EntryPoint","urlTemplate":"https:\/\/portaltela.pt\/?s={search_term_string}"},"query-input":{"@type":"PropertyValueSpecification","valueRequired":true,"valueName":"search_term_string"}}],"inLanguage":"pt-PT"},{"@type":"Person","@id":"https:\/\/portaltela.pt\/#\/schema\/person\/c4278d4a6028830caff9ee44b42d32ed","name":"Telinha","image":{"@type":"ImageObject","inLanguage":"pt-PT","@id":"https:\/\/portaltela.pt\/s.01k8rhncp4jt1\/2025\/11\/talking-bot-125x125.png","url":"https:\/\/portaltela.pt\/s.01k8rhncp4jt1\/2025\/11\/talking-bot-125x125.png","contentUrl":"https:\/\/portaltela.pt\/s.01k8rhncp4jt1\/2025\/11\/talking-bot-125x125.png","caption":"Telinha"},"sameAs":["https:\/\/portaltela.pt\/"],"url":"https:\/\/portaltela.pt\/por\/367410592786\/"}]}},"_links":{"self":[{"href":"https:\/\/portaltela.pt\/api\/wp\/v2\/posts\/392600","targetHints":{"allow":["GET"]}}],"collection":[{"href":"https:\/\/portaltela.pt\/api\/wp\/v2\/posts"}],"about":[{"href":"https:\/\/portaltela.pt\/api\/wp\/v2\/types\/post"}],"author":[{"embeddable":true,"href":"https:\/\/portaltela.pt\/api\/wp\/v2\/users\/2"}],"replies":[{"embeddable":true,"href":"https:\/\/portaltela.pt\/api\/wp\/v2\/comments?post=392600"}],"version-history":[{"count":0,"href":"https:\/\/portaltela.pt\/api\/wp\/v2\/posts\/392600\/revisions"}],"wp:featuredmedia":[{"embeddable":true,"href":"https:\/\/portaltela.pt\/api\/wp\/v2\/media\/392603"}],"wp:attachment":[{"href":"https:\/\/portaltela.pt\/api\/wp\/v2\/media?parent=392600"}],"wp:term":[{"taxonomy":"category","embeddable":true,"href":"https:\/\/portaltela.pt\/api\/wp\/v2\/categories?post=392600"},{"taxonomy":"post_tag","embeddable":true,"href":"https:\/\/portaltela.pt\/api\/wp\/v2\/tags?post=392600"}],"curies":[{"name":"wp","href":"https:\/\/api.w.org\/{rel}","templated":true}]}}