{"id":392568,"date":"2026-02-28T16:41:00","date_gmt":"2026-02-28T19:41:00","guid":{"rendered":"https:\/\/portaltela.pt\/noticias\/2026\/02\/28\/sinais-de-fernando-alves-volta-a-ouvir-se-na-tsf\/"},"modified":"2026-02-28T16:41:00","modified_gmt":"2026-02-28T19:41:00","slug":"sinais-de-fernando-alves-volta-a-ouvir-se-na-tsf","status":"publish","type":"post","link":"https:\/\/portaltela.pt\/noticias\/2026\/02\/28\/sinais-de-fernando-alves-volta-a-ouvir-se-na-tsf\/","title":{"rendered":"Sinais de Fernando Alves volta a ouvir-se na TSF"},"content":{"rendered":"<p>O programa Sinais, de Fernando Alves, voltou \u00e0 grelha da TSF, devolvendo aos ouvintes a voz de um dos cronistas mais reconhecidos do jornalismo portugu\u00eas. A rubrica passa a ser emitida de segunda-feira, antes das 9h, e depois das 15h, mantendo o formato breve e atento ao quotidiano.<\/p>\n<p>Este regresso marca o reencontro do jornalista com a r\u00e1dio onde ajudou a moldar uma das vozes centrais da casa. A \u00faltima cr\u00f3nica lida na antena ocorreu em setembro de 2023, marcando o fim de uma fase que ficou na mem\u00f3ria.<\/p>\n<p>Pouco depois, Fernando Alves reuniu as derradeiras cinquenta cr\u00f3nicas de Sinais num livro, visto por muitos como o fecho de um ciclo na r\u00e1dio. Em 2024, recebeu a Medalha de M\u00e9rito Cultural atribu\u00edda pelo Governo por o seu papel na promo\u00e7\u00e3o da cultura e da literatura em l\u00edngua portuguesa.<\/p>\n<p>A audi\u00eancia pode esperar o regresso a um formato que mistura observa\u00e7\u00e3o, mem\u00f3ria e uma escrita profundamente liter\u00e1ria, capaz de transformar pequenas hist\u00f3rias em retratos mais amplos do pa\u00eds. Sinais retorna com a promessa de manter a aten\u00e7\u00e3o ao quotidiano e aos recantos da vida p\u00fablica e privada.<\/p>\n","protected":false},"excerpt":{"rendered":"<ul>\n<li>O programa &#8220;Sinais&#8221; regressa \u00e0 TSF, com Fernando Alves de volta ao \u00e9ter, antes das 9 horas e depois das 15 horas.<\/li>\n<li>A rubrica, marcada por um formato breve e atento ao quotidiano, retorna \u00e0 grelha de programa\u00e7\u00e3o da r\u00e1dio Not\u00edcias Ilimitadas.<\/li>\n<li>A \u00faltima cr\u00f3nica lida em setembro de 2023 ficou associada a uma imagem serena de um vagabundo a escrever num banco de jardim; pouco depois, Alves publicou num livro as suas \u00faltimas cinquenta cr\u00f3nicas.<\/li>\n<li>Em 2024, Fernando Alves recebeu a Medalha de M\u00e9rito Cultural, atribu\u00edda pelo Governo, pela sua import\u00e2ncia na promo\u00e7\u00e3o da cultura e da literatura lus\u00f3fonas.<\/li>\n<li>O regresso \u00e9 visto como mais do que um retorno de programa: representa a reinstala\u00e7\u00e3o de uma presen\u00e7a marcante na vida quotidiana dos ouvintes e na mem\u00f3ria da r\u00e1dio.<\/li>\n<\/ul>\n","protected":false},"author":2,"featured_media":392573,"comment_status":"closed","ping_status":"closed","sticky":false,"template":"","format":"standard","meta":{"footnotes":""},"categories":[1],"tags":[145,506,5707,106,6514,1014],"class_list":["post-392568","post","type-post","status-publish","format-standard","has-post-thumbnail","hentry","category-noticias","tag-cultura","tag-imprensa","tag-jornalistas","tag-literatura","tag-medalha-de-merito-cultural","tag-portugal"],"yoast_head":"<!-- This site is optimized with the Yoast SEO plugin v27.2 - https:\/\/yoast.com\/product\/yoast-seo-wordpress\/ -->\n<title>Sinais de Fernando Alves volta a ouvir-se na TSF - Portal Tela Portugal<\/title>\n<meta name=\"robots\" content=\"index, follow, max-snippet:-1, max-image-preview:large, max-video-preview:-1\" \/>\n<meta property=\"og:locale\" content=\"pt_PT\" \/>\n<meta property=\"og:type\" content=\"article\" \/>\n<meta property=\"og:title\" content=\"Sinais de Fernando Alves volta a ouvir-se na TSF - Portal Tela Portugal\" \/>\n<meta property=\"og:description\" content=\"O programa &quot;Sinais&quot; regressa \u00e0 TSF, com Fernando Alves de volta ao \u00e9ter, antes das 9 horas e depois das 15 horas. A rubrica, marcada por um formato breve e atento ao quotidiano, retorna \u00e0 grelha de programa\u00e7\u00e3o da r\u00e1dio Not\u00edcias Ilimitadas. A \u00faltima cr\u00f3nica lida em setembro de 2023 ficou associada a uma imagem serena de um vagabundo a escrever num banco de jardim; pouco depois, Alves publicou num livro as suas \u00faltimas cinquenta cr\u00f3nicas. Em 2024, Fernando Alves recebeu a Medalha de M\u00e9rito Cultural, atribu\u00edda pelo Governo, pela sua import\u00e2ncia na promo\u00e7\u00e3o da cultura e da literatura lus\u00f3fonas. O regresso \u00e9 visto como mais do que um retorno de programa: representa a reinstala\u00e7\u00e3o de uma presen\u00e7a marcante na vida quotidiana dos ouvintes e na mem\u00f3ria da r\u00e1dio.\" \/>\n<meta property=\"og:url\" content=\"https:\/\/portaltela.pt\/noticias\/2026\/02\/28\/sinais-de-fernando-alves-volta-a-ouvir-se-na-tsf\/\" \/>\n<meta property=\"og:site_name\" content=\"Portal Tela Portugal\" \/>\n<meta property=\"article:published_time\" content=\"2026-02-28T19:41:00+00:00\" \/>\n<meta name=\"author\" content=\"Telinha\" \/>\n<meta name=\"twitter:card\" content=\"summary_large_image\" \/>\n<meta name=\"twitter:label1\" content=\"Escrito por\" \/>\n\t<meta name=\"twitter:data1\" content=\"Telinha\" \/>\n\t<meta name=\"twitter:label2\" content=\"Tempo estimado de leitura\" \/>\n\t<meta name=\"twitter:data2\" content=\"1 minuto\" \/>\n<script type=\"application\/ld+json\" class=\"yoast-schema-graph\">{\"@context\":\"https:\/\/schema.org\",\"@graph\":[{\"@type\":\"Article\",\"@id\":\"https:\/\/portaltela.pt\/noticias\/2026\/02\/28\/sinais-de-fernando-alves-volta-a-ouvir-se-na-tsf\/#article\",\"isPartOf\":{\"@id\":\"https:\/\/portaltela.pt\/noticias\/2026\/02\/28\/sinais-de-fernando-alves-volta-a-ouvir-se-na-tsf\/\"},\"author\":{\"name\":\"Telinha\",\"@id\":\"https:\/\/portaltela.pt\/#\/schema\/person\/c4278d4a6028830caff9ee44b42d32ed\"},\"headline\":\"Sinais de Fernando Alves volta a ouvir-se na TSF\",\"datePublished\":\"2026-02-28T19:41:00+00:00\",\"mainEntityOfPage\":{\"@id\":\"https:\/\/portaltela.pt\/noticias\/2026\/02\/28\/sinais-de-fernando-alves-volta-a-ouvir-se-na-tsf\/\"},\"wordCount\":210,\"image\":{\"@id\":\"https:\/\/portaltela.pt\/noticias\/2026\/02\/28\/sinais-de-fernando-alves-volta-a-ouvir-se-na-tsf\/#primaryimage\"},\"thumbnailUrl\":\"https:\/\/portaltela.pt\/s.01k8rhncp4jt1\/2026\/02\/image-116.webp\",\"keywords\":[\"cultura\",\"imprensa\",\"jornalistas\",\"literatura\",\"Medalha de M\u00e9rito Cultural\",\"Portugal\"],\"articleSection\":[\"Not\u00edcias\"],\"inLanguage\":\"pt-PT\"},{\"@type\":\"WebPage\",\"@id\":\"https:\/\/portaltela.pt\/noticias\/2026\/02\/28\/sinais-de-fernando-alves-volta-a-ouvir-se-na-tsf\/\",\"url\":\"https:\/\/portaltela.pt\/noticias\/2026\/02\/28\/sinais-de-fernando-alves-volta-a-ouvir-se-na-tsf\/\",\"name\":\"Sinais de Fernando Alves volta a ouvir-se na TSF - Portal Tela Portugal\",\"isPartOf\":{\"@id\":\"https:\/\/portaltela.pt\/#website\"},\"primaryImageOfPage\":{\"@id\":\"https:\/\/portaltela.pt\/noticias\/2026\/02\/28\/sinais-de-fernando-alves-volta-a-ouvir-se-na-tsf\/#primaryimage\"},\"image\":{\"@id\":\"https:\/\/portaltela.pt\/noticias\/2026\/02\/28\/sinais-de-fernando-alves-volta-a-ouvir-se-na-tsf\/#primaryimage\"},\"thumbnailUrl\":\"https:\/\/portaltela.pt\/s.01k8rhncp4jt1\/2026\/02\/image-116.webp\",\"datePublished\":\"2026-02-28T19:41:00+00:00\",\"author\":{\"@id\":\"https:\/\/portaltela.pt\/#\/schema\/person\/c4278d4a6028830caff9ee44b42d32ed\"},\"breadcrumb\":{\"@id\":\"https:\/\/portaltela.pt\/noticias\/2026\/02\/28\/sinais-de-fernando-alves-volta-a-ouvir-se-na-tsf\/#breadcrumb\"},\"inLanguage\":\"pt-PT\",\"potentialAction\":[{\"@type\":\"ReadAction\",\"target\":[\"https:\/\/portaltela.pt\/noticias\/2026\/02\/28\/sinais-de-fernando-alves-volta-a-ouvir-se-na-tsf\/\"]}]},{\"@type\":\"ImageObject\",\"inLanguage\":\"pt-PT\",\"@id\":\"https:\/\/portaltela.pt\/noticias\/2026\/02\/28\/sinais-de-fernando-alves-volta-a-ouvir-se-na-tsf\/#primaryimage\",\"url\":\"https:\/\/portaltela.pt\/s.01k8rhncp4jt1\/2026\/02\/image-116.webp\",\"contentUrl\":\"https:\/\/portaltela.pt\/s.01k8rhncp4jt1\/2026\/02\/image-116.webp\",\"width\":1200,\"height\":800,\"caption\":\"A voz de Fernando Alves volta ao \u00e9ter com o regresso de \\\"Sinais\\\"\"},{\"@type\":\"BreadcrumbList\",\"@id\":\"https:\/\/portaltela.pt\/noticias\/2026\/02\/28\/sinais-de-fernando-alves-volta-a-ouvir-se-na-tsf\/#breadcrumb\",\"itemListElement\":[{\"@type\":\"ListItem\",\"position\":1,\"name\":\"In\u00edcio\",\"item\":\"https:\/\/portaltela.pt\/\"},{\"@type\":\"ListItem\",\"position\":2,\"name\":\"Sinais de Fernando Alves volta a ouvir-se na TSF\"}]},{\"@type\":\"WebSite\",\"@id\":\"https:\/\/portaltela.pt\/#website\",\"url\":\"https:\/\/portaltela.pt\/\",\"name\":\"Portal Tela Portugal\",\"description\":\"\",\"potentialAction\":[{\"@type\":\"SearchAction\",\"target\":{\"@type\":\"EntryPoint\",\"urlTemplate\":\"https:\/\/portaltela.pt\/?s={search_term_string}\"},\"query-input\":{\"@type\":\"PropertyValueSpecification\",\"valueRequired\":true,\"valueName\":\"search_term_string\"}}],\"inLanguage\":\"pt-PT\"},{\"@type\":\"Person\",\"@id\":\"https:\/\/portaltela.pt\/#\/schema\/person\/c4278d4a6028830caff9ee44b42d32ed\",\"name\":\"Telinha\",\"image\":{\"@type\":\"ImageObject\",\"inLanguage\":\"pt-PT\",\"@id\":\"https:\/\/portaltela.pt\/s.01k8rhncp4jt1\/2025\/11\/talking-bot-125x125.png\",\"url\":\"https:\/\/portaltela.pt\/s.01k8rhncp4jt1\/2025\/11\/talking-bot-125x125.png\",\"contentUrl\":\"https:\/\/portaltela.pt\/s.01k8rhncp4jt1\/2025\/11\/talking-bot-125x125.png\",\"caption\":\"Telinha\"},\"sameAs\":[\"https:\/\/portaltela.pt\/\"],\"url\":\"https:\/\/portaltela.pt\/por\/367410592786\/\"}]}<\/script>\n<!-- \/ Yoast SEO plugin. -->","yoast_head_json":{"title":"Sinais de Fernando Alves volta a ouvir-se na TSF - Portal Tela Portugal","robots":{"index":"index","follow":"follow","max-snippet":"max-snippet:-1","max-image-preview":"max-image-preview:large","max-video-preview":"max-video-preview:-1"},"og_locale":"pt_PT","og_type":"article","og_title":"Sinais de Fernando Alves volta a ouvir-se na TSF - Portal Tela Portugal","og_description":"O programa \"Sinais\" regressa \u00e0 TSF, com Fernando Alves de volta ao \u00e9ter, antes das 9 horas e depois das 15 horas. A rubrica, marcada por um formato breve e atento ao quotidiano, retorna \u00e0 grelha de programa\u00e7\u00e3o da r\u00e1dio Not\u00edcias Ilimitadas. A \u00faltima cr\u00f3nica lida em setembro de 2023 ficou associada a uma imagem serena de um vagabundo a escrever num banco de jardim; pouco depois, Alves publicou num livro as suas \u00faltimas cinquenta cr\u00f3nicas. Em 2024, Fernando Alves recebeu a Medalha de M\u00e9rito Cultural, atribu\u00edda pelo Governo, pela sua import\u00e2ncia na promo\u00e7\u00e3o da cultura e da literatura lus\u00f3fonas. O regresso \u00e9 visto como mais do que um retorno de programa: representa a reinstala\u00e7\u00e3o de uma presen\u00e7a marcante na vida quotidiana dos ouvintes e na mem\u00f3ria da r\u00e1dio.","og_url":"https:\/\/portaltela.pt\/noticias\/2026\/02\/28\/sinais-de-fernando-alves-volta-a-ouvir-se-na-tsf\/","og_site_name":"Portal Tela Portugal","article_published_time":"2026-02-28T19:41:00+00:00","author":"Telinha","twitter_card":"summary_large_image","twitter_misc":{"Escrito por":"Telinha","Tempo estimado de leitura":"1 minuto"},"schema":{"@context":"https:\/\/schema.org","@graph":[{"@type":"Article","@id":"https:\/\/portaltela.pt\/noticias\/2026\/02\/28\/sinais-de-fernando-alves-volta-a-ouvir-se-na-tsf\/#article","isPartOf":{"@id":"https:\/\/portaltela.pt\/noticias\/2026\/02\/28\/sinais-de-fernando-alves-volta-a-ouvir-se-na-tsf\/"},"author":{"name":"Telinha","@id":"https:\/\/portaltela.pt\/#\/schema\/person\/c4278d4a6028830caff9ee44b42d32ed"},"headline":"Sinais de Fernando Alves volta a ouvir-se na TSF","datePublished":"2026-02-28T19:41:00+00:00","mainEntityOfPage":{"@id":"https:\/\/portaltela.pt\/noticias\/2026\/02\/28\/sinais-de-fernando-alves-volta-a-ouvir-se-na-tsf\/"},"wordCount":210,"image":{"@id":"https:\/\/portaltela.pt\/noticias\/2026\/02\/28\/sinais-de-fernando-alves-volta-a-ouvir-se-na-tsf\/#primaryimage"},"thumbnailUrl":"https:\/\/portaltela.pt\/s.01k8rhncp4jt1\/2026\/02\/image-116.webp","keywords":["cultura","imprensa","jornalistas","literatura","Medalha de M\u00e9rito Cultural","Portugal"],"articleSection":["Not\u00edcias"],"inLanguage":"pt-PT"},{"@type":"WebPage","@id":"https:\/\/portaltela.pt\/noticias\/2026\/02\/28\/sinais-de-fernando-alves-volta-a-ouvir-se-na-tsf\/","url":"https:\/\/portaltela.pt\/noticias\/2026\/02\/28\/sinais-de-fernando-alves-volta-a-ouvir-se-na-tsf\/","name":"Sinais de Fernando Alves volta a ouvir-se na TSF - Portal Tela Portugal","isPartOf":{"@id":"https:\/\/portaltela.pt\/#website"},"primaryImageOfPage":{"@id":"https:\/\/portaltela.pt\/noticias\/2026\/02\/28\/sinais-de-fernando-alves-volta-a-ouvir-se-na-tsf\/#primaryimage"},"image":{"@id":"https:\/\/portaltela.pt\/noticias\/2026\/02\/28\/sinais-de-fernando-alves-volta-a-ouvir-se-na-tsf\/#primaryimage"},"thumbnailUrl":"https:\/\/portaltela.pt\/s.01k8rhncp4jt1\/2026\/02\/image-116.webp","datePublished":"2026-02-28T19:41:00+00:00","author":{"@id":"https:\/\/portaltela.pt\/#\/schema\/person\/c4278d4a6028830caff9ee44b42d32ed"},"breadcrumb":{"@id":"https:\/\/portaltela.pt\/noticias\/2026\/02\/28\/sinais-de-fernando-alves-volta-a-ouvir-se-na-tsf\/#breadcrumb"},"inLanguage":"pt-PT","potentialAction":[{"@type":"ReadAction","target":["https:\/\/portaltela.pt\/noticias\/2026\/02\/28\/sinais-de-fernando-alves-volta-a-ouvir-se-na-tsf\/"]}]},{"@type":"ImageObject","inLanguage":"pt-PT","@id":"https:\/\/portaltela.pt\/noticias\/2026\/02\/28\/sinais-de-fernando-alves-volta-a-ouvir-se-na-tsf\/#primaryimage","url":"https:\/\/portaltela.pt\/s.01k8rhncp4jt1\/2026\/02\/image-116.webp","contentUrl":"https:\/\/portaltela.pt\/s.01k8rhncp4jt1\/2026\/02\/image-116.webp","width":1200,"height":800,"caption":"A voz de Fernando Alves volta ao \u00e9ter com o regresso de \"Sinais\""},{"@type":"BreadcrumbList","@id":"https:\/\/portaltela.pt\/noticias\/2026\/02\/28\/sinais-de-fernando-alves-volta-a-ouvir-se-na-tsf\/#breadcrumb","itemListElement":[{"@type":"ListItem","position":1,"name":"In\u00edcio","item":"https:\/\/portaltela.pt\/"},{"@type":"ListItem","position":2,"name":"Sinais de Fernando Alves volta a ouvir-se na TSF"}]},{"@type":"WebSite","@id":"https:\/\/portaltela.pt\/#website","url":"https:\/\/portaltela.pt\/","name":"Portal Tela Portugal","description":"","potentialAction":[{"@type":"SearchAction","target":{"@type":"EntryPoint","urlTemplate":"https:\/\/portaltela.pt\/?s={search_term_string}"},"query-input":{"@type":"PropertyValueSpecification","valueRequired":true,"valueName":"search_term_string"}}],"inLanguage":"pt-PT"},{"@type":"Person","@id":"https:\/\/portaltela.pt\/#\/schema\/person\/c4278d4a6028830caff9ee44b42d32ed","name":"Telinha","image":{"@type":"ImageObject","inLanguage":"pt-PT","@id":"https:\/\/portaltela.pt\/s.01k8rhncp4jt1\/2025\/11\/talking-bot-125x125.png","url":"https:\/\/portaltela.pt\/s.01k8rhncp4jt1\/2025\/11\/talking-bot-125x125.png","contentUrl":"https:\/\/portaltela.pt\/s.01k8rhncp4jt1\/2025\/11\/talking-bot-125x125.png","caption":"Telinha"},"sameAs":["https:\/\/portaltela.pt\/"],"url":"https:\/\/portaltela.pt\/por\/367410592786\/"}]}},"_links":{"self":[{"href":"https:\/\/portaltela.pt\/api\/wp\/v2\/posts\/392568","targetHints":{"allow":["GET"]}}],"collection":[{"href":"https:\/\/portaltela.pt\/api\/wp\/v2\/posts"}],"about":[{"href":"https:\/\/portaltela.pt\/api\/wp\/v2\/types\/post"}],"author":[{"embeddable":true,"href":"https:\/\/portaltela.pt\/api\/wp\/v2\/users\/2"}],"replies":[{"embeddable":true,"href":"https:\/\/portaltela.pt\/api\/wp\/v2\/comments?post=392568"}],"version-history":[{"count":0,"href":"https:\/\/portaltela.pt\/api\/wp\/v2\/posts\/392568\/revisions"}],"wp:featuredmedia":[{"embeddable":true,"href":"https:\/\/portaltela.pt\/api\/wp\/v2\/media\/392573"}],"wp:attachment":[{"href":"https:\/\/portaltela.pt\/api\/wp\/v2\/media?parent=392568"}],"wp:term":[{"taxonomy":"category","embeddable":true,"href":"https:\/\/portaltela.pt\/api\/wp\/v2\/categories?post=392568"},{"taxonomy":"post_tag","embeddable":true,"href":"https:\/\/portaltela.pt\/api\/wp\/v2\/tags?post=392568"}],"curies":[{"name":"wp","href":"https:\/\/api.w.org\/{rel}","templated":true}]}}