{"id":392559,"date":"2026-02-28T16:15:00","date_gmt":"2026-02-28T19:15:00","guid":{"rendered":"https:\/\/portaltela.pt\/noticias\/2026\/02\/28\/ifab-estuda-sancoes-para-jogadores-que-tapam-a-boca\/"},"modified":"2026-02-28T16:15:00","modified_gmt":"2026-02-28T19:15:00","slug":"ifab-estuda-sancoes-para-jogadores-que-tapam-a-boca","status":"publish","type":"post","link":"https:\/\/portaltela.pt\/desporto\/futebol\/2026\/02\/28\/ifab-estuda-sancoes-para-jogadores-que-tapam-a-boca\/","title":{"rendered":"IFAB estuda san\u00e7\u00f5es para jogadores que tapam a boca"},"content":{"rendered":"<p>O International Board (IFAB) vai estudar puni\u00e7\u00f5es para jogadores que tapam a boca ao falar com advers\u00e1rios. A decis\u00e3o foi anunciada ap\u00f3s a reuni\u00e3o de s\u00e1bado, em Gales, que contou com a participa\u00e7\u00e3o de membros das federa\u00e7\u00f5es nacionais e representantes da FIFA. O tema surgiu na sequ\u00eancia de incidentes em que jogadores taparam a boca para insultos durante jogos.<\/p>\n<p>O objetivo \u00e9 criar regras ou penaliza\u00e7\u00f5es que evitem condutas condimentadas com interrup\u00e7\u00f5es de discurso que possam alimentar o racismo ou agress\u00f5es verbais. Mark Billingham, director-executivo da Federa\u00e7\u00e3o Inglesa e membro do IFAB, disse que h\u00e1 pouco tempo de boca tapada que necessitam de regula\u00e7\u00e3o. O grupo pretende avan\u00e7ar rapidamente com o dossier.<\/p>\n<p>Mattias Grafstrom, secret\u00e1rio-geral da FIFA, refor\u00e7ou a necessidade de ter medidas prontas a tempo do pr\u00f3ximo Mundial, que ser\u00e1 disputado entre 11 e 19 de Julho nos EUA, Canad\u00e1 e M\u00e9xico. O Congresso da FIFA, em Vancouver, pode servir de marco para definir as regras a aplicar no torneio.<\/p>\n<p>O ex-\u00e1rbitro Pedro Henriques, comentador do P\u00daBLICO, v\u00ea potencial validade na medida, desde que seja bem aplicada. A ideia \u00e9 banir o uso da m\u00e3o ou da camisola para tapar a boca quando se dirige ao advers\u00e1rio, mantendo a liberdade de conversa entre colegas. A perce\u00e7\u00e3o p\u00fablica pode depender dos moldes de aplica\u00e7\u00e3o.<\/p>\n<p>Al\u00e9m das quest\u00f5es de conduta, o IFAB aprovou altera\u00e7\u00f5es para reduzir o tempo perdido. Haver\u00e1 tempo limite para lan\u00e7amentos de linha lateral e para as reposi\u00e7\u00f5es. Em caso de demora deliberada, os \u00e1rbitros poder\u00e3o aplicar contagens de cinco segundos.<\/p>\n<p>Outra altera\u00e7\u00e3o amplia a presen\u00e7a do VAR. O sistema poder\u00e1 intervir em lances de canto com decis\u00f5es incorretas e orientar emerg\u00eancias de segundo cart\u00e3o amarelo que resultem em vermelho. Confirma-se que as mudan\u00e7as entram nas Leis do Jogo a 1 de Julho, com aplica\u00e7\u00e3o no Mundial seguinte.<\/p>\n<p>As novas regras visam tamb\u00e9m acelerar o rein\u00edcio de jogo e uniformizar contagens. A melhoria do tempo \u00fatil depende, no entanto, de uma aplica\u00e7\u00e3o consistente por parte dos \u00e1rbitros em campo. O objetivo \u00e9 reduzir as interrup\u00e7\u00f5es sem perder a entrega do espet\u00e1culo.<\/p>\n","protected":false},"excerpt":{"rendered":"<ul>\n<li>O International Board (IFAB) vai estudar penaliza\u00e7\u00f5es para jogadores que tapem a boca ao dirigir-se a advers\u00e1rios, ap\u00f3s um incidente entre Prestianni e Vinicius Jr. no jogo da Luz.<\/li>\n<li>A decis\u00e3o foi tomada numa reuni\u00e3o em Gales, com o objetivo de definir regras claras sem ampliar problemas; pretendem ter algo pronto antes do Mundial.<\/li>\n<li>O IFAB quer ter medidas j\u00e1 definidas at\u00e9 o pr\u00f3ximo Mundial, com o Congresso da FIFA em Vancouver a ser o palco de discuss\u00e3o adicional.<\/li>\n<li>Entre as mudan\u00e7as aprovadas est\u00e3o limites de tempo para lan\u00e7amentos de linha lateral e pontap\u00e9s de baliza, contagens de cinco segundos para retardos deliberados e tempo limitado para substitui\u00e7\u00f5es (dez segundos).<\/li>\n<li>O v\u00eddeo-\u00e1rbitro (VAR) ficar\u00e1 mais envolvido, podendo intervir em cantos mal decididos e aconselhar sobre segundos cart\u00f5es, com as altera\u00e7\u00f5es a entrar em vigor a 1 de julho, aplicando-se j\u00e1 no pr\u00f3ximo Mundial.<\/li>\n<\/ul>\n","protected":false},"author":2,"featured_media":392563,"comment_status":"closed","ping_status":"closed","sticky":false,"template":"","format":"standard","meta":{"footnotes":""},"categories":[21,24],"tags":[1289,1336,152,32,81,6513],"class_list":["post-392559","post","type-post","status-publish","format-standard","has-post-thumbnail","hentry","category-desporto","category-futebol","tag-arbitragem","tag-arbitro","tag-desporto","tag-futebol","tag-internacionais","tag-leis-do-jogo"],"yoast_head":"<!-- This site is optimized with the Yoast SEO plugin v27.2 - https:\/\/yoast.com\/product\/yoast-seo-wordpress\/ -->\n<title>IFAB estuda san\u00e7\u00f5es para jogadores que tapam a boca - Portal Tela Portugal<\/title>\n<meta name=\"robots\" content=\"index, follow, max-snippet:-1, max-image-preview:large, max-video-preview:-1\" \/>\n<meta property=\"og:locale\" content=\"pt_PT\" \/>\n<meta property=\"og:type\" content=\"article\" \/>\n<meta property=\"og:title\" content=\"IFAB estuda san\u00e7\u00f5es para jogadores que tapam a boca - Portal Tela Portugal\" \/>\n<meta property=\"og:description\" content=\"O International Board (IFAB) vai estudar penaliza\u00e7\u00f5es para jogadores que tapem a boca ao dirigir-se a advers\u00e1rios, ap\u00f3s um incidente entre Prestianni e Vinicius Jr. no jogo da Luz. A decis\u00e3o foi tomada numa reuni\u00e3o em Gales, com o objetivo de definir regras claras sem ampliar problemas; pretendem ter algo pronto antes do Mundial. O IFAB quer ter medidas j\u00e1 definidas at\u00e9 o pr\u00f3ximo Mundial, com o Congresso da FIFA em Vancouver a ser o palco de discuss\u00e3o adicional. Entre as mudan\u00e7as aprovadas est\u00e3o limites de tempo para lan\u00e7amentos de linha lateral e pontap\u00e9s de baliza, contagens de cinco segundos para retardos deliberados e tempo limitado para substitui\u00e7\u00f5es (dez segundos). O v\u00eddeo-\u00e1rbitro (VAR) ficar\u00e1 mais envolvido, podendo intervir em cantos mal decididos e aconselhar sobre segundos cart\u00f5es, com as altera\u00e7\u00f5es a entrar em vigor a 1 de julho, aplicando-se j\u00e1 no pr\u00f3ximo Mundial.\" \/>\n<meta property=\"og:url\" content=\"https:\/\/portaltela.pt\/noticias\/2026\/02\/28\/ifab-estuda-sancoes-para-jogadores-que-tapam-a-boca\/\" \/>\n<meta property=\"og:site_name\" content=\"Portal Tela Portugal\" \/>\n<meta property=\"article:published_time\" content=\"2026-02-28T19:15:00+00:00\" \/>\n<meta name=\"author\" content=\"Telinha\" \/>\n<meta name=\"twitter:card\" content=\"summary_large_image\" \/>\n<meta name=\"twitter:label1\" content=\"Escrito por\" \/>\n\t<meta name=\"twitter:data1\" content=\"Telinha\" \/>\n\t<meta name=\"twitter:label2\" content=\"Tempo estimado de leitura\" \/>\n\t<meta name=\"twitter:data2\" content=\"2 minutos\" \/>\n<script type=\"application\/ld+json\" class=\"yoast-schema-graph\">{\"@context\":\"https:\/\/schema.org\",\"@graph\":[{\"@type\":\"Article\",\"@id\":\"https:\/\/portaltela.pt\/noticias\/2026\/02\/28\/ifab-estuda-sancoes-para-jogadores-que-tapam-a-boca\/#article\",\"isPartOf\":{\"@id\":\"https:\/\/portaltela.pt\/noticias\/2026\/02\/28\/ifab-estuda-sancoes-para-jogadores-que-tapam-a-boca\/\"},\"author\":{\"name\":\"Telinha\",\"@id\":\"https:\/\/portaltela.pt\/#\/schema\/person\/c4278d4a6028830caff9ee44b42d32ed\"},\"headline\":\"IFAB estuda san\u00e7\u00f5es para jogadores que tapam a boca\",\"datePublished\":\"2026-02-28T19:15:00+00:00\",\"mainEntityOfPage\":{\"@id\":\"https:\/\/portaltela.pt\/noticias\/2026\/02\/28\/ifab-estuda-sancoes-para-jogadores-que-tapam-a-boca\/\"},\"wordCount\":391,\"image\":{\"@id\":\"https:\/\/portaltela.pt\/noticias\/2026\/02\/28\/ifab-estuda-sancoes-para-jogadores-que-tapam-a-boca\/#primaryimage\"},\"thumbnailUrl\":\"https:\/\/portaltela.pt\/s.01k8rhncp4jt1\/2026\/02\/2070704.jpg\",\"keywords\":[\"arbitragem\",\"\u00e1rbitro\",\"desporto\",\"futebol\",\"internacionais\",\"Leis do Jogo\"],\"articleSection\":[\"Desporto\",\"Futebol\"],\"inLanguage\":\"pt-PT\"},{\"@type\":\"WebPage\",\"@id\":\"https:\/\/portaltela.pt\/noticias\/2026\/02\/28\/ifab-estuda-sancoes-para-jogadores-que-tapam-a-boca\/\",\"url\":\"https:\/\/portaltela.pt\/noticias\/2026\/02\/28\/ifab-estuda-sancoes-para-jogadores-que-tapam-a-boca\/\",\"name\":\"IFAB estuda san\u00e7\u00f5es para jogadores que tapam a boca - Portal Tela Portugal\",\"isPartOf\":{\"@id\":\"https:\/\/portaltela.pt\/#website\"},\"primaryImageOfPage\":{\"@id\":\"https:\/\/portaltela.pt\/noticias\/2026\/02\/28\/ifab-estuda-sancoes-para-jogadores-que-tapam-a-boca\/#primaryimage\"},\"image\":{\"@id\":\"https:\/\/portaltela.pt\/noticias\/2026\/02\/28\/ifab-estuda-sancoes-para-jogadores-que-tapam-a-boca\/#primaryimage\"},\"thumbnailUrl\":\"https:\/\/portaltela.pt\/s.01k8rhncp4jt1\/2026\/02\/2070704.jpg\",\"datePublished\":\"2026-02-28T19:15:00+00:00\",\"author\":{\"@id\":\"https:\/\/portaltela.pt\/#\/schema\/person\/c4278d4a6028830caff9ee44b42d32ed\"},\"breadcrumb\":{\"@id\":\"https:\/\/portaltela.pt\/noticias\/2026\/02\/28\/ifab-estuda-sancoes-para-jogadores-que-tapam-a-boca\/#breadcrumb\"},\"inLanguage\":\"pt-PT\",\"potentialAction\":[{\"@type\":\"ReadAction\",\"target\":[\"https:\/\/portaltela.pt\/noticias\/2026\/02\/28\/ifab-estuda-sancoes-para-jogadores-que-tapam-a-boca\/\"]}]},{\"@type\":\"ImageObject\",\"inLanguage\":\"pt-PT\",\"@id\":\"https:\/\/portaltela.pt\/noticias\/2026\/02\/28\/ifab-estuda-sancoes-para-jogadores-que-tapam-a-boca\/#primaryimage\",\"url\":\"https:\/\/portaltela.pt\/s.01k8rhncp4jt1\/2026\/02\/2070704.jpg\",\"contentUrl\":\"https:\/\/portaltela.pt\/s.01k8rhncp4jt1\/2026\/02\/2070704.jpg\",\"width\":796,\"height\":448,\"caption\":\"Prestianni tapa a boca com a camisola no jogo entre o Benfica e o Real Madrid\"},{\"@type\":\"BreadcrumbList\",\"@id\":\"https:\/\/portaltela.pt\/noticias\/2026\/02\/28\/ifab-estuda-sancoes-para-jogadores-que-tapam-a-boca\/#breadcrumb\",\"itemListElement\":[{\"@type\":\"ListItem\",\"position\":1,\"name\":\"In\u00edcio\",\"item\":\"https:\/\/portaltela.pt\/\"},{\"@type\":\"ListItem\",\"position\":2,\"name\":\"IFAB estuda san\u00e7\u00f5es para jogadores que tapam a boca\"}]},{\"@type\":\"WebSite\",\"@id\":\"https:\/\/portaltela.pt\/#website\",\"url\":\"https:\/\/portaltela.pt\/\",\"name\":\"Portal Tela Portugal\",\"description\":\"\",\"potentialAction\":[{\"@type\":\"SearchAction\",\"target\":{\"@type\":\"EntryPoint\",\"urlTemplate\":\"https:\/\/portaltela.pt\/?s={search_term_string}\"},\"query-input\":{\"@type\":\"PropertyValueSpecification\",\"valueRequired\":true,\"valueName\":\"search_term_string\"}}],\"inLanguage\":\"pt-PT\"},{\"@type\":\"Person\",\"@id\":\"https:\/\/portaltela.pt\/#\/schema\/person\/c4278d4a6028830caff9ee44b42d32ed\",\"name\":\"Telinha\",\"image\":{\"@type\":\"ImageObject\",\"inLanguage\":\"pt-PT\",\"@id\":\"https:\/\/portaltela.pt\/s.01k8rhncp4jt1\/2025\/11\/talking-bot-125x125.png\",\"url\":\"https:\/\/portaltela.pt\/s.01k8rhncp4jt1\/2025\/11\/talking-bot-125x125.png\",\"contentUrl\":\"https:\/\/portaltela.pt\/s.01k8rhncp4jt1\/2025\/11\/talking-bot-125x125.png\",\"caption\":\"Telinha\"},\"sameAs\":[\"https:\/\/portaltela.pt\/\"],\"url\":\"https:\/\/portaltela.pt\/por\/367410592786\/\"}]}<\/script>\n<!-- \/ Yoast SEO plugin. -->","yoast_head_json":{"title":"IFAB estuda san\u00e7\u00f5es para jogadores que tapam a boca - Portal Tela Portugal","robots":{"index":"index","follow":"follow","max-snippet":"max-snippet:-1","max-image-preview":"max-image-preview:large","max-video-preview":"max-video-preview:-1"},"og_locale":"pt_PT","og_type":"article","og_title":"IFAB estuda san\u00e7\u00f5es para jogadores que tapam a boca - Portal Tela Portugal","og_description":"O International Board (IFAB) vai estudar penaliza\u00e7\u00f5es para jogadores que tapem a boca ao dirigir-se a advers\u00e1rios, ap\u00f3s um incidente entre Prestianni e Vinicius Jr. no jogo da Luz. A decis\u00e3o foi tomada numa reuni\u00e3o em Gales, com o objetivo de definir regras claras sem ampliar problemas; pretendem ter algo pronto antes do Mundial. O IFAB quer ter medidas j\u00e1 definidas at\u00e9 o pr\u00f3ximo Mundial, com o Congresso da FIFA em Vancouver a ser o palco de discuss\u00e3o adicional. Entre as mudan\u00e7as aprovadas est\u00e3o limites de tempo para lan\u00e7amentos de linha lateral e pontap\u00e9s de baliza, contagens de cinco segundos para retardos deliberados e tempo limitado para substitui\u00e7\u00f5es (dez segundos). O v\u00eddeo-\u00e1rbitro (VAR) ficar\u00e1 mais envolvido, podendo intervir em cantos mal decididos e aconselhar sobre segundos cart\u00f5es, com as altera\u00e7\u00f5es a entrar em vigor a 1 de julho, aplicando-se j\u00e1 no pr\u00f3ximo Mundial.","og_url":"https:\/\/portaltela.pt\/noticias\/2026\/02\/28\/ifab-estuda-sancoes-para-jogadores-que-tapam-a-boca\/","og_site_name":"Portal Tela Portugal","article_published_time":"2026-02-28T19:15:00+00:00","author":"Telinha","twitter_card":"summary_large_image","twitter_misc":{"Escrito por":"Telinha","Tempo estimado de leitura":"2 minutos"},"schema":{"@context":"https:\/\/schema.org","@graph":[{"@type":"Article","@id":"https:\/\/portaltela.pt\/noticias\/2026\/02\/28\/ifab-estuda-sancoes-para-jogadores-que-tapam-a-boca\/#article","isPartOf":{"@id":"https:\/\/portaltela.pt\/noticias\/2026\/02\/28\/ifab-estuda-sancoes-para-jogadores-que-tapam-a-boca\/"},"author":{"name":"Telinha","@id":"https:\/\/portaltela.pt\/#\/schema\/person\/c4278d4a6028830caff9ee44b42d32ed"},"headline":"IFAB estuda san\u00e7\u00f5es para jogadores que tapam a boca","datePublished":"2026-02-28T19:15:00+00:00","mainEntityOfPage":{"@id":"https:\/\/portaltela.pt\/noticias\/2026\/02\/28\/ifab-estuda-sancoes-para-jogadores-que-tapam-a-boca\/"},"wordCount":391,"image":{"@id":"https:\/\/portaltela.pt\/noticias\/2026\/02\/28\/ifab-estuda-sancoes-para-jogadores-que-tapam-a-boca\/#primaryimage"},"thumbnailUrl":"https:\/\/portaltela.pt\/s.01k8rhncp4jt1\/2026\/02\/2070704.jpg","keywords":["arbitragem","\u00e1rbitro","desporto","futebol","internacionais","Leis do Jogo"],"articleSection":["Desporto","Futebol"],"inLanguage":"pt-PT"},{"@type":"WebPage","@id":"https:\/\/portaltela.pt\/noticias\/2026\/02\/28\/ifab-estuda-sancoes-para-jogadores-que-tapam-a-boca\/","url":"https:\/\/portaltela.pt\/noticias\/2026\/02\/28\/ifab-estuda-sancoes-para-jogadores-que-tapam-a-boca\/","name":"IFAB estuda san\u00e7\u00f5es para jogadores que tapam a boca - Portal Tela Portugal","isPartOf":{"@id":"https:\/\/portaltela.pt\/#website"},"primaryImageOfPage":{"@id":"https:\/\/portaltela.pt\/noticias\/2026\/02\/28\/ifab-estuda-sancoes-para-jogadores-que-tapam-a-boca\/#primaryimage"},"image":{"@id":"https:\/\/portaltela.pt\/noticias\/2026\/02\/28\/ifab-estuda-sancoes-para-jogadores-que-tapam-a-boca\/#primaryimage"},"thumbnailUrl":"https:\/\/portaltela.pt\/s.01k8rhncp4jt1\/2026\/02\/2070704.jpg","datePublished":"2026-02-28T19:15:00+00:00","author":{"@id":"https:\/\/portaltela.pt\/#\/schema\/person\/c4278d4a6028830caff9ee44b42d32ed"},"breadcrumb":{"@id":"https:\/\/portaltela.pt\/noticias\/2026\/02\/28\/ifab-estuda-sancoes-para-jogadores-que-tapam-a-boca\/#breadcrumb"},"inLanguage":"pt-PT","potentialAction":[{"@type":"ReadAction","target":["https:\/\/portaltela.pt\/noticias\/2026\/02\/28\/ifab-estuda-sancoes-para-jogadores-que-tapam-a-boca\/"]}]},{"@type":"ImageObject","inLanguage":"pt-PT","@id":"https:\/\/portaltela.pt\/noticias\/2026\/02\/28\/ifab-estuda-sancoes-para-jogadores-que-tapam-a-boca\/#primaryimage","url":"https:\/\/portaltela.pt\/s.01k8rhncp4jt1\/2026\/02\/2070704.jpg","contentUrl":"https:\/\/portaltela.pt\/s.01k8rhncp4jt1\/2026\/02\/2070704.jpg","width":796,"height":448,"caption":"Prestianni tapa a boca com a camisola no jogo entre o Benfica e o Real Madrid"},{"@type":"BreadcrumbList","@id":"https:\/\/portaltela.pt\/noticias\/2026\/02\/28\/ifab-estuda-sancoes-para-jogadores-que-tapam-a-boca\/#breadcrumb","itemListElement":[{"@type":"ListItem","position":1,"name":"In\u00edcio","item":"https:\/\/portaltela.pt\/"},{"@type":"ListItem","position":2,"name":"IFAB estuda san\u00e7\u00f5es para jogadores que tapam a boca"}]},{"@type":"WebSite","@id":"https:\/\/portaltela.pt\/#website","url":"https:\/\/portaltela.pt\/","name":"Portal Tela Portugal","description":"","potentialAction":[{"@type":"SearchAction","target":{"@type":"EntryPoint","urlTemplate":"https:\/\/portaltela.pt\/?s={search_term_string}"},"query-input":{"@type":"PropertyValueSpecification","valueRequired":true,"valueName":"search_term_string"}}],"inLanguage":"pt-PT"},{"@type":"Person","@id":"https:\/\/portaltela.pt\/#\/schema\/person\/c4278d4a6028830caff9ee44b42d32ed","name":"Telinha","image":{"@type":"ImageObject","inLanguage":"pt-PT","@id":"https:\/\/portaltela.pt\/s.01k8rhncp4jt1\/2025\/11\/talking-bot-125x125.png","url":"https:\/\/portaltela.pt\/s.01k8rhncp4jt1\/2025\/11\/talking-bot-125x125.png","contentUrl":"https:\/\/portaltela.pt\/s.01k8rhncp4jt1\/2025\/11\/talking-bot-125x125.png","caption":"Telinha"},"sameAs":["https:\/\/portaltela.pt\/"],"url":"https:\/\/portaltela.pt\/por\/367410592786\/"}]}},"_links":{"self":[{"href":"https:\/\/portaltela.pt\/api\/wp\/v2\/posts\/392559","targetHints":{"allow":["GET"]}}],"collection":[{"href":"https:\/\/portaltela.pt\/api\/wp\/v2\/posts"}],"about":[{"href":"https:\/\/portaltela.pt\/api\/wp\/v2\/types\/post"}],"author":[{"embeddable":true,"href":"https:\/\/portaltela.pt\/api\/wp\/v2\/users\/2"}],"replies":[{"embeddable":true,"href":"https:\/\/portaltela.pt\/api\/wp\/v2\/comments?post=392559"}],"version-history":[{"count":0,"href":"https:\/\/portaltela.pt\/api\/wp\/v2\/posts\/392559\/revisions"}],"wp:featuredmedia":[{"embeddable":true,"href":"https:\/\/portaltela.pt\/api\/wp\/v2\/media\/392563"}],"wp:attachment":[{"href":"https:\/\/portaltela.pt\/api\/wp\/v2\/media?parent=392559"}],"wp:term":[{"taxonomy":"category","embeddable":true,"href":"https:\/\/portaltela.pt\/api\/wp\/v2\/categories?post=392559"},{"taxonomy":"post_tag","embeddable":true,"href":"https:\/\/portaltela.pt\/api\/wp\/v2\/tags?post=392559"}],"curies":[{"name":"wp","href":"https:\/\/api.w.org\/{rel}","templated":true}]}}