{"id":392515,"date":"2026-02-28T15:28:00","date_gmt":"2026-02-28T18:28:00","guid":{"rendered":"https:\/\/portaltela.pt\/noticias\/2026\/02\/28\/trump-completa-um-ano-de-guerra-e-ameacas-a-aliados-e-adversarios\/"},"modified":"2026-02-28T15:28:00","modified_gmt":"2026-02-28T18:28:00","slug":"trump-completa-um-ano-de-guerra-e-ameacas-a-aliados-e-adversarios","status":"publish","type":"post","link":"https:\/\/portaltela.pt\/noticias\/internacional\/2026\/02\/28\/trump-completa-um-ano-de-guerra-e-ameacas-a-aliados-e-adversarios\/","title":{"rendered":"Trump completa um ano de guerra e amea\u00e7as a aliados e advers\u00e1rios"},"content":{"rendered":"<p>O primeiro ano do mandato de Donald Trump ficou marcado por tens\u00f5es com v\u00e1rios pa\u00edses da regi\u00e3o. Entre as a\u00e7\u00f5es mais medi\u00e1ticas, destacam-se opera\u00e7\u00f5es na Venezuela, negocia\u00e7\u00f5es na Ucr\u00e2nia, interesses no \u00c1rtico e declara\u00e7\u00f5es sobre Cuba. O objetivo indicado \u00e9 restabelecer a preem\u00eancia dos EUA no hemisf\u00e9rio.<\/p>\n<p>Em Caracas, for\u00e7as especiais teriam entrado num complexo militar e detido Nicol\u00e1s Maduro e a mulher, Cilia Flores, na chamada Opera\u00e7\u00e3o Resolu\u00e7\u00e3o Absoluta. A opera\u00e7\u00e3o, segundo a narrativa apresentada, visou instalar uma lideran\u00e7a interina com maior alinhamento aos EUA.<\/p>\n<p>A 3 de janeiro, o epis\u00f3dio abriu a chamada Doutrina Donroe, prevista na Estrat\u00e9gia de Seguran\u00e7a Nacional, para assegurar controlo de recursos estrat\u00e9gicos e conter pot\u00eancias externas. O petr\u00f3leo venezuelano passou a estar sob controlo provis\u00f3rio norte-americano.<\/p>\n<h3>Venezuela<\/h3>\n<p>A tens\u00e3o com a Venezuela continuou a moldar a pol\u00edtica externa de Washington. O texto oficial descreve o objetivo de manter pa\u00edses vi\u00e1veis perto dos EUA, com condi\u00e7\u00f5es favor\u00e1veis para o acesso \u00e0s reservas de petr\u00f3leo. Delcy Rodr\u00edguez assumiu a chefia interina do pa\u00eds.<\/p>\n<h3>Ucr\u00e2nia<\/h3>\n<p>A interven\u00e7\u00e3o na Ucr\u00e2nia foi apresentada como prioridade para encerrar o conflito rapidamente. O foco tem sido a conclus\u00e3o de negocia\u00e7\u00f5es com prazos sucessivos, com a expectativa de atrair investimento norte-americano na reconstru\u00e7\u00e3o e na explora\u00e7\u00e3o de minerais cr\u00edticos.<\/p>\n<h3>Gronel\u00e2ndia<\/h3>\n<p>O interesse no \u00c1rtico ganhou \u00eanfase com a hip\u00f3tese de controle da Gronel\u00e2ndia, territ\u00f3rio sob jurisdi\u00e7\u00e3o dinamarquesa. Aanja de recursos energ\u00e9ticos e minerais raros no regi\u00f3n, aliado ao envolvimento de China e R\u00fassia, tornou a \u00e1rea estrat\u00e9gica para Washington.<\/p>\n<h3>Cuba<\/h3>\n<p>Relatos indicam que Washington avaliou possibilidades sobre Cuba, diante da crise energ\u00e9tica no pa\u00eds ap\u00f3s a queda de Maduro. O objetivo descrito inclui potenciar uma tomada de controlo amig\u00e1vel do regime cubano, explorando o momento de fraqueza econ\u00f3mica.<\/p>\n","protected":false},"excerpt":{"rendered":"<ul>\n<li>Nos primeiros anos de mandato de Trump, a tens\u00e3o com a Venezuela escalou, com a Opera\u00e7\u00e3o Resolu\u00e7\u00e3o Absoluta a 3 de janeiro, que levou \u00e0 deten\u00e7\u00e3o de Nicol\u00e1s Maduro e de C\u00edlia Flores, e os EUA passaram a controlar parte do petr\u00f3leo venezuelano, com Delcy Rodr\u00edguez na chefia interina.<\/li>\n<li>Na Ucr\u00e2nia, Trump procura uma paz r\u00e1pida predominantemente por quest\u00f5es comerciais, com an\u00fancios de progressos e prazos para cessar o conflito, condicionando avan\u00e7os \u00e0 ced\u00eancia territorial pelas (a Ucr\u00e2nia).<\/li>\n<li>Gronel\u00e2ndia e o \u00c1rtico tornam-se foco de interesses dos EUA, numa competi\u00e7\u00e3o com a China e a R\u00fassia, em busca de recursos como g\u00e1s, petr\u00f3leo e metais raros, para refor\u00e7ar influ\u00eancia na regi\u00e3o.<\/li>\n<li>O debate sobre a Cuba envolve a possibilidade de um controlo amig\u00e1vel do regime cubano, citando dificuldades financeiras em Cuba e impactos da crise energ\u00e9tica venezuelana.<\/li>\n<li>Em resumo, o ano tem sido marcado por a\u00e7\u00f5es dos EUA para afirmar influ\u00eancia regional, com foco no hemisf\u00e9rio, no \u00c1rtico e em mudan\u00e7as pol\u00edticas nos pa\u00edses vizinhos.<\/li>\n<\/ul>\n","protected":false},"author":2,"featured_media":392527,"comment_status":"closed","ping_status":"closed","sticky":false,"template":"","format":"standard","meta":{"footnotes":""},"categories":[4,1],"tags":[1600,3783,62,2036,2134,2758],"class_list":["post-392515","post","type-post","status-publish","format-standard","has-post-thumbnail","hentry","category-internacional","category-noticias","tag-estados-unidos","tag-groenlandia","tag-guerra","tag-negociacoes-internacionais","tag-ucrania","tag-venezuela"],"yoast_head":"<!-- This site is optimized with the Yoast SEO plugin v27.2 - https:\/\/yoast.com\/product\/yoast-seo-wordpress\/ -->\n<title>Trump completa um ano de guerra e amea\u00e7as a aliados e advers\u00e1rios - Portal Tela Portugal<\/title>\n<meta name=\"robots\" content=\"index, follow, max-snippet:-1, max-image-preview:large, max-video-preview:-1\" \/>\n<meta property=\"og:locale\" content=\"pt_PT\" \/>\n<meta property=\"og:type\" content=\"article\" \/>\n<meta property=\"og:title\" content=\"Trump completa um ano de guerra e amea\u00e7as a aliados e advers\u00e1rios - Portal Tela Portugal\" \/>\n<meta property=\"og:description\" content=\"Nos primeiros anos de mandato de Trump, a tens\u00e3o com a Venezuela escalou, com a Opera\u00e7\u00e3o Resolu\u00e7\u00e3o Absoluta a 3 de janeiro, que levou \u00e0 deten\u00e7\u00e3o de Nicol\u00e1s Maduro e de C\u00edlia Flores, e os EUA passaram a controlar parte do petr\u00f3leo venezuelano, com Delcy Rodr\u00edguez na chefia interina. Na Ucr\u00e2nia, Trump procura uma paz r\u00e1pida predominantemente por quest\u00f5es comerciais, com an\u00fancios de progressos e prazos para cessar o conflito, condicionando avan\u00e7os \u00e0 ced\u00eancia territorial pelas (a Ucr\u00e2nia). Gronel\u00e2ndia e o \u00c1rtico tornam-se foco de interesses dos EUA, numa competi\u00e7\u00e3o com a China e a R\u00fassia, em busca de recursos como g\u00e1s, petr\u00f3leo e metais raros, para refor\u00e7ar influ\u00eancia na regi\u00e3o. O debate sobre a Cuba envolve a possibilidade de um controlo amig\u00e1vel do regime cubano, citando dificuldades financeiras em Cuba e impactos da crise energ\u00e9tica venezuelana. Em resumo, o ano tem sido marcado por a\u00e7\u00f5es dos EUA para afirmar influ\u00eancia regional, com foco no hemisf\u00e9rio, no \u00c1rtico e em mudan\u00e7as pol\u00edticas nos pa\u00edses vizinhos.\" \/>\n<meta property=\"og:url\" content=\"https:\/\/portaltela.pt\/noticias\/2026\/02\/28\/trump-completa-um-ano-de-guerra-e-ameacas-a-aliados-e-adversarios\/\" \/>\n<meta property=\"og:site_name\" content=\"Portal Tela Portugal\" \/>\n<meta property=\"article:published_time\" content=\"2026-02-28T18:28:00+00:00\" \/>\n<meta name=\"author\" content=\"Telinha\" \/>\n<meta name=\"twitter:card\" content=\"summary_large_image\" \/>\n<meta name=\"twitter:label1\" content=\"Escrito por\" \/>\n\t<meta name=\"twitter:data1\" content=\"Telinha\" \/>\n\t<meta name=\"twitter:label2\" content=\"Tempo estimado de leitura\" \/>\n\t<meta name=\"twitter:data2\" content=\"2 minutos\" \/>\n<script type=\"application\/ld+json\" class=\"yoast-schema-graph\">{\"@context\":\"https:\/\/schema.org\",\"@graph\":[{\"@type\":\"Article\",\"@id\":\"https:\/\/portaltela.pt\/noticias\/2026\/02\/28\/trump-completa-um-ano-de-guerra-e-ameacas-a-aliados-e-adversarios\/#article\",\"isPartOf\":{\"@id\":\"https:\/\/portaltela.pt\/noticias\/2026\/02\/28\/trump-completa-um-ano-de-guerra-e-ameacas-a-aliados-e-adversarios\/\"},\"author\":{\"name\":\"Telinha\",\"@id\":\"https:\/\/portaltela.pt\/#\/schema\/person\/c4278d4a6028830caff9ee44b42d32ed\"},\"headline\":\"Trump completa um ano de guerra e amea\u00e7as a aliados e advers\u00e1rios\",\"datePublished\":\"2026-02-28T18:28:00+00:00\",\"mainEntityOfPage\":{\"@id\":\"https:\/\/portaltela.pt\/noticias\/2026\/02\/28\/trump-completa-um-ano-de-guerra-e-ameacas-a-aliados-e-adversarios\/\"},\"wordCount\":355,\"image\":{\"@id\":\"https:\/\/portaltela.pt\/noticias\/2026\/02\/28\/trump-completa-um-ano-de-guerra-e-ameacas-a-aliados-e-adversarios\/#primaryimage\"},\"thumbnailUrl\":\"https:\/\/portaltela.pt\/s.01k8rhncp4jt1\/2026\/02\/4c311ac3-4b43-4b20-97c2-6c1926e5814e_1200x675.jpg\",\"keywords\":[\"Estados Unidos\",\"Groenl\u00e2ndia\",\"guerra\",\"negocia\u00e7\u00f5es internacionais\",\"Ucr\u00e2nia\",\"Venezuela\"],\"articleSection\":[\"Internacional\",\"Not\u00edcias\"],\"inLanguage\":\"pt-PT\"},{\"@type\":\"WebPage\",\"@id\":\"https:\/\/portaltela.pt\/noticias\/2026\/02\/28\/trump-completa-um-ano-de-guerra-e-ameacas-a-aliados-e-adversarios\/\",\"url\":\"https:\/\/portaltela.pt\/noticias\/2026\/02\/28\/trump-completa-um-ano-de-guerra-e-ameacas-a-aliados-e-adversarios\/\",\"name\":\"Trump completa um ano de guerra e amea\u00e7as a aliados e advers\u00e1rios - Portal Tela Portugal\",\"isPartOf\":{\"@id\":\"https:\/\/portaltela.pt\/#website\"},\"primaryImageOfPage\":{\"@id\":\"https:\/\/portaltela.pt\/noticias\/2026\/02\/28\/trump-completa-um-ano-de-guerra-e-ameacas-a-aliados-e-adversarios\/#primaryimage\"},\"image\":{\"@id\":\"https:\/\/portaltela.pt\/noticias\/2026\/02\/28\/trump-completa-um-ano-de-guerra-e-ameacas-a-aliados-e-adversarios\/#primaryimage\"},\"thumbnailUrl\":\"https:\/\/portaltela.pt\/s.01k8rhncp4jt1\/2026\/02\/4c311ac3-4b43-4b20-97c2-6c1926e5814e_1200x675.jpg\",\"datePublished\":\"2026-02-28T18:28:00+00:00\",\"author\":{\"@id\":\"https:\/\/portaltela.pt\/#\/schema\/person\/c4278d4a6028830caff9ee44b42d32ed\"},\"breadcrumb\":{\"@id\":\"https:\/\/portaltela.pt\/noticias\/2026\/02\/28\/trump-completa-um-ano-de-guerra-e-ameacas-a-aliados-e-adversarios\/#breadcrumb\"},\"inLanguage\":\"pt-PT\",\"potentialAction\":[{\"@type\":\"ReadAction\",\"target\":[\"https:\/\/portaltela.pt\/noticias\/2026\/02\/28\/trump-completa-um-ano-de-guerra-e-ameacas-a-aliados-e-adversarios\/\"]}]},{\"@type\":\"ImageObject\",\"inLanguage\":\"pt-PT\",\"@id\":\"https:\/\/portaltela.pt\/noticias\/2026\/02\/28\/trump-completa-um-ano-de-guerra-e-ameacas-a-aliados-e-adversarios\/#primaryimage\",\"url\":\"https:\/\/portaltela.pt\/s.01k8rhncp4jt1\/2026\/02\/4c311ac3-4b43-4b20-97c2-6c1926e5814e_1200x675.jpg\",\"contentUrl\":\"https:\/\/portaltela.pt\/s.01k8rhncp4jt1\/2026\/02\/4c311ac3-4b43-4b20-97c2-6c1926e5814e_1200x675.jpg\",\"width\":796,\"height\":448,\"caption\":\"Nicol\u00e1s Maduro foi detido numa opera\u00e7\u00e3o militar em Caracas\"},{\"@type\":\"BreadcrumbList\",\"@id\":\"https:\/\/portaltela.pt\/noticias\/2026\/02\/28\/trump-completa-um-ano-de-guerra-e-ameacas-a-aliados-e-adversarios\/#breadcrumb\",\"itemListElement\":[{\"@type\":\"ListItem\",\"position\":1,\"name\":\"In\u00edcio\",\"item\":\"https:\/\/portaltela.pt\/\"},{\"@type\":\"ListItem\",\"position\":2,\"name\":\"Trump completa um ano de guerra e amea\u00e7as a aliados e advers\u00e1rios\"}]},{\"@type\":\"WebSite\",\"@id\":\"https:\/\/portaltela.pt\/#website\",\"url\":\"https:\/\/portaltela.pt\/\",\"name\":\"Portal Tela Portugal\",\"description\":\"\",\"potentialAction\":[{\"@type\":\"SearchAction\",\"target\":{\"@type\":\"EntryPoint\",\"urlTemplate\":\"https:\/\/portaltela.pt\/?s={search_term_string}\"},\"query-input\":{\"@type\":\"PropertyValueSpecification\",\"valueRequired\":true,\"valueName\":\"search_term_string\"}}],\"inLanguage\":\"pt-PT\"},{\"@type\":\"Person\",\"@id\":\"https:\/\/portaltela.pt\/#\/schema\/person\/c4278d4a6028830caff9ee44b42d32ed\",\"name\":\"Telinha\",\"image\":{\"@type\":\"ImageObject\",\"inLanguage\":\"pt-PT\",\"@id\":\"https:\/\/portaltela.pt\/s.01k8rhncp4jt1\/2025\/11\/talking-bot-125x125.png\",\"url\":\"https:\/\/portaltela.pt\/s.01k8rhncp4jt1\/2025\/11\/talking-bot-125x125.png\",\"contentUrl\":\"https:\/\/portaltela.pt\/s.01k8rhncp4jt1\/2025\/11\/talking-bot-125x125.png\",\"caption\":\"Telinha\"},\"sameAs\":[\"https:\/\/portaltela.pt\/\"],\"url\":\"https:\/\/portaltela.pt\/por\/367410592786\/\"}]}<\/script>\n<!-- \/ Yoast SEO plugin. -->","yoast_head_json":{"title":"Trump completa um ano de guerra e amea\u00e7as a aliados e advers\u00e1rios - Portal Tela Portugal","robots":{"index":"index","follow":"follow","max-snippet":"max-snippet:-1","max-image-preview":"max-image-preview:large","max-video-preview":"max-video-preview:-1"},"og_locale":"pt_PT","og_type":"article","og_title":"Trump completa um ano de guerra e amea\u00e7as a aliados e advers\u00e1rios - Portal Tela Portugal","og_description":"Nos primeiros anos de mandato de Trump, a tens\u00e3o com a Venezuela escalou, com a Opera\u00e7\u00e3o Resolu\u00e7\u00e3o Absoluta a 3 de janeiro, que levou \u00e0 deten\u00e7\u00e3o de Nicol\u00e1s Maduro e de C\u00edlia Flores, e os EUA passaram a controlar parte do petr\u00f3leo venezuelano, com Delcy Rodr\u00edguez na chefia interina. Na Ucr\u00e2nia, Trump procura uma paz r\u00e1pida predominantemente por quest\u00f5es comerciais, com an\u00fancios de progressos e prazos para cessar o conflito, condicionando avan\u00e7os \u00e0 ced\u00eancia territorial pelas (a Ucr\u00e2nia). Gronel\u00e2ndia e o \u00c1rtico tornam-se foco de interesses dos EUA, numa competi\u00e7\u00e3o com a China e a R\u00fassia, em busca de recursos como g\u00e1s, petr\u00f3leo e metais raros, para refor\u00e7ar influ\u00eancia na regi\u00e3o. O debate sobre a Cuba envolve a possibilidade de um controlo amig\u00e1vel do regime cubano, citando dificuldades financeiras em Cuba e impactos da crise energ\u00e9tica venezuelana. Em resumo, o ano tem sido marcado por a\u00e7\u00f5es dos EUA para afirmar influ\u00eancia regional, com foco no hemisf\u00e9rio, no \u00c1rtico e em mudan\u00e7as pol\u00edticas nos pa\u00edses vizinhos.","og_url":"https:\/\/portaltela.pt\/noticias\/2026\/02\/28\/trump-completa-um-ano-de-guerra-e-ameacas-a-aliados-e-adversarios\/","og_site_name":"Portal Tela Portugal","article_published_time":"2026-02-28T18:28:00+00:00","author":"Telinha","twitter_card":"summary_large_image","twitter_misc":{"Escrito por":"Telinha","Tempo estimado de leitura":"2 minutos"},"schema":{"@context":"https:\/\/schema.org","@graph":[{"@type":"Article","@id":"https:\/\/portaltela.pt\/noticias\/2026\/02\/28\/trump-completa-um-ano-de-guerra-e-ameacas-a-aliados-e-adversarios\/#article","isPartOf":{"@id":"https:\/\/portaltela.pt\/noticias\/2026\/02\/28\/trump-completa-um-ano-de-guerra-e-ameacas-a-aliados-e-adversarios\/"},"author":{"name":"Telinha","@id":"https:\/\/portaltela.pt\/#\/schema\/person\/c4278d4a6028830caff9ee44b42d32ed"},"headline":"Trump completa um ano de guerra e amea\u00e7as a aliados e advers\u00e1rios","datePublished":"2026-02-28T18:28:00+00:00","mainEntityOfPage":{"@id":"https:\/\/portaltela.pt\/noticias\/2026\/02\/28\/trump-completa-um-ano-de-guerra-e-ameacas-a-aliados-e-adversarios\/"},"wordCount":355,"image":{"@id":"https:\/\/portaltela.pt\/noticias\/2026\/02\/28\/trump-completa-um-ano-de-guerra-e-ameacas-a-aliados-e-adversarios\/#primaryimage"},"thumbnailUrl":"https:\/\/portaltela.pt\/s.01k8rhncp4jt1\/2026\/02\/4c311ac3-4b43-4b20-97c2-6c1926e5814e_1200x675.jpg","keywords":["Estados Unidos","Groenl\u00e2ndia","guerra","negocia\u00e7\u00f5es internacionais","Ucr\u00e2nia","Venezuela"],"articleSection":["Internacional","Not\u00edcias"],"inLanguage":"pt-PT"},{"@type":"WebPage","@id":"https:\/\/portaltela.pt\/noticias\/2026\/02\/28\/trump-completa-um-ano-de-guerra-e-ameacas-a-aliados-e-adversarios\/","url":"https:\/\/portaltela.pt\/noticias\/2026\/02\/28\/trump-completa-um-ano-de-guerra-e-ameacas-a-aliados-e-adversarios\/","name":"Trump completa um ano de guerra e amea\u00e7as a aliados e advers\u00e1rios - Portal Tela Portugal","isPartOf":{"@id":"https:\/\/portaltela.pt\/#website"},"primaryImageOfPage":{"@id":"https:\/\/portaltela.pt\/noticias\/2026\/02\/28\/trump-completa-um-ano-de-guerra-e-ameacas-a-aliados-e-adversarios\/#primaryimage"},"image":{"@id":"https:\/\/portaltela.pt\/noticias\/2026\/02\/28\/trump-completa-um-ano-de-guerra-e-ameacas-a-aliados-e-adversarios\/#primaryimage"},"thumbnailUrl":"https:\/\/portaltela.pt\/s.01k8rhncp4jt1\/2026\/02\/4c311ac3-4b43-4b20-97c2-6c1926e5814e_1200x675.jpg","datePublished":"2026-02-28T18:28:00+00:00","author":{"@id":"https:\/\/portaltela.pt\/#\/schema\/person\/c4278d4a6028830caff9ee44b42d32ed"},"breadcrumb":{"@id":"https:\/\/portaltela.pt\/noticias\/2026\/02\/28\/trump-completa-um-ano-de-guerra-e-ameacas-a-aliados-e-adversarios\/#breadcrumb"},"inLanguage":"pt-PT","potentialAction":[{"@type":"ReadAction","target":["https:\/\/portaltela.pt\/noticias\/2026\/02\/28\/trump-completa-um-ano-de-guerra-e-ameacas-a-aliados-e-adversarios\/"]}]},{"@type":"ImageObject","inLanguage":"pt-PT","@id":"https:\/\/portaltela.pt\/noticias\/2026\/02\/28\/trump-completa-um-ano-de-guerra-e-ameacas-a-aliados-e-adversarios\/#primaryimage","url":"https:\/\/portaltela.pt\/s.01k8rhncp4jt1\/2026\/02\/4c311ac3-4b43-4b20-97c2-6c1926e5814e_1200x675.jpg","contentUrl":"https:\/\/portaltela.pt\/s.01k8rhncp4jt1\/2026\/02\/4c311ac3-4b43-4b20-97c2-6c1926e5814e_1200x675.jpg","width":796,"height":448,"caption":"Nicol\u00e1s Maduro foi detido numa opera\u00e7\u00e3o militar em Caracas"},{"@type":"BreadcrumbList","@id":"https:\/\/portaltela.pt\/noticias\/2026\/02\/28\/trump-completa-um-ano-de-guerra-e-ameacas-a-aliados-e-adversarios\/#breadcrumb","itemListElement":[{"@type":"ListItem","position":1,"name":"In\u00edcio","item":"https:\/\/portaltela.pt\/"},{"@type":"ListItem","position":2,"name":"Trump completa um ano de guerra e amea\u00e7as a aliados e advers\u00e1rios"}]},{"@type":"WebSite","@id":"https:\/\/portaltela.pt\/#website","url":"https:\/\/portaltela.pt\/","name":"Portal Tela Portugal","description":"","potentialAction":[{"@type":"SearchAction","target":{"@type":"EntryPoint","urlTemplate":"https:\/\/portaltela.pt\/?s={search_term_string}"},"query-input":{"@type":"PropertyValueSpecification","valueRequired":true,"valueName":"search_term_string"}}],"inLanguage":"pt-PT"},{"@type":"Person","@id":"https:\/\/portaltela.pt\/#\/schema\/person\/c4278d4a6028830caff9ee44b42d32ed","name":"Telinha","image":{"@type":"ImageObject","inLanguage":"pt-PT","@id":"https:\/\/portaltela.pt\/s.01k8rhncp4jt1\/2025\/11\/talking-bot-125x125.png","url":"https:\/\/portaltela.pt\/s.01k8rhncp4jt1\/2025\/11\/talking-bot-125x125.png","contentUrl":"https:\/\/portaltela.pt\/s.01k8rhncp4jt1\/2025\/11\/talking-bot-125x125.png","caption":"Telinha"},"sameAs":["https:\/\/portaltela.pt\/"],"url":"https:\/\/portaltela.pt\/por\/367410592786\/"}]}},"_links":{"self":[{"href":"https:\/\/portaltela.pt\/api\/wp\/v2\/posts\/392515","targetHints":{"allow":["GET"]}}],"collection":[{"href":"https:\/\/portaltela.pt\/api\/wp\/v2\/posts"}],"about":[{"href":"https:\/\/portaltela.pt\/api\/wp\/v2\/types\/post"}],"author":[{"embeddable":true,"href":"https:\/\/portaltela.pt\/api\/wp\/v2\/users\/2"}],"replies":[{"embeddable":true,"href":"https:\/\/portaltela.pt\/api\/wp\/v2\/comments?post=392515"}],"version-history":[{"count":0,"href":"https:\/\/portaltela.pt\/api\/wp\/v2\/posts\/392515\/revisions"}],"wp:featuredmedia":[{"embeddable":true,"href":"https:\/\/portaltela.pt\/api\/wp\/v2\/media\/392527"}],"wp:attachment":[{"href":"https:\/\/portaltela.pt\/api\/wp\/v2\/media?parent=392515"}],"wp:term":[{"taxonomy":"category","embeddable":true,"href":"https:\/\/portaltela.pt\/api\/wp\/v2\/categories?post=392515"},{"taxonomy":"post_tag","embeddable":true,"href":"https:\/\/portaltela.pt\/api\/wp\/v2\/tags?post=392515"}],"curies":[{"name":"wp","href":"https:\/\/api.w.org\/{rel}","templated":true}]}}