{"id":392513,"date":"2026-02-28T15:42:21","date_gmt":"2026-02-28T18:42:21","guid":{"rendered":"https:\/\/portaltela.pt\/noticias\/2026\/02\/28\/vizela-vence-desportivo-de-chaves-e-sobe-ao-sexto-lugar-da-ii-liga\/"},"modified":"2026-02-28T15:42:21","modified_gmt":"2026-02-28T18:42:21","slug":"vizela-vence-desportivo-de-chaves-e-sobe-ao-sexto-lugar-da-ii-liga","status":"publish","type":"post","link":"https:\/\/portaltela.pt\/desporto\/futebol\/2026\/02\/28\/vizela-vence-desportivo-de-chaves-e-sobe-ao-sexto-lugar-da-ii-liga\/","title":{"rendered":"Vizela vence Desportivo de Chaves e sobe ao sexto lugar da II Liga"},"content":{"rendered":"<p>O Vizela venceu o Desportivo de Chaves por 3-2, em jogo da 24.\u00aa jornada da II Liga. A vit\u00f3ria permite aos vizelenses subir ao sexto lugar, enquanto os flavienses caem para o 12.\u00ba.<\/p>\n<p>Aos 41 minutos, o venezuelano Mat\u00edas Lacava abriu o marcador pela primeira vez pelo clube minhoto. No in\u00edcio da segunda parte, o encontro ganhou intensidade, com duas oportunidades de golo nos primeiros minutos.<\/p>\n<p>O empate surgiu aos 52 minutos, atrav\u00e9s de Aar\u00f3n Romero. Aos 67 minutos, ap\u00f3s interven\u00e7\u00e3o do video\u00e1rbitro, houve grande penalidade por falta sobre Yassin Fortun\u00e9. Na convers\u00e3o, Heinz M\u00f6rschel fez o 2-1, aos 70, apesar de o guarda-redes Vozinha ter tocado na bola.<\/p>\n<p>M\u00f6rschel voltou a aparecer aos 76 minutos, ampliando para 3-1 com um cabeceamento ap\u00f3s cruzamento de J\u00f3j\u00f3. O Chaves reduziu aos 86, por Jorge Delgado, ao aproveitar uma bola perdida na \u00e1rea. A defesa do Vizela resistiu at\u00e9 ao final, evitando o empate na \u00faltima jogada.<\/p>\n","protected":false},"excerpt":{"rendered":"<ul>\n<li>Vizela venceu o Desportivo de Chaves, por 3-2, na 24.\u00aa jornada da II Liga, subindo ao sexto lugar e com o Chaves a descer ao 12.\u00ba.<\/li>\n<li>Mat\u00edas Lacava, venezuelano do Vizela, estreou-se a marcar pelo clube aos 41 minutos.<\/li>\n<li>Aar\u00f3n Romero empatou aos 52 minutos, com um remate rasteiro \u00e0 entrada da \u00e1rea.<\/li>\n<li>Aos 67 minutos houve grande penalidade por falta sobre Yassin Fortun\u00e9; Heinz M\u00f6rschel converteu aos 70 minutos, colocando o Vizela na dianteira.<\/li>\n<li>M\u00f6rschel voltou a marcar aos 76 minutos, ap\u00f3s cruzamento pela direita, e o Chaves reduziu aos 86 minutos com Jorge Delgado. No tempo de compensa\u00e7\u00e3o, Tiago Sim\u00f5es cabeceou ao poste, mantendo a vit\u00f3ria do Vizela.<\/li>\n<\/ul>\n","protected":false},"author":2,"featured_media":392525,"comment_status":"closed","ping_status":"closed","sticky":false,"template":"","format":"standard","meta":{"footnotes":""},"categories":[21,24],"tags":[3734,152,32,1539,242,4317],"class_list":["post-392513","post","type-post","status-publish","format-standard","has-post-thumbnail","hentry","category-desporto","category-futebol","tag-chaves","tag-desporto","tag-futebol","tag-ii-liga","tag-jogadores","tag-vizela"],"yoast_head":"<!-- This site is optimized with the Yoast SEO plugin v27.2 - https:\/\/yoast.com\/product\/yoast-seo-wordpress\/ -->\n<title>Vizela vence Desportivo de Chaves e sobe ao sexto lugar da II Liga - Portal Tela Portugal<\/title>\n<meta name=\"robots\" content=\"index, follow, max-snippet:-1, max-image-preview:large, max-video-preview:-1\" \/>\n<meta property=\"og:locale\" content=\"pt_PT\" \/>\n<meta property=\"og:type\" content=\"article\" \/>\n<meta property=\"og:title\" content=\"Vizela vence Desportivo de Chaves e sobe ao sexto lugar da II Liga - Portal Tela Portugal\" \/>\n<meta property=\"og:description\" content=\"Vizela venceu o Desportivo de Chaves, por 3-2, na 24.\u00aa jornada da II Liga, subindo ao sexto lugar e com o Chaves a descer ao 12.\u00ba. Mat\u00edas Lacava, venezuelano do Vizela, estreou-se a marcar pelo clube aos 41 minutos. Aar\u00f3n Romero empatou aos 52 minutos, com um remate rasteiro \u00e0 entrada da \u00e1rea. Aos 67 minutos houve grande penalidade por falta sobre Yassin Fortun\u00e9; Heinz M\u00f6rschel converteu aos 70 minutos, colocando o Vizela na dianteira. M\u00f6rschel voltou a marcar aos 76 minutos, ap\u00f3s cruzamento pela direita, e o Chaves reduziu aos 86 minutos com Jorge Delgado. No tempo de compensa\u00e7\u00e3o, Tiago Sim\u00f5es cabeceou ao poste, mantendo a vit\u00f3ria do Vizela.\" \/>\n<meta property=\"og:url\" content=\"https:\/\/portaltela.pt\/noticias\/2026\/02\/28\/vizela-vence-desportivo-de-chaves-e-sobe-ao-sexto-lugar-da-ii-liga\/\" \/>\n<meta property=\"og:site_name\" content=\"Portal Tela Portugal\" \/>\n<meta property=\"article:published_time\" content=\"2026-02-28T18:42:21+00:00\" \/>\n<meta name=\"author\" content=\"Telinha\" \/>\n<meta name=\"twitter:card\" content=\"summary_large_image\" \/>\n<meta name=\"twitter:label1\" content=\"Escrito por\" \/>\n\t<meta name=\"twitter:data1\" content=\"Telinha\" \/>\n\t<meta name=\"twitter:label2\" content=\"Tempo estimado de leitura\" \/>\n\t<meta name=\"twitter:data2\" content=\"1 minuto\" \/>\n<script type=\"application\/ld+json\" class=\"yoast-schema-graph\">{\"@context\":\"https:\/\/schema.org\",\"@graph\":[{\"@type\":\"Article\",\"@id\":\"https:\/\/portaltela.pt\/noticias\/2026\/02\/28\/vizela-vence-desportivo-de-chaves-e-sobe-ao-sexto-lugar-da-ii-liga\/#article\",\"isPartOf\":{\"@id\":\"https:\/\/portaltela.pt\/noticias\/2026\/02\/28\/vizela-vence-desportivo-de-chaves-e-sobe-ao-sexto-lugar-da-ii-liga\/\"},\"author\":{\"name\":\"Telinha\",\"@id\":\"https:\/\/portaltela.pt\/#\/schema\/person\/c4278d4a6028830caff9ee44b42d32ed\"},\"headline\":\"Vizela vence Desportivo de Chaves e sobe ao sexto lugar da II Liga\",\"datePublished\":\"2026-02-28T18:42:21+00:00\",\"mainEntityOfPage\":{\"@id\":\"https:\/\/portaltela.pt\/noticias\/2026\/02\/28\/vizela-vence-desportivo-de-chaves-e-sobe-ao-sexto-lugar-da-ii-liga\/\"},\"wordCount\":173,\"image\":{\"@id\":\"https:\/\/portaltela.pt\/noticias\/2026\/02\/28\/vizela-vence-desportivo-de-chaves-e-sobe-ao-sexto-lugar-da-ii-liga\/#primaryimage\"},\"thumbnailUrl\":\"https:\/\/portaltela.pt\/s.01k8rhncp4jt1\/2026\/02\/img_1500x1000uu2023-02-12-09-50-17-1278001.jpg\",\"keywords\":[\"Chaves\",\"desporto\",\"futebol\",\"II Liga\",\"jogadores\",\"Vizela\"],\"articleSection\":[\"Desporto\",\"Futebol\"],\"inLanguage\":\"pt-PT\"},{\"@type\":\"WebPage\",\"@id\":\"https:\/\/portaltela.pt\/noticias\/2026\/02\/28\/vizela-vence-desportivo-de-chaves-e-sobe-ao-sexto-lugar-da-ii-liga\/\",\"url\":\"https:\/\/portaltela.pt\/noticias\/2026\/02\/28\/vizela-vence-desportivo-de-chaves-e-sobe-ao-sexto-lugar-da-ii-liga\/\",\"name\":\"Vizela vence Desportivo de Chaves e sobe ao sexto lugar da II Liga - Portal Tela Portugal\",\"isPartOf\":{\"@id\":\"https:\/\/portaltela.pt\/#website\"},\"primaryImageOfPage\":{\"@id\":\"https:\/\/portaltela.pt\/noticias\/2026\/02\/28\/vizela-vence-desportivo-de-chaves-e-sobe-ao-sexto-lugar-da-ii-liga\/#primaryimage\"},\"image\":{\"@id\":\"https:\/\/portaltela.pt\/noticias\/2026\/02\/28\/vizela-vence-desportivo-de-chaves-e-sobe-ao-sexto-lugar-da-ii-liga\/#primaryimage\"},\"thumbnailUrl\":\"https:\/\/portaltela.pt\/s.01k8rhncp4jt1\/2026\/02\/img_1500x1000uu2023-02-12-09-50-17-1278001.jpg\",\"datePublished\":\"2026-02-28T18:42:21+00:00\",\"author\":{\"@id\":\"https:\/\/portaltela.pt\/#\/schema\/person\/c4278d4a6028830caff9ee44b42d32ed\"},\"breadcrumb\":{\"@id\":\"https:\/\/portaltela.pt\/noticias\/2026\/02\/28\/vizela-vence-desportivo-de-chaves-e-sobe-ao-sexto-lugar-da-ii-liga\/#breadcrumb\"},\"inLanguage\":\"pt-PT\",\"potentialAction\":[{\"@type\":\"ReadAction\",\"target\":[\"https:\/\/portaltela.pt\/noticias\/2026\/02\/28\/vizela-vence-desportivo-de-chaves-e-sobe-ao-sexto-lugar-da-ii-liga\/\"]}]},{\"@type\":\"ImageObject\",\"inLanguage\":\"pt-PT\",\"@id\":\"https:\/\/portaltela.pt\/noticias\/2026\/02\/28\/vizela-vence-desportivo-de-chaves-e-sobe-ao-sexto-lugar-da-ii-liga\/#primaryimage\",\"url\":\"https:\/\/portaltela.pt\/s.01k8rhncp4jt1\/2026\/02\/img_1500x1000uu2023-02-12-09-50-17-1278001.jpg\",\"contentUrl\":\"https:\/\/portaltela.pt\/s.01k8rhncp4jt1\/2026\/02\/img_1500x1000uu2023-02-12-09-50-17-1278001.jpg\",\"width\":796,\"height\":448,\"caption\":\"Bola de Futebol\"},{\"@type\":\"BreadcrumbList\",\"@id\":\"https:\/\/portaltela.pt\/noticias\/2026\/02\/28\/vizela-vence-desportivo-de-chaves-e-sobe-ao-sexto-lugar-da-ii-liga\/#breadcrumb\",\"itemListElement\":[{\"@type\":\"ListItem\",\"position\":1,\"name\":\"In\u00edcio\",\"item\":\"https:\/\/portaltela.pt\/\"},{\"@type\":\"ListItem\",\"position\":2,\"name\":\"Vizela vence Desportivo de Chaves e sobe ao sexto lugar da II Liga\"}]},{\"@type\":\"WebSite\",\"@id\":\"https:\/\/portaltela.pt\/#website\",\"url\":\"https:\/\/portaltela.pt\/\",\"name\":\"Portal Tela Portugal\",\"description\":\"\",\"potentialAction\":[{\"@type\":\"SearchAction\",\"target\":{\"@type\":\"EntryPoint\",\"urlTemplate\":\"https:\/\/portaltela.pt\/?s={search_term_string}\"},\"query-input\":{\"@type\":\"PropertyValueSpecification\",\"valueRequired\":true,\"valueName\":\"search_term_string\"}}],\"inLanguage\":\"pt-PT\"},{\"@type\":\"Person\",\"@id\":\"https:\/\/portaltela.pt\/#\/schema\/person\/c4278d4a6028830caff9ee44b42d32ed\",\"name\":\"Telinha\",\"image\":{\"@type\":\"ImageObject\",\"inLanguage\":\"pt-PT\",\"@id\":\"https:\/\/portaltela.pt\/s.01k8rhncp4jt1\/2025\/11\/talking-bot-125x125.png\",\"url\":\"https:\/\/portaltela.pt\/s.01k8rhncp4jt1\/2025\/11\/talking-bot-125x125.png\",\"contentUrl\":\"https:\/\/portaltela.pt\/s.01k8rhncp4jt1\/2025\/11\/talking-bot-125x125.png\",\"caption\":\"Telinha\"},\"sameAs\":[\"https:\/\/portaltela.pt\/\"],\"url\":\"https:\/\/portaltela.pt\/por\/367410592786\/\"}]}<\/script>\n<!-- \/ Yoast SEO plugin. -->","yoast_head_json":{"title":"Vizela vence Desportivo de Chaves e sobe ao sexto lugar da II Liga - Portal Tela Portugal","robots":{"index":"index","follow":"follow","max-snippet":"max-snippet:-1","max-image-preview":"max-image-preview:large","max-video-preview":"max-video-preview:-1"},"og_locale":"pt_PT","og_type":"article","og_title":"Vizela vence Desportivo de Chaves e sobe ao sexto lugar da II Liga - Portal Tela Portugal","og_description":"Vizela venceu o Desportivo de Chaves, por 3-2, na 24.\u00aa jornada da II Liga, subindo ao sexto lugar e com o Chaves a descer ao 12.\u00ba. Mat\u00edas Lacava, venezuelano do Vizela, estreou-se a marcar pelo clube aos 41 minutos. Aar\u00f3n Romero empatou aos 52 minutos, com um remate rasteiro \u00e0 entrada da \u00e1rea. Aos 67 minutos houve grande penalidade por falta sobre Yassin Fortun\u00e9; Heinz M\u00f6rschel converteu aos 70 minutos, colocando o Vizela na dianteira. M\u00f6rschel voltou a marcar aos 76 minutos, ap\u00f3s cruzamento pela direita, e o Chaves reduziu aos 86 minutos com Jorge Delgado. No tempo de compensa\u00e7\u00e3o, Tiago Sim\u00f5es cabeceou ao poste, mantendo a vit\u00f3ria do Vizela.","og_url":"https:\/\/portaltela.pt\/noticias\/2026\/02\/28\/vizela-vence-desportivo-de-chaves-e-sobe-ao-sexto-lugar-da-ii-liga\/","og_site_name":"Portal Tela Portugal","article_published_time":"2026-02-28T18:42:21+00:00","author":"Telinha","twitter_card":"summary_large_image","twitter_misc":{"Escrito por":"Telinha","Tempo estimado de leitura":"1 minuto"},"schema":{"@context":"https:\/\/schema.org","@graph":[{"@type":"Article","@id":"https:\/\/portaltela.pt\/noticias\/2026\/02\/28\/vizela-vence-desportivo-de-chaves-e-sobe-ao-sexto-lugar-da-ii-liga\/#article","isPartOf":{"@id":"https:\/\/portaltela.pt\/noticias\/2026\/02\/28\/vizela-vence-desportivo-de-chaves-e-sobe-ao-sexto-lugar-da-ii-liga\/"},"author":{"name":"Telinha","@id":"https:\/\/portaltela.pt\/#\/schema\/person\/c4278d4a6028830caff9ee44b42d32ed"},"headline":"Vizela vence Desportivo de Chaves e sobe ao sexto lugar da II Liga","datePublished":"2026-02-28T18:42:21+00:00","mainEntityOfPage":{"@id":"https:\/\/portaltela.pt\/noticias\/2026\/02\/28\/vizela-vence-desportivo-de-chaves-e-sobe-ao-sexto-lugar-da-ii-liga\/"},"wordCount":173,"image":{"@id":"https:\/\/portaltela.pt\/noticias\/2026\/02\/28\/vizela-vence-desportivo-de-chaves-e-sobe-ao-sexto-lugar-da-ii-liga\/#primaryimage"},"thumbnailUrl":"https:\/\/portaltela.pt\/s.01k8rhncp4jt1\/2026\/02\/img_1500x1000uu2023-02-12-09-50-17-1278001.jpg","keywords":["Chaves","desporto","futebol","II Liga","jogadores","Vizela"],"articleSection":["Desporto","Futebol"],"inLanguage":"pt-PT"},{"@type":"WebPage","@id":"https:\/\/portaltela.pt\/noticias\/2026\/02\/28\/vizela-vence-desportivo-de-chaves-e-sobe-ao-sexto-lugar-da-ii-liga\/","url":"https:\/\/portaltela.pt\/noticias\/2026\/02\/28\/vizela-vence-desportivo-de-chaves-e-sobe-ao-sexto-lugar-da-ii-liga\/","name":"Vizela vence Desportivo de Chaves e sobe ao sexto lugar da II Liga - Portal Tela Portugal","isPartOf":{"@id":"https:\/\/portaltela.pt\/#website"},"primaryImageOfPage":{"@id":"https:\/\/portaltela.pt\/noticias\/2026\/02\/28\/vizela-vence-desportivo-de-chaves-e-sobe-ao-sexto-lugar-da-ii-liga\/#primaryimage"},"image":{"@id":"https:\/\/portaltela.pt\/noticias\/2026\/02\/28\/vizela-vence-desportivo-de-chaves-e-sobe-ao-sexto-lugar-da-ii-liga\/#primaryimage"},"thumbnailUrl":"https:\/\/portaltela.pt\/s.01k8rhncp4jt1\/2026\/02\/img_1500x1000uu2023-02-12-09-50-17-1278001.jpg","datePublished":"2026-02-28T18:42:21+00:00","author":{"@id":"https:\/\/portaltela.pt\/#\/schema\/person\/c4278d4a6028830caff9ee44b42d32ed"},"breadcrumb":{"@id":"https:\/\/portaltela.pt\/noticias\/2026\/02\/28\/vizela-vence-desportivo-de-chaves-e-sobe-ao-sexto-lugar-da-ii-liga\/#breadcrumb"},"inLanguage":"pt-PT","potentialAction":[{"@type":"ReadAction","target":["https:\/\/portaltela.pt\/noticias\/2026\/02\/28\/vizela-vence-desportivo-de-chaves-e-sobe-ao-sexto-lugar-da-ii-liga\/"]}]},{"@type":"ImageObject","inLanguage":"pt-PT","@id":"https:\/\/portaltela.pt\/noticias\/2026\/02\/28\/vizela-vence-desportivo-de-chaves-e-sobe-ao-sexto-lugar-da-ii-liga\/#primaryimage","url":"https:\/\/portaltela.pt\/s.01k8rhncp4jt1\/2026\/02\/img_1500x1000uu2023-02-12-09-50-17-1278001.jpg","contentUrl":"https:\/\/portaltela.pt\/s.01k8rhncp4jt1\/2026\/02\/img_1500x1000uu2023-02-12-09-50-17-1278001.jpg","width":796,"height":448,"caption":"Bola de Futebol"},{"@type":"BreadcrumbList","@id":"https:\/\/portaltela.pt\/noticias\/2026\/02\/28\/vizela-vence-desportivo-de-chaves-e-sobe-ao-sexto-lugar-da-ii-liga\/#breadcrumb","itemListElement":[{"@type":"ListItem","position":1,"name":"In\u00edcio","item":"https:\/\/portaltela.pt\/"},{"@type":"ListItem","position":2,"name":"Vizela vence Desportivo de Chaves e sobe ao sexto lugar da II Liga"}]},{"@type":"WebSite","@id":"https:\/\/portaltela.pt\/#website","url":"https:\/\/portaltela.pt\/","name":"Portal Tela Portugal","description":"","potentialAction":[{"@type":"SearchAction","target":{"@type":"EntryPoint","urlTemplate":"https:\/\/portaltela.pt\/?s={search_term_string}"},"query-input":{"@type":"PropertyValueSpecification","valueRequired":true,"valueName":"search_term_string"}}],"inLanguage":"pt-PT"},{"@type":"Person","@id":"https:\/\/portaltela.pt\/#\/schema\/person\/c4278d4a6028830caff9ee44b42d32ed","name":"Telinha","image":{"@type":"ImageObject","inLanguage":"pt-PT","@id":"https:\/\/portaltela.pt\/s.01k8rhncp4jt1\/2025\/11\/talking-bot-125x125.png","url":"https:\/\/portaltela.pt\/s.01k8rhncp4jt1\/2025\/11\/talking-bot-125x125.png","contentUrl":"https:\/\/portaltela.pt\/s.01k8rhncp4jt1\/2025\/11\/talking-bot-125x125.png","caption":"Telinha"},"sameAs":["https:\/\/portaltela.pt\/"],"url":"https:\/\/portaltela.pt\/por\/367410592786\/"}]}},"_links":{"self":[{"href":"https:\/\/portaltela.pt\/api\/wp\/v2\/posts\/392513","targetHints":{"allow":["GET"]}}],"collection":[{"href":"https:\/\/portaltela.pt\/api\/wp\/v2\/posts"}],"about":[{"href":"https:\/\/portaltela.pt\/api\/wp\/v2\/types\/post"}],"author":[{"embeddable":true,"href":"https:\/\/portaltela.pt\/api\/wp\/v2\/users\/2"}],"replies":[{"embeddable":true,"href":"https:\/\/portaltela.pt\/api\/wp\/v2\/comments?post=392513"}],"version-history":[{"count":0,"href":"https:\/\/portaltela.pt\/api\/wp\/v2\/posts\/392513\/revisions"}],"wp:featuredmedia":[{"embeddable":true,"href":"https:\/\/portaltela.pt\/api\/wp\/v2\/media\/392525"}],"wp:attachment":[{"href":"https:\/\/portaltela.pt\/api\/wp\/v2\/media?parent=392513"}],"wp:term":[{"taxonomy":"category","embeddable":true,"href":"https:\/\/portaltela.pt\/api\/wp\/v2\/categories?post=392513"},{"taxonomy":"post_tag","embeddable":true,"href":"https:\/\/portaltela.pt\/api\/wp\/v2\/tags?post=392513"}],"curies":[{"name":"wp","href":"https:\/\/api.w.org\/{rel}","templated":true}]}}