{"id":392483,"date":"2026-02-28T14:49:53","date_gmt":"2026-02-28T17:49:53","guid":{"rendered":"https:\/\/portaltela.pt\/noticias\/2026\/02\/28\/lider-do-be-afirma-que-montenegro-nao-derrubara-a-ministra-dos-patroes\/"},"modified":"2026-02-28T14:49:53","modified_gmt":"2026-02-28T17:49:53","slug":"lider-do-be-afirma-que-montenegro-nao-derrubara-a-ministra-dos-patroes","status":"publish","type":"post","link":"https:\/\/portaltela.pt\/noticias\/politica\/2026\/02\/28\/lider-do-be-afirma-que-montenegro-nao-derrubara-a-ministra-dos-patroes\/","title":{"rendered":"L\u00edder do BE afirma que Montenegro n\u00e3o derrubar\u00e1 a ministra dos patr\u00f5es"},"content":{"rendered":"<p>O Bloco de Esquerda (BE) afirmou que o primeiro-ministro n\u00e3o afastar\u00e1 a ministra dos Assuntos Laborais, em meio a cr\u00edticas ao anteprojeto laboral do Governo PSD\/CDS-PP. A declara\u00e7\u00e3o foi feita por Jos\u00e9 Manuel Pureza, durante um almo\u00e7o em Lisboa que marcou o 27\u00ba anivers\u00e1rio do BE, fundado em 1999. O evento decorreu numa altura de manifesta\u00e7\u00f5es contra a proposta.<\/p>\n<p>Pureza destacou a \u201curg\u00eancia de mudar o mundo\u201d que define a g\u00e9nese do partido e que motiva a oposi\u00e7\u00e3o ao anteprojeto laboral. O l\u00edder bloquista enfatizou a necessidade de manter a unidade entre trabalhadores e sindicatos para enfrentar o que descreveu como extremismo e autoritarismo na pasta do Trabalho. Assinalou ainda que isolar a ministra n\u00e3o basta, lembrando que o Governo \u00e9 visto como \u00fatil aos interesses dos patr\u00f5es.<\/p>\n<p>Relativamente ao historial do BE, Pureza enalteceu as causas fundadoras, como a defesa dos direitos das mulheres e a luta contra as altera\u00e7\u00f5es clim\u00e1ticas. Referiu que a forma\u00e7\u00e3o manteve a \u201cgenica\u201d de Francisco Lou\u00e7\u00e3, Lu\u00eds Fazenda, Fernando Rosas e Miguel Portas, destacando que as causas antifascistas permanecem centrais na atua\u00e7\u00e3o do partido, que \u00e9 apresentado como advers\u00e1rio dos \u201cchefes da direita\u201d e dos interesses empresariais.<\/p>\n<h3>Alerta sobre alian\u00e7as entre direita e extremismo<\/h3>\n<p>Fernando Rosas subiu ao p\u00falpito com alertas sobre uma alian\u00e7a entre a direita e uma corrente extremista. O antigo l\u00edder bloquista afirmou que essa converg\u00eancia j\u00e1 \u00e9 quantitativamente significativa na Assembleia da Rep\u00fablica e apontou para o uso de manipula\u00e7\u00e3o algor\u00edtmica e de desinforma\u00e7\u00e3o nas redes sociais como ferramenta central. A plateia incluiu figuras hist\u00f3ricas do BE, como Mariana Mort\u00e1gua, Catarina Martins, Francisco Lou\u00e7\u00e3, Lu\u00eds Fazenda, Fabian Figueiredo e Marisa Matias.<\/p>\n<p>Rosas descreveu o projeto em curso como uma transforma\u00e7\u00e3o do descontentamento com a crise do capitalismo em for\u00e7a pol\u00edtica, alegadamente impulsionada pela despolitiza\u00e7\u00e3o e pela iliteracia. Avisou que o BE enfrenta um momento considerado \u201cmais dif\u00edcil da sua curta hist\u00f3ria\u201d e pediu organiza\u00e7\u00e3o em empresas, sindicatos, comiss\u00f5es de trabalhadores, escolas e bairros, incentivando o recrutamento e a forma\u00e7\u00e3o de novos militantes.<\/p>\n<h3>Contexto e ra\u00edzes do BE<\/h3>\n<p>O BE nasceu em 1999 pela uni\u00e3o de tr\u00eas for\u00e7as: o PSR, a UDP e a Pol\u00edtica XXI. A lideran\u00e7a recordou ainda a necessidade de preparar o partido para lutas dif\u00edceis, incluindo enfrentamentos pol\u00edticos e poss\u00edveis ataques para \u201ccancelamento\u201d da posi\u00e7\u00e3o p\u00fablica do BE, sem no entanto abrir espa\u00e7o para avalia\u00e7\u00f5es ou conclus\u00f5es.<\/p>\n","protected":false},"excerpt":{"rendered":"<ul>\n<li>O l\u00edder do Bloco de Esquerda, Jos\u00e9 Manuel Pureza, afirmou num almo\u00e7o em Lisboa que o primeiro-ministro n\u00e3o vai deixar cair a ministra dos patr\u00f5es porque este \u00e9 um Governo dos patr\u00f5es.<\/li>\n<li>O encontro marcou o 27.\u00ba anivers\u00e1rio do BE, com Fernando Rosas a alertar para uma alian\u00e7a entre a direita e a extrema-direita fascizante.<\/li>\n<li>Pureza disse haver urg\u00eancia de mudar o mundo, motiva\u00e7\u00e3o que, segundo ele, apresenta os bloquistas contra o anteprojeto laboral do Governo PSD\/CDS-PP, e destacou a import\u00e2ncia da unidade de trabalhadores e sindicatos.<\/li>\n<li>O coordenador criticou Montenegro e a reforma dos patr\u00f5es, afirmando que isolar a ministra n\u00e3o basta porque o Governo \u00e9 dos patr\u00f5es.<\/li>\n<li>Rosas avisou sobre uma alian\u00e7a entre direita e extrema-direita, enfatizando o risco da manipula\u00e7\u00e3o algor\u00edtmica das redes sociais e pediu aos bloquistas que recriem estruturas e recrutem novos militantes, preparando-se para lutas futuras.<\/li>\n<\/ul>\n","protected":false},"author":2,"featured_media":392487,"comment_status":"closed","ping_status":"closed","sticky":false,"template":"","format":"standard","meta":{"footnotes":""},"categories":[1,5],"tags":[3371,2578,3446,34,2811,2832],"class_list":["post-392483","post","type-post","status-publish","format-standard","has-post-thumbnail","hentry","category-noticias","category-politica","tag-bloco-de-esquerda","tag-catarina-martins","tag-extremismo","tag-governo","tag-marisa-matias","tag-politica"],"yoast_head":"<!-- This site is optimized with the Yoast SEO plugin v27.2 - https:\/\/yoast.com\/product\/yoast-seo-wordpress\/ -->\n<title>L\u00edder do BE afirma que Montenegro n\u00e3o derrubar\u00e1 a ministra dos patr\u00f5es - Portal Tela Portugal<\/title>\n<meta name=\"robots\" content=\"index, follow, max-snippet:-1, max-image-preview:large, max-video-preview:-1\" \/>\n<meta property=\"og:locale\" content=\"pt_PT\" \/>\n<meta property=\"og:type\" content=\"article\" \/>\n<meta property=\"og:title\" content=\"L\u00edder do BE afirma que Montenegro n\u00e3o derrubar\u00e1 a ministra dos patr\u00f5es - Portal Tela Portugal\" \/>\n<meta property=\"og:description\" content=\"O l\u00edder do Bloco de Esquerda, Jos\u00e9 Manuel Pureza, afirmou num almo\u00e7o em Lisboa que o primeiro-ministro n\u00e3o vai deixar cair a ministra dos patr\u00f5es porque este \u00e9 um Governo dos patr\u00f5es. O encontro marcou o 27.\u00ba anivers\u00e1rio do BE, com Fernando Rosas a alertar para uma alian\u00e7a entre a direita e a extrema-direita fascizante. Pureza disse haver urg\u00eancia de mudar o mundo, motiva\u00e7\u00e3o que, segundo ele, apresenta os bloquistas contra o anteprojeto laboral do Governo PSD\/CDS-PP, e destacou a import\u00e2ncia da unidade de trabalhadores e sindicatos. O coordenador criticou Montenegro e a reforma dos patr\u00f5es, afirmando que isolar a ministra n\u00e3o basta porque o Governo \u00e9 dos patr\u00f5es. Rosas avisou sobre uma alian\u00e7a entre direita e extrema-direita, enfatizando o risco da manipula\u00e7\u00e3o algor\u00edtmica das redes sociais e pediu aos bloquistas que recriem estruturas e recrutem novos militantes, preparando-se para lutas futuras.\" \/>\n<meta property=\"og:url\" content=\"https:\/\/portaltela.pt\/noticias\/2026\/02\/28\/lider-do-be-afirma-que-montenegro-nao-derrubara-a-ministra-dos-patroes\/\" \/>\n<meta property=\"og:site_name\" content=\"Portal Tela Portugal\" \/>\n<meta property=\"article:published_time\" content=\"2026-02-28T17:49:53+00:00\" \/>\n<meta name=\"author\" content=\"Telinha\" \/>\n<meta name=\"twitter:card\" content=\"summary_large_image\" \/>\n<meta name=\"twitter:label1\" content=\"Escrito por\" \/>\n\t<meta name=\"twitter:data1\" content=\"Telinha\" \/>\n\t<meta name=\"twitter:label2\" content=\"Tempo estimado de leitura\" \/>\n\t<meta name=\"twitter:data2\" content=\"2 minutos\" \/>\n<script type=\"application\/ld+json\" class=\"yoast-schema-graph\">{\"@context\":\"https:\/\/schema.org\",\"@graph\":[{\"@type\":\"Article\",\"@id\":\"https:\/\/portaltela.pt\/noticias\/2026\/02\/28\/lider-do-be-afirma-que-montenegro-nao-derrubara-a-ministra-dos-patroes\/#article\",\"isPartOf\":{\"@id\":\"https:\/\/portaltela.pt\/noticias\/2026\/02\/28\/lider-do-be-afirma-que-montenegro-nao-derrubara-a-ministra-dos-patroes\/\"},\"author\":{\"name\":\"Telinha\",\"@id\":\"https:\/\/portaltela.pt\/#\/schema\/person\/c4278d4a6028830caff9ee44b42d32ed\"},\"headline\":\"L\u00edder do BE afirma que Montenegro n\u00e3o derrubar\u00e1 a ministra dos patr\u00f5es\",\"datePublished\":\"2026-02-28T17:49:53+00:00\",\"mainEntityOfPage\":{\"@id\":\"https:\/\/portaltela.pt\/noticias\/2026\/02\/28\/lider-do-be-afirma-que-montenegro-nao-derrubara-a-ministra-dos-patroes\/\"},\"wordCount\":453,\"image\":{\"@id\":\"https:\/\/portaltela.pt\/noticias\/2026\/02\/28\/lider-do-be-afirma-que-montenegro-nao-derrubara-a-ministra-dos-patroes\/#primaryimage\"},\"thumbnailUrl\":\"https:\/\/portaltela.pt\/s.01k8rhncp4jt1\/2026\/02\/img_1500x1000uu2026-02-28-17-49-01-2269603.jpg\",\"keywords\":[\"Bloco de Esquerda\",\"Catarina Martins\",\"extremismo\",\"governo\",\"Marisa Matias\",\"pol\u00edtica\"],\"articleSection\":[\"Not\u00edcias\",\"Pol\u00edtica\"],\"inLanguage\":\"pt-PT\"},{\"@type\":\"WebPage\",\"@id\":\"https:\/\/portaltela.pt\/noticias\/2026\/02\/28\/lider-do-be-afirma-que-montenegro-nao-derrubara-a-ministra-dos-patroes\/\",\"url\":\"https:\/\/portaltela.pt\/noticias\/2026\/02\/28\/lider-do-be-afirma-que-montenegro-nao-derrubara-a-ministra-dos-patroes\/\",\"name\":\"L\u00edder do BE afirma que Montenegro n\u00e3o derrubar\u00e1 a ministra dos patr\u00f5es - Portal Tela Portugal\",\"isPartOf\":{\"@id\":\"https:\/\/portaltela.pt\/#website\"},\"primaryImageOfPage\":{\"@id\":\"https:\/\/portaltela.pt\/noticias\/2026\/02\/28\/lider-do-be-afirma-que-montenegro-nao-derrubara-a-ministra-dos-patroes\/#primaryimage\"},\"image\":{\"@id\":\"https:\/\/portaltela.pt\/noticias\/2026\/02\/28\/lider-do-be-afirma-que-montenegro-nao-derrubara-a-ministra-dos-patroes\/#primaryimage\"},\"thumbnailUrl\":\"https:\/\/portaltela.pt\/s.01k8rhncp4jt1\/2026\/02\/img_1500x1000uu2026-02-28-17-49-01-2269603.jpg\",\"datePublished\":\"2026-02-28T17:49:53+00:00\",\"author\":{\"@id\":\"https:\/\/portaltela.pt\/#\/schema\/person\/c4278d4a6028830caff9ee44b42d32ed\"},\"breadcrumb\":{\"@id\":\"https:\/\/portaltela.pt\/noticias\/2026\/02\/28\/lider-do-be-afirma-que-montenegro-nao-derrubara-a-ministra-dos-patroes\/#breadcrumb\"},\"inLanguage\":\"pt-PT\",\"potentialAction\":[{\"@type\":\"ReadAction\",\"target\":[\"https:\/\/portaltela.pt\/noticias\/2026\/02\/28\/lider-do-be-afirma-que-montenegro-nao-derrubara-a-ministra-dos-patroes\/\"]}]},{\"@type\":\"ImageObject\",\"inLanguage\":\"pt-PT\",\"@id\":\"https:\/\/portaltela.pt\/noticias\/2026\/02\/28\/lider-do-be-afirma-que-montenegro-nao-derrubara-a-ministra-dos-patroes\/#primaryimage\",\"url\":\"https:\/\/portaltela.pt\/s.01k8rhncp4jt1\/2026\/02\/img_1500x1000uu2026-02-28-17-49-01-2269603.jpg\",\"contentUrl\":\"https:\/\/portaltela.pt\/s.01k8rhncp4jt1\/2026\/02\/img_1500x1000uu2026-02-28-17-49-01-2269603.jpg\",\"width\":796,\"height\":448,\"caption\":\"L\u00edder do Bloco de Esquerda, Jos\u00e9 Manuel Pureza\"},{\"@type\":\"BreadcrumbList\",\"@id\":\"https:\/\/portaltela.pt\/noticias\/2026\/02\/28\/lider-do-be-afirma-que-montenegro-nao-derrubara-a-ministra-dos-patroes\/#breadcrumb\",\"itemListElement\":[{\"@type\":\"ListItem\",\"position\":1,\"name\":\"In\u00edcio\",\"item\":\"https:\/\/portaltela.pt\/\"},{\"@type\":\"ListItem\",\"position\":2,\"name\":\"L\u00edder do BE afirma que Montenegro n\u00e3o derrubar\u00e1 a ministra dos patr\u00f5es\"}]},{\"@type\":\"WebSite\",\"@id\":\"https:\/\/portaltela.pt\/#website\",\"url\":\"https:\/\/portaltela.pt\/\",\"name\":\"Portal Tela Portugal\",\"description\":\"\",\"potentialAction\":[{\"@type\":\"SearchAction\",\"target\":{\"@type\":\"EntryPoint\",\"urlTemplate\":\"https:\/\/portaltela.pt\/?s={search_term_string}\"},\"query-input\":{\"@type\":\"PropertyValueSpecification\",\"valueRequired\":true,\"valueName\":\"search_term_string\"}}],\"inLanguage\":\"pt-PT\"},{\"@type\":\"Person\",\"@id\":\"https:\/\/portaltela.pt\/#\/schema\/person\/c4278d4a6028830caff9ee44b42d32ed\",\"name\":\"Telinha\",\"image\":{\"@type\":\"ImageObject\",\"inLanguage\":\"pt-PT\",\"@id\":\"https:\/\/portaltela.pt\/s.01k8rhncp4jt1\/2025\/11\/talking-bot-125x125.png\",\"url\":\"https:\/\/portaltela.pt\/s.01k8rhncp4jt1\/2025\/11\/talking-bot-125x125.png\",\"contentUrl\":\"https:\/\/portaltela.pt\/s.01k8rhncp4jt1\/2025\/11\/talking-bot-125x125.png\",\"caption\":\"Telinha\"},\"sameAs\":[\"https:\/\/portaltela.pt\/\"],\"url\":\"https:\/\/portaltela.pt\/por\/367410592786\/\"}]}<\/script>\n<!-- \/ Yoast SEO plugin. -->","yoast_head_json":{"title":"L\u00edder do BE afirma que Montenegro n\u00e3o derrubar\u00e1 a ministra dos patr\u00f5es - Portal Tela Portugal","robots":{"index":"index","follow":"follow","max-snippet":"max-snippet:-1","max-image-preview":"max-image-preview:large","max-video-preview":"max-video-preview:-1"},"og_locale":"pt_PT","og_type":"article","og_title":"L\u00edder do BE afirma que Montenegro n\u00e3o derrubar\u00e1 a ministra dos patr\u00f5es - Portal Tela Portugal","og_description":"O l\u00edder do Bloco de Esquerda, Jos\u00e9 Manuel Pureza, afirmou num almo\u00e7o em Lisboa que o primeiro-ministro n\u00e3o vai deixar cair a ministra dos patr\u00f5es porque este \u00e9 um Governo dos patr\u00f5es. O encontro marcou o 27.\u00ba anivers\u00e1rio do BE, com Fernando Rosas a alertar para uma alian\u00e7a entre a direita e a extrema-direita fascizante. Pureza disse haver urg\u00eancia de mudar o mundo, motiva\u00e7\u00e3o que, segundo ele, apresenta os bloquistas contra o anteprojeto laboral do Governo PSD\/CDS-PP, e destacou a import\u00e2ncia da unidade de trabalhadores e sindicatos. O coordenador criticou Montenegro e a reforma dos patr\u00f5es, afirmando que isolar a ministra n\u00e3o basta porque o Governo \u00e9 dos patr\u00f5es. Rosas avisou sobre uma alian\u00e7a entre direita e extrema-direita, enfatizando o risco da manipula\u00e7\u00e3o algor\u00edtmica das redes sociais e pediu aos bloquistas que recriem estruturas e recrutem novos militantes, preparando-se para lutas futuras.","og_url":"https:\/\/portaltela.pt\/noticias\/2026\/02\/28\/lider-do-be-afirma-que-montenegro-nao-derrubara-a-ministra-dos-patroes\/","og_site_name":"Portal Tela Portugal","article_published_time":"2026-02-28T17:49:53+00:00","author":"Telinha","twitter_card":"summary_large_image","twitter_misc":{"Escrito por":"Telinha","Tempo estimado de leitura":"2 minutos"},"schema":{"@context":"https:\/\/schema.org","@graph":[{"@type":"Article","@id":"https:\/\/portaltela.pt\/noticias\/2026\/02\/28\/lider-do-be-afirma-que-montenegro-nao-derrubara-a-ministra-dos-patroes\/#article","isPartOf":{"@id":"https:\/\/portaltela.pt\/noticias\/2026\/02\/28\/lider-do-be-afirma-que-montenegro-nao-derrubara-a-ministra-dos-patroes\/"},"author":{"name":"Telinha","@id":"https:\/\/portaltela.pt\/#\/schema\/person\/c4278d4a6028830caff9ee44b42d32ed"},"headline":"L\u00edder do BE afirma que Montenegro n\u00e3o derrubar\u00e1 a ministra dos patr\u00f5es","datePublished":"2026-02-28T17:49:53+00:00","mainEntityOfPage":{"@id":"https:\/\/portaltela.pt\/noticias\/2026\/02\/28\/lider-do-be-afirma-que-montenegro-nao-derrubara-a-ministra-dos-patroes\/"},"wordCount":453,"image":{"@id":"https:\/\/portaltela.pt\/noticias\/2026\/02\/28\/lider-do-be-afirma-que-montenegro-nao-derrubara-a-ministra-dos-patroes\/#primaryimage"},"thumbnailUrl":"https:\/\/portaltela.pt\/s.01k8rhncp4jt1\/2026\/02\/img_1500x1000uu2026-02-28-17-49-01-2269603.jpg","keywords":["Bloco de Esquerda","Catarina Martins","extremismo","governo","Marisa Matias","pol\u00edtica"],"articleSection":["Not\u00edcias","Pol\u00edtica"],"inLanguage":"pt-PT"},{"@type":"WebPage","@id":"https:\/\/portaltela.pt\/noticias\/2026\/02\/28\/lider-do-be-afirma-que-montenegro-nao-derrubara-a-ministra-dos-patroes\/","url":"https:\/\/portaltela.pt\/noticias\/2026\/02\/28\/lider-do-be-afirma-que-montenegro-nao-derrubara-a-ministra-dos-patroes\/","name":"L\u00edder do BE afirma que Montenegro n\u00e3o derrubar\u00e1 a ministra dos patr\u00f5es - Portal Tela Portugal","isPartOf":{"@id":"https:\/\/portaltela.pt\/#website"},"primaryImageOfPage":{"@id":"https:\/\/portaltela.pt\/noticias\/2026\/02\/28\/lider-do-be-afirma-que-montenegro-nao-derrubara-a-ministra-dos-patroes\/#primaryimage"},"image":{"@id":"https:\/\/portaltela.pt\/noticias\/2026\/02\/28\/lider-do-be-afirma-que-montenegro-nao-derrubara-a-ministra-dos-patroes\/#primaryimage"},"thumbnailUrl":"https:\/\/portaltela.pt\/s.01k8rhncp4jt1\/2026\/02\/img_1500x1000uu2026-02-28-17-49-01-2269603.jpg","datePublished":"2026-02-28T17:49:53+00:00","author":{"@id":"https:\/\/portaltela.pt\/#\/schema\/person\/c4278d4a6028830caff9ee44b42d32ed"},"breadcrumb":{"@id":"https:\/\/portaltela.pt\/noticias\/2026\/02\/28\/lider-do-be-afirma-que-montenegro-nao-derrubara-a-ministra-dos-patroes\/#breadcrumb"},"inLanguage":"pt-PT","potentialAction":[{"@type":"ReadAction","target":["https:\/\/portaltela.pt\/noticias\/2026\/02\/28\/lider-do-be-afirma-que-montenegro-nao-derrubara-a-ministra-dos-patroes\/"]}]},{"@type":"ImageObject","inLanguage":"pt-PT","@id":"https:\/\/portaltela.pt\/noticias\/2026\/02\/28\/lider-do-be-afirma-que-montenegro-nao-derrubara-a-ministra-dos-patroes\/#primaryimage","url":"https:\/\/portaltela.pt\/s.01k8rhncp4jt1\/2026\/02\/img_1500x1000uu2026-02-28-17-49-01-2269603.jpg","contentUrl":"https:\/\/portaltela.pt\/s.01k8rhncp4jt1\/2026\/02\/img_1500x1000uu2026-02-28-17-49-01-2269603.jpg","width":796,"height":448,"caption":"L\u00edder do Bloco de Esquerda, Jos\u00e9 Manuel Pureza"},{"@type":"BreadcrumbList","@id":"https:\/\/portaltela.pt\/noticias\/2026\/02\/28\/lider-do-be-afirma-que-montenegro-nao-derrubara-a-ministra-dos-patroes\/#breadcrumb","itemListElement":[{"@type":"ListItem","position":1,"name":"In\u00edcio","item":"https:\/\/portaltela.pt\/"},{"@type":"ListItem","position":2,"name":"L\u00edder do BE afirma que Montenegro n\u00e3o derrubar\u00e1 a ministra dos patr\u00f5es"}]},{"@type":"WebSite","@id":"https:\/\/portaltela.pt\/#website","url":"https:\/\/portaltela.pt\/","name":"Portal Tela Portugal","description":"","potentialAction":[{"@type":"SearchAction","target":{"@type":"EntryPoint","urlTemplate":"https:\/\/portaltela.pt\/?s={search_term_string}"},"query-input":{"@type":"PropertyValueSpecification","valueRequired":true,"valueName":"search_term_string"}}],"inLanguage":"pt-PT"},{"@type":"Person","@id":"https:\/\/portaltela.pt\/#\/schema\/person\/c4278d4a6028830caff9ee44b42d32ed","name":"Telinha","image":{"@type":"ImageObject","inLanguage":"pt-PT","@id":"https:\/\/portaltela.pt\/s.01k8rhncp4jt1\/2025\/11\/talking-bot-125x125.png","url":"https:\/\/portaltela.pt\/s.01k8rhncp4jt1\/2025\/11\/talking-bot-125x125.png","contentUrl":"https:\/\/portaltela.pt\/s.01k8rhncp4jt1\/2025\/11\/talking-bot-125x125.png","caption":"Telinha"},"sameAs":["https:\/\/portaltela.pt\/"],"url":"https:\/\/portaltela.pt\/por\/367410592786\/"}]}},"_links":{"self":[{"href":"https:\/\/portaltela.pt\/api\/wp\/v2\/posts\/392483","targetHints":{"allow":["GET"]}}],"collection":[{"href":"https:\/\/portaltela.pt\/api\/wp\/v2\/posts"}],"about":[{"href":"https:\/\/portaltela.pt\/api\/wp\/v2\/types\/post"}],"author":[{"embeddable":true,"href":"https:\/\/portaltela.pt\/api\/wp\/v2\/users\/2"}],"replies":[{"embeddable":true,"href":"https:\/\/portaltela.pt\/api\/wp\/v2\/comments?post=392483"}],"version-history":[{"count":0,"href":"https:\/\/portaltela.pt\/api\/wp\/v2\/posts\/392483\/revisions"}],"wp:featuredmedia":[{"embeddable":true,"href":"https:\/\/portaltela.pt\/api\/wp\/v2\/media\/392487"}],"wp:attachment":[{"href":"https:\/\/portaltela.pt\/api\/wp\/v2\/media?parent=392483"}],"wp:term":[{"taxonomy":"category","embeddable":true,"href":"https:\/\/portaltela.pt\/api\/wp\/v2\/categories?post=392483"},{"taxonomy":"post_tag","embeddable":true,"href":"https:\/\/portaltela.pt\/api\/wp\/v2\/tags?post=392483"}],"curies":[{"name":"wp","href":"https:\/\/api.w.org\/{rel}","templated":true}]}}