{"id":392457,"date":"2026-02-28T14:38:00","date_gmt":"2026-02-28T17:38:00","guid":{"rendered":"https:\/\/portaltela.pt\/noticias\/2026\/02\/28\/montenegro-condena-ataques-iranianos-a-vizinhos-e-apela-a-contencao-maxima\/"},"modified":"2026-02-28T14:38:00","modified_gmt":"2026-02-28T17:38:00","slug":"montenegro-condena-ataques-iranianos-a-vizinhos-e-apela-a-contencao-maxima","status":"publish","type":"post","link":"https:\/\/portaltela.pt\/noticias\/2026\/02\/28\/montenegro-condena-ataques-iranianos-a-vizinhos-e-apela-a-contencao-maxima\/","title":{"rendered":"Montenegro condena ataques iranianos a vizinhos e apela \u00e0 conten\u00e7\u00e3o m\u00e1xima"},"content":{"rendered":"<p>O primeiro-ministro de Portugal, Lu\u00eds Montenegro, apelou este s\u00e1bado \u00e0 m\u00e1xima conten\u00e7\u00e3o para evitar uma escalada no M\u00e9dio Oriente, ap\u00f3s as \u00faltimas opera\u00e7\u00f5es militares conduzidas pelos EUA e Israel. O chefe do executivo condenou os ataques alegadamente efetuados pelo Ir\u00e3o a pa\u00edses vizinhos.<\/p>\n<p>Montenegro afirmou que Portugal sustenta a necessidade de evitar o aumento de tens\u00f5es e de preservar a paz e a seguran\u00e7a internacionais, alinhando-se com a Carta das Na\u00e7\u00f5es Unidas. O texto do apelo, divulgado na rede social X, pede ainda o fim do programa nuclear iraniano, considerado uma preocupa\u00e7\u00e3o da comunidade internacional.<\/p>\n<p>O chefe do Governo destacou a obriga\u00e7\u00e3o de respeitar os direitos humanos do povo iraniano, que, segundo a afirma\u00e7\u00e3o, t\u00eam sido violados de forma inadmiss\u00edvel. Foi referido que os ataques iranianos aos pa\u00edses da regi\u00e3o \u2014 entre eles a Ar\u00e1bia Saudita, o Catar, os Emirados \u00c1rabes Unidos, o Kuwait e a Jord\u00e2nia \u2014 devem cessar de imediato, para evitar consequ\u00eancias adicionais na regi\u00e3o.<\/p>\n<p>A mensagem de Montenegro enfatiza a necessidade de uma resposta coordenada da comunidade internacional para manter a estabilidade regional, refor\u00e7ando o papel da diplomacia, do direito internacional e do respeito pelos direitos humanos. N\u00e3o foram detalhadas a\u00e7\u00f5es espec\u00edficas a serem adotadas por Portugal.<\/p>\n","protected":false},"excerpt":{"rendered":"<ul>\n<li>O primeiro-ministro Lu\u00eds Montenegro condenou os ataques iranianos a pa\u00edses vizinhos e pediu m\u00e1xima conten\u00e7\u00e3o para evitar escalada.<\/li>\n<li>Portugal apela \u00e0 m\u00e1xima conten\u00e7\u00e3o para manter a paz e a seguran\u00e7a internacionais e garantir a estabilidade regional, em linha com a Carta das Na\u00e7\u00f5es Unidas.<\/li>\n<li>Montenegro afirmou que o programa nuclear do Ir\u00e3o deve cessar, dada a preocupa\u00e7\u00e3o da comunidade internacional.<\/li>\n<li>O chefe do executivo enfatizou a necessidade de o Ir\u00e3o respeitar os direitos humanos do seu povo e condenou os ataques a vizinhos: Ar\u00e1bia Saudita, Catar, Emirados \u00c1rabes Unidos, Kuwait e Jord\u00e2nia.<\/li>\n<\/ul>\n","protected":false},"author":2,"featured_media":392467,"comment_status":"closed","ping_status":"closed","sticky":false,"template":"","format":"standard","meta":{"footnotes":""},"categories":[1],"tags":[3251,2198,29,2633,5698,4222],"class_list":["post-392457","post","type-post","status-publish","format-standard","has-post-thumbnail","hentry","category-noticias","tag-carta-das-nacoes-unidas","tag-conflitos-internacionais","tag-diplomacia","tag-direitos-humanos","tag-politica-internacional","tag-seguranca-internacional"],"yoast_head":"<!-- This site is optimized with the Yoast SEO plugin v27.2 - https:\/\/yoast.com\/product\/yoast-seo-wordpress\/ -->\n<title>Montenegro condena ataques iranianos a vizinhos e apela \u00e0 conten\u00e7\u00e3o m\u00e1xima - Portal Tela Portugal<\/title>\n<meta name=\"robots\" content=\"index, follow, max-snippet:-1, max-image-preview:large, max-video-preview:-1\" \/>\n<meta property=\"og:locale\" content=\"pt_PT\" \/>\n<meta property=\"og:type\" content=\"article\" \/>\n<meta property=\"og:title\" content=\"Montenegro condena ataques iranianos a vizinhos e apela \u00e0 conten\u00e7\u00e3o m\u00e1xima - Portal Tela Portugal\" \/>\n<meta property=\"og:description\" content=\"O primeiro-ministro Lu\u00eds Montenegro condenou os ataques iranianos a pa\u00edses vizinhos e pediu m\u00e1xima conten\u00e7\u00e3o para evitar escalada. Portugal apela \u00e0 m\u00e1xima conten\u00e7\u00e3o para manter a paz e a seguran\u00e7a internacionais e garantir a estabilidade regional, em linha com a Carta das Na\u00e7\u00f5es Unidas. Montenegro afirmou que o programa nuclear do Ir\u00e3o deve cessar, dada a preocupa\u00e7\u00e3o da comunidade internacional. O chefe do executivo enfatizou a necessidade de o Ir\u00e3o respeitar os direitos humanos do seu povo e condenou os ataques a vizinhos: Ar\u00e1bia Saudita, Catar, Emirados \u00c1rabes Unidos, Kuwait e Jord\u00e2nia.\" \/>\n<meta property=\"og:url\" content=\"https:\/\/portaltela.pt\/noticias\/2026\/02\/28\/montenegro-condena-ataques-iranianos-a-vizinhos-e-apela-a-contencao-maxima\/\" \/>\n<meta property=\"og:site_name\" content=\"Portal Tela Portugal\" \/>\n<meta property=\"article:published_time\" content=\"2026-02-28T17:38:00+00:00\" \/>\n<meta name=\"author\" content=\"Telinha\" \/>\n<meta name=\"twitter:card\" content=\"summary_large_image\" \/>\n<meta name=\"twitter:label1\" content=\"Escrito por\" \/>\n\t<meta name=\"twitter:data1\" content=\"Telinha\" \/>\n\t<meta name=\"twitter:label2\" content=\"Tempo estimado de leitura\" \/>\n\t<meta name=\"twitter:data2\" content=\"1 minuto\" \/>\n<script type=\"application\/ld+json\" class=\"yoast-schema-graph\">{\"@context\":\"https:\/\/schema.org\",\"@graph\":[{\"@type\":\"Article\",\"@id\":\"https:\/\/portaltela.pt\/noticias\/2026\/02\/28\/montenegro-condena-ataques-iranianos-a-vizinhos-e-apela-a-contencao-maxima\/#article\",\"isPartOf\":{\"@id\":\"https:\/\/portaltela.pt\/noticias\/2026\/02\/28\/montenegro-condena-ataques-iranianos-a-vizinhos-e-apela-a-contencao-maxima\/\"},\"author\":{\"name\":\"Telinha\",\"@id\":\"https:\/\/portaltela.pt\/#\/schema\/person\/c4278d4a6028830caff9ee44b42d32ed\"},\"headline\":\"Montenegro condena ataques iranianos a vizinhos e apela \u00e0 conten\u00e7\u00e3o m\u00e1xima\",\"datePublished\":\"2026-02-28T17:38:00+00:00\",\"mainEntityOfPage\":{\"@id\":\"https:\/\/portaltela.pt\/noticias\/2026\/02\/28\/montenegro-condena-ataques-iranianos-a-vizinhos-e-apela-a-contencao-maxima\/\"},\"wordCount\":237,\"image\":{\"@id\":\"https:\/\/portaltela.pt\/noticias\/2026\/02\/28\/montenegro-condena-ataques-iranianos-a-vizinhos-e-apela-a-contencao-maxima\/#primaryimage\"},\"thumbnailUrl\":\"https:\/\/portaltela.pt\/s.01k8rhncp4jt1\/2026\/02\/img_1500x1000uu2026-02-27-16-38-05-2269414-1.jpg\",\"keywords\":[\"Carta das Na\u00e7\u00f5es Unidas\",\"conflitos internacionais\",\"diplomacia\",\"direitos humanos\",\"pol\u00edtica internacional\",\"seguran\u00e7a internacional\"],\"articleSection\":[\"Not\u00edcias\"],\"inLanguage\":\"pt-PT\"},{\"@type\":\"WebPage\",\"@id\":\"https:\/\/portaltela.pt\/noticias\/2026\/02\/28\/montenegro-condena-ataques-iranianos-a-vizinhos-e-apela-a-contencao-maxima\/\",\"url\":\"https:\/\/portaltela.pt\/noticias\/2026\/02\/28\/montenegro-condena-ataques-iranianos-a-vizinhos-e-apela-a-contencao-maxima\/\",\"name\":\"Montenegro condena ataques iranianos a vizinhos e apela \u00e0 conten\u00e7\u00e3o m\u00e1xima - Portal Tela Portugal\",\"isPartOf\":{\"@id\":\"https:\/\/portaltela.pt\/#website\"},\"primaryImageOfPage\":{\"@id\":\"https:\/\/portaltela.pt\/noticias\/2026\/02\/28\/montenegro-condena-ataques-iranianos-a-vizinhos-e-apela-a-contencao-maxima\/#primaryimage\"},\"image\":{\"@id\":\"https:\/\/portaltela.pt\/noticias\/2026\/02\/28\/montenegro-condena-ataques-iranianos-a-vizinhos-e-apela-a-contencao-maxima\/#primaryimage\"},\"thumbnailUrl\":\"https:\/\/portaltela.pt\/s.01k8rhncp4jt1\/2026\/02\/img_1500x1000uu2026-02-27-16-38-05-2269414-1.jpg\",\"datePublished\":\"2026-02-28T17:38:00+00:00\",\"author\":{\"@id\":\"https:\/\/portaltela.pt\/#\/schema\/person\/c4278d4a6028830caff9ee44b42d32ed\"},\"breadcrumb\":{\"@id\":\"https:\/\/portaltela.pt\/noticias\/2026\/02\/28\/montenegro-condena-ataques-iranianos-a-vizinhos-e-apela-a-contencao-maxima\/#breadcrumb\"},\"inLanguage\":\"pt-PT\",\"potentialAction\":[{\"@type\":\"ReadAction\",\"target\":[\"https:\/\/portaltela.pt\/noticias\/2026\/02\/28\/montenegro-condena-ataques-iranianos-a-vizinhos-e-apela-a-contencao-maxima\/\"]}]},{\"@type\":\"ImageObject\",\"inLanguage\":\"pt-PT\",\"@id\":\"https:\/\/portaltela.pt\/noticias\/2026\/02\/28\/montenegro-condena-ataques-iranianos-a-vizinhos-e-apela-a-contencao-maxima\/#primaryimage\",\"url\":\"https:\/\/portaltela.pt\/s.01k8rhncp4jt1\/2026\/02\/img_1500x1000uu2026-02-27-16-38-05-2269414-1.jpg\",\"contentUrl\":\"https:\/\/portaltela.pt\/s.01k8rhncp4jt1\/2026\/02\/img_1500x1000uu2026-02-27-16-38-05-2269414-1.jpg\",\"width\":796,\"height\":448,\"caption\":\"Lu\u00eds Montenegro, primeiro-ministro\"},{\"@type\":\"BreadcrumbList\",\"@id\":\"https:\/\/portaltela.pt\/noticias\/2026\/02\/28\/montenegro-condena-ataques-iranianos-a-vizinhos-e-apela-a-contencao-maxima\/#breadcrumb\",\"itemListElement\":[{\"@type\":\"ListItem\",\"position\":1,\"name\":\"In\u00edcio\",\"item\":\"https:\/\/portaltela.pt\/\"},{\"@type\":\"ListItem\",\"position\":2,\"name\":\"Montenegro condena ataques iranianos a vizinhos e apela \u00e0 conten\u00e7\u00e3o m\u00e1xima\"}]},{\"@type\":\"WebSite\",\"@id\":\"https:\/\/portaltela.pt\/#website\",\"url\":\"https:\/\/portaltela.pt\/\",\"name\":\"Portal Tela Portugal\",\"description\":\"\",\"potentialAction\":[{\"@type\":\"SearchAction\",\"target\":{\"@type\":\"EntryPoint\",\"urlTemplate\":\"https:\/\/portaltela.pt\/?s={search_term_string}\"},\"query-input\":{\"@type\":\"PropertyValueSpecification\",\"valueRequired\":true,\"valueName\":\"search_term_string\"}}],\"inLanguage\":\"pt-PT\"},{\"@type\":\"Person\",\"@id\":\"https:\/\/portaltela.pt\/#\/schema\/person\/c4278d4a6028830caff9ee44b42d32ed\",\"name\":\"Telinha\",\"image\":{\"@type\":\"ImageObject\",\"inLanguage\":\"pt-PT\",\"@id\":\"https:\/\/portaltela.pt\/s.01k8rhncp4jt1\/2025\/11\/talking-bot-125x125.png\",\"url\":\"https:\/\/portaltela.pt\/s.01k8rhncp4jt1\/2025\/11\/talking-bot-125x125.png\",\"contentUrl\":\"https:\/\/portaltela.pt\/s.01k8rhncp4jt1\/2025\/11\/talking-bot-125x125.png\",\"caption\":\"Telinha\"},\"sameAs\":[\"https:\/\/portaltela.pt\/\"],\"url\":\"https:\/\/portaltela.pt\/por\/367410592786\/\"}]}<\/script>\n<!-- \/ Yoast SEO plugin. -->","yoast_head_json":{"title":"Montenegro condena ataques iranianos a vizinhos e apela \u00e0 conten\u00e7\u00e3o m\u00e1xima - Portal Tela Portugal","robots":{"index":"index","follow":"follow","max-snippet":"max-snippet:-1","max-image-preview":"max-image-preview:large","max-video-preview":"max-video-preview:-1"},"og_locale":"pt_PT","og_type":"article","og_title":"Montenegro condena ataques iranianos a vizinhos e apela \u00e0 conten\u00e7\u00e3o m\u00e1xima - Portal Tela Portugal","og_description":"O primeiro-ministro Lu\u00eds Montenegro condenou os ataques iranianos a pa\u00edses vizinhos e pediu m\u00e1xima conten\u00e7\u00e3o para evitar escalada. Portugal apela \u00e0 m\u00e1xima conten\u00e7\u00e3o para manter a paz e a seguran\u00e7a internacionais e garantir a estabilidade regional, em linha com a Carta das Na\u00e7\u00f5es Unidas. Montenegro afirmou que o programa nuclear do Ir\u00e3o deve cessar, dada a preocupa\u00e7\u00e3o da comunidade internacional. O chefe do executivo enfatizou a necessidade de o Ir\u00e3o respeitar os direitos humanos do seu povo e condenou os ataques a vizinhos: Ar\u00e1bia Saudita, Catar, Emirados \u00c1rabes Unidos, Kuwait e Jord\u00e2nia.","og_url":"https:\/\/portaltela.pt\/noticias\/2026\/02\/28\/montenegro-condena-ataques-iranianos-a-vizinhos-e-apela-a-contencao-maxima\/","og_site_name":"Portal Tela Portugal","article_published_time":"2026-02-28T17:38:00+00:00","author":"Telinha","twitter_card":"summary_large_image","twitter_misc":{"Escrito por":"Telinha","Tempo estimado de leitura":"1 minuto"},"schema":{"@context":"https:\/\/schema.org","@graph":[{"@type":"Article","@id":"https:\/\/portaltela.pt\/noticias\/2026\/02\/28\/montenegro-condena-ataques-iranianos-a-vizinhos-e-apela-a-contencao-maxima\/#article","isPartOf":{"@id":"https:\/\/portaltela.pt\/noticias\/2026\/02\/28\/montenegro-condena-ataques-iranianos-a-vizinhos-e-apela-a-contencao-maxima\/"},"author":{"name":"Telinha","@id":"https:\/\/portaltela.pt\/#\/schema\/person\/c4278d4a6028830caff9ee44b42d32ed"},"headline":"Montenegro condena ataques iranianos a vizinhos e apela \u00e0 conten\u00e7\u00e3o m\u00e1xima","datePublished":"2026-02-28T17:38:00+00:00","mainEntityOfPage":{"@id":"https:\/\/portaltela.pt\/noticias\/2026\/02\/28\/montenegro-condena-ataques-iranianos-a-vizinhos-e-apela-a-contencao-maxima\/"},"wordCount":237,"image":{"@id":"https:\/\/portaltela.pt\/noticias\/2026\/02\/28\/montenegro-condena-ataques-iranianos-a-vizinhos-e-apela-a-contencao-maxima\/#primaryimage"},"thumbnailUrl":"https:\/\/portaltela.pt\/s.01k8rhncp4jt1\/2026\/02\/img_1500x1000uu2026-02-27-16-38-05-2269414-1.jpg","keywords":["Carta das Na\u00e7\u00f5es Unidas","conflitos internacionais","diplomacia","direitos humanos","pol\u00edtica internacional","seguran\u00e7a internacional"],"articleSection":["Not\u00edcias"],"inLanguage":"pt-PT"},{"@type":"WebPage","@id":"https:\/\/portaltela.pt\/noticias\/2026\/02\/28\/montenegro-condena-ataques-iranianos-a-vizinhos-e-apela-a-contencao-maxima\/","url":"https:\/\/portaltela.pt\/noticias\/2026\/02\/28\/montenegro-condena-ataques-iranianos-a-vizinhos-e-apela-a-contencao-maxima\/","name":"Montenegro condena ataques iranianos a vizinhos e apela \u00e0 conten\u00e7\u00e3o m\u00e1xima - Portal Tela Portugal","isPartOf":{"@id":"https:\/\/portaltela.pt\/#website"},"primaryImageOfPage":{"@id":"https:\/\/portaltela.pt\/noticias\/2026\/02\/28\/montenegro-condena-ataques-iranianos-a-vizinhos-e-apela-a-contencao-maxima\/#primaryimage"},"image":{"@id":"https:\/\/portaltela.pt\/noticias\/2026\/02\/28\/montenegro-condena-ataques-iranianos-a-vizinhos-e-apela-a-contencao-maxima\/#primaryimage"},"thumbnailUrl":"https:\/\/portaltela.pt\/s.01k8rhncp4jt1\/2026\/02\/img_1500x1000uu2026-02-27-16-38-05-2269414-1.jpg","datePublished":"2026-02-28T17:38:00+00:00","author":{"@id":"https:\/\/portaltela.pt\/#\/schema\/person\/c4278d4a6028830caff9ee44b42d32ed"},"breadcrumb":{"@id":"https:\/\/portaltela.pt\/noticias\/2026\/02\/28\/montenegro-condena-ataques-iranianos-a-vizinhos-e-apela-a-contencao-maxima\/#breadcrumb"},"inLanguage":"pt-PT","potentialAction":[{"@type":"ReadAction","target":["https:\/\/portaltela.pt\/noticias\/2026\/02\/28\/montenegro-condena-ataques-iranianos-a-vizinhos-e-apela-a-contencao-maxima\/"]}]},{"@type":"ImageObject","inLanguage":"pt-PT","@id":"https:\/\/portaltela.pt\/noticias\/2026\/02\/28\/montenegro-condena-ataques-iranianos-a-vizinhos-e-apela-a-contencao-maxima\/#primaryimage","url":"https:\/\/portaltela.pt\/s.01k8rhncp4jt1\/2026\/02\/img_1500x1000uu2026-02-27-16-38-05-2269414-1.jpg","contentUrl":"https:\/\/portaltela.pt\/s.01k8rhncp4jt1\/2026\/02\/img_1500x1000uu2026-02-27-16-38-05-2269414-1.jpg","width":796,"height":448,"caption":"Lu\u00eds Montenegro, primeiro-ministro"},{"@type":"BreadcrumbList","@id":"https:\/\/portaltela.pt\/noticias\/2026\/02\/28\/montenegro-condena-ataques-iranianos-a-vizinhos-e-apela-a-contencao-maxima\/#breadcrumb","itemListElement":[{"@type":"ListItem","position":1,"name":"In\u00edcio","item":"https:\/\/portaltela.pt\/"},{"@type":"ListItem","position":2,"name":"Montenegro condena ataques iranianos a vizinhos e apela \u00e0 conten\u00e7\u00e3o m\u00e1xima"}]},{"@type":"WebSite","@id":"https:\/\/portaltela.pt\/#website","url":"https:\/\/portaltela.pt\/","name":"Portal Tela Portugal","description":"","potentialAction":[{"@type":"SearchAction","target":{"@type":"EntryPoint","urlTemplate":"https:\/\/portaltela.pt\/?s={search_term_string}"},"query-input":{"@type":"PropertyValueSpecification","valueRequired":true,"valueName":"search_term_string"}}],"inLanguage":"pt-PT"},{"@type":"Person","@id":"https:\/\/portaltela.pt\/#\/schema\/person\/c4278d4a6028830caff9ee44b42d32ed","name":"Telinha","image":{"@type":"ImageObject","inLanguage":"pt-PT","@id":"https:\/\/portaltela.pt\/s.01k8rhncp4jt1\/2025\/11\/talking-bot-125x125.png","url":"https:\/\/portaltela.pt\/s.01k8rhncp4jt1\/2025\/11\/talking-bot-125x125.png","contentUrl":"https:\/\/portaltela.pt\/s.01k8rhncp4jt1\/2025\/11\/talking-bot-125x125.png","caption":"Telinha"},"sameAs":["https:\/\/portaltela.pt\/"],"url":"https:\/\/portaltela.pt\/por\/367410592786\/"}]}},"_links":{"self":[{"href":"https:\/\/portaltela.pt\/api\/wp\/v2\/posts\/392457","targetHints":{"allow":["GET"]}}],"collection":[{"href":"https:\/\/portaltela.pt\/api\/wp\/v2\/posts"}],"about":[{"href":"https:\/\/portaltela.pt\/api\/wp\/v2\/types\/post"}],"author":[{"embeddable":true,"href":"https:\/\/portaltela.pt\/api\/wp\/v2\/users\/2"}],"replies":[{"embeddable":true,"href":"https:\/\/portaltela.pt\/api\/wp\/v2\/comments?post=392457"}],"version-history":[{"count":0,"href":"https:\/\/portaltela.pt\/api\/wp\/v2\/posts\/392457\/revisions"}],"wp:featuredmedia":[{"embeddable":true,"href":"https:\/\/portaltela.pt\/api\/wp\/v2\/media\/392467"}],"wp:attachment":[{"href":"https:\/\/portaltela.pt\/api\/wp\/v2\/media?parent=392457"}],"wp:term":[{"taxonomy":"category","embeddable":true,"href":"https:\/\/portaltela.pt\/api\/wp\/v2\/categories?post=392457"},{"taxonomy":"post_tag","embeddable":true,"href":"https:\/\/portaltela.pt\/api\/wp\/v2\/tags?post=392457"}],"curies":[{"name":"wp","href":"https:\/\/api.w.org\/{rel}","templated":true}]}}