{"id":392444,"date":"2026-02-28T14:27:00","date_gmt":"2026-02-28T17:27:00","guid":{"rendered":"https:\/\/portaltela.pt\/noticias\/2026\/02\/28\/rodrigo-ribeiro-marca-de-calcanhar-e-soma-dois-jogos-consecutivos-na-bundesliga\/"},"modified":"2026-02-28T14:27:00","modified_gmt":"2026-02-28T17:27:00","slug":"rodrigo-ribeiro-marca-de-calcanhar-e-soma-dois-jogos-consecutivos-na-bundesliga","status":"publish","type":"post","link":"https:\/\/portaltela.pt\/desporto\/futebol\/2026\/02\/28\/rodrigo-ribeiro-marca-de-calcanhar-e-soma-dois-jogos-consecutivos-na-bundesliga\/","title":{"rendered":"Rodrigo Ribeiro marca de calcanhar e soma dois jogos consecutivos na Bundesliga"},"content":{"rendered":"<p>Na \u00faltima jornada da Bundesliga, o Augsburg venceu o Col\u00f3nia por 2-0 com um golo de calcanhar de Rodrigo Ribeiro. O tento abriu o marcador e ajudou a equipa a assegurar os tr\u00eas pontos.<\/p>\n<p>O segundo tento foi apontado por Claude-Maurice j\u00e1 nos descontos, consolidando a vit\u00f3ria do conjunto alem\u00e3o. Ribeiro, emprestado pelo Sporting at\u00e9 ao final da \u00e9poca, continua a afirmar-se no onze inicial.<\/p>\n<p>A verba fixa para a op\u00e7\u00e3o de compra fica nos 6 milh\u00f5es de euros, com a SAD a manter uma percentagem numa futura venda. O jovem avan\u00e7ado, de 20 anos, estreou-se a marcar contra o Wolfsburgo na jornada anterior.<\/p>\n<p>Desde a estreia com vit\u00f3ria em Wolfsburgo (3-2), Ribeiro tem cultivado a express\u00e3o como titular sob o comando de Manuel Baum, mostrando progressos relevantes no Augsburg.<\/p>\n","protected":false},"excerpt":{"rendered":"<ul>\n<li>O avan\u00e7ado Rodrigo Ribeiro marcou o golo de calcanhar que ajudou o Augsburgo a vencer o Col\u00f3nia por 2-0.<\/li>\n<li>Claude-Maurice fechou o marcador nos descontos, aumentando para dois os golos do triunfo.<\/li>\n<li>Ribeiro, de 20 anos, est\u00e1 emprestado pelo Sporting at\u00e9 ao fim da \u00e9poca e j\u00e1 parece titular sob o comando de Manuel Baum.<\/li>\n<li>O clube pode ativar a op\u00e7\u00e3o de compra de 6 milh\u00f5es de euros, com a SAD a assegurar uma percentagem numa futura venda.<\/li>\n<li>O avan\u00e7ado estreou-se a marcar pela equipa alem\u00e3 na jornada anterior, no triunfo em casa do Wolfsburgo (3-2).<\/li>\n<\/ul>\n","protected":false},"author":2,"featured_media":392450,"comment_status":"closed","ping_status":"closed","sticky":false,"template":"","format":"standard","meta":{"footnotes":""},"categories":[21,24],"tags":[1603,2500,2457,32,3338,1652],"class_list":["post-392444","post","type-post","status-publish","format-standard","has-post-thumbnail","hentry","category-desporto","category-futebol","tag-alemanha","tag-colonia","tag-emprestimos","tag-futebol","tag-futebol-internacional","tag-sporting"],"yoast_head":"<!-- This site is optimized with the Yoast SEO plugin v27.2 - https:\/\/yoast.com\/product\/yoast-seo-wordpress\/ -->\n<title>Rodrigo Ribeiro marca de calcanhar e soma dois jogos consecutivos na Bundesliga - Portal Tela Portugal<\/title>\n<meta name=\"robots\" content=\"index, follow, max-snippet:-1, max-image-preview:large, max-video-preview:-1\" \/>\n<meta property=\"og:locale\" content=\"pt_PT\" \/>\n<meta property=\"og:type\" content=\"article\" \/>\n<meta property=\"og:title\" content=\"Rodrigo Ribeiro marca de calcanhar e soma dois jogos consecutivos na Bundesliga - Portal Tela Portugal\" \/>\n<meta property=\"og:description\" content=\"O avan\u00e7ado Rodrigo Ribeiro marcou o golo de calcanhar que ajudou o Augsburgo a vencer o Col\u00f3nia por 2-0. Claude-Maurice fechou o marcador nos descontos, aumentando para dois os golos do triunfo. Ribeiro, de 20 anos, est\u00e1 emprestado pelo Sporting at\u00e9 ao fim da \u00e9poca e j\u00e1 parece titular sob o comando de Manuel Baum. O clube pode ativar a op\u00e7\u00e3o de compra de 6 milh\u00f5es de euros, com a SAD a assegurar uma percentagem numa futura venda. O avan\u00e7ado estreou-se a marcar pela equipa alem\u00e3 na jornada anterior, no triunfo em casa do Wolfsburgo (3-2).\" \/>\n<meta property=\"og:url\" content=\"https:\/\/portaltela.pt\/noticias\/2026\/02\/28\/rodrigo-ribeiro-marca-de-calcanhar-e-soma-dois-jogos-consecutivos-na-bundesliga\/\" \/>\n<meta property=\"og:site_name\" content=\"Portal Tela Portugal\" \/>\n<meta property=\"article:published_time\" content=\"2026-02-28T17:27:00+00:00\" \/>\n<meta name=\"author\" content=\"Telinha\" \/>\n<meta name=\"twitter:card\" content=\"summary_large_image\" \/>\n<meta name=\"twitter:label1\" content=\"Escrito por\" \/>\n\t<meta name=\"twitter:data1\" content=\"Telinha\" \/>\n\t<meta name=\"twitter:label2\" content=\"Tempo estimado de leitura\" \/>\n\t<meta name=\"twitter:data2\" content=\"1 minuto\" \/>\n<script type=\"application\/ld+json\" class=\"yoast-schema-graph\">{\"@context\":\"https:\/\/schema.org\",\"@graph\":[{\"@type\":\"Article\",\"@id\":\"https:\/\/portaltela.pt\/noticias\/2026\/02\/28\/rodrigo-ribeiro-marca-de-calcanhar-e-soma-dois-jogos-consecutivos-na-bundesliga\/#article\",\"isPartOf\":{\"@id\":\"https:\/\/portaltela.pt\/noticias\/2026\/02\/28\/rodrigo-ribeiro-marca-de-calcanhar-e-soma-dois-jogos-consecutivos-na-bundesliga\/\"},\"author\":{\"name\":\"Telinha\",\"@id\":\"https:\/\/portaltela.pt\/#\/schema\/person\/c4278d4a6028830caff9ee44b42d32ed\"},\"headline\":\"Rodrigo Ribeiro marca de calcanhar e soma dois jogos consecutivos na Bundesliga\",\"datePublished\":\"2026-02-28T17:27:00+00:00\",\"mainEntityOfPage\":{\"@id\":\"https:\/\/portaltela.pt\/noticias\/2026\/02\/28\/rodrigo-ribeiro-marca-de-calcanhar-e-soma-dois-jogos-consecutivos-na-bundesliga\/\"},\"wordCount\":149,\"image\":{\"@id\":\"https:\/\/portaltela.pt\/noticias\/2026\/02\/28\/rodrigo-ribeiro-marca-de-calcanhar-e-soma-dois-jogos-consecutivos-na-bundesliga\/#primaryimage\"},\"thumbnailUrl\":\"https:\/\/portaltela.pt\/s.01k8rhncp4jt1\/2026\/02\/img_1200x721uu2026-02-21-17-20-11-2422912.jpg\",\"keywords\":[\"Alemanha\",\"Col\u00f3nia\",\"empr\u00e9stimos\",\"futebol\",\"futebol internacional\",\"Sporting\"],\"articleSection\":[\"Desporto\",\"Futebol\"],\"inLanguage\":\"pt-PT\"},{\"@type\":\"WebPage\",\"@id\":\"https:\/\/portaltela.pt\/noticias\/2026\/02\/28\/rodrigo-ribeiro-marca-de-calcanhar-e-soma-dois-jogos-consecutivos-na-bundesliga\/\",\"url\":\"https:\/\/portaltela.pt\/noticias\/2026\/02\/28\/rodrigo-ribeiro-marca-de-calcanhar-e-soma-dois-jogos-consecutivos-na-bundesliga\/\",\"name\":\"Rodrigo Ribeiro marca de calcanhar e soma dois jogos consecutivos na Bundesliga - Portal Tela Portugal\",\"isPartOf\":{\"@id\":\"https:\/\/portaltela.pt\/#website\"},\"primaryImageOfPage\":{\"@id\":\"https:\/\/portaltela.pt\/noticias\/2026\/02\/28\/rodrigo-ribeiro-marca-de-calcanhar-e-soma-dois-jogos-consecutivos-na-bundesliga\/#primaryimage\"},\"image\":{\"@id\":\"https:\/\/portaltela.pt\/noticias\/2026\/02\/28\/rodrigo-ribeiro-marca-de-calcanhar-e-soma-dois-jogos-consecutivos-na-bundesliga\/#primaryimage\"},\"thumbnailUrl\":\"https:\/\/portaltela.pt\/s.01k8rhncp4jt1\/2026\/02\/img_1200x721uu2026-02-21-17-20-11-2422912.jpg\",\"datePublished\":\"2026-02-28T17:27:00+00:00\",\"author\":{\"@id\":\"https:\/\/portaltela.pt\/#\/schema\/person\/c4278d4a6028830caff9ee44b42d32ed\"},\"breadcrumb\":{\"@id\":\"https:\/\/portaltela.pt\/noticias\/2026\/02\/28\/rodrigo-ribeiro-marca-de-calcanhar-e-soma-dois-jogos-consecutivos-na-bundesliga\/#breadcrumb\"},\"inLanguage\":\"pt-PT\",\"potentialAction\":[{\"@type\":\"ReadAction\",\"target\":[\"https:\/\/portaltela.pt\/noticias\/2026\/02\/28\/rodrigo-ribeiro-marca-de-calcanhar-e-soma-dois-jogos-consecutivos-na-bundesliga\/\"]}]},{\"@type\":\"ImageObject\",\"inLanguage\":\"pt-PT\",\"@id\":\"https:\/\/portaltela.pt\/noticias\/2026\/02\/28\/rodrigo-ribeiro-marca-de-calcanhar-e-soma-dois-jogos-consecutivos-na-bundesliga\/#primaryimage\",\"url\":\"https:\/\/portaltela.pt\/s.01k8rhncp4jt1\/2026\/02\/img_1200x721uu2026-02-21-17-20-11-2422912.jpg\",\"contentUrl\":\"https:\/\/portaltela.pt\/s.01k8rhncp4jt1\/2026\/02\/img_1200x721uu2026-02-21-17-20-11-2422912.jpg\",\"width\":796,\"height\":448,\"caption\":\"Rodrigo Ribeiro estreou-se a marcar diante do Wolfsburgo\"},{\"@type\":\"BreadcrumbList\",\"@id\":\"https:\/\/portaltela.pt\/noticias\/2026\/02\/28\/rodrigo-ribeiro-marca-de-calcanhar-e-soma-dois-jogos-consecutivos-na-bundesliga\/#breadcrumb\",\"itemListElement\":[{\"@type\":\"ListItem\",\"position\":1,\"name\":\"In\u00edcio\",\"item\":\"https:\/\/portaltela.pt\/\"},{\"@type\":\"ListItem\",\"position\":2,\"name\":\"Rodrigo Ribeiro marca de calcanhar e soma dois jogos consecutivos na Bundesliga\"}]},{\"@type\":\"WebSite\",\"@id\":\"https:\/\/portaltela.pt\/#website\",\"url\":\"https:\/\/portaltela.pt\/\",\"name\":\"Portal Tela Portugal\",\"description\":\"\",\"potentialAction\":[{\"@type\":\"SearchAction\",\"target\":{\"@type\":\"EntryPoint\",\"urlTemplate\":\"https:\/\/portaltela.pt\/?s={search_term_string}\"},\"query-input\":{\"@type\":\"PropertyValueSpecification\",\"valueRequired\":true,\"valueName\":\"search_term_string\"}}],\"inLanguage\":\"pt-PT\"},{\"@type\":\"Person\",\"@id\":\"https:\/\/portaltela.pt\/#\/schema\/person\/c4278d4a6028830caff9ee44b42d32ed\",\"name\":\"Telinha\",\"image\":{\"@type\":\"ImageObject\",\"inLanguage\":\"pt-PT\",\"@id\":\"https:\/\/portaltela.pt\/s.01k8rhncp4jt1\/2025\/11\/talking-bot-125x125.png\",\"url\":\"https:\/\/portaltela.pt\/s.01k8rhncp4jt1\/2025\/11\/talking-bot-125x125.png\",\"contentUrl\":\"https:\/\/portaltela.pt\/s.01k8rhncp4jt1\/2025\/11\/talking-bot-125x125.png\",\"caption\":\"Telinha\"},\"sameAs\":[\"https:\/\/portaltela.pt\/\"],\"url\":\"https:\/\/portaltela.pt\/por\/367410592786\/\"}]}<\/script>\n<!-- \/ Yoast SEO plugin. -->","yoast_head_json":{"title":"Rodrigo Ribeiro marca de calcanhar e soma dois jogos consecutivos na Bundesliga - Portal Tela Portugal","robots":{"index":"index","follow":"follow","max-snippet":"max-snippet:-1","max-image-preview":"max-image-preview:large","max-video-preview":"max-video-preview:-1"},"og_locale":"pt_PT","og_type":"article","og_title":"Rodrigo Ribeiro marca de calcanhar e soma dois jogos consecutivos na Bundesliga - Portal Tela Portugal","og_description":"O avan\u00e7ado Rodrigo Ribeiro marcou o golo de calcanhar que ajudou o Augsburgo a vencer o Col\u00f3nia por 2-0. Claude-Maurice fechou o marcador nos descontos, aumentando para dois os golos do triunfo. Ribeiro, de 20 anos, est\u00e1 emprestado pelo Sporting at\u00e9 ao fim da \u00e9poca e j\u00e1 parece titular sob o comando de Manuel Baum. O clube pode ativar a op\u00e7\u00e3o de compra de 6 milh\u00f5es de euros, com a SAD a assegurar uma percentagem numa futura venda. O avan\u00e7ado estreou-se a marcar pela equipa alem\u00e3 na jornada anterior, no triunfo em casa do Wolfsburgo (3-2).","og_url":"https:\/\/portaltela.pt\/noticias\/2026\/02\/28\/rodrigo-ribeiro-marca-de-calcanhar-e-soma-dois-jogos-consecutivos-na-bundesliga\/","og_site_name":"Portal Tela Portugal","article_published_time":"2026-02-28T17:27:00+00:00","author":"Telinha","twitter_card":"summary_large_image","twitter_misc":{"Escrito por":"Telinha","Tempo estimado de leitura":"1 minuto"},"schema":{"@context":"https:\/\/schema.org","@graph":[{"@type":"Article","@id":"https:\/\/portaltela.pt\/noticias\/2026\/02\/28\/rodrigo-ribeiro-marca-de-calcanhar-e-soma-dois-jogos-consecutivos-na-bundesliga\/#article","isPartOf":{"@id":"https:\/\/portaltela.pt\/noticias\/2026\/02\/28\/rodrigo-ribeiro-marca-de-calcanhar-e-soma-dois-jogos-consecutivos-na-bundesliga\/"},"author":{"name":"Telinha","@id":"https:\/\/portaltela.pt\/#\/schema\/person\/c4278d4a6028830caff9ee44b42d32ed"},"headline":"Rodrigo Ribeiro marca de calcanhar e soma dois jogos consecutivos na Bundesliga","datePublished":"2026-02-28T17:27:00+00:00","mainEntityOfPage":{"@id":"https:\/\/portaltela.pt\/noticias\/2026\/02\/28\/rodrigo-ribeiro-marca-de-calcanhar-e-soma-dois-jogos-consecutivos-na-bundesliga\/"},"wordCount":149,"image":{"@id":"https:\/\/portaltela.pt\/noticias\/2026\/02\/28\/rodrigo-ribeiro-marca-de-calcanhar-e-soma-dois-jogos-consecutivos-na-bundesliga\/#primaryimage"},"thumbnailUrl":"https:\/\/portaltela.pt\/s.01k8rhncp4jt1\/2026\/02\/img_1200x721uu2026-02-21-17-20-11-2422912.jpg","keywords":["Alemanha","Col\u00f3nia","empr\u00e9stimos","futebol","futebol internacional","Sporting"],"articleSection":["Desporto","Futebol"],"inLanguage":"pt-PT"},{"@type":"WebPage","@id":"https:\/\/portaltela.pt\/noticias\/2026\/02\/28\/rodrigo-ribeiro-marca-de-calcanhar-e-soma-dois-jogos-consecutivos-na-bundesliga\/","url":"https:\/\/portaltela.pt\/noticias\/2026\/02\/28\/rodrigo-ribeiro-marca-de-calcanhar-e-soma-dois-jogos-consecutivos-na-bundesliga\/","name":"Rodrigo Ribeiro marca de calcanhar e soma dois jogos consecutivos na Bundesliga - Portal Tela Portugal","isPartOf":{"@id":"https:\/\/portaltela.pt\/#website"},"primaryImageOfPage":{"@id":"https:\/\/portaltela.pt\/noticias\/2026\/02\/28\/rodrigo-ribeiro-marca-de-calcanhar-e-soma-dois-jogos-consecutivos-na-bundesliga\/#primaryimage"},"image":{"@id":"https:\/\/portaltela.pt\/noticias\/2026\/02\/28\/rodrigo-ribeiro-marca-de-calcanhar-e-soma-dois-jogos-consecutivos-na-bundesliga\/#primaryimage"},"thumbnailUrl":"https:\/\/portaltela.pt\/s.01k8rhncp4jt1\/2026\/02\/img_1200x721uu2026-02-21-17-20-11-2422912.jpg","datePublished":"2026-02-28T17:27:00+00:00","author":{"@id":"https:\/\/portaltela.pt\/#\/schema\/person\/c4278d4a6028830caff9ee44b42d32ed"},"breadcrumb":{"@id":"https:\/\/portaltela.pt\/noticias\/2026\/02\/28\/rodrigo-ribeiro-marca-de-calcanhar-e-soma-dois-jogos-consecutivos-na-bundesliga\/#breadcrumb"},"inLanguage":"pt-PT","potentialAction":[{"@type":"ReadAction","target":["https:\/\/portaltela.pt\/noticias\/2026\/02\/28\/rodrigo-ribeiro-marca-de-calcanhar-e-soma-dois-jogos-consecutivos-na-bundesliga\/"]}]},{"@type":"ImageObject","inLanguage":"pt-PT","@id":"https:\/\/portaltela.pt\/noticias\/2026\/02\/28\/rodrigo-ribeiro-marca-de-calcanhar-e-soma-dois-jogos-consecutivos-na-bundesliga\/#primaryimage","url":"https:\/\/portaltela.pt\/s.01k8rhncp4jt1\/2026\/02\/img_1200x721uu2026-02-21-17-20-11-2422912.jpg","contentUrl":"https:\/\/portaltela.pt\/s.01k8rhncp4jt1\/2026\/02\/img_1200x721uu2026-02-21-17-20-11-2422912.jpg","width":796,"height":448,"caption":"Rodrigo Ribeiro estreou-se a marcar diante do Wolfsburgo"},{"@type":"BreadcrumbList","@id":"https:\/\/portaltela.pt\/noticias\/2026\/02\/28\/rodrigo-ribeiro-marca-de-calcanhar-e-soma-dois-jogos-consecutivos-na-bundesliga\/#breadcrumb","itemListElement":[{"@type":"ListItem","position":1,"name":"In\u00edcio","item":"https:\/\/portaltela.pt\/"},{"@type":"ListItem","position":2,"name":"Rodrigo Ribeiro marca de calcanhar e soma dois jogos consecutivos na Bundesliga"}]},{"@type":"WebSite","@id":"https:\/\/portaltela.pt\/#website","url":"https:\/\/portaltela.pt\/","name":"Portal Tela Portugal","description":"","potentialAction":[{"@type":"SearchAction","target":{"@type":"EntryPoint","urlTemplate":"https:\/\/portaltela.pt\/?s={search_term_string}"},"query-input":{"@type":"PropertyValueSpecification","valueRequired":true,"valueName":"search_term_string"}}],"inLanguage":"pt-PT"},{"@type":"Person","@id":"https:\/\/portaltela.pt\/#\/schema\/person\/c4278d4a6028830caff9ee44b42d32ed","name":"Telinha","image":{"@type":"ImageObject","inLanguage":"pt-PT","@id":"https:\/\/portaltela.pt\/s.01k8rhncp4jt1\/2025\/11\/talking-bot-125x125.png","url":"https:\/\/portaltela.pt\/s.01k8rhncp4jt1\/2025\/11\/talking-bot-125x125.png","contentUrl":"https:\/\/portaltela.pt\/s.01k8rhncp4jt1\/2025\/11\/talking-bot-125x125.png","caption":"Telinha"},"sameAs":["https:\/\/portaltela.pt\/"],"url":"https:\/\/portaltela.pt\/por\/367410592786\/"}]}},"_links":{"self":[{"href":"https:\/\/portaltela.pt\/api\/wp\/v2\/posts\/392444","targetHints":{"allow":["GET"]}}],"collection":[{"href":"https:\/\/portaltela.pt\/api\/wp\/v2\/posts"}],"about":[{"href":"https:\/\/portaltela.pt\/api\/wp\/v2\/types\/post"}],"author":[{"embeddable":true,"href":"https:\/\/portaltela.pt\/api\/wp\/v2\/users\/2"}],"replies":[{"embeddable":true,"href":"https:\/\/portaltela.pt\/api\/wp\/v2\/comments?post=392444"}],"version-history":[{"count":0,"href":"https:\/\/portaltela.pt\/api\/wp\/v2\/posts\/392444\/revisions"}],"wp:featuredmedia":[{"embeddable":true,"href":"https:\/\/portaltela.pt\/api\/wp\/v2\/media\/392450"}],"wp:attachment":[{"href":"https:\/\/portaltela.pt\/api\/wp\/v2\/media?parent=392444"}],"wp:term":[{"taxonomy":"category","embeddable":true,"href":"https:\/\/portaltela.pt\/api\/wp\/v2\/categories?post=392444"},{"taxonomy":"post_tag","embeddable":true,"href":"https:\/\/portaltela.pt\/api\/wp\/v2\/tags?post=392444"}],"curies":[{"name":"wp","href":"https:\/\/api.w.org\/{rel}","templated":true}]}}