{"id":392442,"date":"2026-02-28T13:01:00","date_gmt":"2026-02-28T16:01:00","guid":{"rendered":"https:\/\/portaltela.pt\/noticias\/2026\/02\/28\/onu-realiza-reuniao-de-emergencia-do-conselho-de-seguranca-hoje\/"},"modified":"2026-02-28T13:01:00","modified_gmt":"2026-02-28T16:01:00","slug":"onu-realiza-reuniao-de-emergencia-do-conselho-de-seguranca-hoje","status":"publish","type":"post","link":"https:\/\/portaltela.pt\/noticias\/internacional\/2026\/02\/28\/onu-realiza-reuniao-de-emergencia-do-conselho-de-seguranca-hoje\/","title":{"rendered":"ONU realiza reuni\u00e3o de emerg\u00eancia do Conselho de Seguran\u00e7a hoje"},"content":{"rendered":"<p>O Conselho de Seguran\u00e7a da ONU realiza hoje uma reuni\u00e3o de emerg\u00eancia para discutir uma crise internacional recente. O conte\u00fado completo n\u00e3o est\u00e1 dispon\u00edvel publicamente e requer subscri\u00e7\u00e3o para acesso integral.<\/p>\n<p>A reuni\u00e3o foi anunciada pela organiza\u00e7\u00e3o e envolve membros permanentes e n\u00e3o permanentes. O objetivo \u00e9 avaliar a situa\u00e7\u00e3o, ouvir informa\u00e7\u00f5es de fontes oficiais e delinear poss\u00edveis medidas.<\/p>\n<p>Determinados detalhes, incluindo a ordem do dia e os desdobramentos, permanecem em parte confidenciais para subscritores. A ONU n\u00e3o divulgou prazos nem resultados antecipados.<\/p>\n","protected":false},"excerpt":{"rendered":"<ul>\n<li>O Conselho de Seguran\u00e7a da ONU faz hoje uma reuni\u00e3o de emerg\u00eancia.<\/li>\n<li>O conte\u00fado completo est\u00e1 dispon\u00edvel apenas para subscritores.<\/li>\n<li>N\u00e3o h\u00e1 detalhes adicionais no texto acess\u00edvel ao p\u00fablico n\u00e3o subscritor.<\/li>\n<li>A data indica que a reuni\u00e3o ocorre no dia de hoje.<\/li>\n<\/ul>\n","protected":false},"author":2,"featured_media":392448,"comment_status":"closed","ping_status":"closed","sticky":false,"template":"","format":"standard","meta":{"footnotes":""},"categories":[4,1],"tags":[3462,5547,5123,2084,4222,6266],"class_list":["post-392442","post","type-post","status-publish","format-standard","has-post-thumbnail","hentry","category-internacional","category-noticias","tag-conselho-de-seguranca","tag-informacao-internacional","tag-onu","tag-reunioes-internacionais","tag-seguranca-internacional","tag-situacoes-internacionais"],"yoast_head":"<!-- This site is optimized with the Yoast SEO plugin v27.2 - https:\/\/yoast.com\/product\/yoast-seo-wordpress\/ -->\n<title>ONU realiza reuni\u00e3o de emerg\u00eancia do Conselho de Seguran\u00e7a hoje - Portal Tela Portugal<\/title>\n<meta name=\"robots\" content=\"index, follow, max-snippet:-1, max-image-preview:large, max-video-preview:-1\" \/>\n<meta property=\"og:locale\" content=\"pt_PT\" \/>\n<meta property=\"og:type\" content=\"article\" \/>\n<meta property=\"og:title\" content=\"ONU realiza reuni\u00e3o de emerg\u00eancia do Conselho de Seguran\u00e7a hoje - Portal Tela Portugal\" \/>\n<meta property=\"og:description\" content=\"O Conselho de Seguran\u00e7a da ONU faz hoje uma reuni\u00e3o de emerg\u00eancia. O conte\u00fado completo est\u00e1 dispon\u00edvel apenas para subscritores. N\u00e3o h\u00e1 detalhes adicionais no texto acess\u00edvel ao p\u00fablico n\u00e3o subscritor. A data indica que a reuni\u00e3o ocorre no dia de hoje.\" \/>\n<meta property=\"og:url\" content=\"https:\/\/portaltela.pt\/noticias\/2026\/02\/28\/onu-realiza-reuniao-de-emergencia-do-conselho-de-seguranca-hoje\/\" \/>\n<meta property=\"og:site_name\" content=\"Portal Tela Portugal\" \/>\n<meta property=\"article:published_time\" content=\"2026-02-28T16:01:00+00:00\" \/>\n<meta name=\"author\" content=\"Telinha\" \/>\n<meta name=\"twitter:card\" content=\"summary_large_image\" \/>\n<meta name=\"twitter:label1\" content=\"Escrito por\" \/>\n\t<meta name=\"twitter:data1\" content=\"Telinha\" \/>\n<script type=\"application\/ld+json\" class=\"yoast-schema-graph\">{\"@context\":\"https:\/\/schema.org\",\"@graph\":[{\"@type\":\"Article\",\"@id\":\"https:\/\/portaltela.pt\/noticias\/2026\/02\/28\/onu-realiza-reuniao-de-emergencia-do-conselho-de-seguranca-hoje\/#article\",\"isPartOf\":{\"@id\":\"https:\/\/portaltela.pt\/noticias\/2026\/02\/28\/onu-realiza-reuniao-de-emergencia-do-conselho-de-seguranca-hoje\/\"},\"author\":{\"name\":\"Telinha\",\"@id\":\"https:\/\/portaltela.pt\/#\/schema\/person\/c4278d4a6028830caff9ee44b42d32ed\"},\"headline\":\"ONU realiza reuni\u00e3o de emerg\u00eancia do Conselho de Seguran\u00e7a hoje\",\"datePublished\":\"2026-02-28T16:01:00+00:00\",\"mainEntityOfPage\":{\"@id\":\"https:\/\/portaltela.pt\/noticias\/2026\/02\/28\/onu-realiza-reuniao-de-emergencia-do-conselho-de-seguranca-hoje\/\"},\"wordCount\":109,\"image\":{\"@id\":\"https:\/\/portaltela.pt\/noticias\/2026\/02\/28\/onu-realiza-reuniao-de-emergencia-do-conselho-de-seguranca-hoje\/#primaryimage\"},\"thumbnailUrl\":\"https:\/\/portaltela.pt\/s.01k8rhncp4jt1\/2026\/02\/CACHE_780X1200_ANALOG_WATERMARKED_46657288_16818767228416-1.jpg\",\"keywords\":[\"Conselho de Seguran\u00e7a\",\"informa\u00e7\u00e3o internacional\",\"ONU\",\"reuni\u00f5es internacionais\",\"seguran\u00e7a internacional\",\"situa\u00e7\u00f5es internacionais\"],\"articleSection\":[\"Internacional\",\"Not\u00edcias\"],\"inLanguage\":\"pt-PT\"},{\"@type\":\"WebPage\",\"@id\":\"https:\/\/portaltela.pt\/noticias\/2026\/02\/28\/onu-realiza-reuniao-de-emergencia-do-conselho-de-seguranca-hoje\/\",\"url\":\"https:\/\/portaltela.pt\/noticias\/2026\/02\/28\/onu-realiza-reuniao-de-emergencia-do-conselho-de-seguranca-hoje\/\",\"name\":\"ONU realiza reuni\u00e3o de emerg\u00eancia do Conselho de Seguran\u00e7a hoje - Portal Tela Portugal\",\"isPartOf\":{\"@id\":\"https:\/\/portaltela.pt\/#website\"},\"primaryImageOfPage\":{\"@id\":\"https:\/\/portaltela.pt\/noticias\/2026\/02\/28\/onu-realiza-reuniao-de-emergencia-do-conselho-de-seguranca-hoje\/#primaryimage\"},\"image\":{\"@id\":\"https:\/\/portaltela.pt\/noticias\/2026\/02\/28\/onu-realiza-reuniao-de-emergencia-do-conselho-de-seguranca-hoje\/#primaryimage\"},\"thumbnailUrl\":\"https:\/\/portaltela.pt\/s.01k8rhncp4jt1\/2026\/02\/CACHE_780X1200_ANALOG_WATERMARKED_46657288_16818767228416-1.jpg\",\"datePublished\":\"2026-02-28T16:01:00+00:00\",\"author\":{\"@id\":\"https:\/\/portaltela.pt\/#\/schema\/person\/c4278d4a6028830caff9ee44b42d32ed\"},\"breadcrumb\":{\"@id\":\"https:\/\/portaltela.pt\/noticias\/2026\/02\/28\/onu-realiza-reuniao-de-emergencia-do-conselho-de-seguranca-hoje\/#breadcrumb\"},\"inLanguage\":\"pt-PT\",\"potentialAction\":[{\"@type\":\"ReadAction\",\"target\":[\"https:\/\/portaltela.pt\/noticias\/2026\/02\/28\/onu-realiza-reuniao-de-emergencia-do-conselho-de-seguranca-hoje\/\"]}]},{\"@type\":\"ImageObject\",\"inLanguage\":\"pt-PT\",\"@id\":\"https:\/\/portaltela.pt\/noticias\/2026\/02\/28\/onu-realiza-reuniao-de-emergencia-do-conselho-de-seguranca-hoje\/#primaryimage\",\"url\":\"https:\/\/portaltela.pt\/s.01k8rhncp4jt1\/2026\/02\/CACHE_780X1200_ANALOG_WATERMARKED_46657288_16818767228416-1.jpg\",\"contentUrl\":\"https:\/\/portaltela.pt\/s.01k8rhncp4jt1\/2026\/02\/CACHE_780X1200_ANALOG_WATERMARKED_46657288_16818767228416-1.jpg\",\"width\":796,\"height\":448,\"caption\":\"Photo\"},{\"@type\":\"BreadcrumbList\",\"@id\":\"https:\/\/portaltela.pt\/noticias\/2026\/02\/28\/onu-realiza-reuniao-de-emergencia-do-conselho-de-seguranca-hoje\/#breadcrumb\",\"itemListElement\":[{\"@type\":\"ListItem\",\"position\":1,\"name\":\"In\u00edcio\",\"item\":\"https:\/\/portaltela.pt\/\"},{\"@type\":\"ListItem\",\"position\":2,\"name\":\"ONU realiza reuni\u00e3o de emerg\u00eancia do Conselho de Seguran\u00e7a hoje\"}]},{\"@type\":\"WebSite\",\"@id\":\"https:\/\/portaltela.pt\/#website\",\"url\":\"https:\/\/portaltela.pt\/\",\"name\":\"Portal Tela Portugal\",\"description\":\"\",\"potentialAction\":[{\"@type\":\"SearchAction\",\"target\":{\"@type\":\"EntryPoint\",\"urlTemplate\":\"https:\/\/portaltela.pt\/?s={search_term_string}\"},\"query-input\":{\"@type\":\"PropertyValueSpecification\",\"valueRequired\":true,\"valueName\":\"search_term_string\"}}],\"inLanguage\":\"pt-PT\"},{\"@type\":\"Person\",\"@id\":\"https:\/\/portaltela.pt\/#\/schema\/person\/c4278d4a6028830caff9ee44b42d32ed\",\"name\":\"Telinha\",\"image\":{\"@type\":\"ImageObject\",\"inLanguage\":\"pt-PT\",\"@id\":\"https:\/\/portaltela.pt\/s.01k8rhncp4jt1\/2025\/11\/talking-bot-125x125.png\",\"url\":\"https:\/\/portaltela.pt\/s.01k8rhncp4jt1\/2025\/11\/talking-bot-125x125.png\",\"contentUrl\":\"https:\/\/portaltela.pt\/s.01k8rhncp4jt1\/2025\/11\/talking-bot-125x125.png\",\"caption\":\"Telinha\"},\"sameAs\":[\"https:\/\/portaltela.pt\/\"],\"url\":\"https:\/\/portaltela.pt\/por\/367410592786\/\"}]}<\/script>\n<!-- \/ Yoast SEO plugin. -->","yoast_head_json":{"title":"ONU realiza reuni\u00e3o de emerg\u00eancia do Conselho de Seguran\u00e7a hoje - Portal Tela Portugal","robots":{"index":"index","follow":"follow","max-snippet":"max-snippet:-1","max-image-preview":"max-image-preview:large","max-video-preview":"max-video-preview:-1"},"og_locale":"pt_PT","og_type":"article","og_title":"ONU realiza reuni\u00e3o de emerg\u00eancia do Conselho de Seguran\u00e7a hoje - Portal Tela Portugal","og_description":"O Conselho de Seguran\u00e7a da ONU faz hoje uma reuni\u00e3o de emerg\u00eancia. O conte\u00fado completo est\u00e1 dispon\u00edvel apenas para subscritores. N\u00e3o h\u00e1 detalhes adicionais no texto acess\u00edvel ao p\u00fablico n\u00e3o subscritor. A data indica que a reuni\u00e3o ocorre no dia de hoje.","og_url":"https:\/\/portaltela.pt\/noticias\/2026\/02\/28\/onu-realiza-reuniao-de-emergencia-do-conselho-de-seguranca-hoje\/","og_site_name":"Portal Tela Portugal","article_published_time":"2026-02-28T16:01:00+00:00","author":"Telinha","twitter_card":"summary_large_image","twitter_misc":{"Escrito por":"Telinha"},"schema":{"@context":"https:\/\/schema.org","@graph":[{"@type":"Article","@id":"https:\/\/portaltela.pt\/noticias\/2026\/02\/28\/onu-realiza-reuniao-de-emergencia-do-conselho-de-seguranca-hoje\/#article","isPartOf":{"@id":"https:\/\/portaltela.pt\/noticias\/2026\/02\/28\/onu-realiza-reuniao-de-emergencia-do-conselho-de-seguranca-hoje\/"},"author":{"name":"Telinha","@id":"https:\/\/portaltela.pt\/#\/schema\/person\/c4278d4a6028830caff9ee44b42d32ed"},"headline":"ONU realiza reuni\u00e3o de emerg\u00eancia do Conselho de Seguran\u00e7a hoje","datePublished":"2026-02-28T16:01:00+00:00","mainEntityOfPage":{"@id":"https:\/\/portaltela.pt\/noticias\/2026\/02\/28\/onu-realiza-reuniao-de-emergencia-do-conselho-de-seguranca-hoje\/"},"wordCount":109,"image":{"@id":"https:\/\/portaltela.pt\/noticias\/2026\/02\/28\/onu-realiza-reuniao-de-emergencia-do-conselho-de-seguranca-hoje\/#primaryimage"},"thumbnailUrl":"https:\/\/portaltela.pt\/s.01k8rhncp4jt1\/2026\/02\/CACHE_780X1200_ANALOG_WATERMARKED_46657288_16818767228416-1.jpg","keywords":["Conselho de Seguran\u00e7a","informa\u00e7\u00e3o internacional","ONU","reuni\u00f5es internacionais","seguran\u00e7a internacional","situa\u00e7\u00f5es internacionais"],"articleSection":["Internacional","Not\u00edcias"],"inLanguage":"pt-PT"},{"@type":"WebPage","@id":"https:\/\/portaltela.pt\/noticias\/2026\/02\/28\/onu-realiza-reuniao-de-emergencia-do-conselho-de-seguranca-hoje\/","url":"https:\/\/portaltela.pt\/noticias\/2026\/02\/28\/onu-realiza-reuniao-de-emergencia-do-conselho-de-seguranca-hoje\/","name":"ONU realiza reuni\u00e3o de emerg\u00eancia do Conselho de Seguran\u00e7a hoje - Portal Tela Portugal","isPartOf":{"@id":"https:\/\/portaltela.pt\/#website"},"primaryImageOfPage":{"@id":"https:\/\/portaltela.pt\/noticias\/2026\/02\/28\/onu-realiza-reuniao-de-emergencia-do-conselho-de-seguranca-hoje\/#primaryimage"},"image":{"@id":"https:\/\/portaltela.pt\/noticias\/2026\/02\/28\/onu-realiza-reuniao-de-emergencia-do-conselho-de-seguranca-hoje\/#primaryimage"},"thumbnailUrl":"https:\/\/portaltela.pt\/s.01k8rhncp4jt1\/2026\/02\/CACHE_780X1200_ANALOG_WATERMARKED_46657288_16818767228416-1.jpg","datePublished":"2026-02-28T16:01:00+00:00","author":{"@id":"https:\/\/portaltela.pt\/#\/schema\/person\/c4278d4a6028830caff9ee44b42d32ed"},"breadcrumb":{"@id":"https:\/\/portaltela.pt\/noticias\/2026\/02\/28\/onu-realiza-reuniao-de-emergencia-do-conselho-de-seguranca-hoje\/#breadcrumb"},"inLanguage":"pt-PT","potentialAction":[{"@type":"ReadAction","target":["https:\/\/portaltela.pt\/noticias\/2026\/02\/28\/onu-realiza-reuniao-de-emergencia-do-conselho-de-seguranca-hoje\/"]}]},{"@type":"ImageObject","inLanguage":"pt-PT","@id":"https:\/\/portaltela.pt\/noticias\/2026\/02\/28\/onu-realiza-reuniao-de-emergencia-do-conselho-de-seguranca-hoje\/#primaryimage","url":"https:\/\/portaltela.pt\/s.01k8rhncp4jt1\/2026\/02\/CACHE_780X1200_ANALOG_WATERMARKED_46657288_16818767228416-1.jpg","contentUrl":"https:\/\/portaltela.pt\/s.01k8rhncp4jt1\/2026\/02\/CACHE_780X1200_ANALOG_WATERMARKED_46657288_16818767228416-1.jpg","width":796,"height":448,"caption":"Photo"},{"@type":"BreadcrumbList","@id":"https:\/\/portaltela.pt\/noticias\/2026\/02\/28\/onu-realiza-reuniao-de-emergencia-do-conselho-de-seguranca-hoje\/#breadcrumb","itemListElement":[{"@type":"ListItem","position":1,"name":"In\u00edcio","item":"https:\/\/portaltela.pt\/"},{"@type":"ListItem","position":2,"name":"ONU realiza reuni\u00e3o de emerg\u00eancia do Conselho de Seguran\u00e7a hoje"}]},{"@type":"WebSite","@id":"https:\/\/portaltela.pt\/#website","url":"https:\/\/portaltela.pt\/","name":"Portal Tela Portugal","description":"","potentialAction":[{"@type":"SearchAction","target":{"@type":"EntryPoint","urlTemplate":"https:\/\/portaltela.pt\/?s={search_term_string}"},"query-input":{"@type":"PropertyValueSpecification","valueRequired":true,"valueName":"search_term_string"}}],"inLanguage":"pt-PT"},{"@type":"Person","@id":"https:\/\/portaltela.pt\/#\/schema\/person\/c4278d4a6028830caff9ee44b42d32ed","name":"Telinha","image":{"@type":"ImageObject","inLanguage":"pt-PT","@id":"https:\/\/portaltela.pt\/s.01k8rhncp4jt1\/2025\/11\/talking-bot-125x125.png","url":"https:\/\/portaltela.pt\/s.01k8rhncp4jt1\/2025\/11\/talking-bot-125x125.png","contentUrl":"https:\/\/portaltela.pt\/s.01k8rhncp4jt1\/2025\/11\/talking-bot-125x125.png","caption":"Telinha"},"sameAs":["https:\/\/portaltela.pt\/"],"url":"https:\/\/portaltela.pt\/por\/367410592786\/"}]}},"_links":{"self":[{"href":"https:\/\/portaltela.pt\/api\/wp\/v2\/posts\/392442","targetHints":{"allow":["GET"]}}],"collection":[{"href":"https:\/\/portaltela.pt\/api\/wp\/v2\/posts"}],"about":[{"href":"https:\/\/portaltela.pt\/api\/wp\/v2\/types\/post"}],"author":[{"embeddable":true,"href":"https:\/\/portaltela.pt\/api\/wp\/v2\/users\/2"}],"replies":[{"embeddable":true,"href":"https:\/\/portaltela.pt\/api\/wp\/v2\/comments?post=392442"}],"version-history":[{"count":0,"href":"https:\/\/portaltela.pt\/api\/wp\/v2\/posts\/392442\/revisions"}],"wp:featuredmedia":[{"embeddable":true,"href":"https:\/\/portaltela.pt\/api\/wp\/v2\/media\/392448"}],"wp:attachment":[{"href":"https:\/\/portaltela.pt\/api\/wp\/v2\/media?parent=392442"}],"wp:term":[{"taxonomy":"category","embeddable":true,"href":"https:\/\/portaltela.pt\/api\/wp\/v2\/categories?post=392442"},{"taxonomy":"post_tag","embeddable":true,"href":"https:\/\/portaltela.pt\/api\/wp\/v2\/tags?post=392442"}],"curies":[{"name":"wp","href":"https:\/\/api.w.org\/{rel}","templated":true}]}}