{"id":392440,"date":"2026-02-28T14:29:00","date_gmt":"2026-02-28T17:29:00","guid":{"rendered":"https:\/\/portaltela.pt\/noticias\/2026\/02\/28\/montenegro-condena-ataques-iranianos-e-apela-a-maxima-contencao\/"},"modified":"2026-02-28T14:29:00","modified_gmt":"2026-02-28T17:29:00","slug":"montenegro-condena-ataques-iranianos-e-apela-a-maxima-contencao","status":"publish","type":"post","link":"https:\/\/portaltela.pt\/noticias\/internacional\/2026\/02\/28\/montenegro-condena-ataques-iranianos-e-apela-a-maxima-contencao\/","title":{"rendered":"Montenegro condena ataques iranianos e apela \u00e0 m\u00e1xima conten\u00e7\u00e3o"},"content":{"rendered":"<p>Montenegro condenou os ataques atribu\u00eddos ao Ir\u00e3o, classificando-os de injustific\u00e1veis, e pediu aos intervenientes que verifiquem a conten\u00e7\u00e3o. A posi\u00e7\u00e3o foi expressa por autoridades do pa\u00eds, sem entrar em acusa\u00e7\u00f5es espec\u00edficas.<\/p>\n<p>Numa declara\u00e7\u00e3o p\u00fablica divulgada hoje, Montenegro sublinhou a necessidade de evitar escaladas adicionais e de manter a disciplina internacional face \u00e0 situa\u00e7\u00e3o. O objetivo \u00e9 reduzir riscos para a seguran\u00e7a regional.<\/p>\n<p>At\u00e9 ao momento, n\u00e3o foram comunicados detalhes sobre datas, locais ou responsabilidades adicionais. O pa\u00eds refor\u00e7ou o apelo \u00e0 modera\u00e7\u00e3o como caminho para a estabilidade na regi\u00e3o.<\/p>\n","protected":false},"excerpt":{"rendered":"<ul>\n<li>Montenegro condena os ataques iranianos, descrevendo-os como injustific\u00e1veis.<\/li>\n<li>O governo montenegrino solicita m\u00e1xima conten\u00e7\u00e3o por todas as partes envolvidas.<\/li>\n<li>A posi\u00e7\u00e3o foi comunicada publicamente, sem apontar culpados espec\u00edficos no momento.<\/li>\n<li>A not\u00edcia completa est\u00e1 acess\u00edvel apenas para subscritores.<\/li>\n<li>N\u00e3o foram divulgados detalhes adicionais sobre o incidente nem sobre poss\u00edveis consequ\u00eancias diplom\u00e1ticas.<\/li>\n<\/ul>\n","protected":false},"author":2,"featured_media":392445,"comment_status":"closed","ping_status":"closed","sticky":false,"template":"","format":"standard","meta":{"footnotes":""},"categories":[4,1],"tags":[5480,2792,29,3327,3111,4222],"class_list":["post-392440","post","type-post","status-publish","format-standard","has-post-thumbnail","hentry","category-internacional","category-noticias","tag-condenacoes","tag-conflito-internacional","tag-diplomacia","tag-iran","tag-montenegro","tag-seguranca-internacional"],"yoast_head":"<!-- This site is optimized with the Yoast SEO plugin v27.2 - https:\/\/yoast.com\/product\/yoast-seo-wordpress\/ -->\n<title>Montenegro condena ataques iranianos e apela \u00e0 m\u00e1xima conten\u00e7\u00e3o - Portal Tela Portugal<\/title>\n<meta name=\"robots\" content=\"index, follow, max-snippet:-1, max-image-preview:large, max-video-preview:-1\" \/>\n<meta property=\"og:locale\" content=\"pt_PT\" \/>\n<meta property=\"og:type\" content=\"article\" \/>\n<meta property=\"og:title\" content=\"Montenegro condena ataques iranianos e apela \u00e0 m\u00e1xima conten\u00e7\u00e3o - Portal Tela Portugal\" \/>\n<meta property=\"og:description\" content=\"Montenegro condena os ataques iranianos, descrevendo-os como injustific\u00e1veis. O governo montenegrino solicita m\u00e1xima conten\u00e7\u00e3o por todas as partes envolvidas. A posi\u00e7\u00e3o foi comunicada publicamente, sem apontar culpados espec\u00edficos no momento. A not\u00edcia completa est\u00e1 acess\u00edvel apenas para subscritores. N\u00e3o foram divulgados detalhes adicionais sobre o incidente nem sobre poss\u00edveis consequ\u00eancias diplom\u00e1ticas.\" \/>\n<meta property=\"og:url\" content=\"https:\/\/portaltela.pt\/noticias\/2026\/02\/28\/montenegro-condena-ataques-iranianos-e-apela-a-maxima-contencao\/\" \/>\n<meta property=\"og:site_name\" content=\"Portal Tela Portugal\" \/>\n<meta property=\"article:published_time\" content=\"2026-02-28T17:29:00+00:00\" \/>\n<meta name=\"author\" content=\"Telinha\" \/>\n<meta name=\"twitter:card\" content=\"summary_large_image\" \/>\n<meta name=\"twitter:label1\" content=\"Escrito por\" \/>\n\t<meta name=\"twitter:data1\" content=\"Telinha\" \/>\n\t<meta name=\"twitter:label2\" content=\"Tempo estimado de leitura\" \/>\n\t<meta name=\"twitter:data2\" content=\"1 minuto\" \/>\n<script type=\"application\/ld+json\" class=\"yoast-schema-graph\">{\"@context\":\"https:\/\/schema.org\",\"@graph\":[{\"@type\":\"Article\",\"@id\":\"https:\/\/portaltela.pt\/noticias\/2026\/02\/28\/montenegro-condena-ataques-iranianos-e-apela-a-maxima-contencao\/#article\",\"isPartOf\":{\"@id\":\"https:\/\/portaltela.pt\/noticias\/2026\/02\/28\/montenegro-condena-ataques-iranianos-e-apela-a-maxima-contencao\/\"},\"author\":{\"name\":\"Telinha\",\"@id\":\"https:\/\/portaltela.pt\/#\/schema\/person\/c4278d4a6028830caff9ee44b42d32ed\"},\"headline\":\"Montenegro condena ataques iranianos e apela \u00e0 m\u00e1xima conten\u00e7\u00e3o\",\"datePublished\":\"2026-02-28T17:29:00+00:00\",\"mainEntityOfPage\":{\"@id\":\"https:\/\/portaltela.pt\/noticias\/2026\/02\/28\/montenegro-condena-ataques-iranianos-e-apela-a-maxima-contencao\/\"},\"wordCount\":113,\"image\":{\"@id\":\"https:\/\/portaltela.pt\/noticias\/2026\/02\/28\/montenegro-condena-ataques-iranianos-e-apela-a-maxima-contencao\/#primaryimage\"},\"thumbnailUrl\":\"https:\/\/portaltela.pt\/s.01k8rhncp4jt1\/2026\/02\/CACHE_780X1200_ANALOG_WATERMARKED_46653592_3977140_27022026041723-1.jpg\",\"keywords\":[\"condena\u00e7\u00f5es\",\"conflito internacional\",\"diplomacia\",\"\u00cdr\u00e1n\",\"Montenegro\",\"seguran\u00e7a internacional\"],\"articleSection\":[\"Internacional\",\"Not\u00edcias\"],\"inLanguage\":\"pt-PT\"},{\"@type\":\"WebPage\",\"@id\":\"https:\/\/portaltela.pt\/noticias\/2026\/02\/28\/montenegro-condena-ataques-iranianos-e-apela-a-maxima-contencao\/\",\"url\":\"https:\/\/portaltela.pt\/noticias\/2026\/02\/28\/montenegro-condena-ataques-iranianos-e-apela-a-maxima-contencao\/\",\"name\":\"Montenegro condena ataques iranianos e apela \u00e0 m\u00e1xima conten\u00e7\u00e3o - Portal Tela Portugal\",\"isPartOf\":{\"@id\":\"https:\/\/portaltela.pt\/#website\"},\"primaryImageOfPage\":{\"@id\":\"https:\/\/portaltela.pt\/noticias\/2026\/02\/28\/montenegro-condena-ataques-iranianos-e-apela-a-maxima-contencao\/#primaryimage\"},\"image\":{\"@id\":\"https:\/\/portaltela.pt\/noticias\/2026\/02\/28\/montenegro-condena-ataques-iranianos-e-apela-a-maxima-contencao\/#primaryimage\"},\"thumbnailUrl\":\"https:\/\/portaltela.pt\/s.01k8rhncp4jt1\/2026\/02\/CACHE_780X1200_ANALOG_WATERMARKED_46653592_3977140_27022026041723-1.jpg\",\"datePublished\":\"2026-02-28T17:29:00+00:00\",\"author\":{\"@id\":\"https:\/\/portaltela.pt\/#\/schema\/person\/c4278d4a6028830caff9ee44b42d32ed\"},\"breadcrumb\":{\"@id\":\"https:\/\/portaltela.pt\/noticias\/2026\/02\/28\/montenegro-condena-ataques-iranianos-e-apela-a-maxima-contencao\/#breadcrumb\"},\"inLanguage\":\"pt-PT\",\"potentialAction\":[{\"@type\":\"ReadAction\",\"target\":[\"https:\/\/portaltela.pt\/noticias\/2026\/02\/28\/montenegro-condena-ataques-iranianos-e-apela-a-maxima-contencao\/\"]}]},{\"@type\":\"ImageObject\",\"inLanguage\":\"pt-PT\",\"@id\":\"https:\/\/portaltela.pt\/noticias\/2026\/02\/28\/montenegro-condena-ataques-iranianos-e-apela-a-maxima-contencao\/#primaryimage\",\"url\":\"https:\/\/portaltela.pt\/s.01k8rhncp4jt1\/2026\/02\/CACHE_780X1200_ANALOG_WATERMARKED_46653592_3977140_27022026041723-1.jpg\",\"contentUrl\":\"https:\/\/portaltela.pt\/s.01k8rhncp4jt1\/2026\/02\/CACHE_780X1200_ANALOG_WATERMARKED_46653592_3977140_27022026041723-1.jpg\",\"width\":796,\"height\":448,\"caption\":\"Montenegro condena \u201cinjustific\u00e1veis ataques\u201d iranianos e apela \u00e0 \u201cm\u00e1xima conten\u00e7\u00e3o\u201d\"},{\"@type\":\"BreadcrumbList\",\"@id\":\"https:\/\/portaltela.pt\/noticias\/2026\/02\/28\/montenegro-condena-ataques-iranianos-e-apela-a-maxima-contencao\/#breadcrumb\",\"itemListElement\":[{\"@type\":\"ListItem\",\"position\":1,\"name\":\"In\u00edcio\",\"item\":\"https:\/\/portaltela.pt\/\"},{\"@type\":\"ListItem\",\"position\":2,\"name\":\"Montenegro condena ataques iranianos e apela \u00e0 m\u00e1xima conten\u00e7\u00e3o\"}]},{\"@type\":\"WebSite\",\"@id\":\"https:\/\/portaltela.pt\/#website\",\"url\":\"https:\/\/portaltela.pt\/\",\"name\":\"Portal Tela Portugal\",\"description\":\"\",\"potentialAction\":[{\"@type\":\"SearchAction\",\"target\":{\"@type\":\"EntryPoint\",\"urlTemplate\":\"https:\/\/portaltela.pt\/?s={search_term_string}\"},\"query-input\":{\"@type\":\"PropertyValueSpecification\",\"valueRequired\":true,\"valueName\":\"search_term_string\"}}],\"inLanguage\":\"pt-PT\"},{\"@type\":\"Person\",\"@id\":\"https:\/\/portaltela.pt\/#\/schema\/person\/c4278d4a6028830caff9ee44b42d32ed\",\"name\":\"Telinha\",\"image\":{\"@type\":\"ImageObject\",\"inLanguage\":\"pt-PT\",\"@id\":\"https:\/\/portaltela.pt\/s.01k8rhncp4jt1\/2025\/11\/talking-bot-125x125.png\",\"url\":\"https:\/\/portaltela.pt\/s.01k8rhncp4jt1\/2025\/11\/talking-bot-125x125.png\",\"contentUrl\":\"https:\/\/portaltela.pt\/s.01k8rhncp4jt1\/2025\/11\/talking-bot-125x125.png\",\"caption\":\"Telinha\"},\"sameAs\":[\"https:\/\/portaltela.pt\/\"],\"url\":\"https:\/\/portaltela.pt\/por\/367410592786\/\"}]}<\/script>\n<!-- \/ Yoast SEO plugin. -->","yoast_head_json":{"title":"Montenegro condena ataques iranianos e apela \u00e0 m\u00e1xima conten\u00e7\u00e3o - Portal Tela Portugal","robots":{"index":"index","follow":"follow","max-snippet":"max-snippet:-1","max-image-preview":"max-image-preview:large","max-video-preview":"max-video-preview:-1"},"og_locale":"pt_PT","og_type":"article","og_title":"Montenegro condena ataques iranianos e apela \u00e0 m\u00e1xima conten\u00e7\u00e3o - Portal Tela Portugal","og_description":"Montenegro condena os ataques iranianos, descrevendo-os como injustific\u00e1veis. O governo montenegrino solicita m\u00e1xima conten\u00e7\u00e3o por todas as partes envolvidas. A posi\u00e7\u00e3o foi comunicada publicamente, sem apontar culpados espec\u00edficos no momento. A not\u00edcia completa est\u00e1 acess\u00edvel apenas para subscritores. N\u00e3o foram divulgados detalhes adicionais sobre o incidente nem sobre poss\u00edveis consequ\u00eancias diplom\u00e1ticas.","og_url":"https:\/\/portaltela.pt\/noticias\/2026\/02\/28\/montenegro-condena-ataques-iranianos-e-apela-a-maxima-contencao\/","og_site_name":"Portal Tela Portugal","article_published_time":"2026-02-28T17:29:00+00:00","author":"Telinha","twitter_card":"summary_large_image","twitter_misc":{"Escrito por":"Telinha","Tempo estimado de leitura":"1 minuto"},"schema":{"@context":"https:\/\/schema.org","@graph":[{"@type":"Article","@id":"https:\/\/portaltela.pt\/noticias\/2026\/02\/28\/montenegro-condena-ataques-iranianos-e-apela-a-maxima-contencao\/#article","isPartOf":{"@id":"https:\/\/portaltela.pt\/noticias\/2026\/02\/28\/montenegro-condena-ataques-iranianos-e-apela-a-maxima-contencao\/"},"author":{"name":"Telinha","@id":"https:\/\/portaltela.pt\/#\/schema\/person\/c4278d4a6028830caff9ee44b42d32ed"},"headline":"Montenegro condena ataques iranianos e apela \u00e0 m\u00e1xima conten\u00e7\u00e3o","datePublished":"2026-02-28T17:29:00+00:00","mainEntityOfPage":{"@id":"https:\/\/portaltela.pt\/noticias\/2026\/02\/28\/montenegro-condena-ataques-iranianos-e-apela-a-maxima-contencao\/"},"wordCount":113,"image":{"@id":"https:\/\/portaltela.pt\/noticias\/2026\/02\/28\/montenegro-condena-ataques-iranianos-e-apela-a-maxima-contencao\/#primaryimage"},"thumbnailUrl":"https:\/\/portaltela.pt\/s.01k8rhncp4jt1\/2026\/02\/CACHE_780X1200_ANALOG_WATERMARKED_46653592_3977140_27022026041723-1.jpg","keywords":["condena\u00e7\u00f5es","conflito internacional","diplomacia","\u00cdr\u00e1n","Montenegro","seguran\u00e7a internacional"],"articleSection":["Internacional","Not\u00edcias"],"inLanguage":"pt-PT"},{"@type":"WebPage","@id":"https:\/\/portaltela.pt\/noticias\/2026\/02\/28\/montenegro-condena-ataques-iranianos-e-apela-a-maxima-contencao\/","url":"https:\/\/portaltela.pt\/noticias\/2026\/02\/28\/montenegro-condena-ataques-iranianos-e-apela-a-maxima-contencao\/","name":"Montenegro condena ataques iranianos e apela \u00e0 m\u00e1xima conten\u00e7\u00e3o - Portal Tela Portugal","isPartOf":{"@id":"https:\/\/portaltela.pt\/#website"},"primaryImageOfPage":{"@id":"https:\/\/portaltela.pt\/noticias\/2026\/02\/28\/montenegro-condena-ataques-iranianos-e-apela-a-maxima-contencao\/#primaryimage"},"image":{"@id":"https:\/\/portaltela.pt\/noticias\/2026\/02\/28\/montenegro-condena-ataques-iranianos-e-apela-a-maxima-contencao\/#primaryimage"},"thumbnailUrl":"https:\/\/portaltela.pt\/s.01k8rhncp4jt1\/2026\/02\/CACHE_780X1200_ANALOG_WATERMARKED_46653592_3977140_27022026041723-1.jpg","datePublished":"2026-02-28T17:29:00+00:00","author":{"@id":"https:\/\/portaltela.pt\/#\/schema\/person\/c4278d4a6028830caff9ee44b42d32ed"},"breadcrumb":{"@id":"https:\/\/portaltela.pt\/noticias\/2026\/02\/28\/montenegro-condena-ataques-iranianos-e-apela-a-maxima-contencao\/#breadcrumb"},"inLanguage":"pt-PT","potentialAction":[{"@type":"ReadAction","target":["https:\/\/portaltela.pt\/noticias\/2026\/02\/28\/montenegro-condena-ataques-iranianos-e-apela-a-maxima-contencao\/"]}]},{"@type":"ImageObject","inLanguage":"pt-PT","@id":"https:\/\/portaltela.pt\/noticias\/2026\/02\/28\/montenegro-condena-ataques-iranianos-e-apela-a-maxima-contencao\/#primaryimage","url":"https:\/\/portaltela.pt\/s.01k8rhncp4jt1\/2026\/02\/CACHE_780X1200_ANALOG_WATERMARKED_46653592_3977140_27022026041723-1.jpg","contentUrl":"https:\/\/portaltela.pt\/s.01k8rhncp4jt1\/2026\/02\/CACHE_780X1200_ANALOG_WATERMARKED_46653592_3977140_27022026041723-1.jpg","width":796,"height":448,"caption":"Montenegro condena \u201cinjustific\u00e1veis ataques\u201d iranianos e apela \u00e0 \u201cm\u00e1xima conten\u00e7\u00e3o\u201d"},{"@type":"BreadcrumbList","@id":"https:\/\/portaltela.pt\/noticias\/2026\/02\/28\/montenegro-condena-ataques-iranianos-e-apela-a-maxima-contencao\/#breadcrumb","itemListElement":[{"@type":"ListItem","position":1,"name":"In\u00edcio","item":"https:\/\/portaltela.pt\/"},{"@type":"ListItem","position":2,"name":"Montenegro condena ataques iranianos e apela \u00e0 m\u00e1xima conten\u00e7\u00e3o"}]},{"@type":"WebSite","@id":"https:\/\/portaltela.pt\/#website","url":"https:\/\/portaltela.pt\/","name":"Portal Tela Portugal","description":"","potentialAction":[{"@type":"SearchAction","target":{"@type":"EntryPoint","urlTemplate":"https:\/\/portaltela.pt\/?s={search_term_string}"},"query-input":{"@type":"PropertyValueSpecification","valueRequired":true,"valueName":"search_term_string"}}],"inLanguage":"pt-PT"},{"@type":"Person","@id":"https:\/\/portaltela.pt\/#\/schema\/person\/c4278d4a6028830caff9ee44b42d32ed","name":"Telinha","image":{"@type":"ImageObject","inLanguage":"pt-PT","@id":"https:\/\/portaltela.pt\/s.01k8rhncp4jt1\/2025\/11\/talking-bot-125x125.png","url":"https:\/\/portaltela.pt\/s.01k8rhncp4jt1\/2025\/11\/talking-bot-125x125.png","contentUrl":"https:\/\/portaltela.pt\/s.01k8rhncp4jt1\/2025\/11\/talking-bot-125x125.png","caption":"Telinha"},"sameAs":["https:\/\/portaltela.pt\/"],"url":"https:\/\/portaltela.pt\/por\/367410592786\/"}]}},"_links":{"self":[{"href":"https:\/\/portaltela.pt\/api\/wp\/v2\/posts\/392440","targetHints":{"allow":["GET"]}}],"collection":[{"href":"https:\/\/portaltela.pt\/api\/wp\/v2\/posts"}],"about":[{"href":"https:\/\/portaltela.pt\/api\/wp\/v2\/types\/post"}],"author":[{"embeddable":true,"href":"https:\/\/portaltela.pt\/api\/wp\/v2\/users\/2"}],"replies":[{"embeddable":true,"href":"https:\/\/portaltela.pt\/api\/wp\/v2\/comments?post=392440"}],"version-history":[{"count":0,"href":"https:\/\/portaltela.pt\/api\/wp\/v2\/posts\/392440\/revisions"}],"wp:featuredmedia":[{"embeddable":true,"href":"https:\/\/portaltela.pt\/api\/wp\/v2\/media\/392445"}],"wp:attachment":[{"href":"https:\/\/portaltela.pt\/api\/wp\/v2\/media?parent=392440"}],"wp:term":[{"taxonomy":"category","embeddable":true,"href":"https:\/\/portaltela.pt\/api\/wp\/v2\/categories?post=392440"},{"taxonomy":"post_tag","embeddable":true,"href":"https:\/\/portaltela.pt\/api\/wp\/v2\/tags?post=392440"}],"curies":[{"name":"wp","href":"https:\/\/api.w.org\/{rel}","templated":true}]}}