{"id":392433,"date":"2026-02-28T14:10:00","date_gmt":"2026-02-28T17:10:00","guid":{"rendered":"https:\/\/portaltela.pt\/noticias\/2026\/02\/28\/paul-seixas-ataca-a-40-km-da-meta-para-vencer-a-classica-faun-ardeche\/"},"modified":"2026-02-28T14:10:00","modified_gmt":"2026-02-28T17:10:00","slug":"paul-seixas-ataca-a-40-km-da-meta-para-vencer-a-classica-faun-ardeche","status":"publish","type":"post","link":"https:\/\/portaltela.pt\/desporto\/2026\/02\/28\/paul-seixas-ataca-a-40-km-da-meta-para-vencer-a-classica-faun-ardeche\/","title":{"rendered":"Paul Seixas ataca a 40 km da meta para vencer a cl\u00e1ssica Faun Ard\u00e8che"},"content":{"rendered":"<p>O ciclista portugu\u00eas Ant\u00f3nio Morgado (UAE Emirates) terminou a cl\u00e1ssica Faun Ard\u00e8che, em Fran\u00e7a, este s\u00e1bado, na 47.\u00aa posi\u00e7\u00e3o, ap\u00f3s a prova vencida por Paul Seixas (Decathlon) gra\u00e7as a uma fuga lan\u00e7ada a 40 quil\u00f3metros da meta.<\/p>\n<p>Seixas, com 19 anos, venceu os 187,6 quil\u00f3metros entre Guilherand-Granges com uma vantagem de 1,48 minutos sobre o su\u00ed\u00e7o Jan Christen, colega de Morgado na UAE Emirates, e sobre o franc\u00eas Lenny Martinez (Bahrain-Victorious), que completou o p\u00f3dio.<\/p>\n<p>O compatriota de Morgado cruzou a linha de meta oito minutos e quarenta segundos depois do vencedor, mantendo-se assim fora do grupo da frente que chegou com Seixas.<\/p>\n<p>Na semana anterior, Seixas tinha j\u00e1 garantido a vit\u00f3ria na segunda etapa da Volta ao Algarve de 2026, terminando no segundo lugar da classifica\u00e7\u00e3o geral, atr\u00e1s do espanhol Juan Ayuso (Lidl-Trek).<\/p>\n","protected":false},"excerpt":{"rendered":"<ul>\n<li>A cl\u00e1ssica Faun Ard\u00e8che, com partida e chegada em Guilherand-Granges, Fran\u00e7a, teve 187,6 quil\u00f3metros.<\/li>\n<li>O vencedor foi o franc\u00eas Paul Seixas (Decathlon), com uma fuga a 40 quil\u00f3metros da meta, vencendo por 1,48 minutos.<\/li>\n<li>Em segundo ficou o su\u00ed\u00e7o Jan Christen, colega de Ant\u00f3nio Morgado na UAE Emirates, e em terceiro chegou o franc\u00eas Lenny Martinez (Bahrain-Victorious).<\/li>\n<li>O ciclista portugu\u00eas Ant\u00f3nio Morgado terminou na 47.\u00aa posi\u00e7\u00e3o, a 8,40 minutos do vencedor.<\/li>\n<li>Paul Seixas, de 19 anos, soma a segunda vit\u00f3ria da carreira, ap\u00f3s ter vencido, h\u00e1 uma semana, a segunda etapa da Volta ao Algarve de 2026, terminando no segundo lugar da classifica\u00e7\u00e3o geral.<\/li>\n<\/ul>\n","protected":false},"author":2,"featured_media":392438,"comment_status":"closed","ping_status":"closed","sticky":false,"template":"","format":"standard","meta":{"footnotes":""},"categories":[21],"tags":[5899,923,152,6236,1014,4375],"class_list":["post-392433","post","type-post","status-publish","format-standard","has-post-thumbnail","hentry","category-desporto","tag-a-uae-emirates","tag-ciclismo","tag-desporto","tag-paul-seixas","tag-portugal","tag-volta-ao-algarve"],"yoast_head":"<!-- This site is optimized with the Yoast SEO plugin v27.2 - https:\/\/yoast.com\/product\/yoast-seo-wordpress\/ -->\n<title>Paul Seixas ataca a 40 km da meta para vencer a cl\u00e1ssica Faun Ard\u00e8che - Portal Tela Portugal<\/title>\n<meta name=\"robots\" content=\"index, follow, max-snippet:-1, max-image-preview:large, max-video-preview:-1\" \/>\n<meta property=\"og:locale\" content=\"pt_PT\" \/>\n<meta property=\"og:type\" content=\"article\" \/>\n<meta property=\"og:title\" content=\"Paul Seixas ataca a 40 km da meta para vencer a cl\u00e1ssica Faun Ard\u00e8che - Portal Tela Portugal\" \/>\n<meta property=\"og:description\" content=\"A cl\u00e1ssica Faun Ard\u00e8che, com partida e chegada em Guilherand-Granges, Fran\u00e7a, teve 187,6 quil\u00f3metros. O vencedor foi o franc\u00eas Paul Seixas (Decathlon), com uma fuga a 40 quil\u00f3metros da meta, vencendo por 1,48 minutos. Em segundo ficou o su\u00ed\u00e7o Jan Christen, colega de Ant\u00f3nio Morgado na UAE Emirates, e em terceiro chegou o franc\u00eas Lenny Martinez (Bahrain-Victorious). O ciclista portugu\u00eas Ant\u00f3nio Morgado terminou na 47.\u00aa posi\u00e7\u00e3o, a 8,40 minutos do vencedor. Paul Seixas, de 19 anos, soma a segunda vit\u00f3ria da carreira, ap\u00f3s ter vencido, h\u00e1 uma semana, a segunda etapa da Volta ao Algarve de 2026, terminando no segundo lugar da classifica\u00e7\u00e3o geral.\" \/>\n<meta property=\"og:url\" content=\"https:\/\/portaltela.pt\/noticias\/2026\/02\/28\/paul-seixas-ataca-a-40-km-da-meta-para-vencer-a-classica-faun-ardeche\/\" \/>\n<meta property=\"og:site_name\" content=\"Portal Tela Portugal\" \/>\n<meta property=\"article:published_time\" content=\"2026-02-28T17:10:00+00:00\" \/>\n<meta name=\"author\" content=\"Telinha\" \/>\n<meta name=\"twitter:card\" content=\"summary_large_image\" \/>\n<meta name=\"twitter:label1\" content=\"Escrito por\" \/>\n\t<meta name=\"twitter:data1\" content=\"Telinha\" \/>\n\t<meta name=\"twitter:label2\" content=\"Tempo estimado de leitura\" \/>\n\t<meta name=\"twitter:data2\" content=\"1 minuto\" \/>\n<script type=\"application\/ld+json\" class=\"yoast-schema-graph\">{\"@context\":\"https:\/\/schema.org\",\"@graph\":[{\"@type\":\"Article\",\"@id\":\"https:\/\/portaltela.pt\/noticias\/2026\/02\/28\/paul-seixas-ataca-a-40-km-da-meta-para-vencer-a-classica-faun-ardeche\/#article\",\"isPartOf\":{\"@id\":\"https:\/\/portaltela.pt\/noticias\/2026\/02\/28\/paul-seixas-ataca-a-40-km-da-meta-para-vencer-a-classica-faun-ardeche\/\"},\"author\":{\"name\":\"Telinha\",\"@id\":\"https:\/\/portaltela.pt\/#\/schema\/person\/c4278d4a6028830caff9ee44b42d32ed\"},\"headline\":\"Paul Seixas ataca a 40 km da meta para vencer a cl\u00e1ssica Faun Ard\u00e8che\",\"datePublished\":\"2026-02-28T17:10:00+00:00\",\"mainEntityOfPage\":{\"@id\":\"https:\/\/portaltela.pt\/noticias\/2026\/02\/28\/paul-seixas-ataca-a-40-km-da-meta-para-vencer-a-classica-faun-ardeche\/\"},\"wordCount\":161,\"image\":{\"@id\":\"https:\/\/portaltela.pt\/noticias\/2026\/02\/28\/paul-seixas-ataca-a-40-km-da-meta-para-vencer-a-classica-faun-ardeche\/#primaryimage\"},\"thumbnailUrl\":\"https:\/\/portaltela.pt\/s.01k8rhncp4jt1\/2026\/02\/img_920x518uu2026-02-14-16-23-42-2421554-1.jpg\",\"keywords\":[\"A UAE Emirates\",\"ciclismo\",\"desporto\",\"Paul Seixas\",\"Portugal\",\"Volta ao Algarve\"],\"articleSection\":[\"Desporto\"],\"inLanguage\":\"pt-PT\"},{\"@type\":\"WebPage\",\"@id\":\"https:\/\/portaltela.pt\/noticias\/2026\/02\/28\/paul-seixas-ataca-a-40-km-da-meta-para-vencer-a-classica-faun-ardeche\/\",\"url\":\"https:\/\/portaltela.pt\/noticias\/2026\/02\/28\/paul-seixas-ataca-a-40-km-da-meta-para-vencer-a-classica-faun-ardeche\/\",\"name\":\"Paul Seixas ataca a 40 km da meta para vencer a cl\u00e1ssica Faun Ard\u00e8che - Portal Tela Portugal\",\"isPartOf\":{\"@id\":\"https:\/\/portaltela.pt\/#website\"},\"primaryImageOfPage\":{\"@id\":\"https:\/\/portaltela.pt\/noticias\/2026\/02\/28\/paul-seixas-ataca-a-40-km-da-meta-para-vencer-a-classica-faun-ardeche\/#primaryimage\"},\"image\":{\"@id\":\"https:\/\/portaltela.pt\/noticias\/2026\/02\/28\/paul-seixas-ataca-a-40-km-da-meta-para-vencer-a-classica-faun-ardeche\/#primaryimage\"},\"thumbnailUrl\":\"https:\/\/portaltela.pt\/s.01k8rhncp4jt1\/2026\/02\/img_920x518uu2026-02-14-16-23-42-2421554-1.jpg\",\"datePublished\":\"2026-02-28T17:10:00+00:00\",\"author\":{\"@id\":\"https:\/\/portaltela.pt\/#\/schema\/person\/c4278d4a6028830caff9ee44b42d32ed\"},\"breadcrumb\":{\"@id\":\"https:\/\/portaltela.pt\/noticias\/2026\/02\/28\/paul-seixas-ataca-a-40-km-da-meta-para-vencer-a-classica-faun-ardeche\/#breadcrumb\"},\"inLanguage\":\"pt-PT\",\"potentialAction\":[{\"@type\":\"ReadAction\",\"target\":[\"https:\/\/portaltela.pt\/noticias\/2026\/02\/28\/paul-seixas-ataca-a-40-km-da-meta-para-vencer-a-classica-faun-ardeche\/\"]}]},{\"@type\":\"ImageObject\",\"inLanguage\":\"pt-PT\",\"@id\":\"https:\/\/portaltela.pt\/noticias\/2026\/02\/28\/paul-seixas-ataca-a-40-km-da-meta-para-vencer-a-classica-faun-ardeche\/#primaryimage\",\"url\":\"https:\/\/portaltela.pt\/s.01k8rhncp4jt1\/2026\/02\/img_920x518uu2026-02-14-16-23-42-2421554-1.jpg\",\"contentUrl\":\"https:\/\/portaltela.pt\/s.01k8rhncp4jt1\/2026\/02\/img_920x518uu2026-02-14-16-23-42-2421554-1.jpg\",\"width\":796,\"height\":448,\"caption\":\"Ant\u00f3nio Morgado em 47.\u00ba lugar na cl\u00e1ssica Faun Ard\u00e8che\"},{\"@type\":\"BreadcrumbList\",\"@id\":\"https:\/\/portaltela.pt\/noticias\/2026\/02\/28\/paul-seixas-ataca-a-40-km-da-meta-para-vencer-a-classica-faun-ardeche\/#breadcrumb\",\"itemListElement\":[{\"@type\":\"ListItem\",\"position\":1,\"name\":\"In\u00edcio\",\"item\":\"https:\/\/portaltela.pt\/\"},{\"@type\":\"ListItem\",\"position\":2,\"name\":\"Paul Seixas ataca a 40 km da meta para vencer a cl\u00e1ssica Faun Ard\u00e8che\"}]},{\"@type\":\"WebSite\",\"@id\":\"https:\/\/portaltela.pt\/#website\",\"url\":\"https:\/\/portaltela.pt\/\",\"name\":\"Portal Tela Portugal\",\"description\":\"\",\"potentialAction\":[{\"@type\":\"SearchAction\",\"target\":{\"@type\":\"EntryPoint\",\"urlTemplate\":\"https:\/\/portaltela.pt\/?s={search_term_string}\"},\"query-input\":{\"@type\":\"PropertyValueSpecification\",\"valueRequired\":true,\"valueName\":\"search_term_string\"}}],\"inLanguage\":\"pt-PT\"},{\"@type\":\"Person\",\"@id\":\"https:\/\/portaltela.pt\/#\/schema\/person\/c4278d4a6028830caff9ee44b42d32ed\",\"name\":\"Telinha\",\"image\":{\"@type\":\"ImageObject\",\"inLanguage\":\"pt-PT\",\"@id\":\"https:\/\/portaltela.pt\/s.01k8rhncp4jt1\/2025\/11\/talking-bot-125x125.png\",\"url\":\"https:\/\/portaltela.pt\/s.01k8rhncp4jt1\/2025\/11\/talking-bot-125x125.png\",\"contentUrl\":\"https:\/\/portaltela.pt\/s.01k8rhncp4jt1\/2025\/11\/talking-bot-125x125.png\",\"caption\":\"Telinha\"},\"sameAs\":[\"https:\/\/portaltela.pt\/\"],\"url\":\"https:\/\/portaltela.pt\/por\/367410592786\/\"}]}<\/script>\n<!-- \/ Yoast SEO plugin. -->","yoast_head_json":{"title":"Paul Seixas ataca a 40 km da meta para vencer a cl\u00e1ssica Faun Ard\u00e8che - Portal Tela Portugal","robots":{"index":"index","follow":"follow","max-snippet":"max-snippet:-1","max-image-preview":"max-image-preview:large","max-video-preview":"max-video-preview:-1"},"og_locale":"pt_PT","og_type":"article","og_title":"Paul Seixas ataca a 40 km da meta para vencer a cl\u00e1ssica Faun Ard\u00e8che - Portal Tela Portugal","og_description":"A cl\u00e1ssica Faun Ard\u00e8che, com partida e chegada em Guilherand-Granges, Fran\u00e7a, teve 187,6 quil\u00f3metros. O vencedor foi o franc\u00eas Paul Seixas (Decathlon), com uma fuga a 40 quil\u00f3metros da meta, vencendo por 1,48 minutos. Em segundo ficou o su\u00ed\u00e7o Jan Christen, colega de Ant\u00f3nio Morgado na UAE Emirates, e em terceiro chegou o franc\u00eas Lenny Martinez (Bahrain-Victorious). O ciclista portugu\u00eas Ant\u00f3nio Morgado terminou na 47.\u00aa posi\u00e7\u00e3o, a 8,40 minutos do vencedor. Paul Seixas, de 19 anos, soma a segunda vit\u00f3ria da carreira, ap\u00f3s ter vencido, h\u00e1 uma semana, a segunda etapa da Volta ao Algarve de 2026, terminando no segundo lugar da classifica\u00e7\u00e3o geral.","og_url":"https:\/\/portaltela.pt\/noticias\/2026\/02\/28\/paul-seixas-ataca-a-40-km-da-meta-para-vencer-a-classica-faun-ardeche\/","og_site_name":"Portal Tela Portugal","article_published_time":"2026-02-28T17:10:00+00:00","author":"Telinha","twitter_card":"summary_large_image","twitter_misc":{"Escrito por":"Telinha","Tempo estimado de leitura":"1 minuto"},"schema":{"@context":"https:\/\/schema.org","@graph":[{"@type":"Article","@id":"https:\/\/portaltela.pt\/noticias\/2026\/02\/28\/paul-seixas-ataca-a-40-km-da-meta-para-vencer-a-classica-faun-ardeche\/#article","isPartOf":{"@id":"https:\/\/portaltela.pt\/noticias\/2026\/02\/28\/paul-seixas-ataca-a-40-km-da-meta-para-vencer-a-classica-faun-ardeche\/"},"author":{"name":"Telinha","@id":"https:\/\/portaltela.pt\/#\/schema\/person\/c4278d4a6028830caff9ee44b42d32ed"},"headline":"Paul Seixas ataca a 40 km da meta para vencer a cl\u00e1ssica Faun Ard\u00e8che","datePublished":"2026-02-28T17:10:00+00:00","mainEntityOfPage":{"@id":"https:\/\/portaltela.pt\/noticias\/2026\/02\/28\/paul-seixas-ataca-a-40-km-da-meta-para-vencer-a-classica-faun-ardeche\/"},"wordCount":161,"image":{"@id":"https:\/\/portaltela.pt\/noticias\/2026\/02\/28\/paul-seixas-ataca-a-40-km-da-meta-para-vencer-a-classica-faun-ardeche\/#primaryimage"},"thumbnailUrl":"https:\/\/portaltela.pt\/s.01k8rhncp4jt1\/2026\/02\/img_920x518uu2026-02-14-16-23-42-2421554-1.jpg","keywords":["A UAE Emirates","ciclismo","desporto","Paul Seixas","Portugal","Volta ao Algarve"],"articleSection":["Desporto"],"inLanguage":"pt-PT"},{"@type":"WebPage","@id":"https:\/\/portaltela.pt\/noticias\/2026\/02\/28\/paul-seixas-ataca-a-40-km-da-meta-para-vencer-a-classica-faun-ardeche\/","url":"https:\/\/portaltela.pt\/noticias\/2026\/02\/28\/paul-seixas-ataca-a-40-km-da-meta-para-vencer-a-classica-faun-ardeche\/","name":"Paul Seixas ataca a 40 km da meta para vencer a cl\u00e1ssica Faun Ard\u00e8che - Portal Tela Portugal","isPartOf":{"@id":"https:\/\/portaltela.pt\/#website"},"primaryImageOfPage":{"@id":"https:\/\/portaltela.pt\/noticias\/2026\/02\/28\/paul-seixas-ataca-a-40-km-da-meta-para-vencer-a-classica-faun-ardeche\/#primaryimage"},"image":{"@id":"https:\/\/portaltela.pt\/noticias\/2026\/02\/28\/paul-seixas-ataca-a-40-km-da-meta-para-vencer-a-classica-faun-ardeche\/#primaryimage"},"thumbnailUrl":"https:\/\/portaltela.pt\/s.01k8rhncp4jt1\/2026\/02\/img_920x518uu2026-02-14-16-23-42-2421554-1.jpg","datePublished":"2026-02-28T17:10:00+00:00","author":{"@id":"https:\/\/portaltela.pt\/#\/schema\/person\/c4278d4a6028830caff9ee44b42d32ed"},"breadcrumb":{"@id":"https:\/\/portaltela.pt\/noticias\/2026\/02\/28\/paul-seixas-ataca-a-40-km-da-meta-para-vencer-a-classica-faun-ardeche\/#breadcrumb"},"inLanguage":"pt-PT","potentialAction":[{"@type":"ReadAction","target":["https:\/\/portaltela.pt\/noticias\/2026\/02\/28\/paul-seixas-ataca-a-40-km-da-meta-para-vencer-a-classica-faun-ardeche\/"]}]},{"@type":"ImageObject","inLanguage":"pt-PT","@id":"https:\/\/portaltela.pt\/noticias\/2026\/02\/28\/paul-seixas-ataca-a-40-km-da-meta-para-vencer-a-classica-faun-ardeche\/#primaryimage","url":"https:\/\/portaltela.pt\/s.01k8rhncp4jt1\/2026\/02\/img_920x518uu2026-02-14-16-23-42-2421554-1.jpg","contentUrl":"https:\/\/portaltela.pt\/s.01k8rhncp4jt1\/2026\/02\/img_920x518uu2026-02-14-16-23-42-2421554-1.jpg","width":796,"height":448,"caption":"Ant\u00f3nio Morgado em 47.\u00ba lugar na cl\u00e1ssica Faun Ard\u00e8che"},{"@type":"BreadcrumbList","@id":"https:\/\/portaltela.pt\/noticias\/2026\/02\/28\/paul-seixas-ataca-a-40-km-da-meta-para-vencer-a-classica-faun-ardeche\/#breadcrumb","itemListElement":[{"@type":"ListItem","position":1,"name":"In\u00edcio","item":"https:\/\/portaltela.pt\/"},{"@type":"ListItem","position":2,"name":"Paul Seixas ataca a 40 km da meta para vencer a cl\u00e1ssica Faun Ard\u00e8che"}]},{"@type":"WebSite","@id":"https:\/\/portaltela.pt\/#website","url":"https:\/\/portaltela.pt\/","name":"Portal Tela Portugal","description":"","potentialAction":[{"@type":"SearchAction","target":{"@type":"EntryPoint","urlTemplate":"https:\/\/portaltela.pt\/?s={search_term_string}"},"query-input":{"@type":"PropertyValueSpecification","valueRequired":true,"valueName":"search_term_string"}}],"inLanguage":"pt-PT"},{"@type":"Person","@id":"https:\/\/portaltela.pt\/#\/schema\/person\/c4278d4a6028830caff9ee44b42d32ed","name":"Telinha","image":{"@type":"ImageObject","inLanguage":"pt-PT","@id":"https:\/\/portaltela.pt\/s.01k8rhncp4jt1\/2025\/11\/talking-bot-125x125.png","url":"https:\/\/portaltela.pt\/s.01k8rhncp4jt1\/2025\/11\/talking-bot-125x125.png","contentUrl":"https:\/\/portaltela.pt\/s.01k8rhncp4jt1\/2025\/11\/talking-bot-125x125.png","caption":"Telinha"},"sameAs":["https:\/\/portaltela.pt\/"],"url":"https:\/\/portaltela.pt\/por\/367410592786\/"}]}},"_links":{"self":[{"href":"https:\/\/portaltela.pt\/api\/wp\/v2\/posts\/392433","targetHints":{"allow":["GET"]}}],"collection":[{"href":"https:\/\/portaltela.pt\/api\/wp\/v2\/posts"}],"about":[{"href":"https:\/\/portaltela.pt\/api\/wp\/v2\/types\/post"}],"author":[{"embeddable":true,"href":"https:\/\/portaltela.pt\/api\/wp\/v2\/users\/2"}],"replies":[{"embeddable":true,"href":"https:\/\/portaltela.pt\/api\/wp\/v2\/comments?post=392433"}],"version-history":[{"count":0,"href":"https:\/\/portaltela.pt\/api\/wp\/v2\/posts\/392433\/revisions"}],"wp:featuredmedia":[{"embeddable":true,"href":"https:\/\/portaltela.pt\/api\/wp\/v2\/media\/392438"}],"wp:attachment":[{"href":"https:\/\/portaltela.pt\/api\/wp\/v2\/media?parent=392433"}],"wp:term":[{"taxonomy":"category","embeddable":true,"href":"https:\/\/portaltela.pt\/api\/wp\/v2\/categories?post=392433"},{"taxonomy":"post_tag","embeddable":true,"href":"https:\/\/portaltela.pt\/api\/wp\/v2\/tags?post=392433"}],"curies":[{"name":"wp","href":"https:\/\/api.w.org\/{rel}","templated":true}]}}