{"id":392372,"date":"2026-02-28T13:25:51","date_gmt":"2026-02-28T16:25:51","guid":{"rendered":"https:\/\/portaltela.pt\/noticias\/2026\/02\/28\/explosao-numa-fabrica-de-fogos-de-artificio-na-india-deixa-21-mortos\/"},"modified":"2026-02-28T13:25:51","modified_gmt":"2026-02-28T16:25:51","slug":"explosao-numa-fabrica-de-fogos-de-artificio-na-india-deixa-21-mortos","status":"publish","type":"post","link":"https:\/\/portaltela.pt\/noticias\/2026\/02\/28\/explosao-numa-fabrica-de-fogos-de-artificio-na-india-deixa-21-mortos\/","title":{"rendered":"Explos\u00e3o numa f\u00e1brica de fogos-de-artif\u00edcio na \u00cdndia deixa 21 mortos"},"content":{"rendered":"<p>O que aconteceu<\/p>\n<p>Uma explos\u00e3o numa f\u00e1brica de fogos-de-artif\u00edcio na \u00cdndia deixou pelo menos 21 mortos e oito feridos, segundo fontes locais. A explos\u00e3o ocorreu hoje na cidade de Kakinada, no estado de Andhra Pradesh, no sudeste do pa\u00eds. Estavam na f\u00e1brica cerca de 30 pessoas no momento do incidente.<\/p>\n<p>Quem est\u00e1 envolvido<\/p>\n<p>As informa\u00e7\u00f5es oficiais apontam para trabalhadores da f\u00e1brica de fogos-de-artif\u00edcio, cuja atividade \u00e9 regulamentada pelo governo estadual. A imprensa local cita o ministro do estado Kandula Durgesh, que confirmou o balan\u00e7o inicial de 21 mortos entre as cerca de 30 pessoas no local.<\/p>\n<p>Quando e onde<\/p>\n<p>O acidente teve lugar hoje, em Kakinada, Andhra Pradesh. N\u00e3o foram divulgadas causas oficiais ainda, mas as autoridades locais j\u00e1 acionaram equipas de emerg\u00eancia e investiga\u00e7\u00e3o preliminar. As opera\u00e7\u00f5es de resgate seguem em curso nas instala\u00e7\u00f5es da ind\u00fastria.<\/p>\n<p>Porqu\u00ea e desdobramentos<\/p>\n<p>A trag\u00e9dia levanta quest\u00f5es sobre a seguran\u00e7a em f\u00e1bricas de fogos-de-artif\u00edcio na regi\u00e3o. O primeiro-ministro da \u00cdndia, Narendra Modi, expressou condol\u00eancias pela perda de vidas atrav\u00e9s da rede social X. N\u00e3o foram fornecidos detalhes adicionais sobre per\u00edcias ou responsabiliza\u00e7\u00f5es neste momento.<\/p>\n<p>Investiga\u00e7\u00e3o e resposta<\/p>\n<p>As autoridades devem proceder \u00e0 avalia\u00e7\u00e3o das causas do incidente e \u00e0 verifica\u00e7\u00e3o de eventual falha de procedimentos de seguran\u00e7a. Equipes de resgate trabalham no local para contabilizar v\u00edtimas e apoiar familiares. Mais informa\u00e7\u00f5es ser\u00e3o divulgadas conforme os investigadores avancem.<\/p>\n","protected":false},"excerpt":{"rendered":"<ul>\n<li>Explos\u00e3o numa f\u00e1brica de fogos-de-artif\u00edcio na \u00cdndia fez 21 mortos e deixou oito feridos, com cerca de trinta trabalhadores na f\u00e1brica \u00e0 hora do acidente.<\/li>\n<li>O incidente aconteceu em Kakinada, no estado de Andhra Pradesh, no sudeste do pa\u00eds.<\/li>\n<li>O balan\u00e7o inicial aponta 21 \u00f3bitos entre as pessoas presentes no local.<\/li>\n<li>O primeiro-ministro, Narendra Modi, afirmou estar triste com a perda de vidas e apresentou condol\u00eancias via X.<\/li>\n<li>A informa\u00e7\u00e3o \u00e9 avan\u00e7ada pela Press Trust of India, citando o ministro Kandula Durgesh.<\/li>\n<\/ul>\n","protected":false},"author":2,"featured_media":392387,"comment_status":"closed","ping_status":"closed","sticky":false,"template":"","format":"standard","meta":{"footnotes":""},"categories":[1],"tags":[3256,3571,713,5470,250],"class_list":["post-392372","post","type-post","status-publish","format-standard","has-post-thumbnail","hentry","category-noticias","tag-acidentes","tag-explosoes","tag-fogos","tag-india","tag-seguranca-publica"],"yoast_head":"<!-- This site is optimized with the Yoast SEO plugin v27.2 - https:\/\/yoast.com\/product\/yoast-seo-wordpress\/ -->\n<title>Explos\u00e3o numa f\u00e1brica de fogos-de-artif\u00edcio na \u00cdndia deixa 21 mortos - Portal Tela Portugal<\/title>\n<meta name=\"robots\" content=\"index, follow, max-snippet:-1, max-image-preview:large, max-video-preview:-1\" \/>\n<meta property=\"og:locale\" content=\"pt_PT\" \/>\n<meta property=\"og:type\" content=\"article\" \/>\n<meta property=\"og:title\" content=\"Explos\u00e3o numa f\u00e1brica de fogos-de-artif\u00edcio na \u00cdndia deixa 21 mortos - Portal Tela Portugal\" \/>\n<meta property=\"og:description\" content=\"Explos\u00e3o numa f\u00e1brica de fogos-de-artif\u00edcio na \u00cdndia fez 21 mortos e deixou oito feridos, com cerca de trinta trabalhadores na f\u00e1brica \u00e0 hora do acidente. O incidente aconteceu em Kakinada, no estado de Andhra Pradesh, no sudeste do pa\u00eds. O balan\u00e7o inicial aponta 21 \u00f3bitos entre as pessoas presentes no local. O primeiro-ministro, Narendra Modi, afirmou estar triste com a perda de vidas e apresentou condol\u00eancias via X. A informa\u00e7\u00e3o \u00e9 avan\u00e7ada pela Press Trust of India, citando o ministro Kandula Durgesh.\" \/>\n<meta property=\"og:url\" content=\"https:\/\/portaltela.pt\/noticias\/2026\/02\/28\/explosao-numa-fabrica-de-fogos-de-artificio-na-india-deixa-21-mortos\/\" \/>\n<meta property=\"og:site_name\" content=\"Portal Tela Portugal\" \/>\n<meta property=\"article:published_time\" content=\"2026-02-28T16:25:51+00:00\" \/>\n<meta name=\"author\" content=\"Telinha\" \/>\n<meta name=\"twitter:card\" content=\"summary_large_image\" \/>\n<meta name=\"twitter:label1\" content=\"Escrito por\" \/>\n\t<meta name=\"twitter:data1\" content=\"Telinha\" \/>\n\t<meta name=\"twitter:label2\" content=\"Tempo estimado de leitura\" \/>\n\t<meta name=\"twitter:data2\" content=\"1 minuto\" \/>\n<script type=\"application\/ld+json\" class=\"yoast-schema-graph\">{\"@context\":\"https:\/\/schema.org\",\"@graph\":[{\"@type\":\"Article\",\"@id\":\"https:\/\/portaltela.pt\/noticias\/2026\/02\/28\/explosao-numa-fabrica-de-fogos-de-artificio-na-india-deixa-21-mortos\/#article\",\"isPartOf\":{\"@id\":\"https:\/\/portaltela.pt\/noticias\/2026\/02\/28\/explosao-numa-fabrica-de-fogos-de-artificio-na-india-deixa-21-mortos\/\"},\"author\":{\"name\":\"Telinha\",\"@id\":\"https:\/\/portaltela.pt\/#\/schema\/person\/c4278d4a6028830caff9ee44b42d32ed\"},\"headline\":\"Explos\u00e3o numa f\u00e1brica de fogos-de-artif\u00edcio na \u00cdndia deixa 21 mortos\",\"datePublished\":\"2026-02-28T16:25:51+00:00\",\"mainEntityOfPage\":{\"@id\":\"https:\/\/portaltela.pt\/noticias\/2026\/02\/28\/explosao-numa-fabrica-de-fogos-de-artificio-na-india-deixa-21-mortos\/\"},\"wordCount\":263,\"image\":{\"@id\":\"https:\/\/portaltela.pt\/noticias\/2026\/02\/28\/explosao-numa-fabrica-de-fogos-de-artificio-na-india-deixa-21-mortos\/#primaryimage\"},\"thumbnailUrl\":\"https:\/\/portaltela.pt\/s.01k8rhncp4jt1\/2026\/02\/img_1500x1000uu2018-09-05-16-52-18-775713.jpg\",\"keywords\":[\"acidentes\",\"explos\u00f5es\",\"fogos\",\"\u00cdndia\",\"seguran\u00e7a p\u00fablica\"],\"articleSection\":[\"Not\u00edcias\"],\"inLanguage\":\"pt-PT\"},{\"@type\":\"WebPage\",\"@id\":\"https:\/\/portaltela.pt\/noticias\/2026\/02\/28\/explosao-numa-fabrica-de-fogos-de-artificio-na-india-deixa-21-mortos\/\",\"url\":\"https:\/\/portaltela.pt\/noticias\/2026\/02\/28\/explosao-numa-fabrica-de-fogos-de-artificio-na-india-deixa-21-mortos\/\",\"name\":\"Explos\u00e3o numa f\u00e1brica de fogos-de-artif\u00edcio na \u00cdndia deixa 21 mortos - Portal Tela Portugal\",\"isPartOf\":{\"@id\":\"https:\/\/portaltela.pt\/#website\"},\"primaryImageOfPage\":{\"@id\":\"https:\/\/portaltela.pt\/noticias\/2026\/02\/28\/explosao-numa-fabrica-de-fogos-de-artificio-na-india-deixa-21-mortos\/#primaryimage\"},\"image\":{\"@id\":\"https:\/\/portaltela.pt\/noticias\/2026\/02\/28\/explosao-numa-fabrica-de-fogos-de-artificio-na-india-deixa-21-mortos\/#primaryimage\"},\"thumbnailUrl\":\"https:\/\/portaltela.pt\/s.01k8rhncp4jt1\/2026\/02\/img_1500x1000uu2018-09-05-16-52-18-775713.jpg\",\"datePublished\":\"2026-02-28T16:25:51+00:00\",\"author\":{\"@id\":\"https:\/\/portaltela.pt\/#\/schema\/person\/c4278d4a6028830caff9ee44b42d32ed\"},\"breadcrumb\":{\"@id\":\"https:\/\/portaltela.pt\/noticias\/2026\/02\/28\/explosao-numa-fabrica-de-fogos-de-artificio-na-india-deixa-21-mortos\/#breadcrumb\"},\"inLanguage\":\"pt-PT\",\"potentialAction\":[{\"@type\":\"ReadAction\",\"target\":[\"https:\/\/portaltela.pt\/noticias\/2026\/02\/28\/explosao-numa-fabrica-de-fogos-de-artificio-na-india-deixa-21-mortos\/\"]}]},{\"@type\":\"ImageObject\",\"inLanguage\":\"pt-PT\",\"@id\":\"https:\/\/portaltela.pt\/noticias\/2026\/02\/28\/explosao-numa-fabrica-de-fogos-de-artificio-na-india-deixa-21-mortos\/#primaryimage\",\"url\":\"https:\/\/portaltela.pt\/s.01k8rhncp4jt1\/2026\/02\/img_1500x1000uu2018-09-05-16-52-18-775713.jpg\",\"contentUrl\":\"https:\/\/portaltela.pt\/s.01k8rhncp4jt1\/2026\/02\/img_1500x1000uu2018-09-05-16-52-18-775713.jpg\",\"width\":796,\"height\":448,\"caption\":\"Pol\u00edcia Indiana\"},{\"@type\":\"BreadcrumbList\",\"@id\":\"https:\/\/portaltela.pt\/noticias\/2026\/02\/28\/explosao-numa-fabrica-de-fogos-de-artificio-na-india-deixa-21-mortos\/#breadcrumb\",\"itemListElement\":[{\"@type\":\"ListItem\",\"position\":1,\"name\":\"In\u00edcio\",\"item\":\"https:\/\/portaltela.pt\/\"},{\"@type\":\"ListItem\",\"position\":2,\"name\":\"Explos\u00e3o numa f\u00e1brica de fogos-de-artif\u00edcio na \u00cdndia deixa 21 mortos\"}]},{\"@type\":\"WebSite\",\"@id\":\"https:\/\/portaltela.pt\/#website\",\"url\":\"https:\/\/portaltela.pt\/\",\"name\":\"Portal Tela Portugal\",\"description\":\"\",\"potentialAction\":[{\"@type\":\"SearchAction\",\"target\":{\"@type\":\"EntryPoint\",\"urlTemplate\":\"https:\/\/portaltela.pt\/?s={search_term_string}\"},\"query-input\":{\"@type\":\"PropertyValueSpecification\",\"valueRequired\":true,\"valueName\":\"search_term_string\"}}],\"inLanguage\":\"pt-PT\"},{\"@type\":\"Person\",\"@id\":\"https:\/\/portaltela.pt\/#\/schema\/person\/c4278d4a6028830caff9ee44b42d32ed\",\"name\":\"Telinha\",\"image\":{\"@type\":\"ImageObject\",\"inLanguage\":\"pt-PT\",\"@id\":\"https:\/\/portaltela.pt\/s.01k8rhncp4jt1\/2025\/11\/talking-bot-125x125.png\",\"url\":\"https:\/\/portaltela.pt\/s.01k8rhncp4jt1\/2025\/11\/talking-bot-125x125.png\",\"contentUrl\":\"https:\/\/portaltela.pt\/s.01k8rhncp4jt1\/2025\/11\/talking-bot-125x125.png\",\"caption\":\"Telinha\"},\"sameAs\":[\"https:\/\/portaltela.pt\/\"],\"url\":\"https:\/\/portaltela.pt\/por\/367410592786\/\"}]}<\/script>\n<!-- \/ Yoast SEO plugin. -->","yoast_head_json":{"title":"Explos\u00e3o numa f\u00e1brica de fogos-de-artif\u00edcio na \u00cdndia deixa 21 mortos - Portal Tela Portugal","robots":{"index":"index","follow":"follow","max-snippet":"max-snippet:-1","max-image-preview":"max-image-preview:large","max-video-preview":"max-video-preview:-1"},"og_locale":"pt_PT","og_type":"article","og_title":"Explos\u00e3o numa f\u00e1brica de fogos-de-artif\u00edcio na \u00cdndia deixa 21 mortos - Portal Tela Portugal","og_description":"Explos\u00e3o numa f\u00e1brica de fogos-de-artif\u00edcio na \u00cdndia fez 21 mortos e deixou oito feridos, com cerca de trinta trabalhadores na f\u00e1brica \u00e0 hora do acidente. O incidente aconteceu em Kakinada, no estado de Andhra Pradesh, no sudeste do pa\u00eds. O balan\u00e7o inicial aponta 21 \u00f3bitos entre as pessoas presentes no local. O primeiro-ministro, Narendra Modi, afirmou estar triste com a perda de vidas e apresentou condol\u00eancias via X. A informa\u00e7\u00e3o \u00e9 avan\u00e7ada pela Press Trust of India, citando o ministro Kandula Durgesh.","og_url":"https:\/\/portaltela.pt\/noticias\/2026\/02\/28\/explosao-numa-fabrica-de-fogos-de-artificio-na-india-deixa-21-mortos\/","og_site_name":"Portal Tela Portugal","article_published_time":"2026-02-28T16:25:51+00:00","author":"Telinha","twitter_card":"summary_large_image","twitter_misc":{"Escrito por":"Telinha","Tempo estimado de leitura":"1 minuto"},"schema":{"@context":"https:\/\/schema.org","@graph":[{"@type":"Article","@id":"https:\/\/portaltela.pt\/noticias\/2026\/02\/28\/explosao-numa-fabrica-de-fogos-de-artificio-na-india-deixa-21-mortos\/#article","isPartOf":{"@id":"https:\/\/portaltela.pt\/noticias\/2026\/02\/28\/explosao-numa-fabrica-de-fogos-de-artificio-na-india-deixa-21-mortos\/"},"author":{"name":"Telinha","@id":"https:\/\/portaltela.pt\/#\/schema\/person\/c4278d4a6028830caff9ee44b42d32ed"},"headline":"Explos\u00e3o numa f\u00e1brica de fogos-de-artif\u00edcio na \u00cdndia deixa 21 mortos","datePublished":"2026-02-28T16:25:51+00:00","mainEntityOfPage":{"@id":"https:\/\/portaltela.pt\/noticias\/2026\/02\/28\/explosao-numa-fabrica-de-fogos-de-artificio-na-india-deixa-21-mortos\/"},"wordCount":263,"image":{"@id":"https:\/\/portaltela.pt\/noticias\/2026\/02\/28\/explosao-numa-fabrica-de-fogos-de-artificio-na-india-deixa-21-mortos\/#primaryimage"},"thumbnailUrl":"https:\/\/portaltela.pt\/s.01k8rhncp4jt1\/2026\/02\/img_1500x1000uu2018-09-05-16-52-18-775713.jpg","keywords":["acidentes","explos\u00f5es","fogos","\u00cdndia","seguran\u00e7a p\u00fablica"],"articleSection":["Not\u00edcias"],"inLanguage":"pt-PT"},{"@type":"WebPage","@id":"https:\/\/portaltela.pt\/noticias\/2026\/02\/28\/explosao-numa-fabrica-de-fogos-de-artificio-na-india-deixa-21-mortos\/","url":"https:\/\/portaltela.pt\/noticias\/2026\/02\/28\/explosao-numa-fabrica-de-fogos-de-artificio-na-india-deixa-21-mortos\/","name":"Explos\u00e3o numa f\u00e1brica de fogos-de-artif\u00edcio na \u00cdndia deixa 21 mortos - Portal Tela Portugal","isPartOf":{"@id":"https:\/\/portaltela.pt\/#website"},"primaryImageOfPage":{"@id":"https:\/\/portaltela.pt\/noticias\/2026\/02\/28\/explosao-numa-fabrica-de-fogos-de-artificio-na-india-deixa-21-mortos\/#primaryimage"},"image":{"@id":"https:\/\/portaltela.pt\/noticias\/2026\/02\/28\/explosao-numa-fabrica-de-fogos-de-artificio-na-india-deixa-21-mortos\/#primaryimage"},"thumbnailUrl":"https:\/\/portaltela.pt\/s.01k8rhncp4jt1\/2026\/02\/img_1500x1000uu2018-09-05-16-52-18-775713.jpg","datePublished":"2026-02-28T16:25:51+00:00","author":{"@id":"https:\/\/portaltela.pt\/#\/schema\/person\/c4278d4a6028830caff9ee44b42d32ed"},"breadcrumb":{"@id":"https:\/\/portaltela.pt\/noticias\/2026\/02\/28\/explosao-numa-fabrica-de-fogos-de-artificio-na-india-deixa-21-mortos\/#breadcrumb"},"inLanguage":"pt-PT","potentialAction":[{"@type":"ReadAction","target":["https:\/\/portaltela.pt\/noticias\/2026\/02\/28\/explosao-numa-fabrica-de-fogos-de-artificio-na-india-deixa-21-mortos\/"]}]},{"@type":"ImageObject","inLanguage":"pt-PT","@id":"https:\/\/portaltela.pt\/noticias\/2026\/02\/28\/explosao-numa-fabrica-de-fogos-de-artificio-na-india-deixa-21-mortos\/#primaryimage","url":"https:\/\/portaltela.pt\/s.01k8rhncp4jt1\/2026\/02\/img_1500x1000uu2018-09-05-16-52-18-775713.jpg","contentUrl":"https:\/\/portaltela.pt\/s.01k8rhncp4jt1\/2026\/02\/img_1500x1000uu2018-09-05-16-52-18-775713.jpg","width":796,"height":448,"caption":"Pol\u00edcia Indiana"},{"@type":"BreadcrumbList","@id":"https:\/\/portaltela.pt\/noticias\/2026\/02\/28\/explosao-numa-fabrica-de-fogos-de-artificio-na-india-deixa-21-mortos\/#breadcrumb","itemListElement":[{"@type":"ListItem","position":1,"name":"In\u00edcio","item":"https:\/\/portaltela.pt\/"},{"@type":"ListItem","position":2,"name":"Explos\u00e3o numa f\u00e1brica de fogos-de-artif\u00edcio na \u00cdndia deixa 21 mortos"}]},{"@type":"WebSite","@id":"https:\/\/portaltela.pt\/#website","url":"https:\/\/portaltela.pt\/","name":"Portal Tela Portugal","description":"","potentialAction":[{"@type":"SearchAction","target":{"@type":"EntryPoint","urlTemplate":"https:\/\/portaltela.pt\/?s={search_term_string}"},"query-input":{"@type":"PropertyValueSpecification","valueRequired":true,"valueName":"search_term_string"}}],"inLanguage":"pt-PT"},{"@type":"Person","@id":"https:\/\/portaltela.pt\/#\/schema\/person\/c4278d4a6028830caff9ee44b42d32ed","name":"Telinha","image":{"@type":"ImageObject","inLanguage":"pt-PT","@id":"https:\/\/portaltela.pt\/s.01k8rhncp4jt1\/2025\/11\/talking-bot-125x125.png","url":"https:\/\/portaltela.pt\/s.01k8rhncp4jt1\/2025\/11\/talking-bot-125x125.png","contentUrl":"https:\/\/portaltela.pt\/s.01k8rhncp4jt1\/2025\/11\/talking-bot-125x125.png","caption":"Telinha"},"sameAs":["https:\/\/portaltela.pt\/"],"url":"https:\/\/portaltela.pt\/por\/367410592786\/"}]}},"_links":{"self":[{"href":"https:\/\/portaltela.pt\/api\/wp\/v2\/posts\/392372","targetHints":{"allow":["GET"]}}],"collection":[{"href":"https:\/\/portaltela.pt\/api\/wp\/v2\/posts"}],"about":[{"href":"https:\/\/portaltela.pt\/api\/wp\/v2\/types\/post"}],"author":[{"embeddable":true,"href":"https:\/\/portaltela.pt\/api\/wp\/v2\/users\/2"}],"replies":[{"embeddable":true,"href":"https:\/\/portaltela.pt\/api\/wp\/v2\/comments?post=392372"}],"version-history":[{"count":0,"href":"https:\/\/portaltela.pt\/api\/wp\/v2\/posts\/392372\/revisions"}],"wp:featuredmedia":[{"embeddable":true,"href":"https:\/\/portaltela.pt\/api\/wp\/v2\/media\/392387"}],"wp:attachment":[{"href":"https:\/\/portaltela.pt\/api\/wp\/v2\/media?parent=392372"}],"wp:term":[{"taxonomy":"category","embeddable":true,"href":"https:\/\/portaltela.pt\/api\/wp\/v2\/categories?post=392372"},{"taxonomy":"post_tag","embeddable":true,"href":"https:\/\/portaltela.pt\/api\/wp\/v2\/tags?post=392372"}],"curies":[{"name":"wp","href":"https:\/\/api.w.org\/{rel}","templated":true}]}}