{"id":392366,"date":"2026-02-28T13:26:19","date_gmt":"2026-02-28T16:26:19","guid":{"rendered":"https:\/\/portaltela.pt\/noticias\/2026\/02\/28\/ataques-ao-irao-causam-perturbacoes-no-aeroporto-de-doha\/"},"modified":"2026-02-28T13:26:19","modified_gmt":"2026-02-28T16:26:19","slug":"ataques-ao-irao-causam-perturbacoes-no-aeroporto-de-doha","status":"publish","type":"post","link":"https:\/\/portaltela.pt\/noticias\/2026\/02\/28\/ataques-ao-irao-causam-perturbacoes-no-aeroporto-de-doha\/","title":{"rendered":"Ataques ao Ir\u00e3o causam perturba\u00e7\u00f5es no aeroporto de Doha"},"content":{"rendered":"<p>O aeroporto internacional de Doha, no Qatar, registou perturba\u00e7\u00f5es significativas e cancelamentos de voos na sequ\u00eancia de ataques dos Estados Unidos e de Israel ao Ir\u00e3o. As a\u00e7\u00f5es levaram ao encerramento de v\u00e1rios espa\u00e7os a\u00e9reos na regi\u00e3o e a altera\u00e7\u00f5es substanciais nas redes de liga\u00e7\u00e3o.<\/p>\n<p>As interrup\u00e7\u00f5es afetaram liga\u00e7\u00f5es no M\u00e9dio Oriente e alargaram-se a rotas menos prov\u00e1veis, com v\u00e1rias companhias a\u00e9reas a ajustar hor\u00e1rios e percursos. Passageiros relataram atrasos e mudan\u00e7as de planeamento em portos de sa\u00edda e chegada.<\/p>\n<p>Autoridades de avia\u00e7\u00e3o do Qatar acompanharam a evolu\u00e7\u00e3o da situa\u00e7\u00e3o e trabalham com operadores para restabelecer fluxos normais. Procuram confirmar impactos operacionais, incluindo san\u00e7\u00f5es de espa\u00e7o a\u00e9reo e restri\u00e7\u00f5es de tr\u00e1fego em rotas relevantes.<\/p>\n<p>O desdobramento mant\u00e9m-se sob vigil\u00e2ncia, com governos e entidades reguladoras a monitorizarem a evolu\u00e7\u00e3o na regi\u00e3o. N\u00e3o h\u00e1 dados oficiais sobre a dura\u00e7\u00e3o esperada das perturba\u00e7\u00f5es nem sobre poss\u00edveis medidas adicionais.<\/p>\n","protected":false},"excerpt":{"rendered":"<ul>\n<li>O aeroporto internacional de Doha registou perturba\u00e7\u00f5es e cancelamentos de voos.<\/li>\n<li>Os trabalhos foram provocados pelos ataques dos Estados Unidos e de Israel ao Ir\u00e3o.<\/li>\n<li>Os ataques levaram ao encerramento de v\u00e1rios espa\u00e7os a\u00e9reos.<\/li>\n<li>Os impactos estenderam-se \u00e0s liga\u00e7\u00f5es no M\u00e9dio Oriente e al\u00e9m da regi\u00e3o.<\/li>\n<\/ul>\n","protected":false},"author":2,"featured_media":392376,"comment_status":"closed","ping_status":"closed","sticky":false,"template":"","format":"standard","meta":{"footnotes":""},"categories":[1],"tags":[2625,3302,2792,6152,192],"class_list":["post-392366","post","type-post","status-publish","format-standard","has-post-thumbnail","hentry","category-noticias","tag-aeronautica","tag-aeroportos","tag-conflito-internacional","tag-perturbacoes","tag-transporte"],"yoast_head":"<!-- This site is optimized with the Yoast SEO plugin v27.2 - https:\/\/yoast.com\/product\/yoast-seo-wordpress\/ -->\n<title>Ataques ao Ir\u00e3o causam perturba\u00e7\u00f5es no aeroporto de Doha - Portal Tela Portugal<\/title>\n<meta name=\"robots\" content=\"index, follow, max-snippet:-1, max-image-preview:large, max-video-preview:-1\" \/>\n<meta property=\"og:locale\" content=\"pt_PT\" \/>\n<meta property=\"og:type\" content=\"article\" \/>\n<meta property=\"og:title\" content=\"Ataques ao Ir\u00e3o causam perturba\u00e7\u00f5es no aeroporto de Doha - Portal Tela Portugal\" \/>\n<meta property=\"og:description\" content=\"O aeroporto internacional de Doha registou perturba\u00e7\u00f5es e cancelamentos de voos. Os trabalhos foram provocados pelos ataques dos Estados Unidos e de Israel ao Ir\u00e3o. Os ataques levaram ao encerramento de v\u00e1rios espa\u00e7os a\u00e9reos. Os impactos estenderam-se \u00e0s liga\u00e7\u00f5es no M\u00e9dio Oriente e al\u00e9m da regi\u00e3o.\" \/>\n<meta property=\"og:url\" content=\"https:\/\/portaltela.pt\/noticias\/2026\/02\/28\/ataques-ao-irao-causam-perturbacoes-no-aeroporto-de-doha\/\" \/>\n<meta property=\"og:site_name\" content=\"Portal Tela Portugal\" \/>\n<meta property=\"article:published_time\" content=\"2026-02-28T16:26:19+00:00\" \/>\n<meta name=\"author\" content=\"Telinha\" \/>\n<meta name=\"twitter:card\" content=\"summary_large_image\" \/>\n<meta name=\"twitter:label1\" content=\"Escrito por\" \/>\n\t<meta name=\"twitter:data1\" content=\"Telinha\" \/>\n\t<meta name=\"twitter:label2\" content=\"Tempo estimado de leitura\" \/>\n\t<meta name=\"twitter:data2\" content=\"1 minuto\" \/>\n<script type=\"application\/ld+json\" class=\"yoast-schema-graph\">{\"@context\":\"https:\/\/schema.org\",\"@graph\":[{\"@type\":\"Article\",\"@id\":\"https:\/\/portaltela.pt\/noticias\/2026\/02\/28\/ataques-ao-irao-causam-perturbacoes-no-aeroporto-de-doha\/#article\",\"isPartOf\":{\"@id\":\"https:\/\/portaltela.pt\/noticias\/2026\/02\/28\/ataques-ao-irao-causam-perturbacoes-no-aeroporto-de-doha\/\"},\"author\":{\"name\":\"Telinha\",\"@id\":\"https:\/\/portaltela.pt\/#\/schema\/person\/c4278d4a6028830caff9ee44b42d32ed\"},\"headline\":\"Ataques ao Ir\u00e3o causam perturba\u00e7\u00f5es no aeroporto de Doha\",\"datePublished\":\"2026-02-28T16:26:19+00:00\",\"mainEntityOfPage\":{\"@id\":\"https:\/\/portaltela.pt\/noticias\/2026\/02\/28\/ataques-ao-irao-causam-perturbacoes-no-aeroporto-de-doha\/\"},\"wordCount\":191,\"image\":{\"@id\":\"https:\/\/portaltela.pt\/noticias\/2026\/02\/28\/ataques-ao-irao-causam-perturbacoes-no-aeroporto-de-doha\/#primaryimage\"},\"thumbnailUrl\":\"https:\/\/portaltela.pt\/s.01k8rhncp4jt1\/2026\/02\/img_1280x722uu2026-02-28-16-24-17-2269589.jpg\",\"keywords\":[\"aeron\u00e1utica\",\"aeroportos\",\"conflito internacional\",\"perturba\u00e7\u00f5es\",\"transporte\"],\"articleSection\":[\"Not\u00edcias\"],\"inLanguage\":\"pt-PT\"},{\"@type\":\"WebPage\",\"@id\":\"https:\/\/portaltela.pt\/noticias\/2026\/02\/28\/ataques-ao-irao-causam-perturbacoes-no-aeroporto-de-doha\/\",\"url\":\"https:\/\/portaltela.pt\/noticias\/2026\/02\/28\/ataques-ao-irao-causam-perturbacoes-no-aeroporto-de-doha\/\",\"name\":\"Ataques ao Ir\u00e3o causam perturba\u00e7\u00f5es no aeroporto de Doha - Portal Tela Portugal\",\"isPartOf\":{\"@id\":\"https:\/\/portaltela.pt\/#website\"},\"primaryImageOfPage\":{\"@id\":\"https:\/\/portaltela.pt\/noticias\/2026\/02\/28\/ataques-ao-irao-causam-perturbacoes-no-aeroporto-de-doha\/#primaryimage\"},\"image\":{\"@id\":\"https:\/\/portaltela.pt\/noticias\/2026\/02\/28\/ataques-ao-irao-causam-perturbacoes-no-aeroporto-de-doha\/#primaryimage\"},\"thumbnailUrl\":\"https:\/\/portaltela.pt\/s.01k8rhncp4jt1\/2026\/02\/img_1280x722uu2026-02-28-16-24-17-2269589.jpg\",\"datePublished\":\"2026-02-28T16:26:19+00:00\",\"author\":{\"@id\":\"https:\/\/portaltela.pt\/#\/schema\/person\/c4278d4a6028830caff9ee44b42d32ed\"},\"breadcrumb\":{\"@id\":\"https:\/\/portaltela.pt\/noticias\/2026\/02\/28\/ataques-ao-irao-causam-perturbacoes-no-aeroporto-de-doha\/#breadcrumb\"},\"inLanguage\":\"pt-PT\",\"potentialAction\":[{\"@type\":\"ReadAction\",\"target\":[\"https:\/\/portaltela.pt\/noticias\/2026\/02\/28\/ataques-ao-irao-causam-perturbacoes-no-aeroporto-de-doha\/\"]}]},{\"@type\":\"ImageObject\",\"inLanguage\":\"pt-PT\",\"@id\":\"https:\/\/portaltela.pt\/noticias\/2026\/02\/28\/ataques-ao-irao-causam-perturbacoes-no-aeroporto-de-doha\/#primaryimage\",\"url\":\"https:\/\/portaltela.pt\/s.01k8rhncp4jt1\/2026\/02\/img_1280x722uu2026-02-28-16-24-17-2269589.jpg\",\"contentUrl\":\"https:\/\/portaltela.pt\/s.01k8rhncp4jt1\/2026\/02\/img_1280x722uu2026-02-28-16-24-17-2269589.jpg\",\"width\":796,\"height\":448,\"caption\":\"Photo\"},{\"@type\":\"BreadcrumbList\",\"@id\":\"https:\/\/portaltela.pt\/noticias\/2026\/02\/28\/ataques-ao-irao-causam-perturbacoes-no-aeroporto-de-doha\/#breadcrumb\",\"itemListElement\":[{\"@type\":\"ListItem\",\"position\":1,\"name\":\"In\u00edcio\",\"item\":\"https:\/\/portaltela.pt\/\"},{\"@type\":\"ListItem\",\"position\":2,\"name\":\"Ataques ao Ir\u00e3o causam perturba\u00e7\u00f5es no aeroporto de Doha\"}]},{\"@type\":\"WebSite\",\"@id\":\"https:\/\/portaltela.pt\/#website\",\"url\":\"https:\/\/portaltela.pt\/\",\"name\":\"Portal Tela Portugal\",\"description\":\"\",\"potentialAction\":[{\"@type\":\"SearchAction\",\"target\":{\"@type\":\"EntryPoint\",\"urlTemplate\":\"https:\/\/portaltela.pt\/?s={search_term_string}\"},\"query-input\":{\"@type\":\"PropertyValueSpecification\",\"valueRequired\":true,\"valueName\":\"search_term_string\"}}],\"inLanguage\":\"pt-PT\"},{\"@type\":\"Person\",\"@id\":\"https:\/\/portaltela.pt\/#\/schema\/person\/c4278d4a6028830caff9ee44b42d32ed\",\"name\":\"Telinha\",\"image\":{\"@type\":\"ImageObject\",\"inLanguage\":\"pt-PT\",\"@id\":\"https:\/\/portaltela.pt\/s.01k8rhncp4jt1\/2025\/11\/talking-bot-125x125.png\",\"url\":\"https:\/\/portaltela.pt\/s.01k8rhncp4jt1\/2025\/11\/talking-bot-125x125.png\",\"contentUrl\":\"https:\/\/portaltela.pt\/s.01k8rhncp4jt1\/2025\/11\/talking-bot-125x125.png\",\"caption\":\"Telinha\"},\"sameAs\":[\"https:\/\/portaltela.pt\/\"],\"url\":\"https:\/\/portaltela.pt\/por\/367410592786\/\"}]}<\/script>\n<!-- \/ Yoast SEO plugin. -->","yoast_head_json":{"title":"Ataques ao Ir\u00e3o causam perturba\u00e7\u00f5es no aeroporto de Doha - Portal Tela Portugal","robots":{"index":"index","follow":"follow","max-snippet":"max-snippet:-1","max-image-preview":"max-image-preview:large","max-video-preview":"max-video-preview:-1"},"og_locale":"pt_PT","og_type":"article","og_title":"Ataques ao Ir\u00e3o causam perturba\u00e7\u00f5es no aeroporto de Doha - Portal Tela Portugal","og_description":"O aeroporto internacional de Doha registou perturba\u00e7\u00f5es e cancelamentos de voos. Os trabalhos foram provocados pelos ataques dos Estados Unidos e de Israel ao Ir\u00e3o. Os ataques levaram ao encerramento de v\u00e1rios espa\u00e7os a\u00e9reos. Os impactos estenderam-se \u00e0s liga\u00e7\u00f5es no M\u00e9dio Oriente e al\u00e9m da regi\u00e3o.","og_url":"https:\/\/portaltela.pt\/noticias\/2026\/02\/28\/ataques-ao-irao-causam-perturbacoes-no-aeroporto-de-doha\/","og_site_name":"Portal Tela Portugal","article_published_time":"2026-02-28T16:26:19+00:00","author":"Telinha","twitter_card":"summary_large_image","twitter_misc":{"Escrito por":"Telinha","Tempo estimado de leitura":"1 minuto"},"schema":{"@context":"https:\/\/schema.org","@graph":[{"@type":"Article","@id":"https:\/\/portaltela.pt\/noticias\/2026\/02\/28\/ataques-ao-irao-causam-perturbacoes-no-aeroporto-de-doha\/#article","isPartOf":{"@id":"https:\/\/portaltela.pt\/noticias\/2026\/02\/28\/ataques-ao-irao-causam-perturbacoes-no-aeroporto-de-doha\/"},"author":{"name":"Telinha","@id":"https:\/\/portaltela.pt\/#\/schema\/person\/c4278d4a6028830caff9ee44b42d32ed"},"headline":"Ataques ao Ir\u00e3o causam perturba\u00e7\u00f5es no aeroporto de Doha","datePublished":"2026-02-28T16:26:19+00:00","mainEntityOfPage":{"@id":"https:\/\/portaltela.pt\/noticias\/2026\/02\/28\/ataques-ao-irao-causam-perturbacoes-no-aeroporto-de-doha\/"},"wordCount":191,"image":{"@id":"https:\/\/portaltela.pt\/noticias\/2026\/02\/28\/ataques-ao-irao-causam-perturbacoes-no-aeroporto-de-doha\/#primaryimage"},"thumbnailUrl":"https:\/\/portaltela.pt\/s.01k8rhncp4jt1\/2026\/02\/img_1280x722uu2026-02-28-16-24-17-2269589.jpg","keywords":["aeron\u00e1utica","aeroportos","conflito internacional","perturba\u00e7\u00f5es","transporte"],"articleSection":["Not\u00edcias"],"inLanguage":"pt-PT"},{"@type":"WebPage","@id":"https:\/\/portaltela.pt\/noticias\/2026\/02\/28\/ataques-ao-irao-causam-perturbacoes-no-aeroporto-de-doha\/","url":"https:\/\/portaltela.pt\/noticias\/2026\/02\/28\/ataques-ao-irao-causam-perturbacoes-no-aeroporto-de-doha\/","name":"Ataques ao Ir\u00e3o causam perturba\u00e7\u00f5es no aeroporto de Doha - Portal Tela Portugal","isPartOf":{"@id":"https:\/\/portaltela.pt\/#website"},"primaryImageOfPage":{"@id":"https:\/\/portaltela.pt\/noticias\/2026\/02\/28\/ataques-ao-irao-causam-perturbacoes-no-aeroporto-de-doha\/#primaryimage"},"image":{"@id":"https:\/\/portaltela.pt\/noticias\/2026\/02\/28\/ataques-ao-irao-causam-perturbacoes-no-aeroporto-de-doha\/#primaryimage"},"thumbnailUrl":"https:\/\/portaltela.pt\/s.01k8rhncp4jt1\/2026\/02\/img_1280x722uu2026-02-28-16-24-17-2269589.jpg","datePublished":"2026-02-28T16:26:19+00:00","author":{"@id":"https:\/\/portaltela.pt\/#\/schema\/person\/c4278d4a6028830caff9ee44b42d32ed"},"breadcrumb":{"@id":"https:\/\/portaltela.pt\/noticias\/2026\/02\/28\/ataques-ao-irao-causam-perturbacoes-no-aeroporto-de-doha\/#breadcrumb"},"inLanguage":"pt-PT","potentialAction":[{"@type":"ReadAction","target":["https:\/\/portaltela.pt\/noticias\/2026\/02\/28\/ataques-ao-irao-causam-perturbacoes-no-aeroporto-de-doha\/"]}]},{"@type":"ImageObject","inLanguage":"pt-PT","@id":"https:\/\/portaltela.pt\/noticias\/2026\/02\/28\/ataques-ao-irao-causam-perturbacoes-no-aeroporto-de-doha\/#primaryimage","url":"https:\/\/portaltela.pt\/s.01k8rhncp4jt1\/2026\/02\/img_1280x722uu2026-02-28-16-24-17-2269589.jpg","contentUrl":"https:\/\/portaltela.pt\/s.01k8rhncp4jt1\/2026\/02\/img_1280x722uu2026-02-28-16-24-17-2269589.jpg","width":796,"height":448,"caption":"Photo"},{"@type":"BreadcrumbList","@id":"https:\/\/portaltela.pt\/noticias\/2026\/02\/28\/ataques-ao-irao-causam-perturbacoes-no-aeroporto-de-doha\/#breadcrumb","itemListElement":[{"@type":"ListItem","position":1,"name":"In\u00edcio","item":"https:\/\/portaltela.pt\/"},{"@type":"ListItem","position":2,"name":"Ataques ao Ir\u00e3o causam perturba\u00e7\u00f5es no aeroporto de Doha"}]},{"@type":"WebSite","@id":"https:\/\/portaltela.pt\/#website","url":"https:\/\/portaltela.pt\/","name":"Portal Tela Portugal","description":"","potentialAction":[{"@type":"SearchAction","target":{"@type":"EntryPoint","urlTemplate":"https:\/\/portaltela.pt\/?s={search_term_string}"},"query-input":{"@type":"PropertyValueSpecification","valueRequired":true,"valueName":"search_term_string"}}],"inLanguage":"pt-PT"},{"@type":"Person","@id":"https:\/\/portaltela.pt\/#\/schema\/person\/c4278d4a6028830caff9ee44b42d32ed","name":"Telinha","image":{"@type":"ImageObject","inLanguage":"pt-PT","@id":"https:\/\/portaltela.pt\/s.01k8rhncp4jt1\/2025\/11\/talking-bot-125x125.png","url":"https:\/\/portaltela.pt\/s.01k8rhncp4jt1\/2025\/11\/talking-bot-125x125.png","contentUrl":"https:\/\/portaltela.pt\/s.01k8rhncp4jt1\/2025\/11\/talking-bot-125x125.png","caption":"Telinha"},"sameAs":["https:\/\/portaltela.pt\/"],"url":"https:\/\/portaltela.pt\/por\/367410592786\/"}]}},"_links":{"self":[{"href":"https:\/\/portaltela.pt\/api\/wp\/v2\/posts\/392366","targetHints":{"allow":["GET"]}}],"collection":[{"href":"https:\/\/portaltela.pt\/api\/wp\/v2\/posts"}],"about":[{"href":"https:\/\/portaltela.pt\/api\/wp\/v2\/types\/post"}],"author":[{"embeddable":true,"href":"https:\/\/portaltela.pt\/api\/wp\/v2\/users\/2"}],"replies":[{"embeddable":true,"href":"https:\/\/portaltela.pt\/api\/wp\/v2\/comments?post=392366"}],"version-history":[{"count":0,"href":"https:\/\/portaltela.pt\/api\/wp\/v2\/posts\/392366\/revisions"}],"wp:featuredmedia":[{"embeddable":true,"href":"https:\/\/portaltela.pt\/api\/wp\/v2\/media\/392376"}],"wp:attachment":[{"href":"https:\/\/portaltela.pt\/api\/wp\/v2\/media?parent=392366"}],"wp:term":[{"taxonomy":"category","embeddable":true,"href":"https:\/\/portaltela.pt\/api\/wp\/v2\/categories?post=392366"},{"taxonomy":"post_tag","embeddable":true,"href":"https:\/\/portaltela.pt\/api\/wp\/v2\/tags?post=392366"}],"curies":[{"name":"wp","href":"https:\/\/api.w.org\/{rel}","templated":true}]}}