{"id":392315,"date":"2026-02-28T12:34:52","date_gmt":"2026-02-28T15:34:52","guid":{"rendered":"https:\/\/portaltela.pt\/noticias\/2026\/02\/28\/medvedev-vence-no-dubai-sem-disputar-a-final\/"},"modified":"2026-02-28T12:34:52","modified_gmt":"2026-02-28T15:34:52","slug":"medvedev-vence-no-dubai-sem-disputar-a-final","status":"publish","type":"post","link":"https:\/\/portaltela.pt\/desporto\/2026\/02\/28\/medvedev-vence-no-dubai-sem-disputar-a-final\/","title":{"rendered":"Medvedev vence no Dubai sem disputar a final"},"content":{"rendered":"<p>Daniil Medvedev conquistou o torneio de Dubai este s\u00e1bado sem disputar a final, ap\u00f3s o holand\u00eas Tallon Griekspoor desistir devido a uma les\u00e3o na perna esquerda. O encontro n\u00e3o chegou a decorrer, com a vit\u00f3ria a ficar definida por walkover.<\/p>\n<p>Griekspoor, 25.\u00ba no ranking mundial, foi considerado inapto para o encontro ap\u00f3s avalia\u00e7\u00e3o m\u00e9dica. Medvedev, 11.\u00ba da ATP e terceiro cabe\u00e7a de s\u00e9rie, n\u00e3o disputou o \u00faltimo jogo.<\/p>\n<p>O russo demonstrou desapontamento com a forma como se realizou a conquista, desejando r\u00e1pida recupera\u00e7\u00e3o a Griekspoor atrav\u00e9s das suas redes sociais.<\/p>\n<p>Com a vit\u00f3ria, Medvedev soma o segundo t\u00edtulo no Dubai, e o 23.\u00ba da carreira, aproximando-se do top 10 da classifica\u00e7\u00e3o mundial. J\u00e1 tinha vencido o Dubai em 2023.<\/p>\n<p>O torneio decorreu nos Emirados \u00c1rabes Unidos, e a desist\u00eancia de Griekspoor decidiu a final sem duelo direto entre os jogadores. Medvedev mant\u00e9m-se no circuito com boa forma.<\/p>\n","protected":false},"excerpt":{"rendered":"<ul>\n<li>O tenista russo Daniil Medvedev venceu o torneio do Dubai sem disputar a final, ap\u00f3s a desist\u00eancia de Tallon Griekspoor devido a uma les\u00e3o na perna esquerda.<\/li>\n<li>Griekspoor, atual 25.\u00ba classificado do ranking mundial, n\u00e3o p\u00f4de competir pelo t\u00edtulo frente a Medvedev, que \u00e9 o 11.\u00ba da hierarquia da ATP e era o terceiro cabe\u00e7a de s\u00e9rie.<\/li>\n<li>Medvedev manifestou-se na rede social X, dizendo n\u00e3o desejar vencer a final desta forma e desejando r\u00e1pida recupera\u00e7\u00e3o ao advers\u00e1rio.<\/li>\n<li>Aos 30 anos, Medvedev conquista pela segunda vez o t\u00edtulo no Dubai, sendo o 23.\u00ba da carreira, e aproxima-se do top 10 do ranking mundial.<\/li>\n<li>A vit\u00f3ria marca a primeira confirma\u00e7\u00e3o de Medvedev como campe\u00e3o do Dubai em 2024, repetindo o sucesso de 2023 no mesmo torneio.<\/li>\n<\/ul>\n","protected":false},"author":2,"featured_media":392324,"comment_status":"closed","ping_status":"closed","sticky":false,"template":"","format":"standard","meta":{"footnotes":""},"categories":[21],"tags":[3459,152,2370,2538,94],"class_list":["post-392315","post","type-post","status-publish","format-standard","has-post-thumbnail","hentry","category-desporto","tag-desistencia","tag-desporto","tag-emirados-arabes-unidos","tag-lesoes","tag-tenis"],"yoast_head":"<!-- This site is optimized with the Yoast SEO plugin v27.2 - https:\/\/yoast.com\/product\/yoast-seo-wordpress\/ -->\n<title>Medvedev vence no Dubai sem disputar a final - Portal Tela Portugal<\/title>\n<meta name=\"robots\" content=\"index, follow, max-snippet:-1, max-image-preview:large, max-video-preview:-1\" \/>\n<meta property=\"og:locale\" content=\"pt_PT\" \/>\n<meta property=\"og:type\" content=\"article\" \/>\n<meta property=\"og:title\" content=\"Medvedev vence no Dubai sem disputar a final - Portal Tela Portugal\" \/>\n<meta property=\"og:description\" content=\"O tenista russo Daniil Medvedev venceu o torneio do Dubai sem disputar a final, ap\u00f3s a desist\u00eancia de Tallon Griekspoor devido a uma les\u00e3o na perna esquerda. Griekspoor, atual 25.\u00ba classificado do ranking mundial, n\u00e3o p\u00f4de competir pelo t\u00edtulo frente a Medvedev, que \u00e9 o 11.\u00ba da hierarquia da ATP e era o terceiro cabe\u00e7a de s\u00e9rie. Medvedev manifestou-se na rede social X, dizendo n\u00e3o desejar vencer a final desta forma e desejando r\u00e1pida recupera\u00e7\u00e3o ao advers\u00e1rio. Aos 30 anos, Medvedev conquista pela segunda vez o t\u00edtulo no Dubai, sendo o 23.\u00ba da carreira, e aproxima-se do top 10 do ranking mundial. A vit\u00f3ria marca a primeira confirma\u00e7\u00e3o de Medvedev como campe\u00e3o do Dubai em 2024, repetindo o sucesso de 2023 no mesmo torneio.\" \/>\n<meta property=\"og:url\" content=\"https:\/\/portaltela.pt\/noticias\/2026\/02\/28\/medvedev-vence-no-dubai-sem-disputar-a-final\/\" \/>\n<meta property=\"og:site_name\" content=\"Portal Tela Portugal\" \/>\n<meta property=\"article:published_time\" content=\"2026-02-28T15:34:52+00:00\" \/>\n<meta name=\"author\" content=\"Telinha\" \/>\n<meta name=\"twitter:card\" content=\"summary_large_image\" \/>\n<meta name=\"twitter:label1\" content=\"Escrito por\" \/>\n\t<meta name=\"twitter:data1\" content=\"Telinha\" \/>\n\t<meta name=\"twitter:label2\" content=\"Tempo estimado de leitura\" \/>\n\t<meta name=\"twitter:data2\" content=\"1 minuto\" \/>\n<script type=\"application\/ld+json\" class=\"yoast-schema-graph\">{\"@context\":\"https:\/\/schema.org\",\"@graph\":[{\"@type\":\"Article\",\"@id\":\"https:\/\/portaltela.pt\/noticias\/2026\/02\/28\/medvedev-vence-no-dubai-sem-disputar-a-final\/#article\",\"isPartOf\":{\"@id\":\"https:\/\/portaltela.pt\/noticias\/2026\/02\/28\/medvedev-vence-no-dubai-sem-disputar-a-final\/\"},\"author\":{\"name\":\"Telinha\",\"@id\":\"https:\/\/portaltela.pt\/#\/schema\/person\/c4278d4a6028830caff9ee44b42d32ed\"},\"headline\":\"Medvedev vence no Dubai sem disputar a final\",\"datePublished\":\"2026-02-28T15:34:52+00:00\",\"mainEntityOfPage\":{\"@id\":\"https:\/\/portaltela.pt\/noticias\/2026\/02\/28\/medvedev-vence-no-dubai-sem-disputar-a-final\/\"},\"wordCount\":170,\"image\":{\"@id\":\"https:\/\/portaltela.pt\/noticias\/2026\/02\/28\/medvedev-vence-no-dubai-sem-disputar-a-final\/#primaryimage\"},\"thumbnailUrl\":\"https:\/\/portaltela.pt\/s.01k8rhncp4jt1\/2026\/02\/img_920x518uu2026-02-28-15-32-53-2424132-im-639078896167407159.jpg\",\"keywords\":[\"desist\u00eancia\",\"desporto\",\"Emirados \u00c1rabes Unidos\",\"les\u00f5es\",\"t\u00eanis\"],\"articleSection\":[\"Desporto\"],\"inLanguage\":\"pt-PT\"},{\"@type\":\"WebPage\",\"@id\":\"https:\/\/portaltela.pt\/noticias\/2026\/02\/28\/medvedev-vence-no-dubai-sem-disputar-a-final\/\",\"url\":\"https:\/\/portaltela.pt\/noticias\/2026\/02\/28\/medvedev-vence-no-dubai-sem-disputar-a-final\/\",\"name\":\"Medvedev vence no Dubai sem disputar a final - Portal Tela Portugal\",\"isPartOf\":{\"@id\":\"https:\/\/portaltela.pt\/#website\"},\"primaryImageOfPage\":{\"@id\":\"https:\/\/portaltela.pt\/noticias\/2026\/02\/28\/medvedev-vence-no-dubai-sem-disputar-a-final\/#primaryimage\"},\"image\":{\"@id\":\"https:\/\/portaltela.pt\/noticias\/2026\/02\/28\/medvedev-vence-no-dubai-sem-disputar-a-final\/#primaryimage\"},\"thumbnailUrl\":\"https:\/\/portaltela.pt\/s.01k8rhncp4jt1\/2026\/02\/img_920x518uu2026-02-28-15-32-53-2424132-im-639078896167407159.jpg\",\"datePublished\":\"2026-02-28T15:34:52+00:00\",\"author\":{\"@id\":\"https:\/\/portaltela.pt\/#\/schema\/person\/c4278d4a6028830caff9ee44b42d32ed\"},\"breadcrumb\":{\"@id\":\"https:\/\/portaltela.pt\/noticias\/2026\/02\/28\/medvedev-vence-no-dubai-sem-disputar-a-final\/#breadcrumb\"},\"inLanguage\":\"pt-PT\",\"potentialAction\":[{\"@type\":\"ReadAction\",\"target\":[\"https:\/\/portaltela.pt\/noticias\/2026\/02\/28\/medvedev-vence-no-dubai-sem-disputar-a-final\/\"]}]},{\"@type\":\"ImageObject\",\"inLanguage\":\"pt-PT\",\"@id\":\"https:\/\/portaltela.pt\/noticias\/2026\/02\/28\/medvedev-vence-no-dubai-sem-disputar-a-final\/#primaryimage\",\"url\":\"https:\/\/portaltela.pt\/s.01k8rhncp4jt1\/2026\/02\/img_920x518uu2026-02-28-15-32-53-2424132-im-639078896167407159.jpg\",\"contentUrl\":\"https:\/\/portaltela.pt\/s.01k8rhncp4jt1\/2026\/02\/img_920x518uu2026-02-28-15-32-53-2424132-im-639078896167407159.jpg\",\"width\":796,\"height\":448,\"caption\":\"Daniil Medvedev celebra no Dubai\"},{\"@type\":\"BreadcrumbList\",\"@id\":\"https:\/\/portaltela.pt\/noticias\/2026\/02\/28\/medvedev-vence-no-dubai-sem-disputar-a-final\/#breadcrumb\",\"itemListElement\":[{\"@type\":\"ListItem\",\"position\":1,\"name\":\"In\u00edcio\",\"item\":\"https:\/\/portaltela.pt\/\"},{\"@type\":\"ListItem\",\"position\":2,\"name\":\"Medvedev vence no Dubai sem disputar a final\"}]},{\"@type\":\"WebSite\",\"@id\":\"https:\/\/portaltela.pt\/#website\",\"url\":\"https:\/\/portaltela.pt\/\",\"name\":\"Portal Tela Portugal\",\"description\":\"\",\"potentialAction\":[{\"@type\":\"SearchAction\",\"target\":{\"@type\":\"EntryPoint\",\"urlTemplate\":\"https:\/\/portaltela.pt\/?s={search_term_string}\"},\"query-input\":{\"@type\":\"PropertyValueSpecification\",\"valueRequired\":true,\"valueName\":\"search_term_string\"}}],\"inLanguage\":\"pt-PT\"},{\"@type\":\"Person\",\"@id\":\"https:\/\/portaltela.pt\/#\/schema\/person\/c4278d4a6028830caff9ee44b42d32ed\",\"name\":\"Telinha\",\"image\":{\"@type\":\"ImageObject\",\"inLanguage\":\"pt-PT\",\"@id\":\"https:\/\/portaltela.pt\/s.01k8rhncp4jt1\/2025\/11\/talking-bot-125x125.png\",\"url\":\"https:\/\/portaltela.pt\/s.01k8rhncp4jt1\/2025\/11\/talking-bot-125x125.png\",\"contentUrl\":\"https:\/\/portaltela.pt\/s.01k8rhncp4jt1\/2025\/11\/talking-bot-125x125.png\",\"caption\":\"Telinha\"},\"sameAs\":[\"https:\/\/portaltela.pt\/\"],\"url\":\"https:\/\/portaltela.pt\/por\/367410592786\/\"}]}<\/script>\n<!-- \/ Yoast SEO plugin. -->","yoast_head_json":{"title":"Medvedev vence no Dubai sem disputar a final - Portal Tela Portugal","robots":{"index":"index","follow":"follow","max-snippet":"max-snippet:-1","max-image-preview":"max-image-preview:large","max-video-preview":"max-video-preview:-1"},"og_locale":"pt_PT","og_type":"article","og_title":"Medvedev vence no Dubai sem disputar a final - Portal Tela Portugal","og_description":"O tenista russo Daniil Medvedev venceu o torneio do Dubai sem disputar a final, ap\u00f3s a desist\u00eancia de Tallon Griekspoor devido a uma les\u00e3o na perna esquerda. Griekspoor, atual 25.\u00ba classificado do ranking mundial, n\u00e3o p\u00f4de competir pelo t\u00edtulo frente a Medvedev, que \u00e9 o 11.\u00ba da hierarquia da ATP e era o terceiro cabe\u00e7a de s\u00e9rie. Medvedev manifestou-se na rede social X, dizendo n\u00e3o desejar vencer a final desta forma e desejando r\u00e1pida recupera\u00e7\u00e3o ao advers\u00e1rio. Aos 30 anos, Medvedev conquista pela segunda vez o t\u00edtulo no Dubai, sendo o 23.\u00ba da carreira, e aproxima-se do top 10 do ranking mundial. A vit\u00f3ria marca a primeira confirma\u00e7\u00e3o de Medvedev como campe\u00e3o do Dubai em 2024, repetindo o sucesso de 2023 no mesmo torneio.","og_url":"https:\/\/portaltela.pt\/noticias\/2026\/02\/28\/medvedev-vence-no-dubai-sem-disputar-a-final\/","og_site_name":"Portal Tela Portugal","article_published_time":"2026-02-28T15:34:52+00:00","author":"Telinha","twitter_card":"summary_large_image","twitter_misc":{"Escrito por":"Telinha","Tempo estimado de leitura":"1 minuto"},"schema":{"@context":"https:\/\/schema.org","@graph":[{"@type":"Article","@id":"https:\/\/portaltela.pt\/noticias\/2026\/02\/28\/medvedev-vence-no-dubai-sem-disputar-a-final\/#article","isPartOf":{"@id":"https:\/\/portaltela.pt\/noticias\/2026\/02\/28\/medvedev-vence-no-dubai-sem-disputar-a-final\/"},"author":{"name":"Telinha","@id":"https:\/\/portaltela.pt\/#\/schema\/person\/c4278d4a6028830caff9ee44b42d32ed"},"headline":"Medvedev vence no Dubai sem disputar a final","datePublished":"2026-02-28T15:34:52+00:00","mainEntityOfPage":{"@id":"https:\/\/portaltela.pt\/noticias\/2026\/02\/28\/medvedev-vence-no-dubai-sem-disputar-a-final\/"},"wordCount":170,"image":{"@id":"https:\/\/portaltela.pt\/noticias\/2026\/02\/28\/medvedev-vence-no-dubai-sem-disputar-a-final\/#primaryimage"},"thumbnailUrl":"https:\/\/portaltela.pt\/s.01k8rhncp4jt1\/2026\/02\/img_920x518uu2026-02-28-15-32-53-2424132-im-639078896167407159.jpg","keywords":["desist\u00eancia","desporto","Emirados \u00c1rabes Unidos","les\u00f5es","t\u00eanis"],"articleSection":["Desporto"],"inLanguage":"pt-PT"},{"@type":"WebPage","@id":"https:\/\/portaltela.pt\/noticias\/2026\/02\/28\/medvedev-vence-no-dubai-sem-disputar-a-final\/","url":"https:\/\/portaltela.pt\/noticias\/2026\/02\/28\/medvedev-vence-no-dubai-sem-disputar-a-final\/","name":"Medvedev vence no Dubai sem disputar a final - Portal Tela Portugal","isPartOf":{"@id":"https:\/\/portaltela.pt\/#website"},"primaryImageOfPage":{"@id":"https:\/\/portaltela.pt\/noticias\/2026\/02\/28\/medvedev-vence-no-dubai-sem-disputar-a-final\/#primaryimage"},"image":{"@id":"https:\/\/portaltela.pt\/noticias\/2026\/02\/28\/medvedev-vence-no-dubai-sem-disputar-a-final\/#primaryimage"},"thumbnailUrl":"https:\/\/portaltela.pt\/s.01k8rhncp4jt1\/2026\/02\/img_920x518uu2026-02-28-15-32-53-2424132-im-639078896167407159.jpg","datePublished":"2026-02-28T15:34:52+00:00","author":{"@id":"https:\/\/portaltela.pt\/#\/schema\/person\/c4278d4a6028830caff9ee44b42d32ed"},"breadcrumb":{"@id":"https:\/\/portaltela.pt\/noticias\/2026\/02\/28\/medvedev-vence-no-dubai-sem-disputar-a-final\/#breadcrumb"},"inLanguage":"pt-PT","potentialAction":[{"@type":"ReadAction","target":["https:\/\/portaltela.pt\/noticias\/2026\/02\/28\/medvedev-vence-no-dubai-sem-disputar-a-final\/"]}]},{"@type":"ImageObject","inLanguage":"pt-PT","@id":"https:\/\/portaltela.pt\/noticias\/2026\/02\/28\/medvedev-vence-no-dubai-sem-disputar-a-final\/#primaryimage","url":"https:\/\/portaltela.pt\/s.01k8rhncp4jt1\/2026\/02\/img_920x518uu2026-02-28-15-32-53-2424132-im-639078896167407159.jpg","contentUrl":"https:\/\/portaltela.pt\/s.01k8rhncp4jt1\/2026\/02\/img_920x518uu2026-02-28-15-32-53-2424132-im-639078896167407159.jpg","width":796,"height":448,"caption":"Daniil Medvedev celebra no Dubai"},{"@type":"BreadcrumbList","@id":"https:\/\/portaltela.pt\/noticias\/2026\/02\/28\/medvedev-vence-no-dubai-sem-disputar-a-final\/#breadcrumb","itemListElement":[{"@type":"ListItem","position":1,"name":"In\u00edcio","item":"https:\/\/portaltela.pt\/"},{"@type":"ListItem","position":2,"name":"Medvedev vence no Dubai sem disputar a final"}]},{"@type":"WebSite","@id":"https:\/\/portaltela.pt\/#website","url":"https:\/\/portaltela.pt\/","name":"Portal Tela Portugal","description":"","potentialAction":[{"@type":"SearchAction","target":{"@type":"EntryPoint","urlTemplate":"https:\/\/portaltela.pt\/?s={search_term_string}"},"query-input":{"@type":"PropertyValueSpecification","valueRequired":true,"valueName":"search_term_string"}}],"inLanguage":"pt-PT"},{"@type":"Person","@id":"https:\/\/portaltela.pt\/#\/schema\/person\/c4278d4a6028830caff9ee44b42d32ed","name":"Telinha","image":{"@type":"ImageObject","inLanguage":"pt-PT","@id":"https:\/\/portaltela.pt\/s.01k8rhncp4jt1\/2025\/11\/talking-bot-125x125.png","url":"https:\/\/portaltela.pt\/s.01k8rhncp4jt1\/2025\/11\/talking-bot-125x125.png","contentUrl":"https:\/\/portaltela.pt\/s.01k8rhncp4jt1\/2025\/11\/talking-bot-125x125.png","caption":"Telinha"},"sameAs":["https:\/\/portaltela.pt\/"],"url":"https:\/\/portaltela.pt\/por\/367410592786\/"}]}},"_links":{"self":[{"href":"https:\/\/portaltela.pt\/api\/wp\/v2\/posts\/392315","targetHints":{"allow":["GET"]}}],"collection":[{"href":"https:\/\/portaltela.pt\/api\/wp\/v2\/posts"}],"about":[{"href":"https:\/\/portaltela.pt\/api\/wp\/v2\/types\/post"}],"author":[{"embeddable":true,"href":"https:\/\/portaltela.pt\/api\/wp\/v2\/users\/2"}],"replies":[{"embeddable":true,"href":"https:\/\/portaltela.pt\/api\/wp\/v2\/comments?post=392315"}],"version-history":[{"count":0,"href":"https:\/\/portaltela.pt\/api\/wp\/v2\/posts\/392315\/revisions"}],"wp:featuredmedia":[{"embeddable":true,"href":"https:\/\/portaltela.pt\/api\/wp\/v2\/media\/392324"}],"wp:attachment":[{"href":"https:\/\/portaltela.pt\/api\/wp\/v2\/media?parent=392315"}],"wp:term":[{"taxonomy":"category","embeddable":true,"href":"https:\/\/portaltela.pt\/api\/wp\/v2\/categories?post=392315"},{"taxonomy":"post_tag","embeddable":true,"href":"https:\/\/portaltela.pt\/api\/wp\/v2\/tags?post=392315"}],"curies":[{"name":"wp","href":"https:\/\/api.w.org\/{rel}","templated":true}]}}