{"id":392292,"date":"2026-02-28T12:25:13","date_gmt":"2026-02-28T15:25:13","guid":{"rendered":"https:\/\/portaltela.pt\/noticias\/2026\/02\/28\/familias-evacuadas-apos-interceptacao-de-missil-em-israel\/"},"modified":"2026-02-28T12:25:13","modified_gmt":"2026-02-28T15:25:13","slug":"familias-evacuadas-apos-interceptacao-de-missil-em-israel","status":"publish","type":"post","link":"https:\/\/portaltela.pt\/noticias\/2026\/02\/28\/familias-evacuadas-apos-interceptacao-de-missil-em-israel\/","title":{"rendered":"Fam\u00edlias evacuadas ap\u00f3s intercepta\u00e7\u00e3o de m\u00edssil em Israel"},"content":{"rendered":"<p>Equipas de emerg\u00eancia retiraram v\u00e1rias fam\u00edlias de um edif\u00edcio atingido por destro\u00e7os, ap\u00f3s Israel ter interceptado um m\u00edssil iraniano, numa nova vaga de ataques e contra-ataques no M\u00e9dio Oriente.<\/p>\n<p>O caso envolve residentes do pr\u00e9dio, bem como equipas de socorro e autoridades locais que coordenaram a evacua\u00e7\u00e3o. A opera\u00e7\u00e3o decorreu no contexto de uma escalada militar entre Israel e grupos com liga\u00e7\u00f5es ao Ir\u00e3o.<\/p>\n<p>Ainda n\u00e3o h\u00e1 confirma\u00e7\u00e3o oficial sobre feridos ou o n\u00famero exato de desalojados. As autoridades n\u00e3o detalharam o local espec\u00edfico do incidente nem os desdobramentos imediatos da situa\u00e7\u00e3o.<\/p>\n","protected":false},"excerpt":{"rendered":"<ul>\n<li>Equipes de emerg\u00eancia retiraram v\u00e1rias fam\u00edlias de um edif\u00edcio danificado.<\/li>\n<li>O edif\u00edcio ficou atingido por destro\u00e7os depois de Israel ter interceptado um m\u00edssil iraniano.<\/li>\n<li>O incidente ocorreu numa nova vaga de ataques e contra-ataques no M\u00e9dio Oriente.<\/li>\n<li>O epis\u00f3dio insere-se no contexto do atual conflito na regi\u00e3o.<\/li>\n<\/ul>\n","protected":false},"author":2,"featured_media":392301,"comment_status":"closed","ping_status":"closed","sticky":false,"template":"","format":"standard","meta":{"footnotes":""},"categories":[1],"tags":[2198,3004,2843,2938,148,3708],"class_list":["post-392292","post","type-post","status-publish","format-standard","has-post-thumbnail","hentry","category-noticias","tag-conflitos-internacionais","tag-desalojados","tag-desalojamentos","tag-evacuacao","tag-familias","tag-israel"],"yoast_head":"<!-- This site is optimized with the Yoast SEO plugin v27.2 - https:\/\/yoast.com\/product\/yoast-seo-wordpress\/ -->\n<title>Fam\u00edlias evacuadas ap\u00f3s intercepta\u00e7\u00e3o de m\u00edssil em Israel - Portal Tela Portugal<\/title>\n<meta name=\"robots\" content=\"index, follow, max-snippet:-1, max-image-preview:large, max-video-preview:-1\" \/>\n<meta property=\"og:locale\" content=\"pt_PT\" \/>\n<meta property=\"og:type\" content=\"article\" \/>\n<meta property=\"og:title\" content=\"Fam\u00edlias evacuadas ap\u00f3s intercepta\u00e7\u00e3o de m\u00edssil em Israel - Portal Tela Portugal\" \/>\n<meta property=\"og:description\" content=\"Equipes de emerg\u00eancia retiraram v\u00e1rias fam\u00edlias de um edif\u00edcio danificado. O edif\u00edcio ficou atingido por destro\u00e7os depois de Israel ter interceptado um m\u00edssil iraniano. O incidente ocorreu numa nova vaga de ataques e contra-ataques no M\u00e9dio Oriente. O epis\u00f3dio insere-se no contexto do atual conflito na regi\u00e3o.\" \/>\n<meta property=\"og:url\" content=\"https:\/\/portaltela.pt\/noticias\/2026\/02\/28\/familias-evacuadas-apos-interceptacao-de-missil-em-israel\/\" \/>\n<meta property=\"og:site_name\" content=\"Portal Tela Portugal\" \/>\n<meta property=\"article:published_time\" content=\"2026-02-28T15:25:13+00:00\" \/>\n<meta name=\"author\" content=\"Telinha\" \/>\n<meta name=\"twitter:card\" content=\"summary_large_image\" \/>\n<meta name=\"twitter:label1\" content=\"Escrito por\" \/>\n\t<meta name=\"twitter:data1\" content=\"Telinha\" \/>\n\t<meta name=\"twitter:label2\" content=\"Tempo estimado de leitura\" \/>\n\t<meta name=\"twitter:data2\" content=\"1 minuto\" \/>\n<script type=\"application\/ld+json\" class=\"yoast-schema-graph\">{\"@context\":\"https:\/\/schema.org\",\"@graph\":[{\"@type\":\"Article\",\"@id\":\"https:\/\/portaltela.pt\/noticias\/2026\/02\/28\/familias-evacuadas-apos-interceptacao-de-missil-em-israel\/#article\",\"isPartOf\":{\"@id\":\"https:\/\/portaltela.pt\/noticias\/2026\/02\/28\/familias-evacuadas-apos-interceptacao-de-missil-em-israel\/\"},\"author\":{\"name\":\"Telinha\",\"@id\":\"https:\/\/portaltela.pt\/#\/schema\/person\/c4278d4a6028830caff9ee44b42d32ed\"},\"headline\":\"Fam\u00edlias evacuadas ap\u00f3s intercepta\u00e7\u00e3o de m\u00edssil em Israel\",\"datePublished\":\"2026-02-28T15:25:13+00:00\",\"mainEntityOfPage\":{\"@id\":\"https:\/\/portaltela.pt\/noticias\/2026\/02\/28\/familias-evacuadas-apos-interceptacao-de-missil-em-israel\/\"},\"wordCount\":123,\"image\":{\"@id\":\"https:\/\/portaltela.pt\/noticias\/2026\/02\/28\/familias-evacuadas-apos-interceptacao-de-missil-em-israel\/#primaryimage\"},\"thumbnailUrl\":\"https:\/\/portaltela.pt\/s.01k8rhncp4jt1\/2026\/02\/img_1200x721uu2026-02-28-15-22-34-2424129.jpg\",\"keywords\":[\"conflitos internacionais\",\"desalojados\",\"desalojamentos\",\"evacua\u00e7\u00e3o\",\"fam\u00edlias\",\"Israel\"],\"articleSection\":[\"Not\u00edcias\"],\"inLanguage\":\"pt-PT\"},{\"@type\":\"WebPage\",\"@id\":\"https:\/\/portaltela.pt\/noticias\/2026\/02\/28\/familias-evacuadas-apos-interceptacao-de-missil-em-israel\/\",\"url\":\"https:\/\/portaltela.pt\/noticias\/2026\/02\/28\/familias-evacuadas-apos-interceptacao-de-missil-em-israel\/\",\"name\":\"Fam\u00edlias evacuadas ap\u00f3s intercepta\u00e7\u00e3o de m\u00edssil em Israel - Portal Tela Portugal\",\"isPartOf\":{\"@id\":\"https:\/\/portaltela.pt\/#website\"},\"primaryImageOfPage\":{\"@id\":\"https:\/\/portaltela.pt\/noticias\/2026\/02\/28\/familias-evacuadas-apos-interceptacao-de-missil-em-israel\/#primaryimage\"},\"image\":{\"@id\":\"https:\/\/portaltela.pt\/noticias\/2026\/02\/28\/familias-evacuadas-apos-interceptacao-de-missil-em-israel\/#primaryimage\"},\"thumbnailUrl\":\"https:\/\/portaltela.pt\/s.01k8rhncp4jt1\/2026\/02\/img_1200x721uu2026-02-28-15-22-34-2424129.jpg\",\"datePublished\":\"2026-02-28T15:25:13+00:00\",\"author\":{\"@id\":\"https:\/\/portaltela.pt\/#\/schema\/person\/c4278d4a6028830caff9ee44b42d32ed\"},\"breadcrumb\":{\"@id\":\"https:\/\/portaltela.pt\/noticias\/2026\/02\/28\/familias-evacuadas-apos-interceptacao-de-missil-em-israel\/#breadcrumb\"},\"inLanguage\":\"pt-PT\",\"potentialAction\":[{\"@type\":\"ReadAction\",\"target\":[\"https:\/\/portaltela.pt\/noticias\/2026\/02\/28\/familias-evacuadas-apos-interceptacao-de-missil-em-israel\/\"]}]},{\"@type\":\"ImageObject\",\"inLanguage\":\"pt-PT\",\"@id\":\"https:\/\/portaltela.pt\/noticias\/2026\/02\/28\/familias-evacuadas-apos-interceptacao-de-missil-em-israel\/#primaryimage\",\"url\":\"https:\/\/portaltela.pt\/s.01k8rhncp4jt1\/2026\/02\/img_1200x721uu2026-02-28-15-22-34-2424129.jpg\",\"contentUrl\":\"https:\/\/portaltela.pt\/s.01k8rhncp4jt1\/2026\/02\/img_1200x721uu2026-02-28-15-22-34-2424129.jpg\",\"width\":796,\"height\":448,\"caption\":\"O momento em que fam\u00edlias s\u00e3o retiradas de edif\u00edcio danificado ap\u00f3s interce\u00e7\u00e3o de m\u00edssil em Israel\"},{\"@type\":\"BreadcrumbList\",\"@id\":\"https:\/\/portaltela.pt\/noticias\/2026\/02\/28\/familias-evacuadas-apos-interceptacao-de-missil-em-israel\/#breadcrumb\",\"itemListElement\":[{\"@type\":\"ListItem\",\"position\":1,\"name\":\"In\u00edcio\",\"item\":\"https:\/\/portaltela.pt\/\"},{\"@type\":\"ListItem\",\"position\":2,\"name\":\"Fam\u00edlias evacuadas ap\u00f3s intercepta\u00e7\u00e3o de m\u00edssil em Israel\"}]},{\"@type\":\"WebSite\",\"@id\":\"https:\/\/portaltela.pt\/#website\",\"url\":\"https:\/\/portaltela.pt\/\",\"name\":\"Portal Tela Portugal\",\"description\":\"\",\"potentialAction\":[{\"@type\":\"SearchAction\",\"target\":{\"@type\":\"EntryPoint\",\"urlTemplate\":\"https:\/\/portaltela.pt\/?s={search_term_string}\"},\"query-input\":{\"@type\":\"PropertyValueSpecification\",\"valueRequired\":true,\"valueName\":\"search_term_string\"}}],\"inLanguage\":\"pt-PT\"},{\"@type\":\"Person\",\"@id\":\"https:\/\/portaltela.pt\/#\/schema\/person\/c4278d4a6028830caff9ee44b42d32ed\",\"name\":\"Telinha\",\"image\":{\"@type\":\"ImageObject\",\"inLanguage\":\"pt-PT\",\"@id\":\"https:\/\/portaltela.pt\/s.01k8rhncp4jt1\/2025\/11\/talking-bot-125x125.png\",\"url\":\"https:\/\/portaltela.pt\/s.01k8rhncp4jt1\/2025\/11\/talking-bot-125x125.png\",\"contentUrl\":\"https:\/\/portaltela.pt\/s.01k8rhncp4jt1\/2025\/11\/talking-bot-125x125.png\",\"caption\":\"Telinha\"},\"sameAs\":[\"https:\/\/portaltela.pt\/\"],\"url\":\"https:\/\/portaltela.pt\/por\/367410592786\/\"}]}<\/script>\n<!-- \/ Yoast SEO plugin. -->","yoast_head_json":{"title":"Fam\u00edlias evacuadas ap\u00f3s intercepta\u00e7\u00e3o de m\u00edssil em Israel - Portal Tela Portugal","robots":{"index":"index","follow":"follow","max-snippet":"max-snippet:-1","max-image-preview":"max-image-preview:large","max-video-preview":"max-video-preview:-1"},"og_locale":"pt_PT","og_type":"article","og_title":"Fam\u00edlias evacuadas ap\u00f3s intercepta\u00e7\u00e3o de m\u00edssil em Israel - Portal Tela Portugal","og_description":"Equipes de emerg\u00eancia retiraram v\u00e1rias fam\u00edlias de um edif\u00edcio danificado. O edif\u00edcio ficou atingido por destro\u00e7os depois de Israel ter interceptado um m\u00edssil iraniano. O incidente ocorreu numa nova vaga de ataques e contra-ataques no M\u00e9dio Oriente. O epis\u00f3dio insere-se no contexto do atual conflito na regi\u00e3o.","og_url":"https:\/\/portaltela.pt\/noticias\/2026\/02\/28\/familias-evacuadas-apos-interceptacao-de-missil-em-israel\/","og_site_name":"Portal Tela Portugal","article_published_time":"2026-02-28T15:25:13+00:00","author":"Telinha","twitter_card":"summary_large_image","twitter_misc":{"Escrito por":"Telinha","Tempo estimado de leitura":"1 minuto"},"schema":{"@context":"https:\/\/schema.org","@graph":[{"@type":"Article","@id":"https:\/\/portaltela.pt\/noticias\/2026\/02\/28\/familias-evacuadas-apos-interceptacao-de-missil-em-israel\/#article","isPartOf":{"@id":"https:\/\/portaltela.pt\/noticias\/2026\/02\/28\/familias-evacuadas-apos-interceptacao-de-missil-em-israel\/"},"author":{"name":"Telinha","@id":"https:\/\/portaltela.pt\/#\/schema\/person\/c4278d4a6028830caff9ee44b42d32ed"},"headline":"Fam\u00edlias evacuadas ap\u00f3s intercepta\u00e7\u00e3o de m\u00edssil em Israel","datePublished":"2026-02-28T15:25:13+00:00","mainEntityOfPage":{"@id":"https:\/\/portaltela.pt\/noticias\/2026\/02\/28\/familias-evacuadas-apos-interceptacao-de-missil-em-israel\/"},"wordCount":123,"image":{"@id":"https:\/\/portaltela.pt\/noticias\/2026\/02\/28\/familias-evacuadas-apos-interceptacao-de-missil-em-israel\/#primaryimage"},"thumbnailUrl":"https:\/\/portaltela.pt\/s.01k8rhncp4jt1\/2026\/02\/img_1200x721uu2026-02-28-15-22-34-2424129.jpg","keywords":["conflitos internacionais","desalojados","desalojamentos","evacua\u00e7\u00e3o","fam\u00edlias","Israel"],"articleSection":["Not\u00edcias"],"inLanguage":"pt-PT"},{"@type":"WebPage","@id":"https:\/\/portaltela.pt\/noticias\/2026\/02\/28\/familias-evacuadas-apos-interceptacao-de-missil-em-israel\/","url":"https:\/\/portaltela.pt\/noticias\/2026\/02\/28\/familias-evacuadas-apos-interceptacao-de-missil-em-israel\/","name":"Fam\u00edlias evacuadas ap\u00f3s intercepta\u00e7\u00e3o de m\u00edssil em Israel - Portal Tela Portugal","isPartOf":{"@id":"https:\/\/portaltela.pt\/#website"},"primaryImageOfPage":{"@id":"https:\/\/portaltela.pt\/noticias\/2026\/02\/28\/familias-evacuadas-apos-interceptacao-de-missil-em-israel\/#primaryimage"},"image":{"@id":"https:\/\/portaltela.pt\/noticias\/2026\/02\/28\/familias-evacuadas-apos-interceptacao-de-missil-em-israel\/#primaryimage"},"thumbnailUrl":"https:\/\/portaltela.pt\/s.01k8rhncp4jt1\/2026\/02\/img_1200x721uu2026-02-28-15-22-34-2424129.jpg","datePublished":"2026-02-28T15:25:13+00:00","author":{"@id":"https:\/\/portaltela.pt\/#\/schema\/person\/c4278d4a6028830caff9ee44b42d32ed"},"breadcrumb":{"@id":"https:\/\/portaltela.pt\/noticias\/2026\/02\/28\/familias-evacuadas-apos-interceptacao-de-missil-em-israel\/#breadcrumb"},"inLanguage":"pt-PT","potentialAction":[{"@type":"ReadAction","target":["https:\/\/portaltela.pt\/noticias\/2026\/02\/28\/familias-evacuadas-apos-interceptacao-de-missil-em-israel\/"]}]},{"@type":"ImageObject","inLanguage":"pt-PT","@id":"https:\/\/portaltela.pt\/noticias\/2026\/02\/28\/familias-evacuadas-apos-interceptacao-de-missil-em-israel\/#primaryimage","url":"https:\/\/portaltela.pt\/s.01k8rhncp4jt1\/2026\/02\/img_1200x721uu2026-02-28-15-22-34-2424129.jpg","contentUrl":"https:\/\/portaltela.pt\/s.01k8rhncp4jt1\/2026\/02\/img_1200x721uu2026-02-28-15-22-34-2424129.jpg","width":796,"height":448,"caption":"O momento em que fam\u00edlias s\u00e3o retiradas de edif\u00edcio danificado ap\u00f3s interce\u00e7\u00e3o de m\u00edssil em Israel"},{"@type":"BreadcrumbList","@id":"https:\/\/portaltela.pt\/noticias\/2026\/02\/28\/familias-evacuadas-apos-interceptacao-de-missil-em-israel\/#breadcrumb","itemListElement":[{"@type":"ListItem","position":1,"name":"In\u00edcio","item":"https:\/\/portaltela.pt\/"},{"@type":"ListItem","position":2,"name":"Fam\u00edlias evacuadas ap\u00f3s intercepta\u00e7\u00e3o de m\u00edssil em Israel"}]},{"@type":"WebSite","@id":"https:\/\/portaltela.pt\/#website","url":"https:\/\/portaltela.pt\/","name":"Portal Tela Portugal","description":"","potentialAction":[{"@type":"SearchAction","target":{"@type":"EntryPoint","urlTemplate":"https:\/\/portaltela.pt\/?s={search_term_string}"},"query-input":{"@type":"PropertyValueSpecification","valueRequired":true,"valueName":"search_term_string"}}],"inLanguage":"pt-PT"},{"@type":"Person","@id":"https:\/\/portaltela.pt\/#\/schema\/person\/c4278d4a6028830caff9ee44b42d32ed","name":"Telinha","image":{"@type":"ImageObject","inLanguage":"pt-PT","@id":"https:\/\/portaltela.pt\/s.01k8rhncp4jt1\/2025\/11\/talking-bot-125x125.png","url":"https:\/\/portaltela.pt\/s.01k8rhncp4jt1\/2025\/11\/talking-bot-125x125.png","contentUrl":"https:\/\/portaltela.pt\/s.01k8rhncp4jt1\/2025\/11\/talking-bot-125x125.png","caption":"Telinha"},"sameAs":["https:\/\/portaltela.pt\/"],"url":"https:\/\/portaltela.pt\/por\/367410592786\/"}]}},"_links":{"self":[{"href":"https:\/\/portaltela.pt\/api\/wp\/v2\/posts\/392292","targetHints":{"allow":["GET"]}}],"collection":[{"href":"https:\/\/portaltela.pt\/api\/wp\/v2\/posts"}],"about":[{"href":"https:\/\/portaltela.pt\/api\/wp\/v2\/types\/post"}],"author":[{"embeddable":true,"href":"https:\/\/portaltela.pt\/api\/wp\/v2\/users\/2"}],"replies":[{"embeddable":true,"href":"https:\/\/portaltela.pt\/api\/wp\/v2\/comments?post=392292"}],"version-history":[{"count":0,"href":"https:\/\/portaltela.pt\/api\/wp\/v2\/posts\/392292\/revisions"}],"wp:featuredmedia":[{"embeddable":true,"href":"https:\/\/portaltela.pt\/api\/wp\/v2\/media\/392301"}],"wp:attachment":[{"href":"https:\/\/portaltela.pt\/api\/wp\/v2\/media?parent=392292"}],"wp:term":[{"taxonomy":"category","embeddable":true,"href":"https:\/\/portaltela.pt\/api\/wp\/v2\/categories?post=392292"},{"taxonomy":"post_tag","embeddable":true,"href":"https:\/\/portaltela.pt\/api\/wp\/v2\/tags?post=392292"}],"curies":[{"name":"wp","href":"https:\/\/api.w.org\/{rel}","templated":true}]}}