{"id":392272,"date":"2026-02-28T12:09:00","date_gmt":"2026-02-28T15:09:00","guid":{"rendered":"https:\/\/portaltela.pt\/noticias\/2026\/02\/28\/patricia-palhares-celebra-momento-com-os-filhos\/"},"modified":"2026-02-28T12:09:00","modified_gmt":"2026-02-28T15:09:00","slug":"patricia-palhares-celebra-momento-com-os-filhos","status":"publish","type":"post","link":"https:\/\/portaltela.pt\/noticias\/2026\/02\/28\/patricia-palhares-celebra-momento-com-os-filhos\/","title":{"rendered":"Patr\u00edcia Palhares celebra momento com os filhos"},"content":{"rendered":"<p>Patr\u00edcia Palhares celebrou o seu 29.\u00ba anivers\u00e1rio a 20 de fevereiro, junto dos filhos Jo\u00e3o Maria e Francisco Maria. A festa ocorreu num ambiente intimista, diferente do que aconteceu no ano anterior, quando o mais pequeno ainda esteve internado por motivos de sa\u00fade.<\/p>\n<p>A antiga companheira de Jo\u00e3o Palhinha est\u00e1 a atravessar uma fase marcada pela recupera\u00e7\u00e3o da vida pessoal. Entre a separa\u00e7\u00e3o, quest\u00f5es legais e a disputa pela guarda, tem vindo a partilhar sinais de equil\u00edbrio e de esperan\u00e7as para o futuro.<\/p>\n<p>Durante a celebra\u00e7\u00e3o, Palhares partilhou uma reflex\u00e3o centrada no crescimento pessoal. A estudante de Dent\u00e1ria descreveu a progress\u00e3o como um percurso de autodescoberta, refor\u00e7ando o orgulho na pessoa que tem vindo a ser e na que pretende ser.<\/p>\n<p>Al\u00e9m da vida pessoal, Patr\u00edcia Palhares tem utilizado as redes sociais para mostrar que est\u00e1 de forma mais serena e est\u00e1vel, mantendo o foco no bem-estar dos filhos e na constru\u00e7\u00e3o de uma nova etapa.<\/p>\n","protected":false},"excerpt":{"rendered":"<ul>\n<li>Patr\u00edcia Palhares celebrou o 29.\u00ba anivers\u00e1rio a 20 de fevereiro, junto dos filhos Jo\u00e3o Maria e Francisco Maria.<\/li>\n<li>O mais pequeno, rec\u00e9m-nascido, esteve com problemas de sa\u00fade e chegou a estar internado durante alguns dias.<\/li>\n<li>Ela deixou uma mensagem de autoaprecia\u00e7\u00e3o: &#8220;Para a mulher que eu fui, amo-te. Para a mulher que sou, tenho orgulho em ti. Para a mulher que serei, estou entusiasmada por ti. Com amor, eu mesma&#8221;.<\/li>\n<li>Al\u00e9m da separa\u00e7\u00e3o e das disputas com a guarda, Patr\u00edcia tem mostrado nas redes sociais que est\u00e1 a reconstruir a sua vida e a atravessar uma fase mais tranquila.<\/li>\n<li>A antiga rela\u00e7\u00e3o com Jo\u00e3o Palhinha envolve j\u00e1 quest\u00f5es legais, incluindo a guarda das crian\u00e7as, mas a atualidade aponta para uma vida mais est\u00e1vel.<\/li>\n<\/ul>\n","protected":false},"author":2,"featured_media":392283,"comment_status":"closed","ping_status":"closed","sticky":false,"template":"","format":"standard","meta":{"footnotes":""},"categories":[1],"tags":[64,132,1113,3562,6346,1196],"class_list":["post-392272","post","type-post","status-publish","format-standard","has-post-thumbnail","hentry","category-noticias","tag-familia","tag-filhos","tag-guarda","tag-privacidade","tag-recuperacao","tag-vida-privada"],"yoast_head":"<!-- This site is optimized with the Yoast SEO plugin v27.2 - https:\/\/yoast.com\/product\/yoast-seo-wordpress\/ -->\n<title>Patr\u00edcia Palhares celebra momento com os filhos - Portal Tela Portugal<\/title>\n<meta name=\"robots\" content=\"index, follow, max-snippet:-1, max-image-preview:large, max-video-preview:-1\" \/>\n<meta property=\"og:locale\" content=\"pt_PT\" \/>\n<meta property=\"og:type\" content=\"article\" \/>\n<meta property=\"og:title\" content=\"Patr\u00edcia Palhares celebra momento com os filhos - Portal Tela Portugal\" \/>\n<meta property=\"og:description\" content=\"Patr\u00edcia Palhares celebrou o 29.\u00ba anivers\u00e1rio a 20 de fevereiro, junto dos filhos Jo\u00e3o Maria e Francisco Maria. O mais pequeno, rec\u00e9m-nascido, esteve com problemas de sa\u00fade e chegou a estar internado durante alguns dias. Ela deixou uma mensagem de autoaprecia\u00e7\u00e3o: &quot;Para a mulher que eu fui, amo-te. Para a mulher que sou, tenho orgulho em ti. Para a mulher que serei, estou entusiasmada por ti. Com amor, eu mesma&quot;. Al\u00e9m da separa\u00e7\u00e3o e das disputas com a guarda, Patr\u00edcia tem mostrado nas redes sociais que est\u00e1 a reconstruir a sua vida e a atravessar uma fase mais tranquila. A antiga rela\u00e7\u00e3o com Jo\u00e3o Palhinha envolve j\u00e1 quest\u00f5es legais, incluindo a guarda das crian\u00e7as, mas a atualidade aponta para uma vida mais est\u00e1vel.\" \/>\n<meta property=\"og:url\" content=\"https:\/\/portaltela.pt\/noticias\/2026\/02\/28\/patricia-palhares-celebra-momento-com-os-filhos\/\" \/>\n<meta property=\"og:site_name\" content=\"Portal Tela Portugal\" \/>\n<meta property=\"article:published_time\" content=\"2026-02-28T15:09:00+00:00\" \/>\n<meta name=\"author\" content=\"Telinha\" \/>\n<meta name=\"twitter:card\" content=\"summary_large_image\" \/>\n<meta name=\"twitter:label1\" content=\"Escrito por\" \/>\n\t<meta name=\"twitter:data1\" content=\"Telinha\" \/>\n\t<meta name=\"twitter:label2\" content=\"Tempo estimado de leitura\" \/>\n\t<meta name=\"twitter:data2\" content=\"1 minuto\" \/>\n<script type=\"application\/ld+json\" class=\"yoast-schema-graph\">{\"@context\":\"https:\/\/schema.org\",\"@graph\":[{\"@type\":\"Article\",\"@id\":\"https:\/\/portaltela.pt\/noticias\/2026\/02\/28\/patricia-palhares-celebra-momento-com-os-filhos\/#article\",\"isPartOf\":{\"@id\":\"https:\/\/portaltela.pt\/noticias\/2026\/02\/28\/patricia-palhares-celebra-momento-com-os-filhos\/\"},\"author\":{\"name\":\"Telinha\",\"@id\":\"https:\/\/portaltela.pt\/#\/schema\/person\/c4278d4a6028830caff9ee44b42d32ed\"},\"headline\":\"Patr\u00edcia Palhares celebra momento com os filhos\",\"datePublished\":\"2026-02-28T15:09:00+00:00\",\"mainEntityOfPage\":{\"@id\":\"https:\/\/portaltela.pt\/noticias\/2026\/02\/28\/patricia-palhares-celebra-momento-com-os-filhos\/\"},\"wordCount\":181,\"image\":{\"@id\":\"https:\/\/portaltela.pt\/noticias\/2026\/02\/28\/patricia-palhares-celebra-momento-com-os-filhos\/#primaryimage\"},\"thumbnailUrl\":\"https:\/\/portaltela.pt\/s.01k8rhncp4jt1\/2026\/02\/img_1500x1000uu2025-10-02-09-28-38-2238914-im-638949941768152314.jpg\",\"keywords\":[\"fam\u00edlia\",\"filhos\",\"Guarda\",\"privacidade\",\"recupera\u00e7\u00e3o\",\"Vida Privada\"],\"articleSection\":[\"Not\u00edcias\"],\"inLanguage\":\"pt-PT\"},{\"@type\":\"WebPage\",\"@id\":\"https:\/\/portaltela.pt\/noticias\/2026\/02\/28\/patricia-palhares-celebra-momento-com-os-filhos\/\",\"url\":\"https:\/\/portaltela.pt\/noticias\/2026\/02\/28\/patricia-palhares-celebra-momento-com-os-filhos\/\",\"name\":\"Patr\u00edcia Palhares celebra momento com os filhos - Portal Tela Portugal\",\"isPartOf\":{\"@id\":\"https:\/\/portaltela.pt\/#website\"},\"primaryImageOfPage\":{\"@id\":\"https:\/\/portaltela.pt\/noticias\/2026\/02\/28\/patricia-palhares-celebra-momento-com-os-filhos\/#primaryimage\"},\"image\":{\"@id\":\"https:\/\/portaltela.pt\/noticias\/2026\/02\/28\/patricia-palhares-celebra-momento-com-os-filhos\/#primaryimage\"},\"thumbnailUrl\":\"https:\/\/portaltela.pt\/s.01k8rhncp4jt1\/2026\/02\/img_1500x1000uu2025-10-02-09-28-38-2238914-im-638949941768152314.jpg\",\"datePublished\":\"2026-02-28T15:09:00+00:00\",\"author\":{\"@id\":\"https:\/\/portaltela.pt\/#\/schema\/person\/c4278d4a6028830caff9ee44b42d32ed\"},\"breadcrumb\":{\"@id\":\"https:\/\/portaltela.pt\/noticias\/2026\/02\/28\/patricia-palhares-celebra-momento-com-os-filhos\/#breadcrumb\"},\"inLanguage\":\"pt-PT\",\"potentialAction\":[{\"@type\":\"ReadAction\",\"target\":[\"https:\/\/portaltela.pt\/noticias\/2026\/02\/28\/patricia-palhares-celebra-momento-com-os-filhos\/\"]}]},{\"@type\":\"ImageObject\",\"inLanguage\":\"pt-PT\",\"@id\":\"https:\/\/portaltela.pt\/noticias\/2026\/02\/28\/patricia-palhares-celebra-momento-com-os-filhos\/#primaryimage\",\"url\":\"https:\/\/portaltela.pt\/s.01k8rhncp4jt1\/2026\/02\/img_1500x1000uu2025-10-02-09-28-38-2238914-im-638949941768152314.jpg\",\"contentUrl\":\"https:\/\/portaltela.pt\/s.01k8rhncp4jt1\/2026\/02\/img_1500x1000uu2025-10-02-09-28-38-2238914-im-638949941768152314.jpg\",\"width\":796,\"height\":448,\"caption\":\"Patr\u00edcia Palhares revela susto de sa\u00fade ap\u00f3s c\u00f3lica renal e hospitaliza\u00e7\u00e3o\"},{\"@type\":\"BreadcrumbList\",\"@id\":\"https:\/\/portaltela.pt\/noticias\/2026\/02\/28\/patricia-palhares-celebra-momento-com-os-filhos\/#breadcrumb\",\"itemListElement\":[{\"@type\":\"ListItem\",\"position\":1,\"name\":\"In\u00edcio\",\"item\":\"https:\/\/portaltela.pt\/\"},{\"@type\":\"ListItem\",\"position\":2,\"name\":\"Patr\u00edcia Palhares celebra momento com os filhos\"}]},{\"@type\":\"WebSite\",\"@id\":\"https:\/\/portaltela.pt\/#website\",\"url\":\"https:\/\/portaltela.pt\/\",\"name\":\"Portal Tela Portugal\",\"description\":\"\",\"potentialAction\":[{\"@type\":\"SearchAction\",\"target\":{\"@type\":\"EntryPoint\",\"urlTemplate\":\"https:\/\/portaltela.pt\/?s={search_term_string}\"},\"query-input\":{\"@type\":\"PropertyValueSpecification\",\"valueRequired\":true,\"valueName\":\"search_term_string\"}}],\"inLanguage\":\"pt-PT\"},{\"@type\":\"Person\",\"@id\":\"https:\/\/portaltela.pt\/#\/schema\/person\/c4278d4a6028830caff9ee44b42d32ed\",\"name\":\"Telinha\",\"image\":{\"@type\":\"ImageObject\",\"inLanguage\":\"pt-PT\",\"@id\":\"https:\/\/portaltela.pt\/s.01k8rhncp4jt1\/2025\/11\/talking-bot-125x125.png\",\"url\":\"https:\/\/portaltela.pt\/s.01k8rhncp4jt1\/2025\/11\/talking-bot-125x125.png\",\"contentUrl\":\"https:\/\/portaltela.pt\/s.01k8rhncp4jt1\/2025\/11\/talking-bot-125x125.png\",\"caption\":\"Telinha\"},\"sameAs\":[\"https:\/\/portaltela.pt\/\"],\"url\":\"https:\/\/portaltela.pt\/por\/367410592786\/\"}]}<\/script>\n<!-- \/ Yoast SEO plugin. -->","yoast_head_json":{"title":"Patr\u00edcia Palhares celebra momento com os filhos - Portal Tela Portugal","robots":{"index":"index","follow":"follow","max-snippet":"max-snippet:-1","max-image-preview":"max-image-preview:large","max-video-preview":"max-video-preview:-1"},"og_locale":"pt_PT","og_type":"article","og_title":"Patr\u00edcia Palhares celebra momento com os filhos - Portal Tela Portugal","og_description":"Patr\u00edcia Palhares celebrou o 29.\u00ba anivers\u00e1rio a 20 de fevereiro, junto dos filhos Jo\u00e3o Maria e Francisco Maria. O mais pequeno, rec\u00e9m-nascido, esteve com problemas de sa\u00fade e chegou a estar internado durante alguns dias. Ela deixou uma mensagem de autoaprecia\u00e7\u00e3o: \"Para a mulher que eu fui, amo-te. Para a mulher que sou, tenho orgulho em ti. Para a mulher que serei, estou entusiasmada por ti. Com amor, eu mesma\". Al\u00e9m da separa\u00e7\u00e3o e das disputas com a guarda, Patr\u00edcia tem mostrado nas redes sociais que est\u00e1 a reconstruir a sua vida e a atravessar uma fase mais tranquila. A antiga rela\u00e7\u00e3o com Jo\u00e3o Palhinha envolve j\u00e1 quest\u00f5es legais, incluindo a guarda das crian\u00e7as, mas a atualidade aponta para uma vida mais est\u00e1vel.","og_url":"https:\/\/portaltela.pt\/noticias\/2026\/02\/28\/patricia-palhares-celebra-momento-com-os-filhos\/","og_site_name":"Portal Tela Portugal","article_published_time":"2026-02-28T15:09:00+00:00","author":"Telinha","twitter_card":"summary_large_image","twitter_misc":{"Escrito por":"Telinha","Tempo estimado de leitura":"1 minuto"},"schema":{"@context":"https:\/\/schema.org","@graph":[{"@type":"Article","@id":"https:\/\/portaltela.pt\/noticias\/2026\/02\/28\/patricia-palhares-celebra-momento-com-os-filhos\/#article","isPartOf":{"@id":"https:\/\/portaltela.pt\/noticias\/2026\/02\/28\/patricia-palhares-celebra-momento-com-os-filhos\/"},"author":{"name":"Telinha","@id":"https:\/\/portaltela.pt\/#\/schema\/person\/c4278d4a6028830caff9ee44b42d32ed"},"headline":"Patr\u00edcia Palhares celebra momento com os filhos","datePublished":"2026-02-28T15:09:00+00:00","mainEntityOfPage":{"@id":"https:\/\/portaltela.pt\/noticias\/2026\/02\/28\/patricia-palhares-celebra-momento-com-os-filhos\/"},"wordCount":181,"image":{"@id":"https:\/\/portaltela.pt\/noticias\/2026\/02\/28\/patricia-palhares-celebra-momento-com-os-filhos\/#primaryimage"},"thumbnailUrl":"https:\/\/portaltela.pt\/s.01k8rhncp4jt1\/2026\/02\/img_1500x1000uu2025-10-02-09-28-38-2238914-im-638949941768152314.jpg","keywords":["fam\u00edlia","filhos","Guarda","privacidade","recupera\u00e7\u00e3o","Vida Privada"],"articleSection":["Not\u00edcias"],"inLanguage":"pt-PT"},{"@type":"WebPage","@id":"https:\/\/portaltela.pt\/noticias\/2026\/02\/28\/patricia-palhares-celebra-momento-com-os-filhos\/","url":"https:\/\/portaltela.pt\/noticias\/2026\/02\/28\/patricia-palhares-celebra-momento-com-os-filhos\/","name":"Patr\u00edcia Palhares celebra momento com os filhos - Portal Tela Portugal","isPartOf":{"@id":"https:\/\/portaltela.pt\/#website"},"primaryImageOfPage":{"@id":"https:\/\/portaltela.pt\/noticias\/2026\/02\/28\/patricia-palhares-celebra-momento-com-os-filhos\/#primaryimage"},"image":{"@id":"https:\/\/portaltela.pt\/noticias\/2026\/02\/28\/patricia-palhares-celebra-momento-com-os-filhos\/#primaryimage"},"thumbnailUrl":"https:\/\/portaltela.pt\/s.01k8rhncp4jt1\/2026\/02\/img_1500x1000uu2025-10-02-09-28-38-2238914-im-638949941768152314.jpg","datePublished":"2026-02-28T15:09:00+00:00","author":{"@id":"https:\/\/portaltela.pt\/#\/schema\/person\/c4278d4a6028830caff9ee44b42d32ed"},"breadcrumb":{"@id":"https:\/\/portaltela.pt\/noticias\/2026\/02\/28\/patricia-palhares-celebra-momento-com-os-filhos\/#breadcrumb"},"inLanguage":"pt-PT","potentialAction":[{"@type":"ReadAction","target":["https:\/\/portaltela.pt\/noticias\/2026\/02\/28\/patricia-palhares-celebra-momento-com-os-filhos\/"]}]},{"@type":"ImageObject","inLanguage":"pt-PT","@id":"https:\/\/portaltela.pt\/noticias\/2026\/02\/28\/patricia-palhares-celebra-momento-com-os-filhos\/#primaryimage","url":"https:\/\/portaltela.pt\/s.01k8rhncp4jt1\/2026\/02\/img_1500x1000uu2025-10-02-09-28-38-2238914-im-638949941768152314.jpg","contentUrl":"https:\/\/portaltela.pt\/s.01k8rhncp4jt1\/2026\/02\/img_1500x1000uu2025-10-02-09-28-38-2238914-im-638949941768152314.jpg","width":796,"height":448,"caption":"Patr\u00edcia Palhares revela susto de sa\u00fade ap\u00f3s c\u00f3lica renal e hospitaliza\u00e7\u00e3o"},{"@type":"BreadcrumbList","@id":"https:\/\/portaltela.pt\/noticias\/2026\/02\/28\/patricia-palhares-celebra-momento-com-os-filhos\/#breadcrumb","itemListElement":[{"@type":"ListItem","position":1,"name":"In\u00edcio","item":"https:\/\/portaltela.pt\/"},{"@type":"ListItem","position":2,"name":"Patr\u00edcia Palhares celebra momento com os filhos"}]},{"@type":"WebSite","@id":"https:\/\/portaltela.pt\/#website","url":"https:\/\/portaltela.pt\/","name":"Portal Tela Portugal","description":"","potentialAction":[{"@type":"SearchAction","target":{"@type":"EntryPoint","urlTemplate":"https:\/\/portaltela.pt\/?s={search_term_string}"},"query-input":{"@type":"PropertyValueSpecification","valueRequired":true,"valueName":"search_term_string"}}],"inLanguage":"pt-PT"},{"@type":"Person","@id":"https:\/\/portaltela.pt\/#\/schema\/person\/c4278d4a6028830caff9ee44b42d32ed","name":"Telinha","image":{"@type":"ImageObject","inLanguage":"pt-PT","@id":"https:\/\/portaltela.pt\/s.01k8rhncp4jt1\/2025\/11\/talking-bot-125x125.png","url":"https:\/\/portaltela.pt\/s.01k8rhncp4jt1\/2025\/11\/talking-bot-125x125.png","contentUrl":"https:\/\/portaltela.pt\/s.01k8rhncp4jt1\/2025\/11\/talking-bot-125x125.png","caption":"Telinha"},"sameAs":["https:\/\/portaltela.pt\/"],"url":"https:\/\/portaltela.pt\/por\/367410592786\/"}]}},"_links":{"self":[{"href":"https:\/\/portaltela.pt\/api\/wp\/v2\/posts\/392272","targetHints":{"allow":["GET"]}}],"collection":[{"href":"https:\/\/portaltela.pt\/api\/wp\/v2\/posts"}],"about":[{"href":"https:\/\/portaltela.pt\/api\/wp\/v2\/types\/post"}],"author":[{"embeddable":true,"href":"https:\/\/portaltela.pt\/api\/wp\/v2\/users\/2"}],"replies":[{"embeddable":true,"href":"https:\/\/portaltela.pt\/api\/wp\/v2\/comments?post=392272"}],"version-history":[{"count":0,"href":"https:\/\/portaltela.pt\/api\/wp\/v2\/posts\/392272\/revisions"}],"wp:featuredmedia":[{"embeddable":true,"href":"https:\/\/portaltela.pt\/api\/wp\/v2\/media\/392283"}],"wp:attachment":[{"href":"https:\/\/portaltela.pt\/api\/wp\/v2\/media?parent=392272"}],"wp:term":[{"taxonomy":"category","embeddable":true,"href":"https:\/\/portaltela.pt\/api\/wp\/v2\/categories?post=392272"},{"taxonomy":"post_tag","embeddable":true,"href":"https:\/\/portaltela.pt\/api\/wp\/v2\/tags?post=392272"}],"curies":[{"name":"wp","href":"https:\/\/api.w.org\/{rel}","templated":true}]}}